{"id":344,"date":"2020-02-06T05:58:03","date_gmt":"2020-02-06T08:58:03","guid":{"rendered":"https:\/\/elcanillita.info\/press\/?p=344"},"modified":"2020-02-06T06:00:46","modified_gmt":"2020-02-06T09:00:46","slug":"cidh-denuncia-copa-airlines-impide-abordaje-delegacion-viaja-venezuela","status":"publish","type":"post","link":"https:\/\/elcanillita.info\/press\/2020\/02\/06\/cidh-denuncia-copa-airlines-impide-abordaje-delegacion-viaja-venezuela\/","title":{"rendered":"CIDH denuncia que Copa Airlines impide abordaje de delegaci\u00f3n que viaja a Venezuela"},"content":{"rendered":"\n<p> Panam\u00e1, 05.02.2020 &#8211; La Comisi\u00f3n Interamericana de Derechos Humanos (CIDH) inform\u00f3&nbsp;a trav\u00e9s de su cuenta de Twitter&nbsp;que la aerol\u00ednea Copa Airlines le impidi\u00f3 a su equipo abordar el avi\u00f3n en Panam\u00e1, de&nbsp;camino a Venezuela, donde tienen previsto iniciar el martes una visita.<\/p>\n\n\n\n<p>La comisi\u00f3n ten\u00eda planeado arribar al pa\u00eds petrolero por invitaci\u00f3n del gobierno encargado de Juan Guaid\u00f3, reconocido por m\u00e1s de 50 pa\u00edses, en medio de la incertidumbre&nbsp;debido a que la presidencia en disputa de Nicol\u00e1s Maduro no autoriz\u00f3 la entrada al organismo de la Organizaci\u00f3n de los Estados Americanos (OEA).<\/p>\n\n\n\n<p>&#8220;Informaron que recibieron instrucciones del r\u00e9gimen de Venezuela de que no est\u00e1bamos autorizados a ingresar al pa\u00eds&#8221;, se\u00f1al\u00f3 la CIDH.<\/p>\n\n\n\n<p>En un comunicado de prensa, la CIDH lament\u00f3 la decisi\u00f3n de que hayan impedido la entrada de su delegaci\u00f3n que&nbsp;ten\u00eda previsto observar en el terreno la situaci\u00f3n de los derechos humanos en el pa\u00eds.<\/p>\n\n\n\n<p>Y anunci\u00f3 que &#8220;se encontrar\u00e1 con las v\u00edctimas y familiares de violaciones de derechos humanos y con organizaciones de la sociedad civil en la frontera entre Colombia y Venezuela&#8221;.<br>\nLa comisi\u00f3n detall\u00f3&nbsp;que a la delegaci\u00f3n, presidida por la Relatora para Venezuela, Comisionada Esmeralda Arosemena de Troiti\u00f1o; el Secretario Ejecutivo de la CIDH, Paulo Abr\u00e3o; el Relator Especial para la Libertad de Expresi\u00f3n, Edison Lanza; y especialistas de la Secretaria Ejecutiva, &#8220;le fue prohibido el abordaje al vuelo desde la ciudad de Panama en direcci\u00f3n a Caracas, seg\u00fan notificaci\u00f3n recibida por la aerol\u00ednea&#8221;.<br>\n&nbsp;<br>\nAfirmaron que lo ocurrido es propio de &#8220;reg\u00edmenes autoritarios&#8221; de &#8220;no permitir el escrutinio internacional ni la observancia de la situaci\u00f3n de los derechos humanos&#8221; perjudicando a la sociedad divil.<\/p>\n\n\n\n<p>Y agreg\u00f3 que &#8220;el impedimento para ingresar al pa\u00eds, obstaculiza las obligaciones internacionales en derechos humanos asumidas por Venezuela, as\u00ed como impide el cumplimiento de las competencias de la Comisi\u00f3n Interamericana&#8221;.<br>\nEl gobierno en disputa ha se\u00f1alado que&nbsp;el pa\u00eds no forma parte de la OEA&nbsp;y, por ende, la CIDH no deber\u00eda entrar a Venezuela.<\/p>\n\n\n\n<p>Reacciones<br>\nEl comisionado de Derechos Humanos de la presidencia interina de Venezuela, Humberto Prado, indic\u00f3 que con esta negativa a la Comisi\u00f3n \u201cqueda demostrado que en Venezuela se violan DD.HH.\u201d<\/p>\n\n\n\n<p>Calific\u00f3 de &#8220;abuso&#8221; y de &#8220;chantaje&#8221; hacia la l\u00ednea a\u00e9rea y al gobierno de Panam\u00e1 por parte del gobierno el hecho de que se les notificara que la comisi\u00f3n no pod\u00eda viajar.<\/p>\n\n\n\n<p>Detall\u00f3 que C\u00facuta, Colombia, fue elegida como \u201cplan b\u201d porque ten\u00eda que ser factible para la comisi\u00f3n y para las v\u00edctimas poder llegar y que se cuente con las medidas de seguridad que la visita requiere.<\/p>\n\n\n\n<p>Sin embargo, no indic\u00f3 si el gobierno colombiano estaba prestado apoyo para esta visita o si la hab\u00eda autorizado.<\/p>\n\n\n\n<p>Agreg\u00f3 que el gobierno interino s\u00ed tienen organizado un traslado de v\u00edctimas y ONGs, pero deben definir qui\u00e9nes ser\u00edan los que viajar\u00edan para este jueves y viernes.<\/p>\n\n\n\n<p>El presidente encargado, Juan Guaid\u00f3, indic\u00f3 en su cuenta de Twitter que con esta medida, el gobierno en disputa &#8220;se reconoce como violadora de Derechos Humanos&#8221;.<\/p>\n\n\n\n<p>&#8220;Esto no va a ocultar las pruebas de que en Venezuela se violan los DDHH y la condena mundial a una dictadura que bloquea la soluci\u00f3n a la crisis&#8221;, indic\u00f3.<br> Por su parte, el embajador de la presidencia encargada de Venezuela ante la OEA, Gustavo Tarre, quien ofrecer\u00e1 a las 11 a.m. desde Washington\u00a0una declaraci\u00f3n sobre los eventos ocurridos, tambi\u00e9n conden\u00f3 la decisi\u00f3n y agradeci\u00f3 el compromiso de la CIDH.<br><br> La Asamblea Nacional de Venezuela, de mayor\u00eda opositora, calific\u00f3 la negativa de Maduro como &#8220;una violaci\u00f3n a los tratados internacionales&#8221;.<br> El lunes, la CIDH present\u00f3\u00a0la agenda de su visita, que incluye reuniones con representantes de la Oficina de la Alta Comisionada para los Derechos Humanos, miembros de la Asamblea Nacional, parlamentarios con medidas cautelares y una visita en el Hospital Pedi\u00e1trico\u00a0J. M. de los R\u00edos.<\/p>\n\n\n\n<p>A trav\u00e9s de un comunicado,&nbsp;Erika Guevara Rosas, directora para las Am\u00e9ricas de Amnist\u00eda Internacional, asegur\u00f3 que con esta medida el gobierno en disputa de Nicol\u00e1s Maduro demuestra &#8220;el desprecio&#8221; que tiene&nbsp;&#8220;con la justicia y los derechos humanos del pueblo venezolano.\u201d<\/p>\n\n\n\n<p>Indic\u00f3 que no es la primera vez que intenta evadir &#8220;el escrutinio internacional y esconder las graves violaciones de derechos humanos y cr\u00edmenes de derecho internacional que se est\u00e1n cometiendo&nbsp;las autoridades&#8221;.<br><br><\/p>\n","protected":false},"excerpt":{"rendered":"<p> Panam\u00e1, 05.02.2020 &#8211; La Comisi\u00f3n Interamericana de Derechos Humanos (CIDH) inform\u00f3 a trav\u00e9s de su cuenta de Twitter que la aerol\u00ednea Copa Airlines le impidi\u00f3 a su equipo abordar el avi\u00f3n en Panam\u00e1, de camino a Venezuela, donde tienen previsto iniciar el martes una visita.<\/p>\n","protected":false},"author":1,"featured_media":0,"comment_status":"closed","ping_status":"closed","sticky":false,"template":"","format":"standard","meta":{"footnotes":"","_links_to":"","_links_to_target":""},"categories":[70,10,11,23,25],"tags":[38],"class_list":["post-344","post","type-post","status-publish","format-standard","hentry","category-actualidad","category-america-central","category-america-del-sur","category-politica","category-sociedad","tag-panama","entry","double"],"yoast_head":"<!-- This site is optimized with the Yoast SEO plugin v27.5 - https:\/\/yoast.com\/product\/yoast-seo-wordpress\/ -->\n<title>CIDH denuncia que Copa Airlines impide abordaje de delegaci\u00f3n que viaja a Venezuela - ElCanillita.Info<\/title>\n<meta name=\"robots\" content=\"index, follow, max-snippet:-1, max-image-preview:large, max-video-preview:-1\" \/>\n<link rel=\"canonical\" href=\"https:\/\/elcanillita.info\/press\/2020\/02\/06\/cidh-denuncia-copa-airlines-impide-abordaje-delegacion-viaja-venezuela\/\" \/>\n<meta property=\"og:locale\" content=\"es_ES\" \/>\n<meta property=\"og:type\" content=\"article\" \/>\n<meta property=\"og:title\" content=\"CIDH denuncia que Copa Airlines impide abordaje de delegaci\u00f3n que viaja a Venezuela - ElCanillita.Info\" \/>\n<meta property=\"og:description\" content=\"Panam\u00e1, 05.02.2020 - La Comisi\u00f3n Interamericana de Derechos Humanos (CIDH) inform\u00f3 a trav\u00e9s de su cuenta de Twitter que la aerol\u00ednea Copa Airlines le impidi\u00f3 a su equipo abordar el avi\u00f3n en Panam\u00e1, de camino a Venezuela, donde tienen previsto iniciar el martes una visita.\" \/>\n<meta property=\"og:url\" content=\"https:\/\/elcanillita.info\/press\/2020\/02\/06\/cidh-denuncia-copa-airlines-impide-abordaje-delegacion-viaja-venezuela\/\" \/>\n<meta property=\"og:site_name\" content=\"ElCanillita.Info\" \/>\n<meta property=\"article:publisher\" content=\"https:\/\/ar-ar.facebook.com\/ElCanillitainfo-114249515285712\/\" \/>\n<meta property=\"article:published_time\" content=\"2020-02-06T08:58:03+00:00\" \/>\n<meta property=\"article:modified_time\" content=\"2020-02-06T09:00:46+00:00\" \/>\n<meta name=\"author\" content=\"SalaStampa.eu, world press service\" \/>\n<meta name=\"twitter:card\" content=\"summary_large_image\" \/>\n<meta name=\"twitter:label1\" content=\"Escrito por\" \/>\n\t<meta name=\"twitter:data1\" content=\"SalaStampa.eu, world press service\" \/>\n\t<meta name=\"twitter:label2\" content=\"Tiempo de lectura\" \/>\n\t<meta name=\"twitter:data2\" content=\"4 minutos\" \/>\n<script type=\"application\/ld+json\" class=\"yoast-schema-graph\">{\"@context\":\"https:\\\/\\\/schema.org\",\"@graph\":[{\"@type\":\"Article\",\"@id\":\"https:\\\/\\\/elcanillita.info\\\/press\\\/2020\\\/02\\\/06\\\/cidh-denuncia-copa-airlines-impide-abordaje-delegacion-viaja-venezuela\\\/#article\",\"isPartOf\":{\"@id\":\"https:\\\/\\\/elcanillita.info\\\/press\\\/2020\\\/02\\\/06\\\/cidh-denuncia-copa-airlines-impide-abordaje-delegacion-viaja-venezuela\\\/\"},\"author\":{\"name\":\"SalaStampa.eu, world press service\",\"@id\":\"https:\\\/\\\/elcanillita.info\\\/press\\\/#\\\/schema\\\/person\\\/7fcb79f38045700919f7da6d97e71ba0\"},\"headline\":\"CIDH denuncia que Copa Airlines impide abordaje de delegaci\u00f3n que viaja a Venezuela\",\"datePublished\":\"2020-02-06T08:58:03+00:00\",\"dateModified\":\"2020-02-06T09:00:46+00:00\",\"mainEntityOfPage\":{\"@id\":\"https:\\\/\\\/elcanillita.info\\\/press\\\/2020\\\/02\\\/06\\\/cidh-denuncia-copa-airlines-impide-abordaje-delegacion-viaja-venezuela\\\/\"},\"wordCount\":803,\"publisher\":{\"@id\":\"https:\\\/\\\/elcanillita.info\\\/press\\\/#organization\"},\"keywords\":[\"Panam\u00e1\"],\"articleSection\":[\"Actualidad\",\"Am\u00e9rica Central\",\"Am\u00e9rica del Sur\",\"Politica\",\"Sociedad\"],\"inLanguage\":\"es-AR\"},{\"@type\":\"WebPage\",\"@id\":\"https:\\\/\\\/elcanillita.info\\\/press\\\/2020\\\/02\\\/06\\\/cidh-denuncia-copa-airlines-impide-abordaje-delegacion-viaja-venezuela\\\/\",\"url\":\"https:\\\/\\\/elcanillita.info\\\/press\\\/2020\\\/02\\\/06\\\/cidh-denuncia-copa-airlines-impide-abordaje-delegacion-viaja-venezuela\\\/\",\"name\":\"CIDH denuncia que Copa Airlines impide abordaje de delegaci\u00f3n que viaja a Venezuela - ElCanillita.Info\",\"isPartOf\":{\"@id\":\"https:\\\/\\\/elcanillita.info\\\/press\\\/#website\"},\"datePublished\":\"2020-02-06T08:58:03+00:00\",\"dateModified\":\"2020-02-06T09:00:46+00:00\",\"inLanguage\":\"es-AR\",\"potentialAction\":[{\"@type\":\"ReadAction\",\"target\":[\"https:\\\/\\\/elcanillita.info\\\/press\\\/2020\\\/02\\\/06\\\/cidh-denuncia-copa-airlines-impide-abordaje-delegacion-viaja-venezuela\\\/\"]}]},{\"@type\":\"WebSite\",\"@id\":\"https:\\\/\\\/elcanillita.info\\\/press\\\/#website\",\"url\":\"https:\\\/\\\/elcanillita.info\\\/press\\\/\",\"name\":\"ElCanillita.Info\",\"description\":\"desde los Apeninos a los Andes\",\"publisher\":{\"@id\":\"https:\\\/\\\/elcanillita.info\\\/press\\\/#organization\"},\"potentialAction\":[{\"@type\":\"SearchAction\",\"target\":{\"@type\":\"EntryPoint\",\"urlTemplate\":\"https:\\\/\\\/elcanillita.info\\\/press\\\/?s={search_term_string}\"},\"query-input\":{\"@type\":\"PropertyValueSpecification\",\"valueRequired\":true,\"valueName\":\"search_term_string\"}}],\"inLanguage\":\"es-AR\"},{\"@type\":\"Organization\",\"@id\":\"https:\\\/\\\/elcanillita.info\\\/press\\\/#organization\",\"name\":\"Guzzo Photos & Graphic Publications\",\"url\":\"https:\\\/\\\/elcanillita.info\\\/press\\\/\",\"logo\":{\"@type\":\"ImageObject\",\"inLanguage\":\"es-AR\",\"@id\":\"https:\\\/\\\/elcanillita.info\\\/press\\\/#\\\/schema\\\/logo\\\/image\\\/\",\"url\":\"https:\\\/\\\/elcanillita.info\\\/press\\\/images\\\/2020\\\/01\\\/cropped-cropped-cropped-elcanillitainfo.png\",\"contentUrl\":\"https:\\\/\\\/elcanillita.info\\\/press\\\/images\\\/2020\\\/01\\\/cropped-cropped-cropped-elcanillitainfo.png\",\"width\":460,\"height\":50,\"caption\":\"Guzzo Photos & Graphic Publications\"},\"image\":{\"@id\":\"https:\\\/\\\/elcanillita.info\\\/press\\\/#\\\/schema\\\/logo\\\/image\\\/\"},\"sameAs\":[\"https:\\\/\\\/ar-ar.facebook.com\\\/ElCanillitainfo-114249515285712\\\/\"]},{\"@type\":\"Person\",\"@id\":\"https:\\\/\\\/elcanillita.info\\\/press\\\/#\\\/schema\\\/person\\\/7fcb79f38045700919f7da6d97e71ba0\",\"name\":\"SalaStampa.eu, world press service\",\"image\":{\"@type\":\"ImageObject\",\"inLanguage\":\"es-AR\",\"@id\":\"https:\\\/\\\/secure.gravatar.com\\\/avatar\\\/c2f0e0d515a107624234994507816ca4724c7199cef73fc8bedebf6931d73888?s=96&d=mm&r=g\",\"url\":\"https:\\\/\\\/secure.gravatar.com\\\/avatar\\\/c2f0e0d515a107624234994507816ca4724c7199cef73fc8bedebf6931d73888?s=96&d=mm&r=g\",\"contentUrl\":\"https:\\\/\\\/secure.gravatar.com\\\/avatar\\\/c2f0e0d515a107624234994507816ca4724c7199cef73fc8bedebf6931d73888?s=96&d=mm&r=g\",\"caption\":\"SalaStampa.eu, world press service\"}}]}<\/script>\n<!-- \/ Yoast SEO plugin. -->","yoast_head_json":{"title":"CIDH denuncia que Copa Airlines impide abordaje de delegaci\u00f3n que viaja a Venezuela - ElCanillita.Info","robots":{"index":"index","follow":"follow","max-snippet":"max-snippet:-1","max-image-preview":"max-image-preview:large","max-video-preview":"max-video-preview:-1"},"canonical":"https:\/\/elcanillita.info\/press\/2020\/02\/06\/cidh-denuncia-copa-airlines-impide-abordaje-delegacion-viaja-venezuela\/","og_locale":"es_ES","og_type":"article","og_title":"CIDH denuncia que Copa Airlines impide abordaje de delegaci\u00f3n que viaja a Venezuela - ElCanillita.Info","og_description":"Panam\u00e1, 05.02.2020 - La Comisi\u00f3n Interamericana de Derechos Humanos (CIDH) inform\u00f3 a trav\u00e9s de su cuenta de Twitter que la aerol\u00ednea Copa Airlines le impidi\u00f3 a su equipo abordar el avi\u00f3n en Panam\u00e1, de camino a Venezuela, donde tienen previsto iniciar el martes una visita.","og_url":"https:\/\/elcanillita.info\/press\/2020\/02\/06\/cidh-denuncia-copa-airlines-impide-abordaje-delegacion-viaja-venezuela\/","og_site_name":"ElCanillita.Info","article_publisher":"https:\/\/ar-ar.facebook.com\/ElCanillitainfo-114249515285712\/","article_published_time":"2020-02-06T08:58:03+00:00","article_modified_time":"2020-02-06T09:00:46+00:00","author":"SalaStampa.eu, world press service","twitter_card":"summary_large_image","twitter_misc":{"Escrito por":"SalaStampa.eu, world press service","Tiempo de lectura":"4 minutos"},"schema":{"@context":"https:\/\/schema.org","@graph":[{"@type":"Article","@id":"https:\/\/elcanillita.info\/press\/2020\/02\/06\/cidh-denuncia-copa-airlines-impide-abordaje-delegacion-viaja-venezuela\/#article","isPartOf":{"@id":"https:\/\/elcanillita.info\/press\/2020\/02\/06\/cidh-denuncia-copa-airlines-impide-abordaje-delegacion-viaja-venezuela\/"},"author":{"name":"SalaStampa.eu, world press service","@id":"https:\/\/elcanillita.info\/press\/#\/schema\/person\/7fcb79f38045700919f7da6d97e71ba0"},"headline":"CIDH denuncia que Copa Airlines impide abordaje de delegaci\u00f3n que viaja a Venezuela","datePublished":"2020-02-06T08:58:03+00:00","dateModified":"2020-02-06T09:00:46+00:00","mainEntityOfPage":{"@id":"https:\/\/elcanillita.info\/press\/2020\/02\/06\/cidh-denuncia-copa-airlines-impide-abordaje-delegacion-viaja-venezuela\/"},"wordCount":803,"publisher":{"@id":"https:\/\/elcanillita.info\/press\/#organization"},"keywords":["Panam\u00e1"],"articleSection":["Actualidad","Am\u00e9rica Central","Am\u00e9rica del Sur","Politica","Sociedad"],"inLanguage":"es-AR"},{"@type":"WebPage","@id":"https:\/\/elcanillita.info\/press\/2020\/02\/06\/cidh-denuncia-copa-airlines-impide-abordaje-delegacion-viaja-venezuela\/","url":"https:\/\/elcanillita.info\/press\/2020\/02\/06\/cidh-denuncia-copa-airlines-impide-abordaje-delegacion-viaja-venezuela\/","name":"CIDH denuncia que Copa Airlines impide abordaje de delegaci\u00f3n que viaja a Venezuela - ElCanillita.Info","isPartOf":{"@id":"https:\/\/elcanillita.info\/press\/#website"},"datePublished":"2020-02-06T08:58:03+00:00","dateModified":"2020-02-06T09:00:46+00:00","inLanguage":"es-AR","potentialAction":[{"@type":"ReadAction","target":["https:\/\/elcanillita.info\/press\/2020\/02\/06\/cidh-denuncia-copa-airlines-impide-abordaje-delegacion-viaja-venezuela\/"]}]},{"@type":"WebSite","@id":"https:\/\/elcanillita.info\/press\/#website","url":"https:\/\/elcanillita.info\/press\/","name":"ElCanillita.Info","description":"desde los Apeninos a los Andes","publisher":{"@id":"https:\/\/elcanillita.info\/press\/#organization"},"potentialAction":[{"@type":"SearchAction","target":{"@type":"EntryPoint","urlTemplate":"https:\/\/elcanillita.info\/press\/?s={search_term_string}"},"query-input":{"@type":"PropertyValueSpecification","valueRequired":true,"valueName":"search_term_string"}}],"inLanguage":"es-AR"},{"@type":"Organization","@id":"https:\/\/elcanillita.info\/press\/#organization","name":"Guzzo Photos & Graphic Publications","url":"https:\/\/elcanillita.info\/press\/","logo":{"@type":"ImageObject","inLanguage":"es-AR","@id":"https:\/\/elcanillita.info\/press\/#\/schema\/logo\/image\/","url":"https:\/\/elcanillita.info\/press\/images\/2020\/01\/cropped-cropped-cropped-elcanillitainfo.png","contentUrl":"https:\/\/elcanillita.info\/press\/images\/2020\/01\/cropped-cropped-cropped-elcanillitainfo.png","width":460,"height":50,"caption":"Guzzo Photos & Graphic Publications"},"image":{"@id":"https:\/\/elcanillita.info\/press\/#\/schema\/logo\/image\/"},"sameAs":["https:\/\/ar-ar.facebook.com\/ElCanillitainfo-114249515285712\/"]},{"@type":"Person","@id":"https:\/\/elcanillita.info\/press\/#\/schema\/person\/7fcb79f38045700919f7da6d97e71ba0","name":"SalaStampa.eu, world press service","image":{"@type":"ImageObject","inLanguage":"es-AR","@id":"https:\/\/secure.gravatar.com\/avatar\/c2f0e0d515a107624234994507816ca4724c7199cef73fc8bedebf6931d73888?s=96&d=mm&r=g","url":"https:\/\/secure.gravatar.com\/avatar\/c2f0e0d515a107624234994507816ca4724c7199cef73fc8bedebf6931d73888?s=96&d=mm&r=g","contentUrl":"https:\/\/secure.gravatar.com\/avatar\/c2f0e0d515a107624234994507816ca4724c7199cef73fc8bedebf6931d73888?s=96&d=mm&r=g","caption":"SalaStampa.eu, world press service"}}]}},"views":825,"_links":{"self":[{"href":"https:\/\/elcanillita.info\/press\/wp-json\/wp\/v2\/posts\/344","targetHints":{"allow":["GET"]}}],"collection":[{"href":"https:\/\/elcanillita.info\/press\/wp-json\/wp\/v2\/posts"}],"about":[{"href":"https:\/\/elcanillita.info\/press\/wp-json\/wp\/v2\/types\/post"}],"author":[{"embeddable":true,"href":"https:\/\/elcanillita.info\/press\/wp-json\/wp\/v2\/users\/1"}],"replies":[{"embeddable":true,"href":"https:\/\/elcanillita.info\/press\/wp-json\/wp\/v2\/comments?post=344"}],"version-history":[{"count":0,"href":"https:\/\/elcanillita.info\/press\/wp-json\/wp\/v2\/posts\/344\/revisions"}],"wp:attachment":[{"href":"https:\/\/elcanillita.info\/press\/wp-json\/wp\/v2\/media?parent=344"}],"wp:term":[{"taxonomy":"category","embeddable":true,"href":"https:\/\/elcanillita.info\/press\/wp-json\/wp\/v2\/categories?post=344"},{"taxonomy":"post_tag","embeddable":true,"href":"https:\/\/elcanillita.info\/press\/wp-json\/wp\/v2\/tags?post=344"}],"curies":[{"name":"wp","href":"https:\/\/api.w.org\/{rel}","templated":true}]}}