{"id":342,"date":"2020-02-06T05:43:02","date_gmt":"2020-02-06T08:43:02","guid":{"rendered":"https:\/\/elcanillita.info\/press\/?p=342"},"modified":"2020-02-07T15:28:54","modified_gmt":"2020-02-07T18:28:54","slug":"guterres-insta-enfrentar-calentamiento-global-circulos-viciosos-planeta","status":"publish","type":"post","link":"https:\/\/elcanillita.info\/press\/2020\/02\/06\/guterres-insta-enfrentar-calentamiento-global-circulos-viciosos-planeta\/","title":{"rendered":"Guterres insta a enfrentar calentamiento global y otros &#8220;c\u00edrculos viciosos&#8221; del planeta"},"content":{"rendered":"\n<p>Nueva York, 05.02.2020 &#8211; El secretario general de Naciones Unidas, Antonio Guterres, hizo este martes un llamado a los pa\u00edses a enfrentar el peligro del calentamiento global y abordar otros desaf\u00edos, a los que llam\u00f3 \u201cc\u00edrculos viciosos de nuestros tiempos\u201d.<\/p>\n\n\n\n<p>Guterres dijo que en el 75 aniversario de la ONU, que se celebra este a\u00f1o, se ha propuesto que el organismo mundial escuche lo que se conversa en \u201ctodos los rincones del mundo sobre el futuro que queremos y las Naciones Unidas que necesitamos\u201d.<\/p>\n\n\n\n<p>\u201cLa inquietud en las calles y las plazas de todo el mundo es la prueba de que la gente quiere que la escuchen (\u2026) que sus l\u00edderes respondan a sus ansiedades con respuestas\u201d, afirm\u00f3.<\/p>\n\n\n\n<p>Guterres dijo que los conflictos agobian al planeta en c\u00edrculos viciosos que los hacen m\u00e1s letales y crean un sentimiento de inestabilidad y tensiones que vuelven todo \u201cm\u00e1s impredecible e incontrolable, con un riesgo m\u00e1s elevado de errores de c\u00e1lculo\u201d.<\/p>\n\n\n\n<p>\u201cCuando las econom\u00edas fallan, la pobreza se mantiene arraigada. Cuando el futuro luce desalentador, las narrativas populistas y \u00e9tnicas se hacen atractivas. Y cuando la inestabilidad aumenta, se secan las inversiones y el desarrollo se estanca\u201d, dijo Guterres.<\/p>\n\n\n\n<p>\u201cCuando persisten los conflictos armados, las sociedades llegan a momentos cr\u00edticos. Cuando los gobiernos se debilitan, los terroristas se fortalecen, aprovechando el vac\u00edo\u201d, agreg\u00f3.<\/p>\n\n\n\n<p>Para ello, prometi\u00f3 que en este a\u00f1o presionar\u00e1 para \u201cestimular un resurgimiento de la diplomacia por la paz\u201d.<\/p>\n\n\n\n<p>Thunberg critica en Davos la falta de acci\u00f3n clim\u00e1tica<br>\nEl otro c\u00edrculo vicioso, dijo el secretario general, es la exacerbaci\u00f3n de la crisis clim\u00e1tica.<\/p>\n\n\n\n<p>Los oc\u00e9anos se calientan, el hielo se derrite, los niveles del mar aumentan y m\u00e1s agua se evapora, amenazando las ciudades costeras y los deltas, advirti\u00f3.<\/p>\n\n\n\n<p>Mientras tanto, el permafrost desaparece, y la tundra se derrite antes de lo debido, permitiendo que grandes cantidades de metano entren en la atm\u00f3sfera y se acelere el calentamiento global.<\/p>\n\n\n\n<p>Guterres mencion\u00f3 una nueva alerta de crisis clim\u00e1tica divulgada este martes por la Organizaci\u00f3n Meteorol\u00f3gica Mundial que dice que las concentraciones de di\u00f3xido de carbono llegar\u00e1n a nuevos m\u00e1ximos en 2020.<\/p>\n\n\n\n<p>\u201cEl desaf\u00edo para la conferencia sobre el clima en Glasgow es claro: todos los pa\u00edses tienen que demostrar m\u00e1s ambiciones de adaptaci\u00f3n, mitigaci\u00f3n y financiamiento, y los grandes emisores tienen que liderar el camino\u201d, dijo.<\/p>\n\n\n\n<p>Opin\u00f3 que \u201chay que tasar al carb\u00f3n y eliminar los subsidios a los combustibles f\u00f3siles. La adicci\u00f3n al carb\u00f3n sigue siendo muy peligrosa\u201d.<\/p>\n\n\n\n<p>\u201cTenemos que mantener la presi\u00f3n para romper el c\u00edrculo vicioso que est\u00e1 propulsando a la humanidad y a la naturaleza hasta un punto sin regreso. Ahora el momento de romper el c\u00edrculo vicioso de la pobreza y la desigualdad y dar forma a una globalizaci\u00f3n justa que no deje a nadie atr\u00e1s\u201d, sentenci\u00f3 el secretario general de la ONU.<\/p>\n\n\n\n<p>(Colaboraci\u00f3n: Celia Mendoza y Waldo Serrano)<br><br><small>2020 voanoticias \u2013 salastampa.eu, afiliada a la red Broadcasting Board of Governors \u00a9 2020 BBG<\/small><\/p>\n","protected":false},"excerpt":{"rendered":"<p>Nueva York, 05.02.2020 &#8211; El secretario general de Naciones Unidas, Antonio Guterres, hizo este martes un llamado a los pa\u00edses a enfrentar el peligro del calentamiento global y abordar otros desaf\u00edos, a los que llam\u00f3 \u201cc\u00edrculos viciosos de nuestros tiempos\u201d.<\/p>\n","protected":false},"author":1,"featured_media":0,"comment_status":"closed","ping_status":"closed","sticky":false,"template":"","format":"standard","meta":{"footnotes":"","_links_to":"","_links_to_target":""},"categories":[9,21,78,25],"tags":[35],"class_list":["post-342","post","type-post","status-publish","format-standard","hentry","category-america-del-norte","category-geo","category-sanidad","category-sociedad","tag-mundo","entry","double"],"yoast_head":"<!-- This site is optimized with the Yoast SEO plugin v27.4 - https:\/\/yoast.com\/product\/yoast-seo-wordpress\/ -->\n<title>Guterres insta a enfrentar calentamiento global y otros &quot;c\u00edrculos viciosos&quot; del planeta - ElCanillita.Info<\/title>\n<meta name=\"robots\" content=\"index, follow, max-snippet:-1, max-image-preview:large, max-video-preview:-1\" \/>\n<link rel=\"canonical\" href=\"https:\/\/elcanillita.info\/press\/2020\/02\/06\/guterres-insta-enfrentar-calentamiento-global-circulos-viciosos-planeta\/\" \/>\n<meta property=\"og:locale\" content=\"es_ES\" \/>\n<meta property=\"og:type\" content=\"article\" \/>\n<meta property=\"og:title\" content=\"Guterres insta a enfrentar calentamiento global y otros &quot;c\u00edrculos viciosos&quot; del planeta - ElCanillita.Info\" \/>\n<meta property=\"og:description\" content=\"Nueva York, 05.02.2020 - El secretario general de Naciones Unidas, Antonio Guterres, hizo este martes un llamado a los pa\u00edses a enfrentar el peligro del calentamiento global y abordar otros desaf\u00edos, a los que llam\u00f3 \u201cc\u00edrculos viciosos de nuestros tiempos\u201d.\" \/>\n<meta property=\"og:url\" content=\"https:\/\/elcanillita.info\/press\/2020\/02\/06\/guterres-insta-enfrentar-calentamiento-global-circulos-viciosos-planeta\/\" \/>\n<meta property=\"og:site_name\" content=\"ElCanillita.Info\" \/>\n<meta property=\"article:publisher\" content=\"https:\/\/ar-ar.facebook.com\/ElCanillitainfo-114249515285712\/\" \/>\n<meta property=\"article:published_time\" content=\"2020-02-06T08:43:02+00:00\" \/>\n<meta property=\"article:modified_time\" content=\"2020-02-07T18:28:54+00:00\" \/>\n<meta name=\"author\" content=\"SalaStampa.eu, world press service\" \/>\n<meta name=\"twitter:card\" content=\"summary_large_image\" \/>\n<meta name=\"twitter:label1\" content=\"Escrito por\" \/>\n\t<meta name=\"twitter:data1\" content=\"SalaStampa.eu, world press service\" \/>\n\t<meta name=\"twitter:label2\" content=\"Tiempo de lectura\" \/>\n\t<meta name=\"twitter:data2\" content=\"3 minutos\" \/>\n<script type=\"application\/ld+json\" class=\"yoast-schema-graph\">{\"@context\":\"https:\\\/\\\/schema.org\",\"@graph\":[{\"@type\":\"Article\",\"@id\":\"https:\\\/\\\/elcanillita.info\\\/press\\\/2020\\\/02\\\/06\\\/guterres-insta-enfrentar-calentamiento-global-circulos-viciosos-planeta\\\/#article\",\"isPartOf\":{\"@id\":\"https:\\\/\\\/elcanillita.info\\\/press\\\/2020\\\/02\\\/06\\\/guterres-insta-enfrentar-calentamiento-global-circulos-viciosos-planeta\\\/\"},\"author\":{\"name\":\"SalaStampa.eu, world press service\",\"@id\":\"https:\\\/\\\/elcanillita.info\\\/press\\\/#\\\/schema\\\/person\\\/7fcb79f38045700919f7da6d97e71ba0\"},\"headline\":\"Guterres insta a enfrentar calentamiento global y otros &#8220;c\u00edrculos viciosos&#8221; del planeta\",\"datePublished\":\"2020-02-06T08:43:02+00:00\",\"dateModified\":\"2020-02-07T18:28:54+00:00\",\"mainEntityOfPage\":{\"@id\":\"https:\\\/\\\/elcanillita.info\\\/press\\\/2020\\\/02\\\/06\\\/guterres-insta-enfrentar-calentamiento-global-circulos-viciosos-planeta\\\/\"},\"wordCount\":536,\"publisher\":{\"@id\":\"https:\\\/\\\/elcanillita.info\\\/press\\\/#organization\"},\"keywords\":[\"MUNDO\"],\"articleSection\":[\"Am\u00e9rica del Norte\",\"Geo\",\"Sanidad\",\"Sociedad\"],\"inLanguage\":\"es-AR\"},{\"@type\":\"WebPage\",\"@id\":\"https:\\\/\\\/elcanillita.info\\\/press\\\/2020\\\/02\\\/06\\\/guterres-insta-enfrentar-calentamiento-global-circulos-viciosos-planeta\\\/\",\"url\":\"https:\\\/\\\/elcanillita.info\\\/press\\\/2020\\\/02\\\/06\\\/guterres-insta-enfrentar-calentamiento-global-circulos-viciosos-planeta\\\/\",\"name\":\"Guterres insta a enfrentar calentamiento global y otros \\\"c\u00edrculos viciosos\\\" del planeta - ElCanillita.Info\",\"isPartOf\":{\"@id\":\"https:\\\/\\\/elcanillita.info\\\/press\\\/#website\"},\"datePublished\":\"2020-02-06T08:43:02+00:00\",\"dateModified\":\"2020-02-07T18:28:54+00:00\",\"inLanguage\":\"es-AR\",\"potentialAction\":[{\"@type\":\"ReadAction\",\"target\":[\"https:\\\/\\\/elcanillita.info\\\/press\\\/2020\\\/02\\\/06\\\/guterres-insta-enfrentar-calentamiento-global-circulos-viciosos-planeta\\\/\"]}]},{\"@type\":\"WebSite\",\"@id\":\"https:\\\/\\\/elcanillita.info\\\/press\\\/#website\",\"url\":\"https:\\\/\\\/elcanillita.info\\\/press\\\/\",\"name\":\"ElCanillita.Info\",\"description\":\"desde los Apeninos a los Andes\",\"publisher\":{\"@id\":\"https:\\\/\\\/elcanillita.info\\\/press\\\/#organization\"},\"potentialAction\":[{\"@type\":\"SearchAction\",\"target\":{\"@type\":\"EntryPoint\",\"urlTemplate\":\"https:\\\/\\\/elcanillita.info\\\/press\\\/?s={search_term_string}\"},\"query-input\":{\"@type\":\"PropertyValueSpecification\",\"valueRequired\":true,\"valueName\":\"search_term_string\"}}],\"inLanguage\":\"es-AR\"},{\"@type\":\"Organization\",\"@id\":\"https:\\\/\\\/elcanillita.info\\\/press\\\/#organization\",\"name\":\"Guzzo Photos & Graphic Publications\",\"url\":\"https:\\\/\\\/elcanillita.info\\\/press\\\/\",\"logo\":{\"@type\":\"ImageObject\",\"inLanguage\":\"es-AR\",\"@id\":\"https:\\\/\\\/elcanillita.info\\\/press\\\/#\\\/schema\\\/logo\\\/image\\\/\",\"url\":\"https:\\\/\\\/elcanillita.info\\\/press\\\/images\\\/2020\\\/01\\\/cropped-cropped-cropped-elcanillitainfo.png\",\"contentUrl\":\"https:\\\/\\\/elcanillita.info\\\/press\\\/images\\\/2020\\\/01\\\/cropped-cropped-cropped-elcanillitainfo.png\",\"width\":460,\"height\":50,\"caption\":\"Guzzo Photos & Graphic Publications\"},\"image\":{\"@id\":\"https:\\\/\\\/elcanillita.info\\\/press\\\/#\\\/schema\\\/logo\\\/image\\\/\"},\"sameAs\":[\"https:\\\/\\\/ar-ar.facebook.com\\\/ElCanillitainfo-114249515285712\\\/\"]},{\"@type\":\"Person\",\"@id\":\"https:\\\/\\\/elcanillita.info\\\/press\\\/#\\\/schema\\\/person\\\/7fcb79f38045700919f7da6d97e71ba0\",\"name\":\"SalaStampa.eu, world press service\",\"image\":{\"@type\":\"ImageObject\",\"inLanguage\":\"es-AR\",\"@id\":\"https:\\\/\\\/secure.gravatar.com\\\/avatar\\\/c2f0e0d515a107624234994507816ca4724c7199cef73fc8bedebf6931d73888?s=96&d=mm&r=g\",\"url\":\"https:\\\/\\\/secure.gravatar.com\\\/avatar\\\/c2f0e0d515a107624234994507816ca4724c7199cef73fc8bedebf6931d73888?s=96&d=mm&r=g\",\"contentUrl\":\"https:\\\/\\\/secure.gravatar.com\\\/avatar\\\/c2f0e0d515a107624234994507816ca4724c7199cef73fc8bedebf6931d73888?s=96&d=mm&r=g\",\"caption\":\"SalaStampa.eu, world press service\"}}]}<\/script>\n<!-- \/ Yoast SEO plugin. -->","yoast_head_json":{"title":"Guterres insta a enfrentar calentamiento global y otros \"c\u00edrculos viciosos\" del planeta - ElCanillita.Info","robots":{"index":"index","follow":"follow","max-snippet":"max-snippet:-1","max-image-preview":"max-image-preview:large","max-video-preview":"max-video-preview:-1"},"canonical":"https:\/\/elcanillita.info\/press\/2020\/02\/06\/guterres-insta-enfrentar-calentamiento-global-circulos-viciosos-planeta\/","og_locale":"es_ES","og_type":"article","og_title":"Guterres insta a enfrentar calentamiento global y otros \"c\u00edrculos viciosos\" del planeta - ElCanillita.Info","og_description":"Nueva York, 05.02.2020 - El secretario general de Naciones Unidas, Antonio Guterres, hizo este martes un llamado a los pa\u00edses a enfrentar el peligro del calentamiento global y abordar otros desaf\u00edos, a los que llam\u00f3 \u201cc\u00edrculos viciosos de nuestros tiempos\u201d.","og_url":"https:\/\/elcanillita.info\/press\/2020\/02\/06\/guterres-insta-enfrentar-calentamiento-global-circulos-viciosos-planeta\/","og_site_name":"ElCanillita.Info","article_publisher":"https:\/\/ar-ar.facebook.com\/ElCanillitainfo-114249515285712\/","article_published_time":"2020-02-06T08:43:02+00:00","article_modified_time":"2020-02-07T18:28:54+00:00","author":"SalaStampa.eu, world press service","twitter_card":"summary_large_image","twitter_misc":{"Escrito por":"SalaStampa.eu, world press service","Tiempo de lectura":"3 minutos"},"schema":{"@context":"https:\/\/schema.org","@graph":[{"@type":"Article","@id":"https:\/\/elcanillita.info\/press\/2020\/02\/06\/guterres-insta-enfrentar-calentamiento-global-circulos-viciosos-planeta\/#article","isPartOf":{"@id":"https:\/\/elcanillita.info\/press\/2020\/02\/06\/guterres-insta-enfrentar-calentamiento-global-circulos-viciosos-planeta\/"},"author":{"name":"SalaStampa.eu, world press service","@id":"https:\/\/elcanillita.info\/press\/#\/schema\/person\/7fcb79f38045700919f7da6d97e71ba0"},"headline":"Guterres insta a enfrentar calentamiento global y otros &#8220;c\u00edrculos viciosos&#8221; del planeta","datePublished":"2020-02-06T08:43:02+00:00","dateModified":"2020-02-07T18:28:54+00:00","mainEntityOfPage":{"@id":"https:\/\/elcanillita.info\/press\/2020\/02\/06\/guterres-insta-enfrentar-calentamiento-global-circulos-viciosos-planeta\/"},"wordCount":536,"publisher":{"@id":"https:\/\/elcanillita.info\/press\/#organization"},"keywords":["MUNDO"],"articleSection":["Am\u00e9rica del Norte","Geo","Sanidad","Sociedad"],"inLanguage":"es-AR"},{"@type":"WebPage","@id":"https:\/\/elcanillita.info\/press\/2020\/02\/06\/guterres-insta-enfrentar-calentamiento-global-circulos-viciosos-planeta\/","url":"https:\/\/elcanillita.info\/press\/2020\/02\/06\/guterres-insta-enfrentar-calentamiento-global-circulos-viciosos-planeta\/","name":"Guterres insta a enfrentar calentamiento global y otros \"c\u00edrculos viciosos\" del planeta - ElCanillita.Info","isPartOf":{"@id":"https:\/\/elcanillita.info\/press\/#website"},"datePublished":"2020-02-06T08:43:02+00:00","dateModified":"2020-02-07T18:28:54+00:00","inLanguage":"es-AR","potentialAction":[{"@type":"ReadAction","target":["https:\/\/elcanillita.info\/press\/2020\/02\/06\/guterres-insta-enfrentar-calentamiento-global-circulos-viciosos-planeta\/"]}]},{"@type":"WebSite","@id":"https:\/\/elcanillita.info\/press\/#website","url":"https:\/\/elcanillita.info\/press\/","name":"ElCanillita.Info","description":"desde los Apeninos a los Andes","publisher":{"@id":"https:\/\/elcanillita.info\/press\/#organization"},"potentialAction":[{"@type":"SearchAction","target":{"@type":"EntryPoint","urlTemplate":"https:\/\/elcanillita.info\/press\/?s={search_term_string}"},"query-input":{"@type":"PropertyValueSpecification","valueRequired":true,"valueName":"search_term_string"}}],"inLanguage":"es-AR"},{"@type":"Organization","@id":"https:\/\/elcanillita.info\/press\/#organization","name":"Guzzo Photos & Graphic Publications","url":"https:\/\/elcanillita.info\/press\/","logo":{"@type":"ImageObject","inLanguage":"es-AR","@id":"https:\/\/elcanillita.info\/press\/#\/schema\/logo\/image\/","url":"https:\/\/elcanillita.info\/press\/images\/2020\/01\/cropped-cropped-cropped-elcanillitainfo.png","contentUrl":"https:\/\/elcanillita.info\/press\/images\/2020\/01\/cropped-cropped-cropped-elcanillitainfo.png","width":460,"height":50,"caption":"Guzzo Photos & Graphic Publications"},"image":{"@id":"https:\/\/elcanillita.info\/press\/#\/schema\/logo\/image\/"},"sameAs":["https:\/\/ar-ar.facebook.com\/ElCanillitainfo-114249515285712\/"]},{"@type":"Person","@id":"https:\/\/elcanillita.info\/press\/#\/schema\/person\/7fcb79f38045700919f7da6d97e71ba0","name":"SalaStampa.eu, world press service","image":{"@type":"ImageObject","inLanguage":"es-AR","@id":"https:\/\/secure.gravatar.com\/avatar\/c2f0e0d515a107624234994507816ca4724c7199cef73fc8bedebf6931d73888?s=96&d=mm&r=g","url":"https:\/\/secure.gravatar.com\/avatar\/c2f0e0d515a107624234994507816ca4724c7199cef73fc8bedebf6931d73888?s=96&d=mm&r=g","contentUrl":"https:\/\/secure.gravatar.com\/avatar\/c2f0e0d515a107624234994507816ca4724c7199cef73fc8bedebf6931d73888?s=96&d=mm&r=g","caption":"SalaStampa.eu, world press service"}}]}},"views":763,"_links":{"self":[{"href":"https:\/\/elcanillita.info\/press\/wp-json\/wp\/v2\/posts\/342","targetHints":{"allow":["GET"]}}],"collection":[{"href":"https:\/\/elcanillita.info\/press\/wp-json\/wp\/v2\/posts"}],"about":[{"href":"https:\/\/elcanillita.info\/press\/wp-json\/wp\/v2\/types\/post"}],"author":[{"embeddable":true,"href":"https:\/\/elcanillita.info\/press\/wp-json\/wp\/v2\/users\/1"}],"replies":[{"embeddable":true,"href":"https:\/\/elcanillita.info\/press\/wp-json\/wp\/v2\/comments?post=342"}],"version-history":[{"count":0,"href":"https:\/\/elcanillita.info\/press\/wp-json\/wp\/v2\/posts\/342\/revisions"}],"wp:attachment":[{"href":"https:\/\/elcanillita.info\/press\/wp-json\/wp\/v2\/media?parent=342"}],"wp:term":[{"taxonomy":"category","embeddable":true,"href":"https:\/\/elcanillita.info\/press\/wp-json\/wp\/v2\/categories?post=342"},{"taxonomy":"post_tag","embeddable":true,"href":"https:\/\/elcanillita.info\/press\/wp-json\/wp\/v2\/tags?post=342"}],"curies":[{"name":"wp","href":"https:\/\/api.w.org\/{rel}","templated":true}]}}