{"id":341,"date":"2020-02-06T05:11:14","date_gmt":"2020-02-06T08:11:14","guid":{"rendered":"https:\/\/elcanillita.info\/press\/?p=341"},"modified":"2020-02-06T05:11:16","modified_gmt":"2020-02-06T08:11:16","slug":"union-europea-rechaza-plan-paz-trump-medio-oriente","status":"publish","type":"post","link":"https:\/\/elcanillita.info\/press\/2020\/02\/06\/union-europea-rechaza-plan-paz-trump-medio-oriente\/","title":{"rendered":"UE rechaza plan de paz de Trump para el Medio Oriente"},"content":{"rendered":"\n<p>Bruselas, 05.02.2020 &#8211; La Uni\u00f3n Europea rechaz\u00f3 el martes la propuesta de paz para el Medio Oriente del presidente Donald Trump y expres\u00f3 su preocupaci\u00f3n ante el plan de Israel de anexar m\u00e1s tierras palestinas.<\/p>\n\n\n\n<p>El plan de Trump, difundido la semana pasada, prev\u00e9 la creaci\u00f3n eventual de un estado palestino, pero dista de satisfacer los reclamos palestinos y deja buena parte de la Cisjordania ocupada en manos israel\u00edes.<\/p>\n\n\n\n<p>El jefe de Exteriores de la UE, Josep Borrell, enfatiz\u00f3 en un comunicado la posici\u00f3n del bloque a favor de la soluci\u00f3n de los dos estados con las fronteras de 1967 y la posibilidad de intercambios de tierras por acuerdo mutuo. Los estados ser\u00edan Israel y \u201cun estado de Palestina independiente, democr\u00e1tico, contiguo, soberano y viable\u201d.<\/p>\n\n\n\n<p>La iniciativa estadounidense \u201cse aparta de estos par\u00e1metros acordados internacionalmente\u201d, dijo Borrell.<\/p>\n\n\n\n<p>\u201cPara construir una paz justa y duradera, los problemas finales pendientes de estatus deben ser resueltos mediante negociaciones directas entre las dos partes\u201d, dijo Borrell. \u201cEsto incluye sobre todo problemas de fronteras, el estatus de Jerusal\u00e9n, la seguridad y la cuesti\u00f3n de los refugiados\u201d.<\/p>\n\n\n\n<p>Trump propone estado palestino con capital en Jerusal\u00e9n Este<\/p>\n\n\n\n<p>El plan de Trump recibi\u00f3 el benepl\u00e1cito del primer ministro israel\u00ed Benjamin Netanyahu, pero el presidente palestino Mahmoud Abbas ha dicho que es una \u201ctonter\u00eda\u201d. Los estados \u00e1rabes del Golfo P\u00e9rsico rechazaron el plan de la Casa Blanca por \u201ctendencioso\u201d. Funcionarios israel\u00edes asistieron a su presentaci\u00f3n, no as\u00ed los palestinos.<\/p>\n\n\n\n<p>Netanyahu ha dicho que quiere seguir adelante con sus planes para anexar territorios de Cisjordania.<\/p>\n\n\n\n<p>\u201cNos preocupan especialmente las declaraciones sobre las perspectivas de anexi\u00f3n del Valle del Jord\u00e1n y otras partes de Cisjordania\u201d, dijo Borrell.<\/p>\n\n\n\n<p>Insinu\u00f3 que la UE podr\u00eda tomar medidas legales, ya que \u201cno se puede permitir que se aplique sin discusi\u00f3n cualquier paso hacia la anexi\u00f3n\u201d.<\/p>\n\n\n\n<p>Los palestinos reclaman la totalidad de Cisjordania y Jerusal\u00e9n oriental <em>las zonas tomadas por Israel en la guerra de 1967<\/em> para su estado independiente y la expulsi\u00f3n de m\u00e1s de 700.000 colonos israel\u00edes de las zonas.<\/p>\n\n\n\n<p>Pero el plan toma partido por la visi\u00f3n nacionalista intransigente de Netanyahu y descarta muchos de los reclamos centrales de los palestinos.<\/p>\n\n\n\n<p>Los ministros de exteriores de la UE han discutido en los \u00faltimos meses si el bloque debe modificar su pol\u00edtica hacia el Medio Oriente, dada la preocupaci\u00f3n creciente de que la consolidaci\u00f3n de los asentamientos y medidas diplom\u00e1ticas de Washington como el reconocimiento de Jerusal\u00e9n como la capital de Israel socavan la posibilidad de una soluci\u00f3n de dos estados.<br><br><small>2020 voanoticias \u2013 salastampa.eu, afiliada a la red Broadcasting Board of Governors \u00a9 2020 BBG<\/small><\/p>\n\n\n\n<p><\/p>\n","protected":false},"excerpt":{"rendered":"<p>Bruselas, 05.02.2020 &#8211; La Uni\u00f3n Europea rechaz\u00f3 el martes la propuesta de paz para el Medio Oriente del presidente Donald Trump y expres\u00f3 su preocupaci\u00f3n ante el plan de Israel de anexar m\u00e1s tierras palestinas.<\/p>\n","protected":false},"author":1,"featured_media":0,"comment_status":"closed","ping_status":"closed","sticky":false,"template":"","format":"standard","meta":{"footnotes":"","_links_to":"","_links_to_target":""},"categories":[70,5,23],"tags":[59],"class_list":["post-341","post","type-post","status-publish","format-standard","hentry","category-actualidad","category-europa","category-politica","tag-union-europea","entry","double"],"yoast_head":"<!-- This site is optimized with the Yoast SEO plugin v27.5 - https:\/\/yoast.com\/product\/yoast-seo-wordpress\/ -->\n<title>UE rechaza plan de paz de Trump para el Medio Oriente - ElCanillita.Info<\/title>\n<meta name=\"robots\" content=\"index, follow, max-snippet:-1, max-image-preview:large, max-video-preview:-1\" \/>\n<link rel=\"canonical\" href=\"https:\/\/elcanillita.info\/press\/2020\/02\/06\/union-europea-rechaza-plan-paz-trump-medio-oriente\/\" \/>\n<meta property=\"og:locale\" content=\"es_ES\" \/>\n<meta property=\"og:type\" content=\"article\" \/>\n<meta property=\"og:title\" content=\"UE rechaza plan de paz de Trump para el Medio Oriente - ElCanillita.Info\" \/>\n<meta property=\"og:description\" content=\"Bruselas, 05.02.2020 - La Uni\u00f3n Europea rechaz\u00f3 el martes la propuesta de paz para el Medio Oriente del presidente Donald Trump y expres\u00f3 su preocupaci\u00f3n ante el plan de Israel de anexar m\u00e1s tierras palestinas.\" \/>\n<meta property=\"og:url\" content=\"https:\/\/elcanillita.info\/press\/2020\/02\/06\/union-europea-rechaza-plan-paz-trump-medio-oriente\/\" \/>\n<meta property=\"og:site_name\" content=\"ElCanillita.Info\" \/>\n<meta property=\"article:publisher\" content=\"https:\/\/ar-ar.facebook.com\/ElCanillitainfo-114249515285712\/\" \/>\n<meta property=\"article:published_time\" content=\"2020-02-06T08:11:14+00:00\" \/>\n<meta property=\"article:modified_time\" content=\"2020-02-06T08:11:16+00:00\" \/>\n<meta name=\"author\" content=\"SalaStampa.eu, world press service\" \/>\n<meta name=\"twitter:card\" content=\"summary_large_image\" \/>\n<meta name=\"twitter:label1\" content=\"Escrito por\" \/>\n\t<meta name=\"twitter:data1\" content=\"SalaStampa.eu, world press service\" \/>\n\t<meta name=\"twitter:label2\" content=\"Tiempo de lectura\" \/>\n\t<meta name=\"twitter:data2\" content=\"2 minutos\" \/>\n<script type=\"application\/ld+json\" class=\"yoast-schema-graph\">{\"@context\":\"https:\\\/\\\/schema.org\",\"@graph\":[{\"@type\":\"Article\",\"@id\":\"https:\\\/\\\/elcanillita.info\\\/press\\\/2020\\\/02\\\/06\\\/union-europea-rechaza-plan-paz-trump-medio-oriente\\\/#article\",\"isPartOf\":{\"@id\":\"https:\\\/\\\/elcanillita.info\\\/press\\\/2020\\\/02\\\/06\\\/union-europea-rechaza-plan-paz-trump-medio-oriente\\\/\"},\"author\":{\"name\":\"SalaStampa.eu, world press service\",\"@id\":\"https:\\\/\\\/elcanillita.info\\\/press\\\/#\\\/schema\\\/person\\\/7fcb79f38045700919f7da6d97e71ba0\"},\"headline\":\"UE rechaza plan de paz de Trump para el Medio Oriente\",\"datePublished\":\"2020-02-06T08:11:14+00:00\",\"dateModified\":\"2020-02-06T08:11:16+00:00\",\"mainEntityOfPage\":{\"@id\":\"https:\\\/\\\/elcanillita.info\\\/press\\\/2020\\\/02\\\/06\\\/union-europea-rechaza-plan-paz-trump-medio-oriente\\\/\"},\"wordCount\":470,\"publisher\":{\"@id\":\"https:\\\/\\\/elcanillita.info\\\/press\\\/#organization\"},\"keywords\":[\"Uni\u00f3n Europea\"],\"articleSection\":[\"Actualidad\",\"Europa\",\"Politica\"],\"inLanguage\":\"es-AR\"},{\"@type\":\"WebPage\",\"@id\":\"https:\\\/\\\/elcanillita.info\\\/press\\\/2020\\\/02\\\/06\\\/union-europea-rechaza-plan-paz-trump-medio-oriente\\\/\",\"url\":\"https:\\\/\\\/elcanillita.info\\\/press\\\/2020\\\/02\\\/06\\\/union-europea-rechaza-plan-paz-trump-medio-oriente\\\/\",\"name\":\"UE rechaza plan de paz de Trump para el Medio Oriente - ElCanillita.Info\",\"isPartOf\":{\"@id\":\"https:\\\/\\\/elcanillita.info\\\/press\\\/#website\"},\"datePublished\":\"2020-02-06T08:11:14+00:00\",\"dateModified\":\"2020-02-06T08:11:16+00:00\",\"inLanguage\":\"es-AR\",\"potentialAction\":[{\"@type\":\"ReadAction\",\"target\":[\"https:\\\/\\\/elcanillita.info\\\/press\\\/2020\\\/02\\\/06\\\/union-europea-rechaza-plan-paz-trump-medio-oriente\\\/\"]}]},{\"@type\":\"WebSite\",\"@id\":\"https:\\\/\\\/elcanillita.info\\\/press\\\/#website\",\"url\":\"https:\\\/\\\/elcanillita.info\\\/press\\\/\",\"name\":\"ElCanillita.Info\",\"description\":\"desde los Apeninos a los Andes\",\"publisher\":{\"@id\":\"https:\\\/\\\/elcanillita.info\\\/press\\\/#organization\"},\"potentialAction\":[{\"@type\":\"SearchAction\",\"target\":{\"@type\":\"EntryPoint\",\"urlTemplate\":\"https:\\\/\\\/elcanillita.info\\\/press\\\/?s={search_term_string}\"},\"query-input\":{\"@type\":\"PropertyValueSpecification\",\"valueRequired\":true,\"valueName\":\"search_term_string\"}}],\"inLanguage\":\"es-AR\"},{\"@type\":\"Organization\",\"@id\":\"https:\\\/\\\/elcanillita.info\\\/press\\\/#organization\",\"name\":\"Guzzo Photos & Graphic Publications\",\"url\":\"https:\\\/\\\/elcanillita.info\\\/press\\\/\",\"logo\":{\"@type\":\"ImageObject\",\"inLanguage\":\"es-AR\",\"@id\":\"https:\\\/\\\/elcanillita.info\\\/press\\\/#\\\/schema\\\/logo\\\/image\\\/\",\"url\":\"https:\\\/\\\/elcanillita.info\\\/press\\\/images\\\/2020\\\/01\\\/cropped-cropped-cropped-elcanillitainfo.png\",\"contentUrl\":\"https:\\\/\\\/elcanillita.info\\\/press\\\/images\\\/2020\\\/01\\\/cropped-cropped-cropped-elcanillitainfo.png\",\"width\":460,\"height\":50,\"caption\":\"Guzzo Photos & Graphic Publications\"},\"image\":{\"@id\":\"https:\\\/\\\/elcanillita.info\\\/press\\\/#\\\/schema\\\/logo\\\/image\\\/\"},\"sameAs\":[\"https:\\\/\\\/ar-ar.facebook.com\\\/ElCanillitainfo-114249515285712\\\/\"]},{\"@type\":\"Person\",\"@id\":\"https:\\\/\\\/elcanillita.info\\\/press\\\/#\\\/schema\\\/person\\\/7fcb79f38045700919f7da6d97e71ba0\",\"name\":\"SalaStampa.eu, world press service\",\"image\":{\"@type\":\"ImageObject\",\"inLanguage\":\"es-AR\",\"@id\":\"https:\\\/\\\/secure.gravatar.com\\\/avatar\\\/c2f0e0d515a107624234994507816ca4724c7199cef73fc8bedebf6931d73888?s=96&d=mm&r=g\",\"url\":\"https:\\\/\\\/secure.gravatar.com\\\/avatar\\\/c2f0e0d515a107624234994507816ca4724c7199cef73fc8bedebf6931d73888?s=96&d=mm&r=g\",\"contentUrl\":\"https:\\\/\\\/secure.gravatar.com\\\/avatar\\\/c2f0e0d515a107624234994507816ca4724c7199cef73fc8bedebf6931d73888?s=96&d=mm&r=g\",\"caption\":\"SalaStampa.eu, world press service\"}}]}<\/script>\n<!-- \/ Yoast SEO plugin. -->","yoast_head_json":{"title":"UE rechaza plan de paz de Trump para el Medio Oriente - ElCanillita.Info","robots":{"index":"index","follow":"follow","max-snippet":"max-snippet:-1","max-image-preview":"max-image-preview:large","max-video-preview":"max-video-preview:-1"},"canonical":"https:\/\/elcanillita.info\/press\/2020\/02\/06\/union-europea-rechaza-plan-paz-trump-medio-oriente\/","og_locale":"es_ES","og_type":"article","og_title":"UE rechaza plan de paz de Trump para el Medio Oriente - ElCanillita.Info","og_description":"Bruselas, 05.02.2020 - La Uni\u00f3n Europea rechaz\u00f3 el martes la propuesta de paz para el Medio Oriente del presidente Donald Trump y expres\u00f3 su preocupaci\u00f3n ante el plan de Israel de anexar m\u00e1s tierras palestinas.","og_url":"https:\/\/elcanillita.info\/press\/2020\/02\/06\/union-europea-rechaza-plan-paz-trump-medio-oriente\/","og_site_name":"ElCanillita.Info","article_publisher":"https:\/\/ar-ar.facebook.com\/ElCanillitainfo-114249515285712\/","article_published_time":"2020-02-06T08:11:14+00:00","article_modified_time":"2020-02-06T08:11:16+00:00","author":"SalaStampa.eu, world press service","twitter_card":"summary_large_image","twitter_misc":{"Escrito por":"SalaStampa.eu, world press service","Tiempo de lectura":"2 minutos"},"schema":{"@context":"https:\/\/schema.org","@graph":[{"@type":"Article","@id":"https:\/\/elcanillita.info\/press\/2020\/02\/06\/union-europea-rechaza-plan-paz-trump-medio-oriente\/#article","isPartOf":{"@id":"https:\/\/elcanillita.info\/press\/2020\/02\/06\/union-europea-rechaza-plan-paz-trump-medio-oriente\/"},"author":{"name":"SalaStampa.eu, world press service","@id":"https:\/\/elcanillita.info\/press\/#\/schema\/person\/7fcb79f38045700919f7da6d97e71ba0"},"headline":"UE rechaza plan de paz de Trump para el Medio Oriente","datePublished":"2020-02-06T08:11:14+00:00","dateModified":"2020-02-06T08:11:16+00:00","mainEntityOfPage":{"@id":"https:\/\/elcanillita.info\/press\/2020\/02\/06\/union-europea-rechaza-plan-paz-trump-medio-oriente\/"},"wordCount":470,"publisher":{"@id":"https:\/\/elcanillita.info\/press\/#organization"},"keywords":["Uni\u00f3n Europea"],"articleSection":["Actualidad","Europa","Politica"],"inLanguage":"es-AR"},{"@type":"WebPage","@id":"https:\/\/elcanillita.info\/press\/2020\/02\/06\/union-europea-rechaza-plan-paz-trump-medio-oriente\/","url":"https:\/\/elcanillita.info\/press\/2020\/02\/06\/union-europea-rechaza-plan-paz-trump-medio-oriente\/","name":"UE rechaza plan de paz de Trump para el Medio Oriente - ElCanillita.Info","isPartOf":{"@id":"https:\/\/elcanillita.info\/press\/#website"},"datePublished":"2020-02-06T08:11:14+00:00","dateModified":"2020-02-06T08:11:16+00:00","inLanguage":"es-AR","potentialAction":[{"@type":"ReadAction","target":["https:\/\/elcanillita.info\/press\/2020\/02\/06\/union-europea-rechaza-plan-paz-trump-medio-oriente\/"]}]},{"@type":"WebSite","@id":"https:\/\/elcanillita.info\/press\/#website","url":"https:\/\/elcanillita.info\/press\/","name":"ElCanillita.Info","description":"desde los Apeninos a los Andes","publisher":{"@id":"https:\/\/elcanillita.info\/press\/#organization"},"potentialAction":[{"@type":"SearchAction","target":{"@type":"EntryPoint","urlTemplate":"https:\/\/elcanillita.info\/press\/?s={search_term_string}"},"query-input":{"@type":"PropertyValueSpecification","valueRequired":true,"valueName":"search_term_string"}}],"inLanguage":"es-AR"},{"@type":"Organization","@id":"https:\/\/elcanillita.info\/press\/#organization","name":"Guzzo Photos & Graphic Publications","url":"https:\/\/elcanillita.info\/press\/","logo":{"@type":"ImageObject","inLanguage":"es-AR","@id":"https:\/\/elcanillita.info\/press\/#\/schema\/logo\/image\/","url":"https:\/\/elcanillita.info\/press\/images\/2020\/01\/cropped-cropped-cropped-elcanillitainfo.png","contentUrl":"https:\/\/elcanillita.info\/press\/images\/2020\/01\/cropped-cropped-cropped-elcanillitainfo.png","width":460,"height":50,"caption":"Guzzo Photos & Graphic Publications"},"image":{"@id":"https:\/\/elcanillita.info\/press\/#\/schema\/logo\/image\/"},"sameAs":["https:\/\/ar-ar.facebook.com\/ElCanillitainfo-114249515285712\/"]},{"@type":"Person","@id":"https:\/\/elcanillita.info\/press\/#\/schema\/person\/7fcb79f38045700919f7da6d97e71ba0","name":"SalaStampa.eu, world press service","image":{"@type":"ImageObject","inLanguage":"es-AR","@id":"https:\/\/secure.gravatar.com\/avatar\/c2f0e0d515a107624234994507816ca4724c7199cef73fc8bedebf6931d73888?s=96&d=mm&r=g","url":"https:\/\/secure.gravatar.com\/avatar\/c2f0e0d515a107624234994507816ca4724c7199cef73fc8bedebf6931d73888?s=96&d=mm&r=g","contentUrl":"https:\/\/secure.gravatar.com\/avatar\/c2f0e0d515a107624234994507816ca4724c7199cef73fc8bedebf6931d73888?s=96&d=mm&r=g","caption":"SalaStampa.eu, world press service"}}]}},"views":755,"_links":{"self":[{"href":"https:\/\/elcanillita.info\/press\/wp-json\/wp\/v2\/posts\/341","targetHints":{"allow":["GET"]}}],"collection":[{"href":"https:\/\/elcanillita.info\/press\/wp-json\/wp\/v2\/posts"}],"about":[{"href":"https:\/\/elcanillita.info\/press\/wp-json\/wp\/v2\/types\/post"}],"author":[{"embeddable":true,"href":"https:\/\/elcanillita.info\/press\/wp-json\/wp\/v2\/users\/1"}],"replies":[{"embeddable":true,"href":"https:\/\/elcanillita.info\/press\/wp-json\/wp\/v2\/comments?post=341"}],"version-history":[{"count":0,"href":"https:\/\/elcanillita.info\/press\/wp-json\/wp\/v2\/posts\/341\/revisions"}],"wp:attachment":[{"href":"https:\/\/elcanillita.info\/press\/wp-json\/wp\/v2\/media?parent=341"}],"wp:term":[{"taxonomy":"category","embeddable":true,"href":"https:\/\/elcanillita.info\/press\/wp-json\/wp\/v2\/categories?post=341"},{"taxonomy":"post_tag","embeddable":true,"href":"https:\/\/elcanillita.info\/press\/wp-json\/wp\/v2\/tags?post=341"}],"curies":[{"name":"wp","href":"https:\/\/api.w.org\/{rel}","templated":true}]}}