{"id":340,"date":"2020-02-06T04:57:59","date_gmt":"2020-02-06T07:57:59","guid":{"rendered":"https:\/\/elcanillita.info\/press\/?p=340"},"modified":"2020-02-06T07:09:50","modified_gmt":"2020-02-06T10:09:50","slug":"nicaragua-activistas-exigen-investigacion-internacional-asesinatos-indigenas","status":"publish","type":"post","link":"https:\/\/elcanillita.info\/press\/2020\/02\/06\/nicaragua-activistas-exigen-investigacion-internacional-asesinatos-indigenas\/","title":{"rendered":"Nicaragua: Activistas exigen investigaci\u00f3n internacional sobre asesinatos de ind\u00edgenas"},"content":{"rendered":"\n<p> Costa del Caribe de Niaragua, 05.02.2020 &#8211;  El temor sobre otro eventual ataque&nbsp;reina en las comunidades ind\u00edgenas Mayangnas de la Costa Caribe de Nicaragua,&nbsp;a siete d\u00edas de las denuncias de que un grupo de hombres armados atac\u00f3&nbsp;a la comunidad Alal, en la Reserva de Biosfera Bosawas.<\/p>\n\n\n\n<p>El ataque de hace una semana cobr\u00f3 la vida de cuatro ind\u00edgenas, dej\u00f3 tres heridos, doce casas quemadas y varias familias autoevacuadas.<\/p>\n\n\n\n<p>El ambientalista Amaru Ru\u00edz, de la Fundaci\u00f3n del R\u00edo, dijo a la Voz de Am\u00e9rica que los ind\u00edgenas contin\u00faan desplaz\u00e1ndose ante la creciente amenaza.<\/p>\n\n\n\n<p>\u201cSe tuvieron que desplazar a mujeres y ni\u00f1os de la comunidad Suniwas hacia la comunidad de Sakalwas por una amenaza que recibieron de que los colonos invasores tambi\u00e9n iban a provocar una masacre en esa comunidad\u201d, explic\u00f3 Ru\u00edz.<\/p>\n\n\n\n<p>El ambientalista expres\u00f3 que estos ataques est\u00e1n relacionados con procesos de invasi\u00f3n de tierra y que las comunidades ind\u00edgenas llevan a\u00f1os pidiendo al gobierno el saneamiento de su territorio, que es b\u00e1sicamente expulsar de la zona a quienes no son originarios de los pueblos ind\u00edgenas.<\/p>\n\n\n\n<p>El ambientalista nicarag\u00fcense Amaru Ru\u00edz habl\u00f3 a la VOA sobre el sobresalto de las comunidades ind\u00edgenas de la costa del Caribe.<\/p>\n\n\n\n<p>La ley de R\u00e9gimen de Propiedad Comunal de los Pueblos Ind\u00edgenas refiere en el cap\u00edtulo 12 que \u201ccada una de las comunidades, una vez obtenido sus t\u00edtulos, podr\u00e1 iniciar con el apoyo t\u00e9cnico y material de la Oficina de Titulaci\u00f3n Rural, la etapa de saneamiento de sus tierras, en relaci\u00f3n con terceros que se encuentren dentro de las mismas\u201d.&nbsp;<\/p>\n\n\n\n<p>CIDH exige a Estado nicaraguense investigar y castigar muerte de ind\u00edgenas<\/p>\n\n\n\n<p>El Centro Nicarag\u00fcense de Derechos Humanos, que le da seguimiento al caso, pidi\u00f3 a la comunidad internacional a trav\u00e9s de su presidenta, Vilma N\u00fa\u00f1ez, que se investiguen&nbsp;los hechos.<\/p>\n\n\n\n<p>\u201cNosotros hacemos un llamado a las instancias internacionales de protecci\u00f3n de derechos humanos para que no se limiten a estar emitiendo comunicados y pronunciamientos\u201d, advirti\u00f3 N\u00fa\u00f1ez.<\/p>\n\n\n\n<p>\u201cTenemos que buscar c\u00f3mo darle a este problema la verdadera dimensi\u00f3n que tiene\u201d, a\u00f1adi\u00f3 la defensora de derechos humanos a la VOA.<\/p>\n\n\n\n<p>Otro \u00e1ngulo de los estragos causados por hombres armados en una comunidad ind\u00edgena de la costa del Caribe de Niaragua el 29 de enero de 2020.  <\/p>\n\n\n\n<p>N\u00fa\u00f1ez responsabiliza directamente al gobierno del presidente Daniel Ortega por la inseguridad que se vive en estos territorios.<\/p>\n\n\n\n<p>\u201cLa situaci\u00f3n es bastante compleja. No bastar\u00e1 con investigar qui\u00e9nes fueron los autores materiales de los hechos; la destrucci\u00f3n es perversa, es grav\u00edsima, es una actitud de exterminio\u201d, se\u00f1al\u00f3.<\/p>\n\n\n\n<p>\u201cTiene sus ra\u00edces en la permisividad con que el gobierno ha tratado esta situaci\u00f3n. Han impulsado a las personas que est\u00e1n ampliando la frontera agr\u00edcola, lo hacen con la aquiescencia del gobierno\u201d, a\u00f1adi\u00f3.<\/p>\n\n\n\n<p>La Policia Nacional neg\u00f3 en un principio la existencia de muertos en este caso, aunque posteriormente asegur\u00f3 haber encontrado cuatro cuerpos sobre el r\u00edo Kahaska KuKun.<\/p>\n\n\n\n<p>Las autoridades dijeron que est\u00e1n investigando los hechos y atribuyeron los delitos de lesiones, incendio y da\u00f1os en perjuicio de la comunidad a \u201cun grupo delincuencial\u201d cuyo cabecilla es Isabel Meneses Padilla, alias Chabelo.<\/p>\n\n\n\n<p>Mientras tanto, el alcalde sandinista de Bonanza, Alexander Alvarado, visit\u00f3 a las familias afectadas para ofrecer las condolencias de parte del presidente Ortega y su esposa.<\/p>\n\n\n\n<p>El alcalde prometi\u00f3 apoyo a los comunitarios para la reconstrucci\u00f3n de las viviendas y les pidi\u00f3 regresar a sus territorios.<\/p>\n\n\n\n<p>Sin embargo, los ind\u00edgenas aseguran que no conf\u00edan en la seguridad y la protecci\u00f3n ofrecidas por el Estado.<br><br><small>2020 voanoticias \u2013 salastampa.eu, afiliada a la red Broadcasting Board of Governors \u00a9 2020 BBG<\/small><\/p>\n","protected":false},"excerpt":{"rendered":"<p>Costa del Caribe de Niaragua, 05.02.2020 &#8211;  El temor sobre otro eventual ataque reina en las comunidades ind\u00edgenas Mayangnas de la Costa Caribe de Nicaragua, a siete d\u00edas de las denuncias de que un grupo de hombres armados atac\u00f3 a la comunidad Alal, en la Reserva de Biosfera Bosawas.<\/p>\n","protected":false},"author":1,"featured_media":0,"comment_status":"closed","ping_status":"closed","sticky":false,"template":"","format":"standard","meta":{"footnotes":"","_links_to":"","_links_to_target":""},"categories":[70,10,22,25],"tags":[32],"class_list":["post-340","post","type-post","status-publish","format-standard","hentry","category-actualidad","category-america-central","category-justicia","category-sociedad","tag-nicaragua","entry","double"],"yoast_head":"<!-- This site is optimized with the Yoast SEO plugin v27.4 - https:\/\/yoast.com\/product\/yoast-seo-wordpress\/ -->\n<title>Nicaragua: Activistas exigen investigaci\u00f3n internacional sobre asesinatos de ind\u00edgenas - ElCanillita.Info<\/title>\n<meta name=\"robots\" content=\"index, follow, max-snippet:-1, max-image-preview:large, max-video-preview:-1\" \/>\n<link rel=\"canonical\" href=\"https:\/\/elcanillita.info\/press\/2020\/02\/06\/nicaragua-activistas-exigen-investigacion-internacional-asesinatos-indigenas\/\" \/>\n<meta property=\"og:locale\" content=\"es_ES\" \/>\n<meta property=\"og:type\" content=\"article\" \/>\n<meta property=\"og:title\" content=\"Nicaragua: Activistas exigen investigaci\u00f3n internacional sobre asesinatos de ind\u00edgenas - ElCanillita.Info\" \/>\n<meta property=\"og:description\" content=\"Costa del Caribe de Niaragua, 05.02.2020 - El temor sobre otro eventual ataque reina en las comunidades ind\u00edgenas Mayangnas de la Costa Caribe de Nicaragua, a siete d\u00edas de las denuncias de que un grupo de hombres armados atac\u00f3 a la comunidad Alal, en la Reserva de Biosfera Bosawas.\" \/>\n<meta property=\"og:url\" content=\"https:\/\/elcanillita.info\/press\/2020\/02\/06\/nicaragua-activistas-exigen-investigacion-internacional-asesinatos-indigenas\/\" \/>\n<meta property=\"og:site_name\" content=\"ElCanillita.Info\" \/>\n<meta property=\"article:publisher\" content=\"https:\/\/ar-ar.facebook.com\/ElCanillitainfo-114249515285712\/\" \/>\n<meta property=\"article:published_time\" content=\"2020-02-06T07:57:59+00:00\" \/>\n<meta property=\"article:modified_time\" content=\"2020-02-06T10:09:50+00:00\" \/>\n<meta name=\"author\" content=\"SalaStampa.eu, world press service\" \/>\n<meta name=\"twitter:card\" content=\"summary_large_image\" \/>\n<meta name=\"twitter:label1\" content=\"Escrito por\" \/>\n\t<meta name=\"twitter:data1\" content=\"SalaStampa.eu, world press service\" \/>\n\t<meta name=\"twitter:label2\" content=\"Tiempo de lectura\" \/>\n\t<meta name=\"twitter:data2\" content=\"3 minutos\" \/>\n<script type=\"application\/ld+json\" class=\"yoast-schema-graph\">{\"@context\":\"https:\\\/\\\/schema.org\",\"@graph\":[{\"@type\":\"Article\",\"@id\":\"https:\\\/\\\/elcanillita.info\\\/press\\\/2020\\\/02\\\/06\\\/nicaragua-activistas-exigen-investigacion-internacional-asesinatos-indigenas\\\/#article\",\"isPartOf\":{\"@id\":\"https:\\\/\\\/elcanillita.info\\\/press\\\/2020\\\/02\\\/06\\\/nicaragua-activistas-exigen-investigacion-internacional-asesinatos-indigenas\\\/\"},\"author\":{\"name\":\"SalaStampa.eu, world press service\",\"@id\":\"https:\\\/\\\/elcanillita.info\\\/press\\\/#\\\/schema\\\/person\\\/7fcb79f38045700919f7da6d97e71ba0\"},\"headline\":\"Nicaragua: Activistas exigen investigaci\u00f3n internacional sobre asesinatos de ind\u00edgenas\",\"datePublished\":\"2020-02-06T07:57:59+00:00\",\"dateModified\":\"2020-02-06T10:09:50+00:00\",\"mainEntityOfPage\":{\"@id\":\"https:\\\/\\\/elcanillita.info\\\/press\\\/2020\\\/02\\\/06\\\/nicaragua-activistas-exigen-investigacion-internacional-asesinatos-indigenas\\\/\"},\"wordCount\":657,\"publisher\":{\"@id\":\"https:\\\/\\\/elcanillita.info\\\/press\\\/#organization\"},\"keywords\":[\"Nicaragua\"],\"articleSection\":[\"Actualidad\",\"Am\u00e9rica Central\",\"Justicia\",\"Sociedad\"],\"inLanguage\":\"es-AR\"},{\"@type\":\"WebPage\",\"@id\":\"https:\\\/\\\/elcanillita.info\\\/press\\\/2020\\\/02\\\/06\\\/nicaragua-activistas-exigen-investigacion-internacional-asesinatos-indigenas\\\/\",\"url\":\"https:\\\/\\\/elcanillita.info\\\/press\\\/2020\\\/02\\\/06\\\/nicaragua-activistas-exigen-investigacion-internacional-asesinatos-indigenas\\\/\",\"name\":\"Nicaragua: Activistas exigen investigaci\u00f3n internacional sobre asesinatos de ind\u00edgenas - ElCanillita.Info\",\"isPartOf\":{\"@id\":\"https:\\\/\\\/elcanillita.info\\\/press\\\/#website\"},\"datePublished\":\"2020-02-06T07:57:59+00:00\",\"dateModified\":\"2020-02-06T10:09:50+00:00\",\"inLanguage\":\"es-AR\",\"potentialAction\":[{\"@type\":\"ReadAction\",\"target\":[\"https:\\\/\\\/elcanillita.info\\\/press\\\/2020\\\/02\\\/06\\\/nicaragua-activistas-exigen-investigacion-internacional-asesinatos-indigenas\\\/\"]}]},{\"@type\":\"WebSite\",\"@id\":\"https:\\\/\\\/elcanillita.info\\\/press\\\/#website\",\"url\":\"https:\\\/\\\/elcanillita.info\\\/press\\\/\",\"name\":\"ElCanillita.Info\",\"description\":\"desde los Apeninos a los Andes\",\"publisher\":{\"@id\":\"https:\\\/\\\/elcanillita.info\\\/press\\\/#organization\"},\"potentialAction\":[{\"@type\":\"SearchAction\",\"target\":{\"@type\":\"EntryPoint\",\"urlTemplate\":\"https:\\\/\\\/elcanillita.info\\\/press\\\/?s={search_term_string}\"},\"query-input\":{\"@type\":\"PropertyValueSpecification\",\"valueRequired\":true,\"valueName\":\"search_term_string\"}}],\"inLanguage\":\"es-AR\"},{\"@type\":\"Organization\",\"@id\":\"https:\\\/\\\/elcanillita.info\\\/press\\\/#organization\",\"name\":\"Guzzo Photos & Graphic Publications\",\"url\":\"https:\\\/\\\/elcanillita.info\\\/press\\\/\",\"logo\":{\"@type\":\"ImageObject\",\"inLanguage\":\"es-AR\",\"@id\":\"https:\\\/\\\/elcanillita.info\\\/press\\\/#\\\/schema\\\/logo\\\/image\\\/\",\"url\":\"https:\\\/\\\/elcanillita.info\\\/press\\\/images\\\/2020\\\/01\\\/cropped-cropped-cropped-elcanillitainfo.png\",\"contentUrl\":\"https:\\\/\\\/elcanillita.info\\\/press\\\/images\\\/2020\\\/01\\\/cropped-cropped-cropped-elcanillitainfo.png\",\"width\":460,\"height\":50,\"caption\":\"Guzzo Photos & Graphic Publications\"},\"image\":{\"@id\":\"https:\\\/\\\/elcanillita.info\\\/press\\\/#\\\/schema\\\/logo\\\/image\\\/\"},\"sameAs\":[\"https:\\\/\\\/ar-ar.facebook.com\\\/ElCanillitainfo-114249515285712\\\/\"]},{\"@type\":\"Person\",\"@id\":\"https:\\\/\\\/elcanillita.info\\\/press\\\/#\\\/schema\\\/person\\\/7fcb79f38045700919f7da6d97e71ba0\",\"name\":\"SalaStampa.eu, world press service\",\"image\":{\"@type\":\"ImageObject\",\"inLanguage\":\"es-AR\",\"@id\":\"https:\\\/\\\/secure.gravatar.com\\\/avatar\\\/c2f0e0d515a107624234994507816ca4724c7199cef73fc8bedebf6931d73888?s=96&d=mm&r=g\",\"url\":\"https:\\\/\\\/secure.gravatar.com\\\/avatar\\\/c2f0e0d515a107624234994507816ca4724c7199cef73fc8bedebf6931d73888?s=96&d=mm&r=g\",\"contentUrl\":\"https:\\\/\\\/secure.gravatar.com\\\/avatar\\\/c2f0e0d515a107624234994507816ca4724c7199cef73fc8bedebf6931d73888?s=96&d=mm&r=g\",\"caption\":\"SalaStampa.eu, world press service\"}}]}<\/script>\n<!-- \/ Yoast SEO plugin. -->","yoast_head_json":{"title":"Nicaragua: Activistas exigen investigaci\u00f3n internacional sobre asesinatos de ind\u00edgenas - ElCanillita.Info","robots":{"index":"index","follow":"follow","max-snippet":"max-snippet:-1","max-image-preview":"max-image-preview:large","max-video-preview":"max-video-preview:-1"},"canonical":"https:\/\/elcanillita.info\/press\/2020\/02\/06\/nicaragua-activistas-exigen-investigacion-internacional-asesinatos-indigenas\/","og_locale":"es_ES","og_type":"article","og_title":"Nicaragua: Activistas exigen investigaci\u00f3n internacional sobre asesinatos de ind\u00edgenas - ElCanillita.Info","og_description":"Costa del Caribe de Niaragua, 05.02.2020 - El temor sobre otro eventual ataque reina en las comunidades ind\u00edgenas Mayangnas de la Costa Caribe de Nicaragua, a siete d\u00edas de las denuncias de que un grupo de hombres armados atac\u00f3 a la comunidad Alal, en la Reserva de Biosfera Bosawas.","og_url":"https:\/\/elcanillita.info\/press\/2020\/02\/06\/nicaragua-activistas-exigen-investigacion-internacional-asesinatos-indigenas\/","og_site_name":"ElCanillita.Info","article_publisher":"https:\/\/ar-ar.facebook.com\/ElCanillitainfo-114249515285712\/","article_published_time":"2020-02-06T07:57:59+00:00","article_modified_time":"2020-02-06T10:09:50+00:00","author":"SalaStampa.eu, world press service","twitter_card":"summary_large_image","twitter_misc":{"Escrito por":"SalaStampa.eu, world press service","Tiempo de lectura":"3 minutos"},"schema":{"@context":"https:\/\/schema.org","@graph":[{"@type":"Article","@id":"https:\/\/elcanillita.info\/press\/2020\/02\/06\/nicaragua-activistas-exigen-investigacion-internacional-asesinatos-indigenas\/#article","isPartOf":{"@id":"https:\/\/elcanillita.info\/press\/2020\/02\/06\/nicaragua-activistas-exigen-investigacion-internacional-asesinatos-indigenas\/"},"author":{"name":"SalaStampa.eu, world press service","@id":"https:\/\/elcanillita.info\/press\/#\/schema\/person\/7fcb79f38045700919f7da6d97e71ba0"},"headline":"Nicaragua: Activistas exigen investigaci\u00f3n internacional sobre asesinatos de ind\u00edgenas","datePublished":"2020-02-06T07:57:59+00:00","dateModified":"2020-02-06T10:09:50+00:00","mainEntityOfPage":{"@id":"https:\/\/elcanillita.info\/press\/2020\/02\/06\/nicaragua-activistas-exigen-investigacion-internacional-asesinatos-indigenas\/"},"wordCount":657,"publisher":{"@id":"https:\/\/elcanillita.info\/press\/#organization"},"keywords":["Nicaragua"],"articleSection":["Actualidad","Am\u00e9rica Central","Justicia","Sociedad"],"inLanguage":"es-AR"},{"@type":"WebPage","@id":"https:\/\/elcanillita.info\/press\/2020\/02\/06\/nicaragua-activistas-exigen-investigacion-internacional-asesinatos-indigenas\/","url":"https:\/\/elcanillita.info\/press\/2020\/02\/06\/nicaragua-activistas-exigen-investigacion-internacional-asesinatos-indigenas\/","name":"Nicaragua: Activistas exigen investigaci\u00f3n internacional sobre asesinatos de ind\u00edgenas - ElCanillita.Info","isPartOf":{"@id":"https:\/\/elcanillita.info\/press\/#website"},"datePublished":"2020-02-06T07:57:59+00:00","dateModified":"2020-02-06T10:09:50+00:00","inLanguage":"es-AR","potentialAction":[{"@type":"ReadAction","target":["https:\/\/elcanillita.info\/press\/2020\/02\/06\/nicaragua-activistas-exigen-investigacion-internacional-asesinatos-indigenas\/"]}]},{"@type":"WebSite","@id":"https:\/\/elcanillita.info\/press\/#website","url":"https:\/\/elcanillita.info\/press\/","name":"ElCanillita.Info","description":"desde los Apeninos a los Andes","publisher":{"@id":"https:\/\/elcanillita.info\/press\/#organization"},"potentialAction":[{"@type":"SearchAction","target":{"@type":"EntryPoint","urlTemplate":"https:\/\/elcanillita.info\/press\/?s={search_term_string}"},"query-input":{"@type":"PropertyValueSpecification","valueRequired":true,"valueName":"search_term_string"}}],"inLanguage":"es-AR"},{"@type":"Organization","@id":"https:\/\/elcanillita.info\/press\/#organization","name":"Guzzo Photos & Graphic Publications","url":"https:\/\/elcanillita.info\/press\/","logo":{"@type":"ImageObject","inLanguage":"es-AR","@id":"https:\/\/elcanillita.info\/press\/#\/schema\/logo\/image\/","url":"https:\/\/elcanillita.info\/press\/images\/2020\/01\/cropped-cropped-cropped-elcanillitainfo.png","contentUrl":"https:\/\/elcanillita.info\/press\/images\/2020\/01\/cropped-cropped-cropped-elcanillitainfo.png","width":460,"height":50,"caption":"Guzzo Photos & Graphic Publications"},"image":{"@id":"https:\/\/elcanillita.info\/press\/#\/schema\/logo\/image\/"},"sameAs":["https:\/\/ar-ar.facebook.com\/ElCanillitainfo-114249515285712\/"]},{"@type":"Person","@id":"https:\/\/elcanillita.info\/press\/#\/schema\/person\/7fcb79f38045700919f7da6d97e71ba0","name":"SalaStampa.eu, world press service","image":{"@type":"ImageObject","inLanguage":"es-AR","@id":"https:\/\/secure.gravatar.com\/avatar\/c2f0e0d515a107624234994507816ca4724c7199cef73fc8bedebf6931d73888?s=96&d=mm&r=g","url":"https:\/\/secure.gravatar.com\/avatar\/c2f0e0d515a107624234994507816ca4724c7199cef73fc8bedebf6931d73888?s=96&d=mm&r=g","contentUrl":"https:\/\/secure.gravatar.com\/avatar\/c2f0e0d515a107624234994507816ca4724c7199cef73fc8bedebf6931d73888?s=96&d=mm&r=g","caption":"SalaStampa.eu, world press service"}}]}},"views":786,"_links":{"self":[{"href":"https:\/\/elcanillita.info\/press\/wp-json\/wp\/v2\/posts\/340","targetHints":{"allow":["GET"]}}],"collection":[{"href":"https:\/\/elcanillita.info\/press\/wp-json\/wp\/v2\/posts"}],"about":[{"href":"https:\/\/elcanillita.info\/press\/wp-json\/wp\/v2\/types\/post"}],"author":[{"embeddable":true,"href":"https:\/\/elcanillita.info\/press\/wp-json\/wp\/v2\/users\/1"}],"replies":[{"embeddable":true,"href":"https:\/\/elcanillita.info\/press\/wp-json\/wp\/v2\/comments?post=340"}],"version-history":[{"count":0,"href":"https:\/\/elcanillita.info\/press\/wp-json\/wp\/v2\/posts\/340\/revisions"}],"wp:attachment":[{"href":"https:\/\/elcanillita.info\/press\/wp-json\/wp\/v2\/media?parent=340"}],"wp:term":[{"taxonomy":"category","embeddable":true,"href":"https:\/\/elcanillita.info\/press\/wp-json\/wp\/v2\/categories?post=340"},{"taxonomy":"post_tag","embeddable":true,"href":"https:\/\/elcanillita.info\/press\/wp-json\/wp\/v2\/tags?post=340"}],"curies":[{"name":"wp","href":"https:\/\/api.w.org\/{rel}","templated":true}]}}