{"id":3378,"date":"2023-04-01T04:45:05","date_gmt":"2023-04-01T07:45:05","guid":{"rendered":"https:\/\/elcanillita.info\/press\/?p=3378"},"modified":"2023-04-03T09:45:54","modified_gmt":"2023-04-03T12:45:54","slug":"un-club-raro","status":"publish","type":"post","link":"https:\/\/elcanillita.info\/press\/2023\/04\/01\/un-club-raro\/","title":{"rendered":"Un Club Raro"},"content":{"rendered":"\n<figure class=\"wp-block-image size-large\"><img decoding=\"async\" src=\"https:\/\/elcanillita.info\/press\/images\/2023\/04\/3grou_20230401.jpg\" alt=\"\"\/><figcaption class=\"wp-element-caption\"><small>Groucho Marx, seud\u00f3nimo de Julius Henry Marx -Nueva York, 2\/10\/1890 &#8211; Los \u00c1ngeles, 19\/08\/1977), fue un actor, comediante, escritor y presentador de televisi\u00f3n estadounidense.<\/small><\/figcaption><\/figure>\n\n\n\n<p class=\"has-text-align-left\"><strong>por Enrique Guillermo Avogadro <\/strong><br><br><small><em>\u201cNunca pertenecer\u00eda a un club que admitiera como miembro a alguien como yo\u201d.<br>  Groucho Marx<\/em><\/small><\/p>\n\n\n\n<p>La semana pasada, en ocasi\u00f3n de la reedici\u00f3n de la estafa kirchnerista de los derechos humanos, Cristina Fern\u00e1ndez volvi\u00f3 a insistir con su inventada proscripci\u00f3n para movilizar a sus soldados -\u201cluche y vuelve\u201d por quien nunca se fue sino que, en ese momento, ejerc\u00eda la Presidencia- y motivarlos a sacar de la mochila sus bastones de mariscal para generalizar el operativo clamor; lo hizo desde una tribuna que comparti\u00f3 con sus socios del Club del Lawfare: Evo Morales, Rafael Correa, Luiz Lula da Silva, etc.; la excepci\u00f3n fue Jos\u00e9 <em>Pepe <\/em>Mugica, que nunca fue acusado de ladr\u00f3n.<\/p>\n\n\n\n<p>Para desaz\u00f3n de la emperatriz del Calafate, presentaron solicitudes de admisi\u00f3n a ese extra\u00f1o club otros candidatos (Benjam\u00edn Netanyahu, Donald Trump y Jair Bolsonaro), que sufren la perversa persecuci\u00f3n de la ley, de los jueces y de la prensa libre. Si fueran rechazados podr\u00edan quejarse al INADI por la discriminaci\u00f3n sufrida pero, si fueran aceptados, \u00bfutilizar\u00e1n el argumento del inmortal Groucho para negarse a ingresar? Ser\u00eda razonable, porque los miembros originales no podr\u00edan ser peores. El esp\u00edritu de nuestra emblem\u00e1tica condenada por corrupci\u00f3n sufri\u00f3 un golpazo al saber que legisladores norteamericanos pidieron para ella sanciones personales y pecuniarias que, de ser dispuestas por el Congreso, confirmar\u00edan que se trata de una paria internacional; r\u00e1pida, acus\u00f3 al \u201cnorte\u201d de ser c\u00f3mplice del \u201cpartido judicial y medi\u00e1tico\u201d que la acorrala.<\/p>\n\n\n\n<p>Ayer la saqueada Argentina fue v\u00edctima, una vez m\u00e1s, de la rapacidad de la alegre banda creada y dirigida por don N\u00e9stor (qepd). La Juez Loretta Preska fall\u00f3, como era previsible, a favor de Burford por la \u201cnacionalizaci\u00f3n\u201d de YPF. Sostengo, como tantas veces lo he hecho en estas notas desde entonces, que oculto detr\u00e1s de ese \u201cfondo buitre\u201d est\u00e1n los Eskenazi, que \u201ccompraron\u201d el 25% de la empresa petrolera sin poner un d\u00f3lar e hicieron perder a nuestro pa\u00eds el autoabastecimiento energ\u00e9tico, y que la siniestra familia era s\u00f3lo testaferro del muerto y de su viuda; ahora, si otras instancias confirman el fallo, Cristina, M\u00e1ximo y Florencia Kirchner embolsar\u00e1n una bonita suma que podr\u00eda llegar a los US$ 20.000 millones, y cuando lleguen los embargos, lo de la Fragata Libertad ser\u00e1 una pavada.<\/p>\n\n\n\n<p>Mauricio Macri, con su previsible renuncia a cualquier candidatura en octubre, pate\u00f3 con fuerza el hormiguero del Frente de Todos el cual, en un juego de espejos de la actitud de Cambiemos entre 2015 y 2019 \u2013una especulaci\u00f3n bastarda, la califiqu\u00e9 entonces-, lo hab\u00eda elegido&nbsp; como sparring. Sin \u00e9l en el campo de juego, se cay\u00f3 como un piano la famosa apelaci\u00f3n kirchnerista -\u201cAh, pero Macri\u201d- que tanto le rindi\u00f3 entre sus obnubilados seguidores. Ahora, el FdT deber\u00e1 reacomodar su discurso y, adem\u00e1s, tratar de contener la fuga de voluntades que se percibe diariamente en gobernadores, intendentes y legisladores.<\/p>\n\n\n\n<p>Las cifras de pobreza (39,2%) e indigencia (8,1%), con marcado incremento en los chicos (54%), divulgadas el jueves, y pese a que corresponden a fin de 2022, sumadas a las que se refieren a la confianza en el Gobierno (UTDT), no s\u00f3lo dan cuenta del fracaso de la presente administraci\u00f3n sino que no reflejan la verdad de lo que sucede hoy, con los tres meses en que hemos convivido con una creciente y ya desmadrada inflaci\u00f3n; cuando se d\u00e9 a conocer el \u00edndice de inflaci\u00f3n de marzo \u2013superior al 7% y cercano al 8%- se ver\u00e1 que las cifras son mucho m\u00e1s dram\u00e1ticas.<\/p>\n\n\n\n<p>La imposibilidad de revertir la ca\u00edda hacia el abismo, a pesar del inusitado apoyo que recibe de un FMI aterrado ante la posibilidad de que un default generalizado de la Argentina agrave la crisis en que vive el mundo, hace que Sergio Massa se vea obligado a renunciar a su sue\u00f1o presidencial, como suceder\u00eda con cualquier Ministro de Econom\u00eda que deba mostrar un panorama parecido y hasta sus eternos socios, los poderosos kirchburgueses \u201cexpertos en mercados regulados\u201d, lo han comenzado a abandonar. Su destino est\u00e1 atado a que Alberto Fern\u00e1ndez termine su per\u00edodo constitucional sin que todo salte por el aire, pero sabe que la verdadera lluvia \u00e1cida llegar\u00e1 entre las PASO y las generales. Se autopercib\u00eda Mandrake hasta que se murieron todos los conejos de su galera<\/p>\n\n\n\n<p>Los absurdas comparaciones de Javier Milei con Adolf Hitler, que hicieron en una llamativa coincidencia con SS Francisco, que siempre confirma su lealtad al peronismo, y Alberto Fern\u00e1ndez, pueden dar lugar a algunas especulaciones: \u00bfest\u00e1 preocupado el FdT ante la probabilidad de salir tercero en las elecciones por la debacle econ\u00f3mica?, \u00bfprefiere su triunfo a la alternativa de un candidato de &#8220;Juntos por el Cambio&#8221; vencedor? En cualquier caso, siendo La Libertad Avanza un partido casi personal e imaginando que ganara en el ya seguro ballotage, \u00bfcu\u00e1ntos gobernadores tendr\u00eda, cuando ya 16 provincias separaron sus elecciones?, \u00bfcu\u00e1ntos legisladores obtendr\u00eda en la primera vuelta?, \u00bfpodr\u00eda gobernar en soledad o deber\u00eda buscar una alianza para hacerlo?; si as\u00ed fuera, \u00bfcon qui\u00e9n buscar\u00eda una concertaci\u00f3n?<\/p>\n\n\n\n<p>La semana pasada apel\u00e9 a la racionalidad de Juntos por el Cambio y La Libertad Avanza para que, mediante un acuerdo en la crucial Provincia de Buenos Aires, impida un eventual triunfo del candidato del FdT (\u00bfAxel Kiciloff o la propia Cristina Fern\u00e1ndez?), que la convertir\u00eda a su territorio en un peligroso foco de resistencia. Alguien me dijo que no me preocupara puesto que, si el Gobierno nacional le cerrara la canilla de las transferencias del Tesoro, la Provincia estallar\u00eda; olvid\u00f3 que, si esa explosi\u00f3n se produce, lo har\u00eda primero en el terrible y empobrecido Conurbano, a escasos metros de la Casa Rosada.<\/p>\n\n\n\n<p><small>Buenos Aires, 1 Abril 2023<\/small><br><br><small>Copyright \u00a9 2023 ElCanillita.info \/ SalaStampa.Eu &#8211; All rights reserved<\/small><\/p>\n","protected":false},"excerpt":{"rendered":"<p>Argentina Hoy: Las cifras de pobreza (39,2%) e indigencia (8,1%), con marcado incremento en los chicos (54%), divulgadas el jueves, y pese a que corresponden a fin de 2022, sumadas a las que se refieren a la confianza en el Gobierno (UTDT), no s\u00f3lo dan cuenta del fracaso de la presente administraci\u00f3n sino que no reflejan la verdad de lo que sucede hoy.<\/p>\n","protected":false},"author":1,"featured_media":3380,"comment_status":"closed","ping_status":"closed","sticky":false,"template":"","format":"standard","meta":{"footnotes":"","_links_to":"","_links_to_target":""},"categories":[108,70,11,23],"tags":[29],"class_list":["post-3378","post","type-post","status-publish","format-standard","has-post-thumbnail","hentry","category-blogdiario","category-actualidad","category-america-del-sur","category-politica","tag-argentina","entry","double"],"yoast_head":"<!-- This site is optimized with the Yoast SEO plugin v27.4 - https:\/\/yoast.com\/product\/yoast-seo-wordpress\/ -->\n<title>Un Club Raro - ElCanillita.Info<\/title>\n<meta name=\"description\" content=\"Argentina Hoy: Las cifras de pobreza (39,2%) e indigencia (8,1%), con marcado incremento en los chicos (54%), divulgadas el jueves, y pese a que corresponden a fin de 2022, sumadas a las que se refieren a la confianza en el Gobierno (UTDT), no s\u00f3lo dan cuenta del fracaso de la presente administraci\u00f3n sino que no reflejan la verdad de lo que sucede hoy.\" \/>\n<meta name=\"robots\" content=\"index, follow, max-snippet:-1, max-image-preview:large, max-video-preview:-1\" \/>\n<link rel=\"canonical\" href=\"https:\/\/elcanillita.info\/press\/2023\/04\/01\/un-club-raro\/\" \/>\n<meta property=\"og:locale\" content=\"es_ES\" \/>\n<meta property=\"og:type\" content=\"article\" \/>\n<meta property=\"og:title\" content=\"Un Club Raro - ElCanillita.Info\" \/>\n<meta property=\"og:description\" content=\"Argentina Hoy: Las cifras de pobreza (39,2%) e indigencia (8,1%), con marcado incremento en los chicos (54%), divulgadas el jueves, y pese a que corresponden a fin de 2022, sumadas a las que se refieren a la confianza en el Gobierno (UTDT), no s\u00f3lo dan cuenta del fracaso de la presente administraci\u00f3n sino que no reflejan la verdad de lo que sucede hoy.\" \/>\n<meta property=\"og:url\" content=\"https:\/\/elcanillita.info\/press\/2023\/04\/01\/un-club-raro\/\" \/>\n<meta property=\"og:site_name\" content=\"ElCanillita.Info\" \/>\n<meta property=\"article:publisher\" content=\"https:\/\/ar-ar.facebook.com\/ElCanillitainfo-114249515285712\/\" \/>\n<meta property=\"article:published_time\" content=\"2023-04-01T07:45:05+00:00\" \/>\n<meta property=\"article:modified_time\" content=\"2023-04-03T12:45:54+00:00\" \/>\n<meta property=\"og:image\" content=\"https:\/\/elcanillita.info\/press\/images\/2023\/04\/2grou_20230401-1.jpg\" \/>\n\t<meta property=\"og:image:width\" content=\"600\" \/>\n\t<meta property=\"og:image:height\" content=\"453\" \/>\n\t<meta property=\"og:image:type\" content=\"image\/jpeg\" \/>\n<meta name=\"author\" content=\"SalaStampa.eu, world press service\" \/>\n<meta name=\"twitter:card\" content=\"summary_large_image\" \/>\n<meta name=\"twitter:label1\" content=\"Escrito por\" \/>\n\t<meta name=\"twitter:data1\" content=\"SalaStampa.eu, world press service\" \/>\n\t<meta name=\"twitter:label2\" content=\"Tiempo de lectura\" \/>\n\t<meta name=\"twitter:data2\" content=\"5 minutos\" \/>\n<script type=\"application\/ld+json\" class=\"yoast-schema-graph\">{\"@context\":\"https:\\\/\\\/schema.org\",\"@graph\":[{\"@type\":\"Article\",\"@id\":\"https:\\\/\\\/elcanillita.info\\\/press\\\/2023\\\/04\\\/01\\\/un-club-raro\\\/#article\",\"isPartOf\":{\"@id\":\"https:\\\/\\\/elcanillita.info\\\/press\\\/2023\\\/04\\\/01\\\/un-club-raro\\\/\"},\"author\":{\"name\":\"SalaStampa.eu, world press service\",\"@id\":\"https:\\\/\\\/elcanillita.info\\\/press\\\/#\\\/schema\\\/person\\\/7fcb79f38045700919f7da6d97e71ba0\"},\"headline\":\"Un Club Raro\",\"datePublished\":\"2023-04-01T07:45:05+00:00\",\"dateModified\":\"2023-04-03T12:45:54+00:00\",\"mainEntityOfPage\":{\"@id\":\"https:\\\/\\\/elcanillita.info\\\/press\\\/2023\\\/04\\\/01\\\/un-club-raro\\\/\"},\"wordCount\":1037,\"publisher\":{\"@id\":\"https:\\\/\\\/elcanillita.info\\\/press\\\/#organization\"},\"image\":{\"@id\":\"https:\\\/\\\/elcanillita.info\\\/press\\\/2023\\\/04\\\/01\\\/un-club-raro\\\/#primaryimage\"},\"thumbnailUrl\":\"https:\\\/\\\/elcanillita.info\\\/press\\\/images\\\/2023\\\/04\\\/2grou_20230401-1.jpg\",\"keywords\":[\"Argentina\"],\"articleSection\":[\".\",\"Actualidad\",\"Am\u00e9rica del Sur\",\"Politica\"],\"inLanguage\":\"es-AR\"},{\"@type\":\"WebPage\",\"@id\":\"https:\\\/\\\/elcanillita.info\\\/press\\\/2023\\\/04\\\/01\\\/un-club-raro\\\/\",\"url\":\"https:\\\/\\\/elcanillita.info\\\/press\\\/2023\\\/04\\\/01\\\/un-club-raro\\\/\",\"name\":\"Un Club Raro - ElCanillita.Info\",\"isPartOf\":{\"@id\":\"https:\\\/\\\/elcanillita.info\\\/press\\\/#website\"},\"primaryImageOfPage\":{\"@id\":\"https:\\\/\\\/elcanillita.info\\\/press\\\/2023\\\/04\\\/01\\\/un-club-raro\\\/#primaryimage\"},\"image\":{\"@id\":\"https:\\\/\\\/elcanillita.info\\\/press\\\/2023\\\/04\\\/01\\\/un-club-raro\\\/#primaryimage\"},\"thumbnailUrl\":\"https:\\\/\\\/elcanillita.info\\\/press\\\/images\\\/2023\\\/04\\\/2grou_20230401-1.jpg\",\"datePublished\":\"2023-04-01T07:45:05+00:00\",\"dateModified\":\"2023-04-03T12:45:54+00:00\",\"description\":\"Argentina Hoy: Las cifras de pobreza (39,2%) e indigencia (8,1%), con marcado incremento en los chicos (54%), divulgadas el jueves, y pese a que corresponden a fin de 2022, sumadas a las que se refieren a la confianza en el Gobierno (UTDT), no s\u00f3lo dan cuenta del fracaso de la presente administraci\u00f3n sino que no reflejan la verdad de lo que sucede hoy.\",\"inLanguage\":\"es-AR\",\"potentialAction\":[{\"@type\":\"ReadAction\",\"target\":[\"https:\\\/\\\/elcanillita.info\\\/press\\\/2023\\\/04\\\/01\\\/un-club-raro\\\/\"]}]},{\"@type\":\"ImageObject\",\"inLanguage\":\"es-AR\",\"@id\":\"https:\\\/\\\/elcanillita.info\\\/press\\\/2023\\\/04\\\/01\\\/un-club-raro\\\/#primaryimage\",\"url\":\"https:\\\/\\\/elcanillita.info\\\/press\\\/images\\\/2023\\\/04\\\/2grou_20230401-1.jpg\",\"contentUrl\":\"https:\\\/\\\/elcanillita.info\\\/press\\\/images\\\/2023\\\/04\\\/2grou_20230401-1.jpg\",\"width\":600,\"height\":453},{\"@type\":\"WebSite\",\"@id\":\"https:\\\/\\\/elcanillita.info\\\/press\\\/#website\",\"url\":\"https:\\\/\\\/elcanillita.info\\\/press\\\/\",\"name\":\"ElCanillita.Info\",\"description\":\"desde los Apeninos a los Andes\",\"publisher\":{\"@id\":\"https:\\\/\\\/elcanillita.info\\\/press\\\/#organization\"},\"potentialAction\":[{\"@type\":\"SearchAction\",\"target\":{\"@type\":\"EntryPoint\",\"urlTemplate\":\"https:\\\/\\\/elcanillita.info\\\/press\\\/?s={search_term_string}\"},\"query-input\":{\"@type\":\"PropertyValueSpecification\",\"valueRequired\":true,\"valueName\":\"search_term_string\"}}],\"inLanguage\":\"es-AR\"},{\"@type\":\"Organization\",\"@id\":\"https:\\\/\\\/elcanillita.info\\\/press\\\/#organization\",\"name\":\"Guzzo Photos & Graphic Publications\",\"url\":\"https:\\\/\\\/elcanillita.info\\\/press\\\/\",\"logo\":{\"@type\":\"ImageObject\",\"inLanguage\":\"es-AR\",\"@id\":\"https:\\\/\\\/elcanillita.info\\\/press\\\/#\\\/schema\\\/logo\\\/image\\\/\",\"url\":\"https:\\\/\\\/elcanillita.info\\\/press\\\/images\\\/2020\\\/01\\\/cropped-cropped-cropped-elcanillitainfo.png\",\"contentUrl\":\"https:\\\/\\\/elcanillita.info\\\/press\\\/images\\\/2020\\\/01\\\/cropped-cropped-cropped-elcanillitainfo.png\",\"width\":460,\"height\":50,\"caption\":\"Guzzo Photos & Graphic Publications\"},\"image\":{\"@id\":\"https:\\\/\\\/elcanillita.info\\\/press\\\/#\\\/schema\\\/logo\\\/image\\\/\"},\"sameAs\":[\"https:\\\/\\\/ar-ar.facebook.com\\\/ElCanillitainfo-114249515285712\\\/\"]},{\"@type\":\"Person\",\"@id\":\"https:\\\/\\\/elcanillita.info\\\/press\\\/#\\\/schema\\\/person\\\/7fcb79f38045700919f7da6d97e71ba0\",\"name\":\"SalaStampa.eu, world press service\",\"image\":{\"@type\":\"ImageObject\",\"inLanguage\":\"es-AR\",\"@id\":\"https:\\\/\\\/secure.gravatar.com\\\/avatar\\\/c2f0e0d515a107624234994507816ca4724c7199cef73fc8bedebf6931d73888?s=96&d=mm&r=g\",\"url\":\"https:\\\/\\\/secure.gravatar.com\\\/avatar\\\/c2f0e0d515a107624234994507816ca4724c7199cef73fc8bedebf6931d73888?s=96&d=mm&r=g\",\"contentUrl\":\"https:\\\/\\\/secure.gravatar.com\\\/avatar\\\/c2f0e0d515a107624234994507816ca4724c7199cef73fc8bedebf6931d73888?s=96&d=mm&r=g\",\"caption\":\"SalaStampa.eu, world press service\"}}]}<\/script>\n<!-- \/ Yoast SEO plugin. -->","yoast_head_json":{"title":"Un Club Raro - ElCanillita.Info","description":"Argentina Hoy: Las cifras de pobreza (39,2%) e indigencia (8,1%), con marcado incremento en los chicos (54%), divulgadas el jueves, y pese a que corresponden a fin de 2022, sumadas a las que se refieren a la confianza en el Gobierno (UTDT), no s\u00f3lo dan cuenta del fracaso de la presente administraci\u00f3n sino que no reflejan la verdad de lo que sucede hoy.","robots":{"index":"index","follow":"follow","max-snippet":"max-snippet:-1","max-image-preview":"max-image-preview:large","max-video-preview":"max-video-preview:-1"},"canonical":"https:\/\/elcanillita.info\/press\/2023\/04\/01\/un-club-raro\/","og_locale":"es_ES","og_type":"article","og_title":"Un Club Raro - ElCanillita.Info","og_description":"Argentina Hoy: Las cifras de pobreza (39,2%) e indigencia (8,1%), con marcado incremento en los chicos (54%), divulgadas el jueves, y pese a que corresponden a fin de 2022, sumadas a las que se refieren a la confianza en el Gobierno (UTDT), no s\u00f3lo dan cuenta del fracaso de la presente administraci\u00f3n sino que no reflejan la verdad de lo que sucede hoy.","og_url":"https:\/\/elcanillita.info\/press\/2023\/04\/01\/un-club-raro\/","og_site_name":"ElCanillita.Info","article_publisher":"https:\/\/ar-ar.facebook.com\/ElCanillitainfo-114249515285712\/","article_published_time":"2023-04-01T07:45:05+00:00","article_modified_time":"2023-04-03T12:45:54+00:00","og_image":[{"width":600,"height":453,"url":"https:\/\/elcanillita.info\/press\/images\/2023\/04\/2grou_20230401-1.jpg","type":"image\/jpeg"}],"author":"SalaStampa.eu, world press service","twitter_card":"summary_large_image","twitter_misc":{"Escrito por":"SalaStampa.eu, world press service","Tiempo de lectura":"5 minutos"},"schema":{"@context":"https:\/\/schema.org","@graph":[{"@type":"Article","@id":"https:\/\/elcanillita.info\/press\/2023\/04\/01\/un-club-raro\/#article","isPartOf":{"@id":"https:\/\/elcanillita.info\/press\/2023\/04\/01\/un-club-raro\/"},"author":{"name":"SalaStampa.eu, world press service","@id":"https:\/\/elcanillita.info\/press\/#\/schema\/person\/7fcb79f38045700919f7da6d97e71ba0"},"headline":"Un Club Raro","datePublished":"2023-04-01T07:45:05+00:00","dateModified":"2023-04-03T12:45:54+00:00","mainEntityOfPage":{"@id":"https:\/\/elcanillita.info\/press\/2023\/04\/01\/un-club-raro\/"},"wordCount":1037,"publisher":{"@id":"https:\/\/elcanillita.info\/press\/#organization"},"image":{"@id":"https:\/\/elcanillita.info\/press\/2023\/04\/01\/un-club-raro\/#primaryimage"},"thumbnailUrl":"https:\/\/elcanillita.info\/press\/images\/2023\/04\/2grou_20230401-1.jpg","keywords":["Argentina"],"articleSection":[".","Actualidad","Am\u00e9rica del Sur","Politica"],"inLanguage":"es-AR"},{"@type":"WebPage","@id":"https:\/\/elcanillita.info\/press\/2023\/04\/01\/un-club-raro\/","url":"https:\/\/elcanillita.info\/press\/2023\/04\/01\/un-club-raro\/","name":"Un Club Raro - ElCanillita.Info","isPartOf":{"@id":"https:\/\/elcanillita.info\/press\/#website"},"primaryImageOfPage":{"@id":"https:\/\/elcanillita.info\/press\/2023\/04\/01\/un-club-raro\/#primaryimage"},"image":{"@id":"https:\/\/elcanillita.info\/press\/2023\/04\/01\/un-club-raro\/#primaryimage"},"thumbnailUrl":"https:\/\/elcanillita.info\/press\/images\/2023\/04\/2grou_20230401-1.jpg","datePublished":"2023-04-01T07:45:05+00:00","dateModified":"2023-04-03T12:45:54+00:00","description":"Argentina Hoy: Las cifras de pobreza (39,2%) e indigencia (8,1%), con marcado incremento en los chicos (54%), divulgadas el jueves, y pese a que corresponden a fin de 2022, sumadas a las que se refieren a la confianza en el Gobierno (UTDT), no s\u00f3lo dan cuenta del fracaso de la presente administraci\u00f3n sino que no reflejan la verdad de lo que sucede hoy.","inLanguage":"es-AR","potentialAction":[{"@type":"ReadAction","target":["https:\/\/elcanillita.info\/press\/2023\/04\/01\/un-club-raro\/"]}]},{"@type":"ImageObject","inLanguage":"es-AR","@id":"https:\/\/elcanillita.info\/press\/2023\/04\/01\/un-club-raro\/#primaryimage","url":"https:\/\/elcanillita.info\/press\/images\/2023\/04\/2grou_20230401-1.jpg","contentUrl":"https:\/\/elcanillita.info\/press\/images\/2023\/04\/2grou_20230401-1.jpg","width":600,"height":453},{"@type":"WebSite","@id":"https:\/\/elcanillita.info\/press\/#website","url":"https:\/\/elcanillita.info\/press\/","name":"ElCanillita.Info","description":"desde los Apeninos a los Andes","publisher":{"@id":"https:\/\/elcanillita.info\/press\/#organization"},"potentialAction":[{"@type":"SearchAction","target":{"@type":"EntryPoint","urlTemplate":"https:\/\/elcanillita.info\/press\/?s={search_term_string}"},"query-input":{"@type":"PropertyValueSpecification","valueRequired":true,"valueName":"search_term_string"}}],"inLanguage":"es-AR"},{"@type":"Organization","@id":"https:\/\/elcanillita.info\/press\/#organization","name":"Guzzo Photos & Graphic Publications","url":"https:\/\/elcanillita.info\/press\/","logo":{"@type":"ImageObject","inLanguage":"es-AR","@id":"https:\/\/elcanillita.info\/press\/#\/schema\/logo\/image\/","url":"https:\/\/elcanillita.info\/press\/images\/2020\/01\/cropped-cropped-cropped-elcanillitainfo.png","contentUrl":"https:\/\/elcanillita.info\/press\/images\/2020\/01\/cropped-cropped-cropped-elcanillitainfo.png","width":460,"height":50,"caption":"Guzzo Photos & Graphic Publications"},"image":{"@id":"https:\/\/elcanillita.info\/press\/#\/schema\/logo\/image\/"},"sameAs":["https:\/\/ar-ar.facebook.com\/ElCanillitainfo-114249515285712\/"]},{"@type":"Person","@id":"https:\/\/elcanillita.info\/press\/#\/schema\/person\/7fcb79f38045700919f7da6d97e71ba0","name":"SalaStampa.eu, world press service","image":{"@type":"ImageObject","inLanguage":"es-AR","@id":"https:\/\/secure.gravatar.com\/avatar\/c2f0e0d515a107624234994507816ca4724c7199cef73fc8bedebf6931d73888?s=96&d=mm&r=g","url":"https:\/\/secure.gravatar.com\/avatar\/c2f0e0d515a107624234994507816ca4724c7199cef73fc8bedebf6931d73888?s=96&d=mm&r=g","contentUrl":"https:\/\/secure.gravatar.com\/avatar\/c2f0e0d515a107624234994507816ca4724c7199cef73fc8bedebf6931d73888?s=96&d=mm&r=g","caption":"SalaStampa.eu, world press service"}}]}},"views":337,"_links":{"self":[{"href":"https:\/\/elcanillita.info\/press\/wp-json\/wp\/v2\/posts\/3378","targetHints":{"allow":["GET"]}}],"collection":[{"href":"https:\/\/elcanillita.info\/press\/wp-json\/wp\/v2\/posts"}],"about":[{"href":"https:\/\/elcanillita.info\/press\/wp-json\/wp\/v2\/types\/post"}],"author":[{"embeddable":true,"href":"https:\/\/elcanillita.info\/press\/wp-json\/wp\/v2\/users\/1"}],"replies":[{"embeddable":true,"href":"https:\/\/elcanillita.info\/press\/wp-json\/wp\/v2\/comments?post=3378"}],"version-history":[{"count":0,"href":"https:\/\/elcanillita.info\/press\/wp-json\/wp\/v2\/posts\/3378\/revisions"}],"wp:featuredmedia":[{"embeddable":true,"href":"https:\/\/elcanillita.info\/press\/wp-json\/wp\/v2\/media\/3380"}],"wp:attachment":[{"href":"https:\/\/elcanillita.info\/press\/wp-json\/wp\/v2\/media?parent=3378"}],"wp:term":[{"taxonomy":"category","embeddable":true,"href":"https:\/\/elcanillita.info\/press\/wp-json\/wp\/v2\/categories?post=3378"},{"taxonomy":"post_tag","embeddable":true,"href":"https:\/\/elcanillita.info\/press\/wp-json\/wp\/v2\/tags?post=3378"}],"curies":[{"name":"wp","href":"https:\/\/api.w.org\/{rel}","templated":true}]}}