{"id":337,"date":"2020-02-06T04:39:05","date_gmt":"2020-02-06T07:39:05","guid":{"rendered":"https:\/\/elcanillita.info\/press\/?p=337"},"modified":"2020-02-06T07:09:03","modified_gmt":"2020-02-06T10:09:03","slug":"138-deportados-usa-salvador-fueron-asesinados","status":"publish","type":"post","link":"https:\/\/elcanillita.info\/press\/2020\/02\/06\/138-deportados-usa-salvador-fueron-asesinados\/","title":{"rendered":"138 deportados de EE.UU. a El Salvador fueron asesinados"},"content":{"rendered":"\n<p>San Salvador, 05.02.2020 &#8211; Al menos 138 personas deportadas a El Salvador desde Estados Unidos en los \u00faltimos a\u00f1os fueron asesinadas a su regreso, dijo Human Rights Watch en un nuevo reporte publicado el mi\u00e9rcoles, mientras el gobierno del presidente&nbsp;Donald Trump dificulta que los centroamericanos busquen refugio en el pa\u00eds.<\/p>\n\n\n\n<p>La mayor\u00eda de los decesos documentados por Human Rights Watch en el informe ocurrieron menos de un a\u00f1o despu\u00e9s de que los deportados volviesen a El Salvador, y algunos incluso en cuesti\u00f3n de d\u00edas. La ONG de derechos humanos confirm\u00f3 tambi\u00e9n al menos 70 casos de agresi\u00f3n sexual u otro tipo de violencia.<\/p>\n\n\n\n<p>La violencia subraya el riesgo que enfrenta la gente forzada a regresar por una ley estadounidense que obliga a deportar a las personas sin ciudadan\u00eda condenadas por una serie de delitos, y las pol\u00edticas del gobierno de Trump que desaniman a los solicitantes de asilo, se\u00f1al\u00f3 Alison Leal Parker, directora gerente del grupo en Estados Unidos.<\/p>\n\n\n\n<p>\u201cNuestra preocupaci\u00f3n es que muchas de estas personas se enfrentan a una sentencia de muerte\u201d, se\u00f1al\u00f3 Leal Parker.<\/p>\n\n\n\n<p>El Salvador: Acusan a exfuncionarios de pactar con pandillas<\/p>\n\n\n\n<p>Entre 2014 y 2018, Estados Unidos deport\u00f3 a alrededor de 111.000 salvadore\u00f1os a su pa\u00eds, que durante mucho tiempo estuvo dominado por la violencia de las maras.<\/p>\n\n\n\n<p>Naciones Unidas report\u00f3 el a\u00f1o pasado que los asesinatos en El Salvador, en su mayor\u00eda ligados al conflicto de las pandillas, descendieron desde su apogeo de m\u00e1s de 6.000 en 2015. Pero el pa\u00eds sigue teniendo una de las tasas de homicidios m\u00e1s altas del mundo.<\/p>\n\n\n\n<p>En respuesta a una solicitud de comentario de la VOA, un portavoz de Seguridad Nacional indic\u00f3 que&nbsp;EE.UU. y Centroam\u00e9rica comenzaron a trabajar para abordar muchos de los factores que provocan la migraci\u00f3n ilegal,&nbsp; &#8220;incluyendo la construcci\u00f3n de actividad econ\u00f3mica y la mejora de la seguridad&#8221;.&nbsp;<\/p>\n\n\n\n<p>&#8220;Juntos, establecimos una asociaci\u00f3n s\u00f3lida que est\u00e1 profundamente arraigada en la visi\u00f3n de una regi\u00f3n m\u00e1s segura y pr\u00f3spera&#8221;, indic\u00f3 el portavoz.<\/p>\n\n\n\n<p>&#8220;Nuestro mensaje a los posibles migrantes que est\u00e1n considerando el peligroso viaje es claro: no conf\u00eden en los traficantes&#8221;, agreg\u00f3, indicando que si el migrante&nbsp;no tiene un caso legal para estar en los EE.UU., se le dar\u00e1 la oportunidad de tener&nbsp;asilo en otro pa\u00eds o le regres\u00e1 a su lugar de origen.<\/p>\n\n\n\n<p>Mientras, el n\u00famero de salvadore\u00f1os que solicitaron asilo en Estados Unidos creci\u00f3 cerca de un 1.000% entre 2012 y 2017, y muchos de ellos alegaron amenazas de bandas como motivo, solo alrededor del 18% recibi\u00f3 protecci\u00f3n.<\/p>\n\n\n\n<p>Human Rights Watch confirm\u00f3 las 138 muertes durante ese periodo a trav\u00e9s de los registros oficiales, entrevistas con familias y reportes en prensa, pero cree que la cifra real es mucho m\u00e1s alta, en parte porque algunas no se notifican por el estigma de la deportaci\u00f3n. El n\u00famero de agresiones es probablemente bajo tambi\u00e9n por la falta de denuncias.<\/p>\n\n\n\n<p>C\u00e9sar R\u00edos, director ejecutivo de la ONG Instituto Salvadore\u00f1o del Migrante, dijo que en el pa\u00eds no se controlan los decesos de deportados, pero apunt\u00f3 que el dato parece cre\u00edble y refleja la realidad de muchos de los que regresan a comunidades controladas por las pandillas.<\/p>\n\n\n\n<p>Trump ha hecho del control migratorio uno de los pilares de su gobierno. Esto incluye la pol\u00edtica de obligar a los solicitantes de asilo centroamericanos a esperar en M\u00e9xico la resoluci\u00f3n de sus peticiones, y la deportaci\u00f3n a sus pa\u00edses de origen si es rechazada.<\/p>\n\n\n\n<p>Antes, muchos de los que reclaman protecci\u00f3n habr\u00edan podido quedar en libertad condicional en Estados Unidos ante una decisi\u00f3n que pod\u00eda demorarse un a\u00f1o o m\u00e1s. El Departamento de Seguridad Nacional asegura que est\u00e1 intentando hacer que el proceso sea m\u00e1s eficiente y acabar con las solicitudes fraudulentas.<\/p>\n\n\n\n<p>Pero Leal Parker y otros cr\u00edticos apuntan que este reporte, y los esfuerzos previos para documentar la violencia contra los salvadore\u00f1os que esperan la resoluci\u00f3n de sus casos en la frontera mexicana, muestran los riesgos de la pol\u00edtica migratoria estadounidense.<\/p>\n\n\n\n<p>\u201cEstamos profundamente preocupados por los esfuerzos del gobierno de Trump para aniquilar literalmente el derecho a buscar asilo en Estados Unidos\u201d, agreg\u00f3.<\/p>\n\n\n\n<p>Human Rights Watch inst\u00f3 a la Casa Blanca a retirar la pol\u00edtica que hace que los solicitantes de asilo tengan que esperar en M\u00e9xico, adem\u00e1s de los acuerdos que permiten que guatemaltecos, salvadore\u00f1os y hondure\u00f1os sean reubicados en otros pa\u00edses de Centroam\u00e9rica mientras se resuelven sus casos. Tambi\u00e9n pidi\u00f3 al secretario de Justicia que revoque las restricciones que complicaron la petici\u00f3n de asilo en el pa\u00eds a causa de las amenazas de las maras o la violencia de g\u00e9nero. <\/p>\n\n\n\n<p><small>Con informaci\u00f3n de AP<\/small><br><small>2020 voanoticias \u2013 salastampa.eu, afiliada a la red Broadcasting Board of Governors \u00a9 2020 BBG<\/small><\/p>\n","protected":false},"excerpt":{"rendered":"<p>San Salvador, 05.02.2020 &#8211; Al menos 138 personas deportadas a El Salvador desde Estados Unidos en los \u00faltimos a\u00f1os fueron asesinadas a su regreso, dijo Human Rights Watch en un nuevo reporte publicado el mi\u00e9rcoles, mientras el gobierno del presidente Donald Trump dificulta que los centroamericanos busquen refugio en el pa\u00eds.<\/p>\n","protected":false},"author":1,"featured_media":0,"comment_status":"closed","ping_status":"closed","sticky":false,"template":"","format":"standard","meta":{"footnotes":"","_links_to":"","_links_to_target":""},"categories":[70,10,22,25],"tags":[77],"class_list":["post-337","post","type-post","status-publish","format-standard","hentry","category-actualidad","category-america-central","category-justicia","category-sociedad","tag-el-salvador","entry","double"],"yoast_head":"<!-- This site is optimized with the Yoast SEO plugin v27.4 - https:\/\/yoast.com\/product\/yoast-seo-wordpress\/ -->\n<title>138 deportados de EE.UU. a El Salvador fueron asesinados - ElCanillita.Info<\/title>\n<meta name=\"robots\" content=\"index, follow, max-snippet:-1, max-image-preview:large, max-video-preview:-1\" \/>\n<link rel=\"canonical\" href=\"https:\/\/elcanillita.info\/press\/2020\/02\/06\/138-deportados-usa-salvador-fueron-asesinados\/\" \/>\n<meta property=\"og:locale\" content=\"es_ES\" \/>\n<meta property=\"og:type\" content=\"article\" \/>\n<meta property=\"og:title\" content=\"138 deportados de EE.UU. a El Salvador fueron asesinados - ElCanillita.Info\" \/>\n<meta property=\"og:description\" content=\"San Salvador, 05.02.2020 - Al menos 138 personas deportadas a El Salvador desde Estados Unidos en los \u00faltimos a\u00f1os fueron asesinadas a su regreso, dijo Human Rights Watch en un nuevo reporte publicado el mi\u00e9rcoles, mientras el gobierno del presidente Donald Trump dificulta que los centroamericanos busquen refugio en el pa\u00eds.\" \/>\n<meta property=\"og:url\" content=\"https:\/\/elcanillita.info\/press\/2020\/02\/06\/138-deportados-usa-salvador-fueron-asesinados\/\" \/>\n<meta property=\"og:site_name\" content=\"ElCanillita.Info\" \/>\n<meta property=\"article:publisher\" content=\"https:\/\/ar-ar.facebook.com\/ElCanillitainfo-114249515285712\/\" \/>\n<meta property=\"article:published_time\" content=\"2020-02-06T07:39:05+00:00\" \/>\n<meta property=\"article:modified_time\" content=\"2020-02-06T10:09:03+00:00\" \/>\n<meta name=\"author\" content=\"SalaStampa.eu, world press service\" \/>\n<meta name=\"twitter:card\" content=\"summary_large_image\" \/>\n<meta name=\"twitter:label1\" content=\"Escrito por\" \/>\n\t<meta name=\"twitter:data1\" content=\"SalaStampa.eu, world press service\" \/>\n\t<meta name=\"twitter:label2\" content=\"Tiempo de lectura\" \/>\n\t<meta name=\"twitter:data2\" content=\"4 minutos\" \/>\n<script type=\"application\/ld+json\" class=\"yoast-schema-graph\">{\"@context\":\"https:\\\/\\\/schema.org\",\"@graph\":[{\"@type\":\"Article\",\"@id\":\"https:\\\/\\\/elcanillita.info\\\/press\\\/2020\\\/02\\\/06\\\/138-deportados-usa-salvador-fueron-asesinados\\\/#article\",\"isPartOf\":{\"@id\":\"https:\\\/\\\/elcanillita.info\\\/press\\\/2020\\\/02\\\/06\\\/138-deportados-usa-salvador-fueron-asesinados\\\/\"},\"author\":{\"name\":\"SalaStampa.eu, world press service\",\"@id\":\"https:\\\/\\\/elcanillita.info\\\/press\\\/#\\\/schema\\\/person\\\/7fcb79f38045700919f7da6d97e71ba0\"},\"headline\":\"138 deportados de EE.UU. a El Salvador fueron asesinados\",\"datePublished\":\"2020-02-06T07:39:05+00:00\",\"dateModified\":\"2020-02-06T10:09:03+00:00\",\"mainEntityOfPage\":{\"@id\":\"https:\\\/\\\/elcanillita.info\\\/press\\\/2020\\\/02\\\/06\\\/138-deportados-usa-salvador-fueron-asesinados\\\/\"},\"wordCount\":853,\"publisher\":{\"@id\":\"https:\\\/\\\/elcanillita.info\\\/press\\\/#organization\"},\"keywords\":[\"El Salvador\"],\"articleSection\":[\"Actualidad\",\"Am\u00e9rica Central\",\"Justicia\",\"Sociedad\"],\"inLanguage\":\"es-AR\"},{\"@type\":\"WebPage\",\"@id\":\"https:\\\/\\\/elcanillita.info\\\/press\\\/2020\\\/02\\\/06\\\/138-deportados-usa-salvador-fueron-asesinados\\\/\",\"url\":\"https:\\\/\\\/elcanillita.info\\\/press\\\/2020\\\/02\\\/06\\\/138-deportados-usa-salvador-fueron-asesinados\\\/\",\"name\":\"138 deportados de EE.UU. a El Salvador fueron asesinados - ElCanillita.Info\",\"isPartOf\":{\"@id\":\"https:\\\/\\\/elcanillita.info\\\/press\\\/#website\"},\"datePublished\":\"2020-02-06T07:39:05+00:00\",\"dateModified\":\"2020-02-06T10:09:03+00:00\",\"inLanguage\":\"es-AR\",\"potentialAction\":[{\"@type\":\"ReadAction\",\"target\":[\"https:\\\/\\\/elcanillita.info\\\/press\\\/2020\\\/02\\\/06\\\/138-deportados-usa-salvador-fueron-asesinados\\\/\"]}]},{\"@type\":\"WebSite\",\"@id\":\"https:\\\/\\\/elcanillita.info\\\/press\\\/#website\",\"url\":\"https:\\\/\\\/elcanillita.info\\\/press\\\/\",\"name\":\"ElCanillita.Info\",\"description\":\"desde los Apeninos a los Andes\",\"publisher\":{\"@id\":\"https:\\\/\\\/elcanillita.info\\\/press\\\/#organization\"},\"potentialAction\":[{\"@type\":\"SearchAction\",\"target\":{\"@type\":\"EntryPoint\",\"urlTemplate\":\"https:\\\/\\\/elcanillita.info\\\/press\\\/?s={search_term_string}\"},\"query-input\":{\"@type\":\"PropertyValueSpecification\",\"valueRequired\":true,\"valueName\":\"search_term_string\"}}],\"inLanguage\":\"es-AR\"},{\"@type\":\"Organization\",\"@id\":\"https:\\\/\\\/elcanillita.info\\\/press\\\/#organization\",\"name\":\"Guzzo Photos & Graphic Publications\",\"url\":\"https:\\\/\\\/elcanillita.info\\\/press\\\/\",\"logo\":{\"@type\":\"ImageObject\",\"inLanguage\":\"es-AR\",\"@id\":\"https:\\\/\\\/elcanillita.info\\\/press\\\/#\\\/schema\\\/logo\\\/image\\\/\",\"url\":\"https:\\\/\\\/elcanillita.info\\\/press\\\/images\\\/2020\\\/01\\\/cropped-cropped-cropped-elcanillitainfo.png\",\"contentUrl\":\"https:\\\/\\\/elcanillita.info\\\/press\\\/images\\\/2020\\\/01\\\/cropped-cropped-cropped-elcanillitainfo.png\",\"width\":460,\"height\":50,\"caption\":\"Guzzo Photos & Graphic Publications\"},\"image\":{\"@id\":\"https:\\\/\\\/elcanillita.info\\\/press\\\/#\\\/schema\\\/logo\\\/image\\\/\"},\"sameAs\":[\"https:\\\/\\\/ar-ar.facebook.com\\\/ElCanillitainfo-114249515285712\\\/\"]},{\"@type\":\"Person\",\"@id\":\"https:\\\/\\\/elcanillita.info\\\/press\\\/#\\\/schema\\\/person\\\/7fcb79f38045700919f7da6d97e71ba0\",\"name\":\"SalaStampa.eu, world press service\",\"image\":{\"@type\":\"ImageObject\",\"inLanguage\":\"es-AR\",\"@id\":\"https:\\\/\\\/secure.gravatar.com\\\/avatar\\\/c2f0e0d515a107624234994507816ca4724c7199cef73fc8bedebf6931d73888?s=96&d=mm&r=g\",\"url\":\"https:\\\/\\\/secure.gravatar.com\\\/avatar\\\/c2f0e0d515a107624234994507816ca4724c7199cef73fc8bedebf6931d73888?s=96&d=mm&r=g\",\"contentUrl\":\"https:\\\/\\\/secure.gravatar.com\\\/avatar\\\/c2f0e0d515a107624234994507816ca4724c7199cef73fc8bedebf6931d73888?s=96&d=mm&r=g\",\"caption\":\"SalaStampa.eu, world press service\"}}]}<\/script>\n<!-- \/ Yoast SEO plugin. -->","yoast_head_json":{"title":"138 deportados de EE.UU. a El Salvador fueron asesinados - ElCanillita.Info","robots":{"index":"index","follow":"follow","max-snippet":"max-snippet:-1","max-image-preview":"max-image-preview:large","max-video-preview":"max-video-preview:-1"},"canonical":"https:\/\/elcanillita.info\/press\/2020\/02\/06\/138-deportados-usa-salvador-fueron-asesinados\/","og_locale":"es_ES","og_type":"article","og_title":"138 deportados de EE.UU. a El Salvador fueron asesinados - ElCanillita.Info","og_description":"San Salvador, 05.02.2020 - Al menos 138 personas deportadas a El Salvador desde Estados Unidos en los \u00faltimos a\u00f1os fueron asesinadas a su regreso, dijo Human Rights Watch en un nuevo reporte publicado el mi\u00e9rcoles, mientras el gobierno del presidente Donald Trump dificulta que los centroamericanos busquen refugio en el pa\u00eds.","og_url":"https:\/\/elcanillita.info\/press\/2020\/02\/06\/138-deportados-usa-salvador-fueron-asesinados\/","og_site_name":"ElCanillita.Info","article_publisher":"https:\/\/ar-ar.facebook.com\/ElCanillitainfo-114249515285712\/","article_published_time":"2020-02-06T07:39:05+00:00","article_modified_time":"2020-02-06T10:09:03+00:00","author":"SalaStampa.eu, world press service","twitter_card":"summary_large_image","twitter_misc":{"Escrito por":"SalaStampa.eu, world press service","Tiempo de lectura":"4 minutos"},"schema":{"@context":"https:\/\/schema.org","@graph":[{"@type":"Article","@id":"https:\/\/elcanillita.info\/press\/2020\/02\/06\/138-deportados-usa-salvador-fueron-asesinados\/#article","isPartOf":{"@id":"https:\/\/elcanillita.info\/press\/2020\/02\/06\/138-deportados-usa-salvador-fueron-asesinados\/"},"author":{"name":"SalaStampa.eu, world press service","@id":"https:\/\/elcanillita.info\/press\/#\/schema\/person\/7fcb79f38045700919f7da6d97e71ba0"},"headline":"138 deportados de EE.UU. a El Salvador fueron asesinados","datePublished":"2020-02-06T07:39:05+00:00","dateModified":"2020-02-06T10:09:03+00:00","mainEntityOfPage":{"@id":"https:\/\/elcanillita.info\/press\/2020\/02\/06\/138-deportados-usa-salvador-fueron-asesinados\/"},"wordCount":853,"publisher":{"@id":"https:\/\/elcanillita.info\/press\/#organization"},"keywords":["El Salvador"],"articleSection":["Actualidad","Am\u00e9rica Central","Justicia","Sociedad"],"inLanguage":"es-AR"},{"@type":"WebPage","@id":"https:\/\/elcanillita.info\/press\/2020\/02\/06\/138-deportados-usa-salvador-fueron-asesinados\/","url":"https:\/\/elcanillita.info\/press\/2020\/02\/06\/138-deportados-usa-salvador-fueron-asesinados\/","name":"138 deportados de EE.UU. a El Salvador fueron asesinados - ElCanillita.Info","isPartOf":{"@id":"https:\/\/elcanillita.info\/press\/#website"},"datePublished":"2020-02-06T07:39:05+00:00","dateModified":"2020-02-06T10:09:03+00:00","inLanguage":"es-AR","potentialAction":[{"@type":"ReadAction","target":["https:\/\/elcanillita.info\/press\/2020\/02\/06\/138-deportados-usa-salvador-fueron-asesinados\/"]}]},{"@type":"WebSite","@id":"https:\/\/elcanillita.info\/press\/#website","url":"https:\/\/elcanillita.info\/press\/","name":"ElCanillita.Info","description":"desde los Apeninos a los Andes","publisher":{"@id":"https:\/\/elcanillita.info\/press\/#organization"},"potentialAction":[{"@type":"SearchAction","target":{"@type":"EntryPoint","urlTemplate":"https:\/\/elcanillita.info\/press\/?s={search_term_string}"},"query-input":{"@type":"PropertyValueSpecification","valueRequired":true,"valueName":"search_term_string"}}],"inLanguage":"es-AR"},{"@type":"Organization","@id":"https:\/\/elcanillita.info\/press\/#organization","name":"Guzzo Photos & Graphic Publications","url":"https:\/\/elcanillita.info\/press\/","logo":{"@type":"ImageObject","inLanguage":"es-AR","@id":"https:\/\/elcanillita.info\/press\/#\/schema\/logo\/image\/","url":"https:\/\/elcanillita.info\/press\/images\/2020\/01\/cropped-cropped-cropped-elcanillitainfo.png","contentUrl":"https:\/\/elcanillita.info\/press\/images\/2020\/01\/cropped-cropped-cropped-elcanillitainfo.png","width":460,"height":50,"caption":"Guzzo Photos & Graphic Publications"},"image":{"@id":"https:\/\/elcanillita.info\/press\/#\/schema\/logo\/image\/"},"sameAs":["https:\/\/ar-ar.facebook.com\/ElCanillitainfo-114249515285712\/"]},{"@type":"Person","@id":"https:\/\/elcanillita.info\/press\/#\/schema\/person\/7fcb79f38045700919f7da6d97e71ba0","name":"SalaStampa.eu, world press service","image":{"@type":"ImageObject","inLanguage":"es-AR","@id":"https:\/\/secure.gravatar.com\/avatar\/c2f0e0d515a107624234994507816ca4724c7199cef73fc8bedebf6931d73888?s=96&d=mm&r=g","url":"https:\/\/secure.gravatar.com\/avatar\/c2f0e0d515a107624234994507816ca4724c7199cef73fc8bedebf6931d73888?s=96&d=mm&r=g","contentUrl":"https:\/\/secure.gravatar.com\/avatar\/c2f0e0d515a107624234994507816ca4724c7199cef73fc8bedebf6931d73888?s=96&d=mm&r=g","caption":"SalaStampa.eu, world press service"}}]}},"views":769,"_links":{"self":[{"href":"https:\/\/elcanillita.info\/press\/wp-json\/wp\/v2\/posts\/337","targetHints":{"allow":["GET"]}}],"collection":[{"href":"https:\/\/elcanillita.info\/press\/wp-json\/wp\/v2\/posts"}],"about":[{"href":"https:\/\/elcanillita.info\/press\/wp-json\/wp\/v2\/types\/post"}],"author":[{"embeddable":true,"href":"https:\/\/elcanillita.info\/press\/wp-json\/wp\/v2\/users\/1"}],"replies":[{"embeddable":true,"href":"https:\/\/elcanillita.info\/press\/wp-json\/wp\/v2\/comments?post=337"}],"version-history":[{"count":0,"href":"https:\/\/elcanillita.info\/press\/wp-json\/wp\/v2\/posts\/337\/revisions"}],"wp:attachment":[{"href":"https:\/\/elcanillita.info\/press\/wp-json\/wp\/v2\/media?parent=337"}],"wp:term":[{"taxonomy":"category","embeddable":true,"href":"https:\/\/elcanillita.info\/press\/wp-json\/wp\/v2\/categories?post=337"},{"taxonomy":"post_tag","embeddable":true,"href":"https:\/\/elcanillita.info\/press\/wp-json\/wp\/v2\/tags?post=337"}],"curies":[{"name":"wp","href":"https:\/\/api.w.org\/{rel}","templated":true}]}}