{"id":3354,"date":"2023-03-23T15:58:52","date_gmt":"2023-03-23T18:58:52","guid":{"rendered":"https:\/\/elcanillita.info\/press\/?p=3354"},"modified":"2023-03-23T16:12:44","modified_gmt":"2023-03-23T19:12:44","slug":"la-republica-peronista","status":"publish","type":"post","link":"https:\/\/elcanillita.info\/press\/2023\/03\/23\/la-republica-peronista\/","title":{"rendered":"La Rep\u00fablica Peronista"},"content":{"rendered":"\n<figure class=\"wp-block-image size-large\"><img decoding=\"async\" src=\"https:\/\/elcanillita.info\/press\/images\/2023\/03\/peron_20230323__017082.jpg\" alt=\"Juan Domingo Per\u00f3n saluda a una mujer, Congreso de la Federaci\u00f3n de Obreros y Empleados Telef\u00f3nicos y de la Federaci\u00f3n Argentina de Trabajadores de la Industria Fideera y Afines en la CGT, 16\/03\/1955\"\/><figcaption class=\"wp-element-caption\">Juan Domingo Per\u00f3n saluda junto a un fraile y un prelado, San Lorenzo, 03\/02\/1950<\/figcaption><\/figure>\n\n\n\n<p>De cuanto resulta, la persona de Per\u00f3n era una confluencia de inquietudes, aspiraciones, esperanzas vagas y diversas, a veces incluso contradictorias, pero de las que \u00e9l se convert\u00eda h\u00e1bilmente en int\u00e9rprete y abanderado.<\/p>\n\n\n\n<p>Nada es m\u00e1s dif\u00edcil para los pol\u00edticos que hablar claro, y Per\u00f3n aprovech\u00f3 astutamente la confusi\u00f3n de ideas, d\u00e1ndoles apariencia de claridad, y a veces incluso de evidencia.<\/p>\n\n\n\n<p>En primer lugar, el pueblo crey\u00f3 encontrar en el coronel a su heraldo y palad\u00edn del nacionalismo. Sentimiento muy extendido entre los argentinos, inquieto, celoso, turbio, que despu\u00e9s de haber sido dirigido en el per\u00edodo de las luchas independentistas contra Espa\u00f1a, lo apunt\u00f3 como blanco principal a los Estados Unidos.<\/p>\n\n\n\n<p>La educaci\u00f3n escolar, con la exaltaci\u00f3n hagiogr\u00e1fica de los pr\u00f3ceres de la patria, las ceremonias diarias de izado de banderas en las escuelas, el culto a las im\u00e1genes patri\u00f3ticas y los himnos, contribuyeron a reforzar este sentimiento. Al ensalzar la argentinidad, prometiendo la recuperaci\u00f3n o rescate de los bienes y servicios p\u00fablicos pose\u00eddos o gestionados por empresas extranjeras, Per\u00f3n compr\u00f3 la simpat\u00eda de los diversos movimientos nacionalistas, transformandolos en n\u00famero de adeptos, ruidosos y violentos. La Alianza Nacionalista Liberadora, era una especie de tropa de asalto fan\u00e1tica y man\u00edaca, una punta de lanza, como es hoy la Campora.<\/p>\n\n\n\n<p>Cabe se\u00f1alar que este nacionalismo receloso e intransigente, tambi\u00e9n se volvi\u00f3 contra algunos de los &#8216;padres de la patria tradicionalmente ensalzados en escuelas y ceremonias p\u00fablicas, en primera l\u00ednea contra Sarmiento, pedagogo, iluminista, mas\u00f3n, feroz opositor durante d\u00e9cadas del dictador Rosas y admirador de la cultura europea, en contraste con la barbarie de los caudillos de las provincias del interior, y en particular del m\u00e1s insurgente de ellos, Facundo Quiroga.<\/p>\n\n\n\n<p>A la exaltaci\u00f3n del &#8220;progreso&#8221;, de la ilustraci\u00f3n, de la ben\u00e9fica inmigraci\u00f3n europea, se contrapon\u00eda la idealizaci\u00f3n del gaucho como guerrero caballeresco, imbuido de profunda sabidur\u00eda, frente al inmigrante -el gringo- astuto y mezquino.<\/p>\n\n\n\n<p>Esto qued\u00f3 patente en el hermoso poema Mart\u00edn Fierro (1872) de Jos\u00e9 Hern\u00e1ndez, uno de los libros fundamentales para entender Argentina. Y a estos lamentos sentimentales, algunos escritores, Leoplodo Lugones entre los m\u00e1s conocidos, agregaron la acusaci\u00f3n de que la oligarqu\u00eda citadina hab\u00eda traicionado el desarrollo de la industrializaci\u00f3n nacional, que se estaba produciendo a partir de la artesan\u00eda de las provincias del interior, abriendo en cambio los puertos y las puertas a las manufacturas extranjeras.<\/p>\n\n\n\n<p>Tesis por cierto muy discutible, porque toda econom\u00eda parte de la fase agr\u00edcola, y en una Argentina con dos o tres millones de habitantes de entonces, la artesan\u00eda local, sin la ayuda de capitales y t\u00e9cnicos del exterior, hubiera tenido pocas posibilidades de desarrollo. Es un hecho que el gran salto de la naci\u00f3n argentina se produjo despu\u00e9s de la ca\u00edda de Rosas en 1852, con la afluencia de trabajadores y capitales del exterior.<\/p>\n\n\n\n<p>Despu\u00e9s del nacionalismo, otra aspiraci\u00f3n que crey\u00f3 encontrar en Per\u00f3n un ap\u00f3stol y un realizador, fue la de la modernizaci\u00f3n del pa\u00eds. Especialmente despu\u00e9s de la Segunda Guerra Mundial, en Argentina se pod\u00eda apreciar el gran desfase existente entre el desarrollo nacional en poblaci\u00f3n, en riqueza, en multiplicidad de relaciones sociales, econ\u00f3micas y t\u00e9cnicas, y las estructuras administrativas.<\/p>\n\n\n\n<p>El c\u00f3digo civil segu\u00eda regulando la propiedad desde un punto de vista predominantemente rural; faltaban buenas escuelas t\u00e9cnicas, los proyectos de presas y centrales hidroel\u00e9ctricas para hacer frente a la sequ\u00eda quedaban a menudo sin ejecutar, no se hab\u00eda pensado en desarrollar el turismo, a pesar de la gran belleza natural del Iguaz\u00fa y de los lagos del sur, las tres compa\u00f1\u00edas ferroviarias hab\u00edan adoptado tres anchos de v\u00eda diferentes, los considerables recursos petrol\u00edferos del pa\u00eds no pod\u00edan explotarse de forma adecuada, tampoco el gas.<\/p>\n\n\n\n<p>Cualquiera que haya vivido en la Rep\u00fablica Peronista ha observado el flagrante desequilibrio entre sus extraordinarias posibilidades y su organizaci\u00f3n pol\u00edtica y econ\u00f3mica.<br><br><small>\u00a92023 ElCanillita.info \/ Guzzo Photos &amp; Graphic Publications &#8211; &#8220;Leer puede causar Independencia&#8221;<\/small><\/p>\n","protected":false},"excerpt":{"rendered":"<p>Juan Domingo Per\u00f3n saluda a una mujer, Congreso de la Federaci\u00f3n de Obreros y Empleados Telef\u00f3nicos y de la Federaci\u00f3n Argentina de Trabajadores de la Industria Fideera y Afines en la CGT, 16\/03\/1955<\/p>\n","protected":false},"author":1,"featured_media":3356,"comment_status":"closed","ping_status":"closed","sticky":false,"template":"","format":"standard","meta":{"footnotes":"","_links_to":"","_links_to_target":""},"categories":[108,11,47,23,25],"tags":[29],"class_list":["post-3354","post","type-post","status-publish","format-standard","has-post-thumbnail","hentry","category-blogdiario","category-america-del-sur","category-etiologia","category-politica","category-sociedad","tag-argentina","entry","double"],"yoast_head":"<!-- This site is optimized with the Yoast SEO plugin v27.4 - https:\/\/yoast.com\/product\/yoast-seo-wordpress\/ -->\n<title>La Rep\u00fablica Peronista - ElCanillita.Info<\/title>\n<meta name=\"description\" content=\"De cuanto resulta, la persona de Per\u00f3n era una confluencia de inquietudes, aspiraciones, esperanzas vagas y diversas, a veces incluso contradictorias, pero de las que \u00e9l se convert\u00eda h\u00e1bilmente en int\u00e9rprete y abanderado.\" \/>\n<meta name=\"robots\" content=\"index, follow, max-snippet:-1, max-image-preview:large, max-video-preview:-1\" \/>\n<link rel=\"canonical\" href=\"https:\/\/elcanillita.info\/press\/2023\/03\/23\/la-republica-peronista\/\" \/>\n<meta property=\"og:locale\" content=\"es_ES\" \/>\n<meta property=\"og:type\" content=\"article\" \/>\n<meta property=\"og:title\" content=\"La Rep\u00fablica Peronista - ElCanillita.Info\" \/>\n<meta property=\"og:description\" content=\"De cuanto resulta, la persona de Per\u00f3n era una confluencia de inquietudes, aspiraciones, esperanzas vagas y diversas, a veces incluso contradictorias, pero de las que \u00e9l se convert\u00eda h\u00e1bilmente en int\u00e9rprete y abanderado.\" \/>\n<meta property=\"og:url\" content=\"https:\/\/elcanillita.info\/press\/2023\/03\/23\/la-republica-peronista\/\" \/>\n<meta property=\"og:site_name\" content=\"ElCanillita.Info\" \/>\n<meta property=\"article:publisher\" content=\"https:\/\/ar-ar.facebook.com\/ElCanillitainfo-114249515285712\/\" \/>\n<meta property=\"article:published_time\" content=\"2023-03-23T18:58:52+00:00\" \/>\n<meta property=\"article:modified_time\" content=\"2023-03-23T19:12:44+00:00\" \/>\n<meta property=\"og:image\" content=\"https:\/\/elcanillita.info\/press\/images\/2023\/03\/Peron_20230323_017504-1.jpg\" \/>\n\t<meta property=\"og:image:width\" content=\"600\" \/>\n\t<meta property=\"og:image:height\" content=\"444\" \/>\n\t<meta property=\"og:image:type\" content=\"image\/jpeg\" \/>\n<meta name=\"author\" content=\"SalaStampa.eu, world press service\" \/>\n<meta name=\"twitter:card\" content=\"summary_large_image\" \/>\n<meta name=\"twitter:label1\" content=\"Escrito por\" \/>\n\t<meta name=\"twitter:data1\" content=\"SalaStampa.eu, world press service\" \/>\n\t<meta name=\"twitter:label2\" content=\"Tiempo de lectura\" \/>\n\t<meta name=\"twitter:data2\" content=\"4 minutos\" \/>\n<script type=\"application\/ld+json\" class=\"yoast-schema-graph\">{\"@context\":\"https:\\\/\\\/schema.org\",\"@graph\":[{\"@type\":\"Article\",\"@id\":\"https:\\\/\\\/elcanillita.info\\\/press\\\/2023\\\/03\\\/23\\\/la-republica-peronista\\\/#article\",\"isPartOf\":{\"@id\":\"https:\\\/\\\/elcanillita.info\\\/press\\\/2023\\\/03\\\/23\\\/la-republica-peronista\\\/\"},\"author\":{\"name\":\"SalaStampa.eu, world press service\",\"@id\":\"https:\\\/\\\/elcanillita.info\\\/press\\\/#\\\/schema\\\/person\\\/7fcb79f38045700919f7da6d97e71ba0\"},\"headline\":\"La Rep\u00fablica Peronista\",\"datePublished\":\"2023-03-23T18:58:52+00:00\",\"dateModified\":\"2023-03-23T19:12:44+00:00\",\"mainEntityOfPage\":{\"@id\":\"https:\\\/\\\/elcanillita.info\\\/press\\\/2023\\\/03\\\/23\\\/la-republica-peronista\\\/\"},\"wordCount\":741,\"publisher\":{\"@id\":\"https:\\\/\\\/elcanillita.info\\\/press\\\/#organization\"},\"image\":{\"@id\":\"https:\\\/\\\/elcanillita.info\\\/press\\\/2023\\\/03\\\/23\\\/la-republica-peronista\\\/#primaryimage\"},\"thumbnailUrl\":\"https:\\\/\\\/elcanillita.info\\\/press\\\/images\\\/2023\\\/03\\\/Peron_20230323_017504-1.jpg\",\"keywords\":[\"Argentina\"],\"articleSection\":[\".\",\"Am\u00e9rica del Sur\",\"Etiologia\",\"Politica\",\"Sociedad\"],\"inLanguage\":\"es-AR\"},{\"@type\":\"WebPage\",\"@id\":\"https:\\\/\\\/elcanillita.info\\\/press\\\/2023\\\/03\\\/23\\\/la-republica-peronista\\\/\",\"url\":\"https:\\\/\\\/elcanillita.info\\\/press\\\/2023\\\/03\\\/23\\\/la-republica-peronista\\\/\",\"name\":\"La Rep\u00fablica Peronista - ElCanillita.Info\",\"isPartOf\":{\"@id\":\"https:\\\/\\\/elcanillita.info\\\/press\\\/#website\"},\"primaryImageOfPage\":{\"@id\":\"https:\\\/\\\/elcanillita.info\\\/press\\\/2023\\\/03\\\/23\\\/la-republica-peronista\\\/#primaryimage\"},\"image\":{\"@id\":\"https:\\\/\\\/elcanillita.info\\\/press\\\/2023\\\/03\\\/23\\\/la-republica-peronista\\\/#primaryimage\"},\"thumbnailUrl\":\"https:\\\/\\\/elcanillita.info\\\/press\\\/images\\\/2023\\\/03\\\/Peron_20230323_017504-1.jpg\",\"datePublished\":\"2023-03-23T18:58:52+00:00\",\"dateModified\":\"2023-03-23T19:12:44+00:00\",\"description\":\"De cuanto resulta, la persona de Per\u00f3n era una confluencia de inquietudes, aspiraciones, esperanzas vagas y diversas, a veces incluso contradictorias, pero de las que \u00e9l se convert\u00eda h\u00e1bilmente en int\u00e9rprete y abanderado.\",\"inLanguage\":\"es-AR\",\"potentialAction\":[{\"@type\":\"ReadAction\",\"target\":[\"https:\\\/\\\/elcanillita.info\\\/press\\\/2023\\\/03\\\/23\\\/la-republica-peronista\\\/\"]}]},{\"@type\":\"ImageObject\",\"inLanguage\":\"es-AR\",\"@id\":\"https:\\\/\\\/elcanillita.info\\\/press\\\/2023\\\/03\\\/23\\\/la-republica-peronista\\\/#primaryimage\",\"url\":\"https:\\\/\\\/elcanillita.info\\\/press\\\/images\\\/2023\\\/03\\\/Peron_20230323_017504-1.jpg\",\"contentUrl\":\"https:\\\/\\\/elcanillita.info\\\/press\\\/images\\\/2023\\\/03\\\/Peron_20230323_017504-1.jpg\",\"width\":600,\"height\":444},{\"@type\":\"WebSite\",\"@id\":\"https:\\\/\\\/elcanillita.info\\\/press\\\/#website\",\"url\":\"https:\\\/\\\/elcanillita.info\\\/press\\\/\",\"name\":\"ElCanillita.Info\",\"description\":\"desde los Apeninos a los Andes\",\"publisher\":{\"@id\":\"https:\\\/\\\/elcanillita.info\\\/press\\\/#organization\"},\"potentialAction\":[{\"@type\":\"SearchAction\",\"target\":{\"@type\":\"EntryPoint\",\"urlTemplate\":\"https:\\\/\\\/elcanillita.info\\\/press\\\/?s={search_term_string}\"},\"query-input\":{\"@type\":\"PropertyValueSpecification\",\"valueRequired\":true,\"valueName\":\"search_term_string\"}}],\"inLanguage\":\"es-AR\"},{\"@type\":\"Organization\",\"@id\":\"https:\\\/\\\/elcanillita.info\\\/press\\\/#organization\",\"name\":\"Guzzo Photos & Graphic Publications\",\"url\":\"https:\\\/\\\/elcanillita.info\\\/press\\\/\",\"logo\":{\"@type\":\"ImageObject\",\"inLanguage\":\"es-AR\",\"@id\":\"https:\\\/\\\/elcanillita.info\\\/press\\\/#\\\/schema\\\/logo\\\/image\\\/\",\"url\":\"https:\\\/\\\/elcanillita.info\\\/press\\\/images\\\/2020\\\/01\\\/cropped-cropped-cropped-elcanillitainfo.png\",\"contentUrl\":\"https:\\\/\\\/elcanillita.info\\\/press\\\/images\\\/2020\\\/01\\\/cropped-cropped-cropped-elcanillitainfo.png\",\"width\":460,\"height\":50,\"caption\":\"Guzzo Photos & Graphic Publications\"},\"image\":{\"@id\":\"https:\\\/\\\/elcanillita.info\\\/press\\\/#\\\/schema\\\/logo\\\/image\\\/\"},\"sameAs\":[\"https:\\\/\\\/ar-ar.facebook.com\\\/ElCanillitainfo-114249515285712\\\/\"]},{\"@type\":\"Person\",\"@id\":\"https:\\\/\\\/elcanillita.info\\\/press\\\/#\\\/schema\\\/person\\\/7fcb79f38045700919f7da6d97e71ba0\",\"name\":\"SalaStampa.eu, world press service\",\"image\":{\"@type\":\"ImageObject\",\"inLanguage\":\"es-AR\",\"@id\":\"https:\\\/\\\/secure.gravatar.com\\\/avatar\\\/c2f0e0d515a107624234994507816ca4724c7199cef73fc8bedebf6931d73888?s=96&d=mm&r=g\",\"url\":\"https:\\\/\\\/secure.gravatar.com\\\/avatar\\\/c2f0e0d515a107624234994507816ca4724c7199cef73fc8bedebf6931d73888?s=96&d=mm&r=g\",\"contentUrl\":\"https:\\\/\\\/secure.gravatar.com\\\/avatar\\\/c2f0e0d515a107624234994507816ca4724c7199cef73fc8bedebf6931d73888?s=96&d=mm&r=g\",\"caption\":\"SalaStampa.eu, world press service\"}}]}<\/script>\n<!-- \/ Yoast SEO plugin. -->","yoast_head_json":{"title":"La Rep\u00fablica Peronista - ElCanillita.Info","description":"De cuanto resulta, la persona de Per\u00f3n era una confluencia de inquietudes, aspiraciones, esperanzas vagas y diversas, a veces incluso contradictorias, pero de las que \u00e9l se convert\u00eda h\u00e1bilmente en int\u00e9rprete y abanderado.","robots":{"index":"index","follow":"follow","max-snippet":"max-snippet:-1","max-image-preview":"max-image-preview:large","max-video-preview":"max-video-preview:-1"},"canonical":"https:\/\/elcanillita.info\/press\/2023\/03\/23\/la-republica-peronista\/","og_locale":"es_ES","og_type":"article","og_title":"La Rep\u00fablica Peronista - ElCanillita.Info","og_description":"De cuanto resulta, la persona de Per\u00f3n era una confluencia de inquietudes, aspiraciones, esperanzas vagas y diversas, a veces incluso contradictorias, pero de las que \u00e9l se convert\u00eda h\u00e1bilmente en int\u00e9rprete y abanderado.","og_url":"https:\/\/elcanillita.info\/press\/2023\/03\/23\/la-republica-peronista\/","og_site_name":"ElCanillita.Info","article_publisher":"https:\/\/ar-ar.facebook.com\/ElCanillitainfo-114249515285712\/","article_published_time":"2023-03-23T18:58:52+00:00","article_modified_time":"2023-03-23T19:12:44+00:00","og_image":[{"width":600,"height":444,"url":"https:\/\/elcanillita.info\/press\/images\/2023\/03\/Peron_20230323_017504-1.jpg","type":"image\/jpeg"}],"author":"SalaStampa.eu, world press service","twitter_card":"summary_large_image","twitter_misc":{"Escrito por":"SalaStampa.eu, world press service","Tiempo de lectura":"4 minutos"},"schema":{"@context":"https:\/\/schema.org","@graph":[{"@type":"Article","@id":"https:\/\/elcanillita.info\/press\/2023\/03\/23\/la-republica-peronista\/#article","isPartOf":{"@id":"https:\/\/elcanillita.info\/press\/2023\/03\/23\/la-republica-peronista\/"},"author":{"name":"SalaStampa.eu, world press service","@id":"https:\/\/elcanillita.info\/press\/#\/schema\/person\/7fcb79f38045700919f7da6d97e71ba0"},"headline":"La Rep\u00fablica Peronista","datePublished":"2023-03-23T18:58:52+00:00","dateModified":"2023-03-23T19:12:44+00:00","mainEntityOfPage":{"@id":"https:\/\/elcanillita.info\/press\/2023\/03\/23\/la-republica-peronista\/"},"wordCount":741,"publisher":{"@id":"https:\/\/elcanillita.info\/press\/#organization"},"image":{"@id":"https:\/\/elcanillita.info\/press\/2023\/03\/23\/la-republica-peronista\/#primaryimage"},"thumbnailUrl":"https:\/\/elcanillita.info\/press\/images\/2023\/03\/Peron_20230323_017504-1.jpg","keywords":["Argentina"],"articleSection":[".","Am\u00e9rica del Sur","Etiologia","Politica","Sociedad"],"inLanguage":"es-AR"},{"@type":"WebPage","@id":"https:\/\/elcanillita.info\/press\/2023\/03\/23\/la-republica-peronista\/","url":"https:\/\/elcanillita.info\/press\/2023\/03\/23\/la-republica-peronista\/","name":"La Rep\u00fablica Peronista - ElCanillita.Info","isPartOf":{"@id":"https:\/\/elcanillita.info\/press\/#website"},"primaryImageOfPage":{"@id":"https:\/\/elcanillita.info\/press\/2023\/03\/23\/la-republica-peronista\/#primaryimage"},"image":{"@id":"https:\/\/elcanillita.info\/press\/2023\/03\/23\/la-republica-peronista\/#primaryimage"},"thumbnailUrl":"https:\/\/elcanillita.info\/press\/images\/2023\/03\/Peron_20230323_017504-1.jpg","datePublished":"2023-03-23T18:58:52+00:00","dateModified":"2023-03-23T19:12:44+00:00","description":"De cuanto resulta, la persona de Per\u00f3n era una confluencia de inquietudes, aspiraciones, esperanzas vagas y diversas, a veces incluso contradictorias, pero de las que \u00e9l se convert\u00eda h\u00e1bilmente en int\u00e9rprete y abanderado.","inLanguage":"es-AR","potentialAction":[{"@type":"ReadAction","target":["https:\/\/elcanillita.info\/press\/2023\/03\/23\/la-republica-peronista\/"]}]},{"@type":"ImageObject","inLanguage":"es-AR","@id":"https:\/\/elcanillita.info\/press\/2023\/03\/23\/la-republica-peronista\/#primaryimage","url":"https:\/\/elcanillita.info\/press\/images\/2023\/03\/Peron_20230323_017504-1.jpg","contentUrl":"https:\/\/elcanillita.info\/press\/images\/2023\/03\/Peron_20230323_017504-1.jpg","width":600,"height":444},{"@type":"WebSite","@id":"https:\/\/elcanillita.info\/press\/#website","url":"https:\/\/elcanillita.info\/press\/","name":"ElCanillita.Info","description":"desde los Apeninos a los Andes","publisher":{"@id":"https:\/\/elcanillita.info\/press\/#organization"},"potentialAction":[{"@type":"SearchAction","target":{"@type":"EntryPoint","urlTemplate":"https:\/\/elcanillita.info\/press\/?s={search_term_string}"},"query-input":{"@type":"PropertyValueSpecification","valueRequired":true,"valueName":"search_term_string"}}],"inLanguage":"es-AR"},{"@type":"Organization","@id":"https:\/\/elcanillita.info\/press\/#organization","name":"Guzzo Photos & Graphic Publications","url":"https:\/\/elcanillita.info\/press\/","logo":{"@type":"ImageObject","inLanguage":"es-AR","@id":"https:\/\/elcanillita.info\/press\/#\/schema\/logo\/image\/","url":"https:\/\/elcanillita.info\/press\/images\/2020\/01\/cropped-cropped-cropped-elcanillitainfo.png","contentUrl":"https:\/\/elcanillita.info\/press\/images\/2020\/01\/cropped-cropped-cropped-elcanillitainfo.png","width":460,"height":50,"caption":"Guzzo Photos & Graphic Publications"},"image":{"@id":"https:\/\/elcanillita.info\/press\/#\/schema\/logo\/image\/"},"sameAs":["https:\/\/ar-ar.facebook.com\/ElCanillitainfo-114249515285712\/"]},{"@type":"Person","@id":"https:\/\/elcanillita.info\/press\/#\/schema\/person\/7fcb79f38045700919f7da6d97e71ba0","name":"SalaStampa.eu, world press service","image":{"@type":"ImageObject","inLanguage":"es-AR","@id":"https:\/\/secure.gravatar.com\/avatar\/c2f0e0d515a107624234994507816ca4724c7199cef73fc8bedebf6931d73888?s=96&d=mm&r=g","url":"https:\/\/secure.gravatar.com\/avatar\/c2f0e0d515a107624234994507816ca4724c7199cef73fc8bedebf6931d73888?s=96&d=mm&r=g","contentUrl":"https:\/\/secure.gravatar.com\/avatar\/c2f0e0d515a107624234994507816ca4724c7199cef73fc8bedebf6931d73888?s=96&d=mm&r=g","caption":"SalaStampa.eu, world press service"}}]}},"views":475,"_links":{"self":[{"href":"https:\/\/elcanillita.info\/press\/wp-json\/wp\/v2\/posts\/3354","targetHints":{"allow":["GET"]}}],"collection":[{"href":"https:\/\/elcanillita.info\/press\/wp-json\/wp\/v2\/posts"}],"about":[{"href":"https:\/\/elcanillita.info\/press\/wp-json\/wp\/v2\/types\/post"}],"author":[{"embeddable":true,"href":"https:\/\/elcanillita.info\/press\/wp-json\/wp\/v2\/users\/1"}],"replies":[{"embeddable":true,"href":"https:\/\/elcanillita.info\/press\/wp-json\/wp\/v2\/comments?post=3354"}],"version-history":[{"count":0,"href":"https:\/\/elcanillita.info\/press\/wp-json\/wp\/v2\/posts\/3354\/revisions"}],"wp:featuredmedia":[{"embeddable":true,"href":"https:\/\/elcanillita.info\/press\/wp-json\/wp\/v2\/media\/3356"}],"wp:attachment":[{"href":"https:\/\/elcanillita.info\/press\/wp-json\/wp\/v2\/media?parent=3354"}],"wp:term":[{"taxonomy":"category","embeddable":true,"href":"https:\/\/elcanillita.info\/press\/wp-json\/wp\/v2\/categories?post=3354"},{"taxonomy":"post_tag","embeddable":true,"href":"https:\/\/elcanillita.info\/press\/wp-json\/wp\/v2\/tags?post=3354"}],"curies":[{"name":"wp","href":"https:\/\/api.w.org\/{rel}","templated":true}]}}