{"id":335,"date":"2020-02-05T19:40:12","date_gmt":"2020-02-05T22:40:12","guid":{"rendered":"https:\/\/elcanillita.info\/press\/?p=335"},"modified":"2020-02-05T19:40:14","modified_gmt":"2020-02-05T22:40:14","slug":"erdogan-exige-retirada-fuerzas-sirias-idlib","status":"publish","type":"post","link":"https:\/\/elcanillita.info\/press\/2020\/02\/05\/erdogan-exige-retirada-fuerzas-sirias-idlib\/","title":{"rendered":"Erdogan exige retirada de las fuerzas sirias en Idlib"},"content":{"rendered":"\n<p>Ankara, 05.02.2020 &#8211; El presidente turco, Recep Tayyip Erdogan, lanz\u00f3 este mi\u00e9rcoles un ultim\u00e1tum al gobierno de Bashar al Asad para que retroceda en el noroeste de Siria, despu\u00e9s de que varios enfrentamientos suscitaran roces entre Ankara y Mosc\u00fa, aliado de Damasco.<\/p>\n\n\n\n<p>Pese a estas advertencias, las fuerzas del r\u00e9gimen sirio segu\u00edan el mi\u00e9rcoles avanzando en el noroeste del pa\u00eds.<\/p>\n\n\n\n<p>En las \u00faltimas 24 horas, arrebataron unos 20 pueblos y localidades a rebeldes y yihadistas en el sur de la provincia de Idlib, seg\u00fan el Observatorio Sirio para los Derechos Humanos (OSDH) y la agencia oficial siria Sana.<\/p>\n\n\n\n<p>Las fuerzas gubernamentales se encuentran ahora a menos de un kil\u00f3metro de la localidad estrat\u00e9gica de Saraqeb, situada en el cruce de las autopistas M5, M4 y de la carretera que lleva a Idlib, capital de la provincia hom\u00f3nima, indic\u00f3 el OSDH.<\/p>\n\n\n\n<p>La escalada de tensi\u00f3n entre Turqu\u00eda y Siria tuvo lugar tras violentos e in\u00e9ditos enfrentamientos el lunes entre tropas de ambos pa\u00edses en la provincia de Idlib, \u00faltimo basti\u00f3n yihadista y rebelde, que dejaron m\u00e1s de 20 muertos.<\/p>\n\n\n\n<p>El gobierno sirio, con el apoyo de la aviaci\u00f3n rusa, intensific\u00f3 sus ataques desde diciembre para ganar terreno en Idlib, llegando incluso a rodear dos puestos de observaci\u00f3n construidos por Ankara en el marco de un acuerdo concluido en 2018 con Mosc\u00fa.<\/p>\n\n\n\n<p>Tropas sirias toman una importante poblaci\u00f3n en Idlib<\/p>\n\n\n\n<p>El lunes, disparos de artiller\u00eda sirios causaron ocho muertos en filas turcas. Turqu\u00eda respondi\u00f3 con bombardeos de posiciones sirias que dejaron al menos 13 muertos.<\/p>\n\n\n\n<p>&#8220;Dos de nuestros 12 puestos de observaci\u00f3n se encuentran detr\u00e1s de las l\u00edneas del r\u00e9gimen. Esperamos que el r\u00e9gimen se retire m\u00e1s all\u00e1 de nuestros puestos de observaci\u00f3n antes de fines de febrero&#8221;, declar\u00f3 Erdogan en un discurso en Ankara.<\/p>\n\n\n\n<p>&#8220;Si el r\u00e9gimen no se retira, Turqu\u00eda se ver\u00e1 obligada a tomar cartas en el asunto&#8221;, advirti\u00f3.<\/p>\n\n\n\n<p>Estos puestos de observaci\u00f3n est\u00e1n situados en Morek y Surman, al sudeste de la ciudad de Idlib.<\/p>\n\n\n\n<p>Erdogan dijo que le hab\u00eda transmitido ese mensaje a su hom\u00f3logo ruso Vladimir Putin, principal aliado del gobierno sirio, en una conversaci\u00f3n telef\u00f3nica celebrada la v\u00edspera.<\/p>\n\n\n\n<p>Con informacion de Reuters y AFP<br>\n<small>2020 voanoticias \u2013 salastampa.eu, afiliada a la red Broadcasting Board of Governors \u00a9 2020 BBG<\/small><\/p>\n","protected":false},"excerpt":{"rendered":"<p>Ankara, 05.02.2020 &#8211; El presidente turco, Recep Tayyip Erdogan, lanz\u00f3 este mi\u00e9rcoles un ultim\u00e1tum al gobierno de Bashar al Asad para que retroceda en el noroeste de Siria, despu\u00e9s de que varios enfrentamientos suscitaran roces entre Ankara y Mosc\u00fa, aliado de Damasco.<\/p>\n","protected":false},"author":1,"featured_media":0,"comment_status":"closed","ping_status":"closed","sticky":false,"template":"","format":"standard","meta":{"footnotes":"","_links_to":"","_links_to_target":""},"categories":[70,7,23],"tags":[75],"class_list":["post-335","post","type-post","status-publish","format-standard","hentry","category-actualidad","category-eurasia","category-politica","tag-turquia","entry","double"],"yoast_head":"<!-- This site is optimized with the Yoast SEO plugin v27.5 - https:\/\/yoast.com\/product\/yoast-seo-wordpress\/ -->\n<title>Erdogan exige retirada de las fuerzas sirias en Idlib - ElCanillita.Info<\/title>\n<meta name=\"robots\" content=\"index, follow, max-snippet:-1, max-image-preview:large, max-video-preview:-1\" \/>\n<link rel=\"canonical\" href=\"https:\/\/elcanillita.info\/press\/2020\/02\/05\/erdogan-exige-retirada-fuerzas-sirias-idlib\/\" \/>\n<meta property=\"og:locale\" content=\"es_ES\" \/>\n<meta property=\"og:type\" content=\"article\" \/>\n<meta property=\"og:title\" content=\"Erdogan exige retirada de las fuerzas sirias en Idlib - ElCanillita.Info\" \/>\n<meta property=\"og:description\" content=\"Ankara, 05.02.2020 - El presidente turco, Recep Tayyip Erdogan, lanz\u00f3 este mi\u00e9rcoles un ultim\u00e1tum al gobierno de Bashar al Asad para que retroceda en el noroeste de Siria, despu\u00e9s de que varios enfrentamientos suscitaran roces entre Ankara y Mosc\u00fa, aliado de Damasco.\" \/>\n<meta property=\"og:url\" content=\"https:\/\/elcanillita.info\/press\/2020\/02\/05\/erdogan-exige-retirada-fuerzas-sirias-idlib\/\" \/>\n<meta property=\"og:site_name\" content=\"ElCanillita.Info\" \/>\n<meta property=\"article:publisher\" content=\"https:\/\/ar-ar.facebook.com\/ElCanillitainfo-114249515285712\/\" \/>\n<meta property=\"article:published_time\" content=\"2020-02-05T22:40:12+00:00\" \/>\n<meta property=\"article:modified_time\" content=\"2020-02-05T22:40:14+00:00\" \/>\n<meta name=\"author\" content=\"SalaStampa.eu, world press service\" \/>\n<meta name=\"twitter:card\" content=\"summary_large_image\" \/>\n<meta name=\"twitter:label1\" content=\"Escrito por\" \/>\n\t<meta name=\"twitter:data1\" content=\"SalaStampa.eu, world press service\" \/>\n\t<meta name=\"twitter:label2\" content=\"Tiempo de lectura\" \/>\n\t<meta name=\"twitter:data2\" content=\"2 minutos\" \/>\n<script type=\"application\/ld+json\" class=\"yoast-schema-graph\">{\"@context\":\"https:\\\/\\\/schema.org\",\"@graph\":[{\"@type\":\"Article\",\"@id\":\"https:\\\/\\\/elcanillita.info\\\/press\\\/2020\\\/02\\\/05\\\/erdogan-exige-retirada-fuerzas-sirias-idlib\\\/#article\",\"isPartOf\":{\"@id\":\"https:\\\/\\\/elcanillita.info\\\/press\\\/2020\\\/02\\\/05\\\/erdogan-exige-retirada-fuerzas-sirias-idlib\\\/\"},\"author\":{\"name\":\"SalaStampa.eu, world press service\",\"@id\":\"https:\\\/\\\/elcanillita.info\\\/press\\\/#\\\/schema\\\/person\\\/7fcb79f38045700919f7da6d97e71ba0\"},\"headline\":\"Erdogan exige retirada de las fuerzas sirias en Idlib\",\"datePublished\":\"2020-02-05T22:40:12+00:00\",\"dateModified\":\"2020-02-05T22:40:14+00:00\",\"mainEntityOfPage\":{\"@id\":\"https:\\\/\\\/elcanillita.info\\\/press\\\/2020\\\/02\\\/05\\\/erdogan-exige-retirada-fuerzas-sirias-idlib\\\/\"},\"wordCount\":411,\"publisher\":{\"@id\":\"https:\\\/\\\/elcanillita.info\\\/press\\\/#organization\"},\"keywords\":[\"Turquia\"],\"articleSection\":[\"Actualidad\",\"Eurasia\",\"Politica\"],\"inLanguage\":\"es-AR\"},{\"@type\":\"WebPage\",\"@id\":\"https:\\\/\\\/elcanillita.info\\\/press\\\/2020\\\/02\\\/05\\\/erdogan-exige-retirada-fuerzas-sirias-idlib\\\/\",\"url\":\"https:\\\/\\\/elcanillita.info\\\/press\\\/2020\\\/02\\\/05\\\/erdogan-exige-retirada-fuerzas-sirias-idlib\\\/\",\"name\":\"Erdogan exige retirada de las fuerzas sirias en Idlib - ElCanillita.Info\",\"isPartOf\":{\"@id\":\"https:\\\/\\\/elcanillita.info\\\/press\\\/#website\"},\"datePublished\":\"2020-02-05T22:40:12+00:00\",\"dateModified\":\"2020-02-05T22:40:14+00:00\",\"inLanguage\":\"es-AR\",\"potentialAction\":[{\"@type\":\"ReadAction\",\"target\":[\"https:\\\/\\\/elcanillita.info\\\/press\\\/2020\\\/02\\\/05\\\/erdogan-exige-retirada-fuerzas-sirias-idlib\\\/\"]}]},{\"@type\":\"WebSite\",\"@id\":\"https:\\\/\\\/elcanillita.info\\\/press\\\/#website\",\"url\":\"https:\\\/\\\/elcanillita.info\\\/press\\\/\",\"name\":\"ElCanillita.Info\",\"description\":\"desde los Apeninos a los Andes\",\"publisher\":{\"@id\":\"https:\\\/\\\/elcanillita.info\\\/press\\\/#organization\"},\"potentialAction\":[{\"@type\":\"SearchAction\",\"target\":{\"@type\":\"EntryPoint\",\"urlTemplate\":\"https:\\\/\\\/elcanillita.info\\\/press\\\/?s={search_term_string}\"},\"query-input\":{\"@type\":\"PropertyValueSpecification\",\"valueRequired\":true,\"valueName\":\"search_term_string\"}}],\"inLanguage\":\"es-AR\"},{\"@type\":\"Organization\",\"@id\":\"https:\\\/\\\/elcanillita.info\\\/press\\\/#organization\",\"name\":\"Guzzo Photos & Graphic Publications\",\"url\":\"https:\\\/\\\/elcanillita.info\\\/press\\\/\",\"logo\":{\"@type\":\"ImageObject\",\"inLanguage\":\"es-AR\",\"@id\":\"https:\\\/\\\/elcanillita.info\\\/press\\\/#\\\/schema\\\/logo\\\/image\\\/\",\"url\":\"https:\\\/\\\/elcanillita.info\\\/press\\\/images\\\/2020\\\/01\\\/cropped-cropped-cropped-elcanillitainfo.png\",\"contentUrl\":\"https:\\\/\\\/elcanillita.info\\\/press\\\/images\\\/2020\\\/01\\\/cropped-cropped-cropped-elcanillitainfo.png\",\"width\":460,\"height\":50,\"caption\":\"Guzzo Photos & Graphic Publications\"},\"image\":{\"@id\":\"https:\\\/\\\/elcanillita.info\\\/press\\\/#\\\/schema\\\/logo\\\/image\\\/\"},\"sameAs\":[\"https:\\\/\\\/ar-ar.facebook.com\\\/ElCanillitainfo-114249515285712\\\/\"]},{\"@type\":\"Person\",\"@id\":\"https:\\\/\\\/elcanillita.info\\\/press\\\/#\\\/schema\\\/person\\\/7fcb79f38045700919f7da6d97e71ba0\",\"name\":\"SalaStampa.eu, world press service\",\"image\":{\"@type\":\"ImageObject\",\"inLanguage\":\"es-AR\",\"@id\":\"https:\\\/\\\/secure.gravatar.com\\\/avatar\\\/c2f0e0d515a107624234994507816ca4724c7199cef73fc8bedebf6931d73888?s=96&d=mm&r=g\",\"url\":\"https:\\\/\\\/secure.gravatar.com\\\/avatar\\\/c2f0e0d515a107624234994507816ca4724c7199cef73fc8bedebf6931d73888?s=96&d=mm&r=g\",\"contentUrl\":\"https:\\\/\\\/secure.gravatar.com\\\/avatar\\\/c2f0e0d515a107624234994507816ca4724c7199cef73fc8bedebf6931d73888?s=96&d=mm&r=g\",\"caption\":\"SalaStampa.eu, world press service\"}}]}<\/script>\n<!-- \/ Yoast SEO plugin. -->","yoast_head_json":{"title":"Erdogan exige retirada de las fuerzas sirias en Idlib - ElCanillita.Info","robots":{"index":"index","follow":"follow","max-snippet":"max-snippet:-1","max-image-preview":"max-image-preview:large","max-video-preview":"max-video-preview:-1"},"canonical":"https:\/\/elcanillita.info\/press\/2020\/02\/05\/erdogan-exige-retirada-fuerzas-sirias-idlib\/","og_locale":"es_ES","og_type":"article","og_title":"Erdogan exige retirada de las fuerzas sirias en Idlib - ElCanillita.Info","og_description":"Ankara, 05.02.2020 - El presidente turco, Recep Tayyip Erdogan, lanz\u00f3 este mi\u00e9rcoles un ultim\u00e1tum al gobierno de Bashar al Asad para que retroceda en el noroeste de Siria, despu\u00e9s de que varios enfrentamientos suscitaran roces entre Ankara y Mosc\u00fa, aliado de Damasco.","og_url":"https:\/\/elcanillita.info\/press\/2020\/02\/05\/erdogan-exige-retirada-fuerzas-sirias-idlib\/","og_site_name":"ElCanillita.Info","article_publisher":"https:\/\/ar-ar.facebook.com\/ElCanillitainfo-114249515285712\/","article_published_time":"2020-02-05T22:40:12+00:00","article_modified_time":"2020-02-05T22:40:14+00:00","author":"SalaStampa.eu, world press service","twitter_card":"summary_large_image","twitter_misc":{"Escrito por":"SalaStampa.eu, world press service","Tiempo de lectura":"2 minutos"},"schema":{"@context":"https:\/\/schema.org","@graph":[{"@type":"Article","@id":"https:\/\/elcanillita.info\/press\/2020\/02\/05\/erdogan-exige-retirada-fuerzas-sirias-idlib\/#article","isPartOf":{"@id":"https:\/\/elcanillita.info\/press\/2020\/02\/05\/erdogan-exige-retirada-fuerzas-sirias-idlib\/"},"author":{"name":"SalaStampa.eu, world press service","@id":"https:\/\/elcanillita.info\/press\/#\/schema\/person\/7fcb79f38045700919f7da6d97e71ba0"},"headline":"Erdogan exige retirada de las fuerzas sirias en Idlib","datePublished":"2020-02-05T22:40:12+00:00","dateModified":"2020-02-05T22:40:14+00:00","mainEntityOfPage":{"@id":"https:\/\/elcanillita.info\/press\/2020\/02\/05\/erdogan-exige-retirada-fuerzas-sirias-idlib\/"},"wordCount":411,"publisher":{"@id":"https:\/\/elcanillita.info\/press\/#organization"},"keywords":["Turquia"],"articleSection":["Actualidad","Eurasia","Politica"],"inLanguage":"es-AR"},{"@type":"WebPage","@id":"https:\/\/elcanillita.info\/press\/2020\/02\/05\/erdogan-exige-retirada-fuerzas-sirias-idlib\/","url":"https:\/\/elcanillita.info\/press\/2020\/02\/05\/erdogan-exige-retirada-fuerzas-sirias-idlib\/","name":"Erdogan exige retirada de las fuerzas sirias en Idlib - ElCanillita.Info","isPartOf":{"@id":"https:\/\/elcanillita.info\/press\/#website"},"datePublished":"2020-02-05T22:40:12+00:00","dateModified":"2020-02-05T22:40:14+00:00","inLanguage":"es-AR","potentialAction":[{"@type":"ReadAction","target":["https:\/\/elcanillita.info\/press\/2020\/02\/05\/erdogan-exige-retirada-fuerzas-sirias-idlib\/"]}]},{"@type":"WebSite","@id":"https:\/\/elcanillita.info\/press\/#website","url":"https:\/\/elcanillita.info\/press\/","name":"ElCanillita.Info","description":"desde los Apeninos a los Andes","publisher":{"@id":"https:\/\/elcanillita.info\/press\/#organization"},"potentialAction":[{"@type":"SearchAction","target":{"@type":"EntryPoint","urlTemplate":"https:\/\/elcanillita.info\/press\/?s={search_term_string}"},"query-input":{"@type":"PropertyValueSpecification","valueRequired":true,"valueName":"search_term_string"}}],"inLanguage":"es-AR"},{"@type":"Organization","@id":"https:\/\/elcanillita.info\/press\/#organization","name":"Guzzo Photos & Graphic Publications","url":"https:\/\/elcanillita.info\/press\/","logo":{"@type":"ImageObject","inLanguage":"es-AR","@id":"https:\/\/elcanillita.info\/press\/#\/schema\/logo\/image\/","url":"https:\/\/elcanillita.info\/press\/images\/2020\/01\/cropped-cropped-cropped-elcanillitainfo.png","contentUrl":"https:\/\/elcanillita.info\/press\/images\/2020\/01\/cropped-cropped-cropped-elcanillitainfo.png","width":460,"height":50,"caption":"Guzzo Photos & Graphic Publications"},"image":{"@id":"https:\/\/elcanillita.info\/press\/#\/schema\/logo\/image\/"},"sameAs":["https:\/\/ar-ar.facebook.com\/ElCanillitainfo-114249515285712\/"]},{"@type":"Person","@id":"https:\/\/elcanillita.info\/press\/#\/schema\/person\/7fcb79f38045700919f7da6d97e71ba0","name":"SalaStampa.eu, world press service","image":{"@type":"ImageObject","inLanguage":"es-AR","@id":"https:\/\/secure.gravatar.com\/avatar\/c2f0e0d515a107624234994507816ca4724c7199cef73fc8bedebf6931d73888?s=96&d=mm&r=g","url":"https:\/\/secure.gravatar.com\/avatar\/c2f0e0d515a107624234994507816ca4724c7199cef73fc8bedebf6931d73888?s=96&d=mm&r=g","contentUrl":"https:\/\/secure.gravatar.com\/avatar\/c2f0e0d515a107624234994507816ca4724c7199cef73fc8bedebf6931d73888?s=96&d=mm&r=g","caption":"SalaStampa.eu, world press service"}}]}},"views":785,"_links":{"self":[{"href":"https:\/\/elcanillita.info\/press\/wp-json\/wp\/v2\/posts\/335","targetHints":{"allow":["GET"]}}],"collection":[{"href":"https:\/\/elcanillita.info\/press\/wp-json\/wp\/v2\/posts"}],"about":[{"href":"https:\/\/elcanillita.info\/press\/wp-json\/wp\/v2\/types\/post"}],"author":[{"embeddable":true,"href":"https:\/\/elcanillita.info\/press\/wp-json\/wp\/v2\/users\/1"}],"replies":[{"embeddable":true,"href":"https:\/\/elcanillita.info\/press\/wp-json\/wp\/v2\/comments?post=335"}],"version-history":[{"count":0,"href":"https:\/\/elcanillita.info\/press\/wp-json\/wp\/v2\/posts\/335\/revisions"}],"wp:attachment":[{"href":"https:\/\/elcanillita.info\/press\/wp-json\/wp\/v2\/media?parent=335"}],"wp:term":[{"taxonomy":"category","embeddable":true,"href":"https:\/\/elcanillita.info\/press\/wp-json\/wp\/v2\/categories?post=335"},{"taxonomy":"post_tag","embeddable":true,"href":"https:\/\/elcanillita.info\/press\/wp-json\/wp\/v2\/tags?post=335"}],"curies":[{"name":"wp","href":"https:\/\/api.w.org\/{rel}","templated":true}]}}