{"id":334,"date":"2020-02-05T19:36:26","date_gmt":"2020-02-05T22:36:26","guid":{"rendered":"https:\/\/elcanillita.info\/press\/?p=334"},"modified":"2021-09-10T10:00:52","modified_gmt":"2021-09-10T13:00:52","slug":"llegan-california-dos-aviones-estadounidenses-huyen-coronavirus","status":"publish","type":"post","link":"https:\/\/elcanillita.info\/press\/2020\/02\/05\/llegan-california-dos-aviones-estadounidenses-huyen-coronavirus\/","title":{"rendered":"Llegan a California dos aviones con estadounidenses que huyen del coronavirus"},"content":{"rendered":"\n<p>California, 05.02.2020 &#8211; Dos vuelos de Kalitta Air que fueron contratados por el gobierno de Estados Unidos para traer al pa\u00eds a los ciudadanos estadounidenses atrapados en China en medio del brote de coronavirus&nbsp;llegaron el mi\u00e9rcoles temprano a California.<\/p>\n\n\n\n<p>Ambos aviones llegaron a la Base de la Fuerza A\u00e9rea de Travis en Fairfield antes de las 5 a.m., hora local. Uno se reabasteci\u00f3 de combustible y continu\u00f3 hacia MCAS Miramar, aterrizando m\u00e1s tarde en la ma\u00f1ana seg\u00fan el Capit\u00e1n de MCAS Miramar Matt Gregory.<\/p>\n\n\n\n<p>Hay alrededor de 350 pasajeros en los dos aviones. Se espera que dos vuelos m\u00e1s con alrededor de 500 pasajeros m\u00e1s salgan de Wuhan el jueves.<\/p>\n\n\n\n<p>El Pent\u00e1gono eligi\u00f3 cuatro bases militares para acomodar a casi 1.000 pasajeros estadounidenses que evacuan China.<\/p>\n\n\n\n<p>MCAS Miramar en San Diego y Travis Air Force Base en Fairfield estaban entre ellas bases designadas por el Pent\u00e1gono. Los otros dos seleccionados son el 168\u00ba Regimiento del Instituto Regional de Capacitaci\u00f3n en Fort Carson, Colorado y la Base de la Fuerza A\u00e9rea Lackland cerca de San Antonio, Texas.<br><br>\n<small>2020 voanoticias \u2013 salastampa.eu, afiliada a la red Broadcasting Board of Governors \u00a9 2020 BBG<\/small><\/p>\n","protected":false},"excerpt":{"rendered":"<p>California, 05.02.2020 &#8211; Dos vuelos de Kalitta Air que fueron contratados por el gobierno de Estados Unidos para traer al pa\u00eds a los ciudadanos estadounidenses atrapados en China en medio del brote de coronavirus llegaron el mi\u00e9rcoles temprano a California.<\/p>\n","protected":false},"author":1,"featured_media":0,"comment_status":"closed","ping_status":"closed","sticky":false,"template":"","format":"standard","meta":{"footnotes":"","_links_to":"","_links_to_target":""},"categories":[70,9,25],"tags":[34],"class_list":["post-334","post","type-post","status-publish","format-standard","hentry","category-actualidad","category-america-del-norte","category-sociedad","tag-estados-unidos","entry","double"],"yoast_head":"<!-- This site is optimized with the Yoast SEO plugin v27.5 - https:\/\/yoast.com\/product\/yoast-seo-wordpress\/ -->\n<title>Llegan a California dos aviones con estadounidenses que huyen del coronavirus - ElCanillita.Info<\/title>\n<meta name=\"robots\" content=\"index, follow, max-snippet:-1, max-image-preview:large, max-video-preview:-1\" \/>\n<link rel=\"canonical\" href=\"https:\/\/elcanillita.info\/press\/2020\/02\/05\/llegan-california-dos-aviones-estadounidenses-huyen-coronavirus\/\" \/>\n<meta property=\"og:locale\" content=\"es_ES\" \/>\n<meta property=\"og:type\" content=\"article\" \/>\n<meta property=\"og:title\" content=\"Llegan a California dos aviones con estadounidenses que huyen del coronavirus - ElCanillita.Info\" \/>\n<meta property=\"og:description\" content=\"California, 05.02.2020 - Dos vuelos de Kalitta Air que fueron contratados por el gobierno de Estados Unidos para traer al pa\u00eds a los ciudadanos estadounidenses atrapados en China en medio del brote de coronavirus llegaron el mi\u00e9rcoles temprano a California.\" \/>\n<meta property=\"og:url\" content=\"https:\/\/elcanillita.info\/press\/2020\/02\/05\/llegan-california-dos-aviones-estadounidenses-huyen-coronavirus\/\" \/>\n<meta property=\"og:site_name\" content=\"ElCanillita.Info\" \/>\n<meta property=\"article:publisher\" content=\"https:\/\/ar-ar.facebook.com\/ElCanillitainfo-114249515285712\/\" \/>\n<meta property=\"article:published_time\" content=\"2020-02-05T22:36:26+00:00\" \/>\n<meta property=\"article:modified_time\" content=\"2021-09-10T13:00:52+00:00\" \/>\n<meta name=\"author\" content=\"SalaStampa.eu, world press service\" \/>\n<meta name=\"twitter:card\" content=\"summary_large_image\" \/>\n<meta name=\"twitter:label1\" content=\"Escrito por\" \/>\n\t<meta name=\"twitter:data1\" content=\"SalaStampa.eu, world press service\" \/>\n\t<meta name=\"twitter:label2\" content=\"Tiempo de lectura\" \/>\n\t<meta name=\"twitter:data2\" content=\"1 minuto\" \/>\n<script type=\"application\/ld+json\" class=\"yoast-schema-graph\">{\"@context\":\"https:\\\/\\\/schema.org\",\"@graph\":[{\"@type\":\"Article\",\"@id\":\"https:\\\/\\\/elcanillita.info\\\/press\\\/2020\\\/02\\\/05\\\/llegan-california-dos-aviones-estadounidenses-huyen-coronavirus\\\/#article\",\"isPartOf\":{\"@id\":\"https:\\\/\\\/elcanillita.info\\\/press\\\/2020\\\/02\\\/05\\\/llegan-california-dos-aviones-estadounidenses-huyen-coronavirus\\\/\"},\"author\":{\"name\":\"SalaStampa.eu, world press service\",\"@id\":\"https:\\\/\\\/elcanillita.info\\\/press\\\/#\\\/schema\\\/person\\\/7fcb79f38045700919f7da6d97e71ba0\"},\"headline\":\"Llegan a California dos aviones con estadounidenses que huyen del coronavirus\",\"datePublished\":\"2020-02-05T22:36:26+00:00\",\"dateModified\":\"2021-09-10T13:00:52+00:00\",\"mainEntityOfPage\":{\"@id\":\"https:\\\/\\\/elcanillita.info\\\/press\\\/2020\\\/02\\\/05\\\/llegan-california-dos-aviones-estadounidenses-huyen-coronavirus\\\/\"},\"wordCount\":209,\"publisher\":{\"@id\":\"https:\\\/\\\/elcanillita.info\\\/press\\\/#organization\"},\"keywords\":[\"Estados Unidos\"],\"articleSection\":[\"Actualidad\",\"Am\u00e9rica del Norte\",\"Sociedad\"],\"inLanguage\":\"es-AR\"},{\"@type\":\"WebPage\",\"@id\":\"https:\\\/\\\/elcanillita.info\\\/press\\\/2020\\\/02\\\/05\\\/llegan-california-dos-aviones-estadounidenses-huyen-coronavirus\\\/\",\"url\":\"https:\\\/\\\/elcanillita.info\\\/press\\\/2020\\\/02\\\/05\\\/llegan-california-dos-aviones-estadounidenses-huyen-coronavirus\\\/\",\"name\":\"Llegan a California dos aviones con estadounidenses que huyen del coronavirus - ElCanillita.Info\",\"isPartOf\":{\"@id\":\"https:\\\/\\\/elcanillita.info\\\/press\\\/#website\"},\"datePublished\":\"2020-02-05T22:36:26+00:00\",\"dateModified\":\"2021-09-10T13:00:52+00:00\",\"inLanguage\":\"es-AR\",\"potentialAction\":[{\"@type\":\"ReadAction\",\"target\":[\"https:\\\/\\\/elcanillita.info\\\/press\\\/2020\\\/02\\\/05\\\/llegan-california-dos-aviones-estadounidenses-huyen-coronavirus\\\/\"]}]},{\"@type\":\"WebSite\",\"@id\":\"https:\\\/\\\/elcanillita.info\\\/press\\\/#website\",\"url\":\"https:\\\/\\\/elcanillita.info\\\/press\\\/\",\"name\":\"ElCanillita.Info\",\"description\":\"desde los Apeninos a los Andes\",\"publisher\":{\"@id\":\"https:\\\/\\\/elcanillita.info\\\/press\\\/#organization\"},\"potentialAction\":[{\"@type\":\"SearchAction\",\"target\":{\"@type\":\"EntryPoint\",\"urlTemplate\":\"https:\\\/\\\/elcanillita.info\\\/press\\\/?s={search_term_string}\"},\"query-input\":{\"@type\":\"PropertyValueSpecification\",\"valueRequired\":true,\"valueName\":\"search_term_string\"}}],\"inLanguage\":\"es-AR\"},{\"@type\":\"Organization\",\"@id\":\"https:\\\/\\\/elcanillita.info\\\/press\\\/#organization\",\"name\":\"Guzzo Photos & Graphic Publications\",\"url\":\"https:\\\/\\\/elcanillita.info\\\/press\\\/\",\"logo\":{\"@type\":\"ImageObject\",\"inLanguage\":\"es-AR\",\"@id\":\"https:\\\/\\\/elcanillita.info\\\/press\\\/#\\\/schema\\\/logo\\\/image\\\/\",\"url\":\"https:\\\/\\\/elcanillita.info\\\/press\\\/images\\\/2020\\\/01\\\/cropped-cropped-cropped-elcanillitainfo.png\",\"contentUrl\":\"https:\\\/\\\/elcanillita.info\\\/press\\\/images\\\/2020\\\/01\\\/cropped-cropped-cropped-elcanillitainfo.png\",\"width\":460,\"height\":50,\"caption\":\"Guzzo Photos & Graphic Publications\"},\"image\":{\"@id\":\"https:\\\/\\\/elcanillita.info\\\/press\\\/#\\\/schema\\\/logo\\\/image\\\/\"},\"sameAs\":[\"https:\\\/\\\/ar-ar.facebook.com\\\/ElCanillitainfo-114249515285712\\\/\"]},{\"@type\":\"Person\",\"@id\":\"https:\\\/\\\/elcanillita.info\\\/press\\\/#\\\/schema\\\/person\\\/7fcb79f38045700919f7da6d97e71ba0\",\"name\":\"SalaStampa.eu, world press service\",\"image\":{\"@type\":\"ImageObject\",\"inLanguage\":\"es-AR\",\"@id\":\"https:\\\/\\\/secure.gravatar.com\\\/avatar\\\/c2f0e0d515a107624234994507816ca4724c7199cef73fc8bedebf6931d73888?s=96&d=mm&r=g\",\"url\":\"https:\\\/\\\/secure.gravatar.com\\\/avatar\\\/c2f0e0d515a107624234994507816ca4724c7199cef73fc8bedebf6931d73888?s=96&d=mm&r=g\",\"contentUrl\":\"https:\\\/\\\/secure.gravatar.com\\\/avatar\\\/c2f0e0d515a107624234994507816ca4724c7199cef73fc8bedebf6931d73888?s=96&d=mm&r=g\",\"caption\":\"SalaStampa.eu, world press service\"}}]}<\/script>\n<!-- \/ Yoast SEO plugin. -->","yoast_head_json":{"title":"Llegan a California dos aviones con estadounidenses que huyen del coronavirus - ElCanillita.Info","robots":{"index":"index","follow":"follow","max-snippet":"max-snippet:-1","max-image-preview":"max-image-preview:large","max-video-preview":"max-video-preview:-1"},"canonical":"https:\/\/elcanillita.info\/press\/2020\/02\/05\/llegan-california-dos-aviones-estadounidenses-huyen-coronavirus\/","og_locale":"es_ES","og_type":"article","og_title":"Llegan a California dos aviones con estadounidenses que huyen del coronavirus - ElCanillita.Info","og_description":"California, 05.02.2020 - Dos vuelos de Kalitta Air que fueron contratados por el gobierno de Estados Unidos para traer al pa\u00eds a los ciudadanos estadounidenses atrapados en China en medio del brote de coronavirus llegaron el mi\u00e9rcoles temprano a California.","og_url":"https:\/\/elcanillita.info\/press\/2020\/02\/05\/llegan-california-dos-aviones-estadounidenses-huyen-coronavirus\/","og_site_name":"ElCanillita.Info","article_publisher":"https:\/\/ar-ar.facebook.com\/ElCanillitainfo-114249515285712\/","article_published_time":"2020-02-05T22:36:26+00:00","article_modified_time":"2021-09-10T13:00:52+00:00","author":"SalaStampa.eu, world press service","twitter_card":"summary_large_image","twitter_misc":{"Escrito por":"SalaStampa.eu, world press service","Tiempo de lectura":"1 minuto"},"schema":{"@context":"https:\/\/schema.org","@graph":[{"@type":"Article","@id":"https:\/\/elcanillita.info\/press\/2020\/02\/05\/llegan-california-dos-aviones-estadounidenses-huyen-coronavirus\/#article","isPartOf":{"@id":"https:\/\/elcanillita.info\/press\/2020\/02\/05\/llegan-california-dos-aviones-estadounidenses-huyen-coronavirus\/"},"author":{"name":"SalaStampa.eu, world press service","@id":"https:\/\/elcanillita.info\/press\/#\/schema\/person\/7fcb79f38045700919f7da6d97e71ba0"},"headline":"Llegan a California dos aviones con estadounidenses que huyen del coronavirus","datePublished":"2020-02-05T22:36:26+00:00","dateModified":"2021-09-10T13:00:52+00:00","mainEntityOfPage":{"@id":"https:\/\/elcanillita.info\/press\/2020\/02\/05\/llegan-california-dos-aviones-estadounidenses-huyen-coronavirus\/"},"wordCount":209,"publisher":{"@id":"https:\/\/elcanillita.info\/press\/#organization"},"keywords":["Estados Unidos"],"articleSection":["Actualidad","Am\u00e9rica del Norte","Sociedad"],"inLanguage":"es-AR"},{"@type":"WebPage","@id":"https:\/\/elcanillita.info\/press\/2020\/02\/05\/llegan-california-dos-aviones-estadounidenses-huyen-coronavirus\/","url":"https:\/\/elcanillita.info\/press\/2020\/02\/05\/llegan-california-dos-aviones-estadounidenses-huyen-coronavirus\/","name":"Llegan a California dos aviones con estadounidenses que huyen del coronavirus - ElCanillita.Info","isPartOf":{"@id":"https:\/\/elcanillita.info\/press\/#website"},"datePublished":"2020-02-05T22:36:26+00:00","dateModified":"2021-09-10T13:00:52+00:00","inLanguage":"es-AR","potentialAction":[{"@type":"ReadAction","target":["https:\/\/elcanillita.info\/press\/2020\/02\/05\/llegan-california-dos-aviones-estadounidenses-huyen-coronavirus\/"]}]},{"@type":"WebSite","@id":"https:\/\/elcanillita.info\/press\/#website","url":"https:\/\/elcanillita.info\/press\/","name":"ElCanillita.Info","description":"desde los Apeninos a los Andes","publisher":{"@id":"https:\/\/elcanillita.info\/press\/#organization"},"potentialAction":[{"@type":"SearchAction","target":{"@type":"EntryPoint","urlTemplate":"https:\/\/elcanillita.info\/press\/?s={search_term_string}"},"query-input":{"@type":"PropertyValueSpecification","valueRequired":true,"valueName":"search_term_string"}}],"inLanguage":"es-AR"},{"@type":"Organization","@id":"https:\/\/elcanillita.info\/press\/#organization","name":"Guzzo Photos & Graphic Publications","url":"https:\/\/elcanillita.info\/press\/","logo":{"@type":"ImageObject","inLanguage":"es-AR","@id":"https:\/\/elcanillita.info\/press\/#\/schema\/logo\/image\/","url":"https:\/\/elcanillita.info\/press\/images\/2020\/01\/cropped-cropped-cropped-elcanillitainfo.png","contentUrl":"https:\/\/elcanillita.info\/press\/images\/2020\/01\/cropped-cropped-cropped-elcanillitainfo.png","width":460,"height":50,"caption":"Guzzo Photos & Graphic Publications"},"image":{"@id":"https:\/\/elcanillita.info\/press\/#\/schema\/logo\/image\/"},"sameAs":["https:\/\/ar-ar.facebook.com\/ElCanillitainfo-114249515285712\/"]},{"@type":"Person","@id":"https:\/\/elcanillita.info\/press\/#\/schema\/person\/7fcb79f38045700919f7da6d97e71ba0","name":"SalaStampa.eu, world press service","image":{"@type":"ImageObject","inLanguage":"es-AR","@id":"https:\/\/secure.gravatar.com\/avatar\/c2f0e0d515a107624234994507816ca4724c7199cef73fc8bedebf6931d73888?s=96&d=mm&r=g","url":"https:\/\/secure.gravatar.com\/avatar\/c2f0e0d515a107624234994507816ca4724c7199cef73fc8bedebf6931d73888?s=96&d=mm&r=g","contentUrl":"https:\/\/secure.gravatar.com\/avatar\/c2f0e0d515a107624234994507816ca4724c7199cef73fc8bedebf6931d73888?s=96&d=mm&r=g","caption":"SalaStampa.eu, world press service"}}]}},"views":617,"_links":{"self":[{"href":"https:\/\/elcanillita.info\/press\/wp-json\/wp\/v2\/posts\/334","targetHints":{"allow":["GET"]}}],"collection":[{"href":"https:\/\/elcanillita.info\/press\/wp-json\/wp\/v2\/posts"}],"about":[{"href":"https:\/\/elcanillita.info\/press\/wp-json\/wp\/v2\/types\/post"}],"author":[{"embeddable":true,"href":"https:\/\/elcanillita.info\/press\/wp-json\/wp\/v2\/users\/1"}],"replies":[{"embeddable":true,"href":"https:\/\/elcanillita.info\/press\/wp-json\/wp\/v2\/comments?post=334"}],"version-history":[{"count":0,"href":"https:\/\/elcanillita.info\/press\/wp-json\/wp\/v2\/posts\/334\/revisions"}],"wp:attachment":[{"href":"https:\/\/elcanillita.info\/press\/wp-json\/wp\/v2\/media?parent=334"}],"wp:term":[{"taxonomy":"category","embeddable":true,"href":"https:\/\/elcanillita.info\/press\/wp-json\/wp\/v2\/categories?post=334"},{"taxonomy":"post_tag","embeddable":true,"href":"https:\/\/elcanillita.info\/press\/wp-json\/wp\/v2\/tags?post=334"}],"curies":[{"name":"wp","href":"https:\/\/api.w.org\/{rel}","templated":true}]}}