{"id":3331,"date":"2023-03-16T20:45:58","date_gmt":"2023-03-16T23:45:58","guid":{"rendered":"https:\/\/elcanillita.info\/press\/?p=3331"},"modified":"2023-03-18T09:32:50","modified_gmt":"2023-03-18T12:32:50","slug":"argentina-quiere-edesur","status":"publish","type":"post","link":"https:\/\/elcanillita.info\/press\/2023\/03\/16\/argentina-quiere-edesur\/","title":{"rendered":"Argentina quiere Edesur"},"content":{"rendered":"\n<figure class=\"wp-block-image size-large\"><img decoding=\"async\" src=\"https:\/\/elcanillita.info\/press\/images\/2023\/03\/2Ar_202303.jpg\" alt=\"\"\/><\/figure>\n\n\n\n<p>La principal distribuidora de electricidad de Argentina est\u00e1 en el punto de mira. As\u00ed lo afirm\u00f3 el Presidente del Ente Regulador del Sistema El\u00e9ctrico Argentino, Walter Martello, un hombre considerado cercano al actual ministro de Econom\u00eda, Sergio Massa.<\/p>\n\n\n\n<p>En realidad Edesur, es una filial argentina que Enel, empresa multinacional italiana y uno de los principales operadores globales integrados en los sectores de electricidad y gas, ha puesto a la venta, como parte de su plan de desinversi\u00f3n para abandonar el pa\u00eds.<\/p>\n\n\n\n<p>Valorada por el mercado en 250 millones de d\u00f3lares, la empresa se dedica a la distribuci\u00f3n de energ\u00eda en el \u00e1rea de Buenos Aires, y ahora tambi\u00e9n ha despertado el inter\u00e9s de un posible &#8220;accionista p\u00fablico&#8221;, seg\u00fan declaraciones de Walter Martello, gerente del Enre, el organismo nacional argentino de regulaci\u00f3n del mercado el\u00e9ctrico.<\/p>\n\n\n\n<p>Sin embargo, al tratarse de una sociedad perteneciente a una empresa cotizada, el gobierno argentino se cuida de no distorsionar la operaci\u00f3n, aseguran fuentes financieras cercanas al expediente. En la Argentina de Alberto Fern\u00e1ndez, en otras palabras, no se querr\u00eda replicar la pol\u00edtica de nacionalizaciones extremas como las deseadas por Cristina Kirchner, que culminaron con la expropiaci\u00f3n de la filial argentina de Repsol.<br><br>Cabe recordar que el actual Presidente Fern\u00e1ndez, cuando era jefe del gabinete del Consejo de Ministros, dimiti\u00f3 de su cargo a los 7 meses, en julio de 2008, precisamente como reacci\u00f3n a las poco ortodoxas decisiones econ\u00f3micas de la entonces presidente Kirchner. Incluso ahora que la viuda de N\u00e9stor ocupa el cargo de vicepresidente, las relaciones entre ambos distan de ser id\u00edlicas. El Estado puede hacerse cargo de una distribuidora siempre y cuando se apruebe una regulaci\u00f3n, un acto administrativo, y la operaci\u00f3n no provoque una disputa en el ICSID, el \u00f3rgano de resoluci\u00f3n de disputas del Banco Mundial&#8221;.<\/p>\n\n\n\n<p>En la d\u00e9cada de 1990, el programa neoliberal del entonces Presidente Carlos Menem decidi\u00f3 privatizar las empresas estatales que prestaban los principales servicios, al considerar que su nivel de ineficiencia era tal que s\u00f3lo la privatizaci\u00f3n pod\u00eda resolver el problema. As\u00ed, se privatizaron: OSN (agua), SEGBA (electricidad), GAS DEL ESTADO (gas), YPF (petr\u00f3leo), ENTEL (telefon\u00eda), AEROLINEAS ARGENTINAS.<br><br>Este aluvi\u00f3n de privatizaciones fue duramente criticado y sumergido en sospechas de corrupci\u00f3n, favoritismo pol\u00edtico y negociaciones comerciales opacas entre el gobierno, los altos directivos de las empresas que esperaban ser privatizadas y las multinacionales interesadas en la operaci\u00f3n.<\/p>\n\n\n\n<p>El defalut de 2001 puso a las empresas al borde de la quiebra: habr\u00eda habido que renegociar los contratos y subir las tarifas m\u00e1s all\u00e1 de lo posible. No fue as\u00ed; se prefiri\u00f3 la v\u00eda de las subvenciones p\u00fablicas. Por otra parte, sin las subvenciones estatales y la subida de precios las empresas habr\u00edan abandonado el pa\u00eds y los servicios habr\u00edan acabado en el caos.<br><br>Expertos en econom\u00eda afirman que los subsidios a las empresas el\u00e9ctricas alcanzaron los 16 mil millones de pesos (3 mil millones de dolares de entonces). Pero con la devaluaci\u00f3n de la moneda y la congelaci\u00f3n de las tarifas, las empresas dejaron de invertir, porque no era m\u00e1s un negocio rentable operar en Argentina. As\u00ed una vez que desapareci\u00f3 ese margen de beneficio, hubo menos inter\u00e9s en mantener el nivel de calidad de los servicios, tal y cual como sucede hoy.<\/p>\n\n\n\n<p>Y en materia de Nacionalizaci\u00f3n y Titularidad del Estado, Per\u00f3n, ac\u00e9rrimo opositor a los Radicales en el plano electoral, adopt\u00f3 sus consignas: &#8220;Debemos impedir la venta a extranjeros del patrimonio perteneciente a mil generaciones de argentinos&#8221;, hab\u00eda gritado ya el 6 de julio de 1945.<\/p>\n\n\n\n<p>En 1946, el IAPI (ente p\u00fablico argentino cuya finalidad era centralizar el comercio exterior) comenz\u00f3 a monopolizar la compra de los productos agr\u00edcolas nacionales. Ese mismo a\u00f1o, se amortiz\u00f3 la deuda p\u00fablica con el exterior. Entre los servicios, los primeros en ser nacionalizados fueron los tel\u00e9fonos, con la compra de la United River Plate Telephone Co. En cuanto a los ferrocarriles, se aprovech\u00f3 la circunstancia de que los plazos de la concesi\u00f3n estaban a punto de expirar, y se evitaron los contratos correspondientes.<\/p>\n\n\n\n<p>As\u00ed, se compraron 4207 kil\u00f3metros de ferrocarriles franceses por 46 millones de d\u00f3lares, y 24.262 kil\u00f3metros de l\u00edneas ferroviarias brit\u00e1nicas (m\u00e1s de la mitad de toda la red) por 150 millones de libras, lo que comenz\u00f3 a erosionar seriamente las comprimidas reservas de divisas del Estado.<\/p>\n\n\n\n<p>Como ocurre en todas partes, y en particular en los pa\u00edses mal administrados, a la nacionalizaci\u00f3n sigui\u00f3 la inflaci\u00f3n del personal, el aumento de las tarifas, el descuido de las amortizaciones y el empeoramiento de los servicios, mientras el d\u00e9ficit crec\u00eda de forma aterradora. Propio Per\u00f3n, indignado por las crecientes demandas de los empleados ferroviarios, tuvo que recordarles en un discurso, el alt\u00edsimo coste de la operaci\u00f3n. El p\u00fablico se preguntaba con iron\u00eda c\u00f3mo era posible que en sus d\u00edas &#8220;esos malditos capitalistas ingleses&#8221; hubieran conseguido asegurar un mejor rendimiento de los servicios que explotaban, y adem\u00e1s obtener beneficios con ellos.<\/p>\n\n\n\n<p>En cuanto a los tranv\u00edas de Buenos Aires, la recuperaci\u00f3n result\u00f3 ser un mal negocio. El material rodante era lo que los argentinos llaman cachivache, es decir, hierros rotos o inservibles, que la empresa concesionaria no se hab\u00eda molestado en mejorar ante la amenaza de expropiaci\u00f3n. El periodista de origen suizo Alemann, propietario del Argentinisches Tageblatt, de tendencia liberal, observ\u00f3 tras la ca\u00edda de Per\u00f3n que cuando los ferrocarriles estaban en manos de la compa\u00f1\u00eda brit\u00e1nica con 100.000 empleados transportaban 40 millones de toneladas de mercanc\u00edas anuales, pasados al Estado, hab\u00edan llegado a 260.000 empleados en 1962, con un tr\u00e1fico de s\u00f3lo 24 millones de toneladas.<\/p>\n\n\n\n<p>Desde 1946 (diciembre) se hab\u00edan nacionalizado las distintas empresas gas\u00edferas extranjeras, completando la operaci\u00f3n iniciada por el Dr. Castillo que ya hab\u00eda rescatado el puerto de Rosario, y finalmente le toc\u00f3 el turno a la ya mencionada empresa el\u00e9ctrica Bond and Share.<\/p>\n\n\n\n<p>Sobre la base de una ley especial de incautaci\u00f3n de bienes alemanes, el gobierno se hizo cargo del consorcio Bemberg, grandes cerveceros y propietarios de plantaciones de yerba mate en la zona de Misiones: las f\u00e1bricas fueron agrupadas en una sociedad an\u00f3nima confiada a la Confederaci\u00f3n General del Trabajo, que hab\u00eda recibido un pr\u00e9stamo del gobierno para este fin, y las plantaciones a una cooperativa agraria. &#8220;No fue f\u00e1cil derribar este tremendo pulpo del monopolio Bemberg\u2026 este s\u00edmbolo diab\u00f3lico de la explotaci\u00f3n de un pueblo&#8221;, hab\u00eda declamado Per\u00f3n al entregar los t\u00edtulos de propiedad al secretario general de la Confederaci\u00f3n del Trabajo en representaci\u00f3n de los trabajadores argentinos.<\/p>\n\n\n\n<p class=\"has-text-align-left\">A la ca\u00edda del r\u00e9gimen, las comisiones de investigaci\u00f3n revelaron que en realidad el capital se hab\u00eda repartido entre 18 dirigentes de esa confederaci\u00f3n obrera.<br><br><br><small>Copyright \u00a9 2023 ElCanillita.info \/  Guzzo Photos &amp; Graphic Publications &#8211; All rights reserved<\/small><br><br><\/p>\n","protected":false},"excerpt":{"rendered":"<p>Discurso de Juan Domingo Per\u00f3n en un acto de la CGT, disertando sobre la importancia de la Comisi\u00f3n Nacional de Aprendizaje y Orientaci\u00f3n al Profesional &#8211; Febrero de 1949<\/p>\n","protected":false},"author":1,"featured_media":3332,"comment_status":"closed","ping_status":"closed","sticky":false,"template":"","format":"standard","meta":{"footnotes":"","_links_to":"","_links_to_target":""},"categories":[108,70,11,20,23,25],"tags":[29],"class_list":["post-3331","post","type-post","status-publish","format-standard","has-post-thumbnail","hentry","category-blogdiario","category-actualidad","category-america-del-sur","category-economia","category-politica","category-sociedad","tag-argentina","entry","double"],"yoast_head":"<!-- This site is optimized with the Yoast SEO plugin v27.4 - https:\/\/yoast.com\/product\/yoast-seo-wordpress\/ -->\n<title>Argentina quiere Edesur - ElCanillita.Info<\/title>\n<meta name=\"description\" content=\"Edesur, hoy propiedad del grupo Enel, podr\u00eda volver a manos del Estado. Enel tiene en concesi\u00f3n la central hidroel\u00e9ctrica de El Choc\u00f3n hasta agosto de 2023\" \/>\n<meta name=\"robots\" content=\"index, follow, max-snippet:-1, max-image-preview:large, max-video-preview:-1\" \/>\n<link rel=\"canonical\" href=\"https:\/\/elcanillita.info\/press\/2023\/03\/16\/argentina-quiere-edesur\/\" \/>\n<meta property=\"og:locale\" content=\"es_ES\" \/>\n<meta property=\"og:type\" content=\"article\" \/>\n<meta property=\"og:title\" content=\"Argentina quiere Edesur - ElCanillita.Info\" \/>\n<meta property=\"og:description\" content=\"Edesur, hoy propiedad del grupo Enel, podr\u00eda volver a manos del Estado. Enel tiene en concesi\u00f3n la central hidroel\u00e9ctrica de El Choc\u00f3n hasta agosto de 2023\" \/>\n<meta property=\"og:url\" content=\"https:\/\/elcanillita.info\/press\/2023\/03\/16\/argentina-quiere-edesur\/\" \/>\n<meta property=\"og:site_name\" content=\"ElCanillita.Info\" \/>\n<meta property=\"article:publisher\" content=\"https:\/\/ar-ar.facebook.com\/ElCanillitainfo-114249515285712\/\" \/>\n<meta property=\"article:published_time\" content=\"2023-03-16T23:45:58+00:00\" \/>\n<meta property=\"article:modified_time\" content=\"2023-03-18T12:32:50+00:00\" \/>\n<meta property=\"og:image\" content=\"https:\/\/elcanillita.info\/press\/images\/2023\/03\/cgt_20230316_49.jpg\" \/>\n\t<meta property=\"og:image:width\" content=\"600\" \/>\n\t<meta property=\"og:image:height\" content=\"444\" \/>\n\t<meta property=\"og:image:type\" content=\"image\/jpeg\" \/>\n<meta name=\"author\" content=\"SalaStampa.eu, world press service\" \/>\n<meta name=\"twitter:card\" content=\"summary_large_image\" \/>\n<meta name=\"twitter:label1\" content=\"Escrito por\" \/>\n\t<meta name=\"twitter:data1\" content=\"SalaStampa.eu, world press service\" \/>\n\t<meta name=\"twitter:label2\" content=\"Tiempo de lectura\" \/>\n\t<meta name=\"twitter:data2\" content=\"6 minutos\" \/>\n<script type=\"application\/ld+json\" class=\"yoast-schema-graph\">{\"@context\":\"https:\\\/\\\/schema.org\",\"@graph\":[{\"@type\":\"Article\",\"@id\":\"https:\\\/\\\/elcanillita.info\\\/press\\\/2023\\\/03\\\/16\\\/argentina-quiere-edesur\\\/#article\",\"isPartOf\":{\"@id\":\"https:\\\/\\\/elcanillita.info\\\/press\\\/2023\\\/03\\\/16\\\/argentina-quiere-edesur\\\/\"},\"author\":{\"name\":\"SalaStampa.eu, world press service\",\"@id\":\"https:\\\/\\\/elcanillita.info\\\/press\\\/#\\\/schema\\\/person\\\/7fcb79f38045700919f7da6d97e71ba0\"},\"headline\":\"Argentina quiere Edesur\",\"datePublished\":\"2023-03-16T23:45:58+00:00\",\"dateModified\":\"2023-03-18T12:32:50+00:00\",\"mainEntityOfPage\":{\"@id\":\"https:\\\/\\\/elcanillita.info\\\/press\\\/2023\\\/03\\\/16\\\/argentina-quiere-edesur\\\/\"},\"wordCount\":1202,\"publisher\":{\"@id\":\"https:\\\/\\\/elcanillita.info\\\/press\\\/#organization\"},\"image\":{\"@id\":\"https:\\\/\\\/elcanillita.info\\\/press\\\/2023\\\/03\\\/16\\\/argentina-quiere-edesur\\\/#primaryimage\"},\"thumbnailUrl\":\"https:\\\/\\\/elcanillita.info\\\/press\\\/images\\\/2023\\\/03\\\/cgt_20230316_49.jpg\",\"keywords\":[\"Argentina\"],\"articleSection\":[\".\",\"Actualidad\",\"Am\u00e9rica del Sur\",\"Economia\",\"Politica\",\"Sociedad\"],\"inLanguage\":\"es-AR\"},{\"@type\":\"WebPage\",\"@id\":\"https:\\\/\\\/elcanillita.info\\\/press\\\/2023\\\/03\\\/16\\\/argentina-quiere-edesur\\\/\",\"url\":\"https:\\\/\\\/elcanillita.info\\\/press\\\/2023\\\/03\\\/16\\\/argentina-quiere-edesur\\\/\",\"name\":\"Argentina quiere Edesur - ElCanillita.Info\",\"isPartOf\":{\"@id\":\"https:\\\/\\\/elcanillita.info\\\/press\\\/#website\"},\"primaryImageOfPage\":{\"@id\":\"https:\\\/\\\/elcanillita.info\\\/press\\\/2023\\\/03\\\/16\\\/argentina-quiere-edesur\\\/#primaryimage\"},\"image\":{\"@id\":\"https:\\\/\\\/elcanillita.info\\\/press\\\/2023\\\/03\\\/16\\\/argentina-quiere-edesur\\\/#primaryimage\"},\"thumbnailUrl\":\"https:\\\/\\\/elcanillita.info\\\/press\\\/images\\\/2023\\\/03\\\/cgt_20230316_49.jpg\",\"datePublished\":\"2023-03-16T23:45:58+00:00\",\"dateModified\":\"2023-03-18T12:32:50+00:00\",\"description\":\"Edesur, hoy propiedad del grupo Enel, podr\u00eda volver a manos del Estado. Enel tiene en concesi\u00f3n la central hidroel\u00e9ctrica de El Choc\u00f3n hasta agosto de 2023\",\"inLanguage\":\"es-AR\",\"potentialAction\":[{\"@type\":\"ReadAction\",\"target\":[\"https:\\\/\\\/elcanillita.info\\\/press\\\/2023\\\/03\\\/16\\\/argentina-quiere-edesur\\\/\"]}]},{\"@type\":\"ImageObject\",\"inLanguage\":\"es-AR\",\"@id\":\"https:\\\/\\\/elcanillita.info\\\/press\\\/2023\\\/03\\\/16\\\/argentina-quiere-edesur\\\/#primaryimage\",\"url\":\"https:\\\/\\\/elcanillita.info\\\/press\\\/images\\\/2023\\\/03\\\/cgt_20230316_49.jpg\",\"contentUrl\":\"https:\\\/\\\/elcanillita.info\\\/press\\\/images\\\/2023\\\/03\\\/cgt_20230316_49.jpg\",\"width\":600,\"height\":444},{\"@type\":\"WebSite\",\"@id\":\"https:\\\/\\\/elcanillita.info\\\/press\\\/#website\",\"url\":\"https:\\\/\\\/elcanillita.info\\\/press\\\/\",\"name\":\"ElCanillita.Info\",\"description\":\"desde los Apeninos a los Andes\",\"publisher\":{\"@id\":\"https:\\\/\\\/elcanillita.info\\\/press\\\/#organization\"},\"potentialAction\":[{\"@type\":\"SearchAction\",\"target\":{\"@type\":\"EntryPoint\",\"urlTemplate\":\"https:\\\/\\\/elcanillita.info\\\/press\\\/?s={search_term_string}\"},\"query-input\":{\"@type\":\"PropertyValueSpecification\",\"valueRequired\":true,\"valueName\":\"search_term_string\"}}],\"inLanguage\":\"es-AR\"},{\"@type\":\"Organization\",\"@id\":\"https:\\\/\\\/elcanillita.info\\\/press\\\/#organization\",\"name\":\"Guzzo Photos & Graphic Publications\",\"url\":\"https:\\\/\\\/elcanillita.info\\\/press\\\/\",\"logo\":{\"@type\":\"ImageObject\",\"inLanguage\":\"es-AR\",\"@id\":\"https:\\\/\\\/elcanillita.info\\\/press\\\/#\\\/schema\\\/logo\\\/image\\\/\",\"url\":\"https:\\\/\\\/elcanillita.info\\\/press\\\/images\\\/2020\\\/01\\\/cropped-cropped-cropped-elcanillitainfo.png\",\"contentUrl\":\"https:\\\/\\\/elcanillita.info\\\/press\\\/images\\\/2020\\\/01\\\/cropped-cropped-cropped-elcanillitainfo.png\",\"width\":460,\"height\":50,\"caption\":\"Guzzo Photos & Graphic Publications\"},\"image\":{\"@id\":\"https:\\\/\\\/elcanillita.info\\\/press\\\/#\\\/schema\\\/logo\\\/image\\\/\"},\"sameAs\":[\"https:\\\/\\\/ar-ar.facebook.com\\\/ElCanillitainfo-114249515285712\\\/\"]},{\"@type\":\"Person\",\"@id\":\"https:\\\/\\\/elcanillita.info\\\/press\\\/#\\\/schema\\\/person\\\/7fcb79f38045700919f7da6d97e71ba0\",\"name\":\"SalaStampa.eu, world press service\",\"image\":{\"@type\":\"ImageObject\",\"inLanguage\":\"es-AR\",\"@id\":\"https:\\\/\\\/secure.gravatar.com\\\/avatar\\\/c2f0e0d515a107624234994507816ca4724c7199cef73fc8bedebf6931d73888?s=96&d=mm&r=g\",\"url\":\"https:\\\/\\\/secure.gravatar.com\\\/avatar\\\/c2f0e0d515a107624234994507816ca4724c7199cef73fc8bedebf6931d73888?s=96&d=mm&r=g\",\"contentUrl\":\"https:\\\/\\\/secure.gravatar.com\\\/avatar\\\/c2f0e0d515a107624234994507816ca4724c7199cef73fc8bedebf6931d73888?s=96&d=mm&r=g\",\"caption\":\"SalaStampa.eu, world press service\"}}]}<\/script>\n<!-- \/ Yoast SEO plugin. -->","yoast_head_json":{"title":"Argentina quiere Edesur - ElCanillita.Info","description":"Edesur, hoy propiedad del grupo Enel, podr\u00eda volver a manos del Estado. Enel tiene en concesi\u00f3n la central hidroel\u00e9ctrica de El Choc\u00f3n hasta agosto de 2023","robots":{"index":"index","follow":"follow","max-snippet":"max-snippet:-1","max-image-preview":"max-image-preview:large","max-video-preview":"max-video-preview:-1"},"canonical":"https:\/\/elcanillita.info\/press\/2023\/03\/16\/argentina-quiere-edesur\/","og_locale":"es_ES","og_type":"article","og_title":"Argentina quiere Edesur - ElCanillita.Info","og_description":"Edesur, hoy propiedad del grupo Enel, podr\u00eda volver a manos del Estado. Enel tiene en concesi\u00f3n la central hidroel\u00e9ctrica de El Choc\u00f3n hasta agosto de 2023","og_url":"https:\/\/elcanillita.info\/press\/2023\/03\/16\/argentina-quiere-edesur\/","og_site_name":"ElCanillita.Info","article_publisher":"https:\/\/ar-ar.facebook.com\/ElCanillitainfo-114249515285712\/","article_published_time":"2023-03-16T23:45:58+00:00","article_modified_time":"2023-03-18T12:32:50+00:00","og_image":[{"width":600,"height":444,"url":"https:\/\/elcanillita.info\/press\/images\/2023\/03\/cgt_20230316_49.jpg","type":"image\/jpeg"}],"author":"SalaStampa.eu, world press service","twitter_card":"summary_large_image","twitter_misc":{"Escrito por":"SalaStampa.eu, world press service","Tiempo de lectura":"6 minutos"},"schema":{"@context":"https:\/\/schema.org","@graph":[{"@type":"Article","@id":"https:\/\/elcanillita.info\/press\/2023\/03\/16\/argentina-quiere-edesur\/#article","isPartOf":{"@id":"https:\/\/elcanillita.info\/press\/2023\/03\/16\/argentina-quiere-edesur\/"},"author":{"name":"SalaStampa.eu, world press service","@id":"https:\/\/elcanillita.info\/press\/#\/schema\/person\/7fcb79f38045700919f7da6d97e71ba0"},"headline":"Argentina quiere Edesur","datePublished":"2023-03-16T23:45:58+00:00","dateModified":"2023-03-18T12:32:50+00:00","mainEntityOfPage":{"@id":"https:\/\/elcanillita.info\/press\/2023\/03\/16\/argentina-quiere-edesur\/"},"wordCount":1202,"publisher":{"@id":"https:\/\/elcanillita.info\/press\/#organization"},"image":{"@id":"https:\/\/elcanillita.info\/press\/2023\/03\/16\/argentina-quiere-edesur\/#primaryimage"},"thumbnailUrl":"https:\/\/elcanillita.info\/press\/images\/2023\/03\/cgt_20230316_49.jpg","keywords":["Argentina"],"articleSection":[".","Actualidad","Am\u00e9rica del Sur","Economia","Politica","Sociedad"],"inLanguage":"es-AR"},{"@type":"WebPage","@id":"https:\/\/elcanillita.info\/press\/2023\/03\/16\/argentina-quiere-edesur\/","url":"https:\/\/elcanillita.info\/press\/2023\/03\/16\/argentina-quiere-edesur\/","name":"Argentina quiere Edesur - ElCanillita.Info","isPartOf":{"@id":"https:\/\/elcanillita.info\/press\/#website"},"primaryImageOfPage":{"@id":"https:\/\/elcanillita.info\/press\/2023\/03\/16\/argentina-quiere-edesur\/#primaryimage"},"image":{"@id":"https:\/\/elcanillita.info\/press\/2023\/03\/16\/argentina-quiere-edesur\/#primaryimage"},"thumbnailUrl":"https:\/\/elcanillita.info\/press\/images\/2023\/03\/cgt_20230316_49.jpg","datePublished":"2023-03-16T23:45:58+00:00","dateModified":"2023-03-18T12:32:50+00:00","description":"Edesur, hoy propiedad del grupo Enel, podr\u00eda volver a manos del Estado. Enel tiene en concesi\u00f3n la central hidroel\u00e9ctrica de El Choc\u00f3n hasta agosto de 2023","inLanguage":"es-AR","potentialAction":[{"@type":"ReadAction","target":["https:\/\/elcanillita.info\/press\/2023\/03\/16\/argentina-quiere-edesur\/"]}]},{"@type":"ImageObject","inLanguage":"es-AR","@id":"https:\/\/elcanillita.info\/press\/2023\/03\/16\/argentina-quiere-edesur\/#primaryimage","url":"https:\/\/elcanillita.info\/press\/images\/2023\/03\/cgt_20230316_49.jpg","contentUrl":"https:\/\/elcanillita.info\/press\/images\/2023\/03\/cgt_20230316_49.jpg","width":600,"height":444},{"@type":"WebSite","@id":"https:\/\/elcanillita.info\/press\/#website","url":"https:\/\/elcanillita.info\/press\/","name":"ElCanillita.Info","description":"desde los Apeninos a los Andes","publisher":{"@id":"https:\/\/elcanillita.info\/press\/#organization"},"potentialAction":[{"@type":"SearchAction","target":{"@type":"EntryPoint","urlTemplate":"https:\/\/elcanillita.info\/press\/?s={search_term_string}"},"query-input":{"@type":"PropertyValueSpecification","valueRequired":true,"valueName":"search_term_string"}}],"inLanguage":"es-AR"},{"@type":"Organization","@id":"https:\/\/elcanillita.info\/press\/#organization","name":"Guzzo Photos & Graphic Publications","url":"https:\/\/elcanillita.info\/press\/","logo":{"@type":"ImageObject","inLanguage":"es-AR","@id":"https:\/\/elcanillita.info\/press\/#\/schema\/logo\/image\/","url":"https:\/\/elcanillita.info\/press\/images\/2020\/01\/cropped-cropped-cropped-elcanillitainfo.png","contentUrl":"https:\/\/elcanillita.info\/press\/images\/2020\/01\/cropped-cropped-cropped-elcanillitainfo.png","width":460,"height":50,"caption":"Guzzo Photos & Graphic Publications"},"image":{"@id":"https:\/\/elcanillita.info\/press\/#\/schema\/logo\/image\/"},"sameAs":["https:\/\/ar-ar.facebook.com\/ElCanillitainfo-114249515285712\/"]},{"@type":"Person","@id":"https:\/\/elcanillita.info\/press\/#\/schema\/person\/7fcb79f38045700919f7da6d97e71ba0","name":"SalaStampa.eu, world press service","image":{"@type":"ImageObject","inLanguage":"es-AR","@id":"https:\/\/secure.gravatar.com\/avatar\/c2f0e0d515a107624234994507816ca4724c7199cef73fc8bedebf6931d73888?s=96&d=mm&r=g","url":"https:\/\/secure.gravatar.com\/avatar\/c2f0e0d515a107624234994507816ca4724c7199cef73fc8bedebf6931d73888?s=96&d=mm&r=g","contentUrl":"https:\/\/secure.gravatar.com\/avatar\/c2f0e0d515a107624234994507816ca4724c7199cef73fc8bedebf6931d73888?s=96&d=mm&r=g","caption":"SalaStampa.eu, world press service"}}]}},"views":379,"_links":{"self":[{"href":"https:\/\/elcanillita.info\/press\/wp-json\/wp\/v2\/posts\/3331","targetHints":{"allow":["GET"]}}],"collection":[{"href":"https:\/\/elcanillita.info\/press\/wp-json\/wp\/v2\/posts"}],"about":[{"href":"https:\/\/elcanillita.info\/press\/wp-json\/wp\/v2\/types\/post"}],"author":[{"embeddable":true,"href":"https:\/\/elcanillita.info\/press\/wp-json\/wp\/v2\/users\/1"}],"replies":[{"embeddable":true,"href":"https:\/\/elcanillita.info\/press\/wp-json\/wp\/v2\/comments?post=3331"}],"version-history":[{"count":0,"href":"https:\/\/elcanillita.info\/press\/wp-json\/wp\/v2\/posts\/3331\/revisions"}],"wp:featuredmedia":[{"embeddable":true,"href":"https:\/\/elcanillita.info\/press\/wp-json\/wp\/v2\/media\/3332"}],"wp:attachment":[{"href":"https:\/\/elcanillita.info\/press\/wp-json\/wp\/v2\/media?parent=3331"}],"wp:term":[{"taxonomy":"category","embeddable":true,"href":"https:\/\/elcanillita.info\/press\/wp-json\/wp\/v2\/categories?post=3331"},{"taxonomy":"post_tag","embeddable":true,"href":"https:\/\/elcanillita.info\/press\/wp-json\/wp\/v2\/tags?post=3331"}],"curies":[{"name":"wp","href":"https:\/\/api.w.org\/{rel}","templated":true}]}}