{"id":333,"date":"2020-02-05T19:31:30","date_gmt":"2020-02-05T22:31:30","guid":{"rendered":"https:\/\/elcanillita.info\/press\/?p=333"},"modified":"2020-02-05T19:31:31","modified_gmt":"2020-02-05T22:31:31","slug":"foro-penal-impedimento-visita-cidh-victimas-van-quedar-sin-voz","status":"publish","type":"post","link":"https:\/\/elcanillita.info\/press\/2020\/02\/05\/foro-penal-impedimento-visita-cidh-victimas-van-quedar-sin-voz\/","title":{"rendered":"Foro Penal sobre impedimento de visita de CIDH: Las v\u00edctimas no se van a quedar sin voz"},"content":{"rendered":"\n<p>Caracas, 05.02.2020 &#8211; La ONG venezolana Foro Penal rechaz\u00f3 este mi\u00e9rcoles que el gobierno en disputa no permitiera la entrada de la Comisi\u00f3n Interamericana de Derechos Humanos (CIDH) para su visita en terreno, asegurando que marca un \u201cmal precedente\u201d.<\/p>\n\n\n\n<p>\u201cEl hecho de que no se haya permitido la llegada de la Comisi\u00f3n Interamericana de Derechos Humanos, por un lado, sienta un muy mal precedente en cuanto a la posibilidad de que organismos que se ocupan de la tutela de la protecci\u00f3n de los derechos humanos a nivel internacional tengan acceso a los pa\u00edses que, como en Venezuela, se est\u00e1n produciendo situaci\u00f3n de violaciones graves a los derechos humanos a todo nivel\u201d, indic\u00f3 Gonzalo Himiob Santom\u00e9, director vicepresidente de la organizaci\u00f3n.<\/p>\n\n\n\n<p>A la comisi\u00f3n de la CIDH presidida por Esmeralda Arosemena de Troiti\u00f1o se le prohibi\u00f3 este martes abordar un avi\u00f3n desde Panam\u00e1 con direcci\u00f3n a Caracas para comenzar su visita \u201cin loco\u201d de cuatro d\u00edas bajo la invitaci\u00f3n del gobierno interino de Juan Guaid\u00f3, reconocido por cerca de 60 pa\u00edses.<\/p>\n\n\n\n<p>El gobierno en disputa argument\u00f3 que el pa\u00eds ya no forma parte de la Organizaci\u00f3n de los Estados Americanos (OEA), organismo al que pertenece la CIDH.<\/p>\n\n\n\n<p>&#8220;Gobierno de Maduro en desacato con bases de la comunidad internacional&#8221;: CIDH<\/p>\n\n\n\n<p>Por su parte, Alfredo Romero, director presidente de la ONG, record\u00f3 que la CIDH acaba de terminar la misma visita en Chile debido a las denuncias que hubo luego de las protestas que se presentaron en este pa\u00eds.<\/p>\n\n\n\n<p>\u201cNo relacionen el aspecto pol\u00edtico que ocurre en Venezuela con la visita de la Comisi\u00f3n. La Comisi\u00f3n Interamericana de Derechos Humanos ven\u00eda realizando conversaciones, como las ha hecho desde hace mucho tiempo, con las organizaciones de derechos humanos\u201d, afirm\u00f3 Romero.<\/p>\n\n\n\n<p>Por su parte, Himiob indic\u00f3 que esta acci\u00f3n representa una confesi\u00f3n de que \u201ccomo aqu\u00ed se la debe, aqu\u00ed se la teme\u201d. Explic\u00f3 que a pesar del argumento del gobierno de Nicol\u00e1s Maduro, \u201clas responsabilidades en las que ha incurrido el Estado venezolano por violaciones de DD.HH., antes incluso de que nos hayamos retirado de la Convenci\u00f3n Interamericana de DD.HH., siguen plenamente vigentes y esas responsabilidades contin\u00faan\u201d.<\/p>\n\n\n\n<p>Agreg\u00f3 que en el pa\u00eds&nbsp;siguen vigentes otros pactos internacionales, tutelares de DD.HH., supervisados e incluso aplicados por la misma CIDH:&nbsp;\u201cEl hecho de que se hayan retirado de un tratado internacional, no implica que los dem\u00e1s tratados en los que tiene injerencia la CIDH haya perdido su vigencia (\u2026) la CIDH todav\u00eda tiene mucho que decir, tiene potestades de actuaci\u00f3n, y tiene, definitivamente, facultades para verificar si en Venezuela se est\u00e1n cumpliendo esos otros tratados\u201d.&nbsp;<\/p>\n\n\n\n<p>Este impedimento, expres\u00f3 Himiob, lo que hizo fue evitar el contacto y comunicaci\u00f3n directa entre las v\u00edctimas y los relatores. Adem\u00e1s, el gobierno en disputa tambi\u00e9n perdi\u00f3 su oportunidad de \u201cmostrar su versi\u00f3n de los hechos\u201d.<\/p>\n\n\n\n<p>\u201cEllos mismos se mandaron a callar. Ellos mismos se mandaron a perder esa posibilidad de expresar lo que quisieran expresar lo que quisieran expresar en relaci\u00f3n a lo que se ha venido denunciando (\u2026) Eso no implica que las v\u00edctimas se van a quedar sin voz, se van a quedar sin posibilidad de actuaci\u00f3n\u201d.<\/p>\n\n\n\n<p>Romero indic\u00f3 que siguen en conversaciones con la comisi\u00f3n, como parte de su esfuerzo para que las v\u00edctimas sean escuchadas en C\u00facuta, Colombia, donde se instalaron los comisionados.<\/p>\n\n\n\n<p>CIDH confirma que se reunir\u00e1 en Colombia con v\u00edctimas de Venezuela<br>\nPresos pol\u00edticos<\/p>\n\n\n\n<p>Los abogados detallaron que en el pa\u00eds hay 382 presos pol\u00edticos. De esas m\u00e1s de 300 personas que el Foro Penal tiene como presos pol\u00edticos, 121 son militares y 261 civiles. Himiob Santom\u00e9 destac\u00f3 que de esa cifra, solo 20 han sido condenadas.&nbsp;<\/p>\n\n\n\n<p>\u201cSe les est\u00e1 adelantando a 362 personas una sanci\u00f3n sin siquiera haber sido declarados culpable\u201d, indic\u00f3.<\/p>\n\n\n\n<p>Adem\u00e1s, afirm\u00f3 que \u201cninguna instituci\u00f3n penitenciara en Venezuela cumple con las reglas m\u00ednimas para el tratamiento de la ONU. Las prisiones de Venezuela est\u00e1n entre las peores de todo el continente americano\u201d.<\/p>\n\n\n\n<p>La organizaci\u00f3n tambi\u00e9n tiene registradas 15.200 detenciones arbitrarias de car\u00e1cter pol\u00edtico desde el 2014.<br><br>\n<small>2020 voanoticias \u2013 salastampa.eu, afiliada a la red Broadcasting Board of Governors \u00a9 2020 BBG<\/small><\/p>\n","protected":false},"excerpt":{"rendered":"<p>Caracas, 05.02.2020 &#8211; La ONG venezolana Foro Penal rechaz\u00f3 este mi\u00e9rcoles que el gobierno en disputa no permitiera la entrada de la Comisi\u00f3n Interamericana de Derechos Humanos (CIDH) para su visita en terreno, asegurando que marca un \u201cmal precedente\u201d.<\/p>\n","protected":false},"author":1,"featured_media":0,"comment_status":"closed","ping_status":"closed","sticky":false,"template":"","format":"standard","meta":{"footnotes":"","_links_to":"","_links_to_target":""},"categories":[70,11,25],"tags":[37],"class_list":["post-333","post","type-post","status-publish","format-standard","hentry","category-actualidad","category-america-del-sur","category-sociedad","tag-venezuela","entry","double"],"yoast_head":"<!-- This site is optimized with the Yoast SEO plugin v27.5 - https:\/\/yoast.com\/product\/yoast-seo-wordpress\/ -->\n<title>Foro Penal sobre impedimento de visita de CIDH: Las v\u00edctimas no se van a quedar sin voz - ElCanillita.Info<\/title>\n<meta name=\"robots\" content=\"index, follow, max-snippet:-1, max-image-preview:large, max-video-preview:-1\" \/>\n<link rel=\"canonical\" href=\"https:\/\/elcanillita.info\/press\/2020\/02\/05\/foro-penal-impedimento-visita-cidh-victimas-van-quedar-sin-voz\/\" \/>\n<meta property=\"og:locale\" content=\"es_ES\" \/>\n<meta property=\"og:type\" content=\"article\" \/>\n<meta property=\"og:title\" content=\"Foro Penal sobre impedimento de visita de CIDH: Las v\u00edctimas no se van a quedar sin voz - ElCanillita.Info\" \/>\n<meta property=\"og:description\" content=\"Caracas, 05.02.2020 - La ONG venezolana Foro Penal rechaz\u00f3 este mi\u00e9rcoles que el gobierno en disputa no permitiera la entrada de la Comisi\u00f3n Interamericana de Derechos Humanos (CIDH) para su visita en terreno, asegurando que marca un \u201cmal precedente\u201d.\" \/>\n<meta property=\"og:url\" content=\"https:\/\/elcanillita.info\/press\/2020\/02\/05\/foro-penal-impedimento-visita-cidh-victimas-van-quedar-sin-voz\/\" \/>\n<meta property=\"og:site_name\" content=\"ElCanillita.Info\" \/>\n<meta property=\"article:publisher\" content=\"https:\/\/ar-ar.facebook.com\/ElCanillitainfo-114249515285712\/\" \/>\n<meta property=\"article:published_time\" content=\"2020-02-05T22:31:30+00:00\" \/>\n<meta property=\"article:modified_time\" content=\"2020-02-05T22:31:31+00:00\" \/>\n<meta name=\"author\" content=\"SalaStampa.eu, world press service\" \/>\n<meta name=\"twitter:card\" content=\"summary_large_image\" \/>\n<meta name=\"twitter:label1\" content=\"Escrito por\" \/>\n\t<meta name=\"twitter:data1\" content=\"SalaStampa.eu, world press service\" \/>\n\t<meta name=\"twitter:label2\" content=\"Tiempo de lectura\" \/>\n\t<meta name=\"twitter:data2\" content=\"4 minutos\" \/>\n<script type=\"application\/ld+json\" class=\"yoast-schema-graph\">{\"@context\":\"https:\\\/\\\/schema.org\",\"@graph\":[{\"@type\":\"Article\",\"@id\":\"https:\\\/\\\/elcanillita.info\\\/press\\\/2020\\\/02\\\/05\\\/foro-penal-impedimento-visita-cidh-victimas-van-quedar-sin-voz\\\/#article\",\"isPartOf\":{\"@id\":\"https:\\\/\\\/elcanillita.info\\\/press\\\/2020\\\/02\\\/05\\\/foro-penal-impedimento-visita-cidh-victimas-van-quedar-sin-voz\\\/\"},\"author\":{\"name\":\"SalaStampa.eu, world press service\",\"@id\":\"https:\\\/\\\/elcanillita.info\\\/press\\\/#\\\/schema\\\/person\\\/7fcb79f38045700919f7da6d97e71ba0\"},\"headline\":\"Foro Penal sobre impedimento de visita de CIDH: Las v\u00edctimas no se van a quedar sin voz\",\"datePublished\":\"2020-02-05T22:31:30+00:00\",\"dateModified\":\"2020-02-05T22:31:31+00:00\",\"mainEntityOfPage\":{\"@id\":\"https:\\\/\\\/elcanillita.info\\\/press\\\/2020\\\/02\\\/05\\\/foro-penal-impedimento-visita-cidh-victimas-van-quedar-sin-voz\\\/\"},\"wordCount\":748,\"publisher\":{\"@id\":\"https:\\\/\\\/elcanillita.info\\\/press\\\/#organization\"},\"keywords\":[\"Venezuela\"],\"articleSection\":[\"Actualidad\",\"Am\u00e9rica del Sur\",\"Sociedad\"],\"inLanguage\":\"es-AR\"},{\"@type\":\"WebPage\",\"@id\":\"https:\\\/\\\/elcanillita.info\\\/press\\\/2020\\\/02\\\/05\\\/foro-penal-impedimento-visita-cidh-victimas-van-quedar-sin-voz\\\/\",\"url\":\"https:\\\/\\\/elcanillita.info\\\/press\\\/2020\\\/02\\\/05\\\/foro-penal-impedimento-visita-cidh-victimas-van-quedar-sin-voz\\\/\",\"name\":\"Foro Penal sobre impedimento de visita de CIDH: Las v\u00edctimas no se van a quedar sin voz - ElCanillita.Info\",\"isPartOf\":{\"@id\":\"https:\\\/\\\/elcanillita.info\\\/press\\\/#website\"},\"datePublished\":\"2020-02-05T22:31:30+00:00\",\"dateModified\":\"2020-02-05T22:31:31+00:00\",\"inLanguage\":\"es-AR\",\"potentialAction\":[{\"@type\":\"ReadAction\",\"target\":[\"https:\\\/\\\/elcanillita.info\\\/press\\\/2020\\\/02\\\/05\\\/foro-penal-impedimento-visita-cidh-victimas-van-quedar-sin-voz\\\/\"]}]},{\"@type\":\"WebSite\",\"@id\":\"https:\\\/\\\/elcanillita.info\\\/press\\\/#website\",\"url\":\"https:\\\/\\\/elcanillita.info\\\/press\\\/\",\"name\":\"ElCanillita.Info\",\"description\":\"desde los Apeninos a los Andes\",\"publisher\":{\"@id\":\"https:\\\/\\\/elcanillita.info\\\/press\\\/#organization\"},\"potentialAction\":[{\"@type\":\"SearchAction\",\"target\":{\"@type\":\"EntryPoint\",\"urlTemplate\":\"https:\\\/\\\/elcanillita.info\\\/press\\\/?s={search_term_string}\"},\"query-input\":{\"@type\":\"PropertyValueSpecification\",\"valueRequired\":true,\"valueName\":\"search_term_string\"}}],\"inLanguage\":\"es-AR\"},{\"@type\":\"Organization\",\"@id\":\"https:\\\/\\\/elcanillita.info\\\/press\\\/#organization\",\"name\":\"Guzzo Photos & Graphic Publications\",\"url\":\"https:\\\/\\\/elcanillita.info\\\/press\\\/\",\"logo\":{\"@type\":\"ImageObject\",\"inLanguage\":\"es-AR\",\"@id\":\"https:\\\/\\\/elcanillita.info\\\/press\\\/#\\\/schema\\\/logo\\\/image\\\/\",\"url\":\"https:\\\/\\\/elcanillita.info\\\/press\\\/images\\\/2020\\\/01\\\/cropped-cropped-cropped-elcanillitainfo.png\",\"contentUrl\":\"https:\\\/\\\/elcanillita.info\\\/press\\\/images\\\/2020\\\/01\\\/cropped-cropped-cropped-elcanillitainfo.png\",\"width\":460,\"height\":50,\"caption\":\"Guzzo Photos & Graphic Publications\"},\"image\":{\"@id\":\"https:\\\/\\\/elcanillita.info\\\/press\\\/#\\\/schema\\\/logo\\\/image\\\/\"},\"sameAs\":[\"https:\\\/\\\/ar-ar.facebook.com\\\/ElCanillitainfo-114249515285712\\\/\"]},{\"@type\":\"Person\",\"@id\":\"https:\\\/\\\/elcanillita.info\\\/press\\\/#\\\/schema\\\/person\\\/7fcb79f38045700919f7da6d97e71ba0\",\"name\":\"SalaStampa.eu, world press service\",\"image\":{\"@type\":\"ImageObject\",\"inLanguage\":\"es-AR\",\"@id\":\"https:\\\/\\\/secure.gravatar.com\\\/avatar\\\/c2f0e0d515a107624234994507816ca4724c7199cef73fc8bedebf6931d73888?s=96&d=mm&r=g\",\"url\":\"https:\\\/\\\/secure.gravatar.com\\\/avatar\\\/c2f0e0d515a107624234994507816ca4724c7199cef73fc8bedebf6931d73888?s=96&d=mm&r=g\",\"contentUrl\":\"https:\\\/\\\/secure.gravatar.com\\\/avatar\\\/c2f0e0d515a107624234994507816ca4724c7199cef73fc8bedebf6931d73888?s=96&d=mm&r=g\",\"caption\":\"SalaStampa.eu, world press service\"}}]}<\/script>\n<!-- \/ Yoast SEO plugin. -->","yoast_head_json":{"title":"Foro Penal sobre impedimento de visita de CIDH: Las v\u00edctimas no se van a quedar sin voz - ElCanillita.Info","robots":{"index":"index","follow":"follow","max-snippet":"max-snippet:-1","max-image-preview":"max-image-preview:large","max-video-preview":"max-video-preview:-1"},"canonical":"https:\/\/elcanillita.info\/press\/2020\/02\/05\/foro-penal-impedimento-visita-cidh-victimas-van-quedar-sin-voz\/","og_locale":"es_ES","og_type":"article","og_title":"Foro Penal sobre impedimento de visita de CIDH: Las v\u00edctimas no se van a quedar sin voz - ElCanillita.Info","og_description":"Caracas, 05.02.2020 - La ONG venezolana Foro Penal rechaz\u00f3 este mi\u00e9rcoles que el gobierno en disputa no permitiera la entrada de la Comisi\u00f3n Interamericana de Derechos Humanos (CIDH) para su visita en terreno, asegurando que marca un \u201cmal precedente\u201d.","og_url":"https:\/\/elcanillita.info\/press\/2020\/02\/05\/foro-penal-impedimento-visita-cidh-victimas-van-quedar-sin-voz\/","og_site_name":"ElCanillita.Info","article_publisher":"https:\/\/ar-ar.facebook.com\/ElCanillitainfo-114249515285712\/","article_published_time":"2020-02-05T22:31:30+00:00","article_modified_time":"2020-02-05T22:31:31+00:00","author":"SalaStampa.eu, world press service","twitter_card":"summary_large_image","twitter_misc":{"Escrito por":"SalaStampa.eu, world press service","Tiempo de lectura":"4 minutos"},"schema":{"@context":"https:\/\/schema.org","@graph":[{"@type":"Article","@id":"https:\/\/elcanillita.info\/press\/2020\/02\/05\/foro-penal-impedimento-visita-cidh-victimas-van-quedar-sin-voz\/#article","isPartOf":{"@id":"https:\/\/elcanillita.info\/press\/2020\/02\/05\/foro-penal-impedimento-visita-cidh-victimas-van-quedar-sin-voz\/"},"author":{"name":"SalaStampa.eu, world press service","@id":"https:\/\/elcanillita.info\/press\/#\/schema\/person\/7fcb79f38045700919f7da6d97e71ba0"},"headline":"Foro Penal sobre impedimento de visita de CIDH: Las v\u00edctimas no se van a quedar sin voz","datePublished":"2020-02-05T22:31:30+00:00","dateModified":"2020-02-05T22:31:31+00:00","mainEntityOfPage":{"@id":"https:\/\/elcanillita.info\/press\/2020\/02\/05\/foro-penal-impedimento-visita-cidh-victimas-van-quedar-sin-voz\/"},"wordCount":748,"publisher":{"@id":"https:\/\/elcanillita.info\/press\/#organization"},"keywords":["Venezuela"],"articleSection":["Actualidad","Am\u00e9rica del Sur","Sociedad"],"inLanguage":"es-AR"},{"@type":"WebPage","@id":"https:\/\/elcanillita.info\/press\/2020\/02\/05\/foro-penal-impedimento-visita-cidh-victimas-van-quedar-sin-voz\/","url":"https:\/\/elcanillita.info\/press\/2020\/02\/05\/foro-penal-impedimento-visita-cidh-victimas-van-quedar-sin-voz\/","name":"Foro Penal sobre impedimento de visita de CIDH: Las v\u00edctimas no se van a quedar sin voz - ElCanillita.Info","isPartOf":{"@id":"https:\/\/elcanillita.info\/press\/#website"},"datePublished":"2020-02-05T22:31:30+00:00","dateModified":"2020-02-05T22:31:31+00:00","inLanguage":"es-AR","potentialAction":[{"@type":"ReadAction","target":["https:\/\/elcanillita.info\/press\/2020\/02\/05\/foro-penal-impedimento-visita-cidh-victimas-van-quedar-sin-voz\/"]}]},{"@type":"WebSite","@id":"https:\/\/elcanillita.info\/press\/#website","url":"https:\/\/elcanillita.info\/press\/","name":"ElCanillita.Info","description":"desde los Apeninos a los Andes","publisher":{"@id":"https:\/\/elcanillita.info\/press\/#organization"},"potentialAction":[{"@type":"SearchAction","target":{"@type":"EntryPoint","urlTemplate":"https:\/\/elcanillita.info\/press\/?s={search_term_string}"},"query-input":{"@type":"PropertyValueSpecification","valueRequired":true,"valueName":"search_term_string"}}],"inLanguage":"es-AR"},{"@type":"Organization","@id":"https:\/\/elcanillita.info\/press\/#organization","name":"Guzzo Photos & Graphic Publications","url":"https:\/\/elcanillita.info\/press\/","logo":{"@type":"ImageObject","inLanguage":"es-AR","@id":"https:\/\/elcanillita.info\/press\/#\/schema\/logo\/image\/","url":"https:\/\/elcanillita.info\/press\/images\/2020\/01\/cropped-cropped-cropped-elcanillitainfo.png","contentUrl":"https:\/\/elcanillita.info\/press\/images\/2020\/01\/cropped-cropped-cropped-elcanillitainfo.png","width":460,"height":50,"caption":"Guzzo Photos & Graphic Publications"},"image":{"@id":"https:\/\/elcanillita.info\/press\/#\/schema\/logo\/image\/"},"sameAs":["https:\/\/ar-ar.facebook.com\/ElCanillitainfo-114249515285712\/"]},{"@type":"Person","@id":"https:\/\/elcanillita.info\/press\/#\/schema\/person\/7fcb79f38045700919f7da6d97e71ba0","name":"SalaStampa.eu, world press service","image":{"@type":"ImageObject","inLanguage":"es-AR","@id":"https:\/\/secure.gravatar.com\/avatar\/c2f0e0d515a107624234994507816ca4724c7199cef73fc8bedebf6931d73888?s=96&d=mm&r=g","url":"https:\/\/secure.gravatar.com\/avatar\/c2f0e0d515a107624234994507816ca4724c7199cef73fc8bedebf6931d73888?s=96&d=mm&r=g","contentUrl":"https:\/\/secure.gravatar.com\/avatar\/c2f0e0d515a107624234994507816ca4724c7199cef73fc8bedebf6931d73888?s=96&d=mm&r=g","caption":"SalaStampa.eu, world press service"}}]}},"views":724,"_links":{"self":[{"href":"https:\/\/elcanillita.info\/press\/wp-json\/wp\/v2\/posts\/333","targetHints":{"allow":["GET"]}}],"collection":[{"href":"https:\/\/elcanillita.info\/press\/wp-json\/wp\/v2\/posts"}],"about":[{"href":"https:\/\/elcanillita.info\/press\/wp-json\/wp\/v2\/types\/post"}],"author":[{"embeddable":true,"href":"https:\/\/elcanillita.info\/press\/wp-json\/wp\/v2\/users\/1"}],"replies":[{"embeddable":true,"href":"https:\/\/elcanillita.info\/press\/wp-json\/wp\/v2\/comments?post=333"}],"version-history":[{"count":0,"href":"https:\/\/elcanillita.info\/press\/wp-json\/wp\/v2\/posts\/333\/revisions"}],"wp:attachment":[{"href":"https:\/\/elcanillita.info\/press\/wp-json\/wp\/v2\/media?parent=333"}],"wp:term":[{"taxonomy":"category","embeddable":true,"href":"https:\/\/elcanillita.info\/press\/wp-json\/wp\/v2\/categories?post=333"},{"taxonomy":"post_tag","embeddable":true,"href":"https:\/\/elcanillita.info\/press\/wp-json\/wp\/v2\/tags?post=333"}],"curies":[{"name":"wp","href":"https:\/\/api.w.org\/{rel}","templated":true}]}}