{"id":332,"date":"2020-02-05T19:26:34","date_gmt":"2020-02-05T22:26:34","guid":{"rendered":"https:\/\/elcanillita.info\/press\/?p=332"},"modified":"2020-02-05T19:26:35","modified_gmt":"2020-02-05T22:26:35","slug":"canciller-venezolano-califica-trump-charlatan-soberbio-criticas-maduro","status":"publish","type":"post","link":"https:\/\/elcanillita.info\/press\/2020\/02\/05\/canciller-venezolano-califica-trump-charlatan-soberbio-criticas-maduro\/","title":{"rendered":"Canciller venezolano califica a Trump de &#8220;charlat\u00e1n soberbio&#8221; por cr\u00edticas a Maduro"},"content":{"rendered":"\n<p>Caracas, 05.02.2020 &#8211; El canciller de Venezuela, Jorge Arreaza, dijo el mi\u00e9rcoles que Donald Trump es un &#8220;charlat\u00e1n soberbio&#8221;, en respuesta a las cr\u00edticas del presidente de Estados Unidos a Nicol\u00e1s Maduro durante su discurso sobre el estado de la Uni\u00f3n.<\/p>\n\n\n\n<p>En su aparici\u00f3n ante el Congreso el martes por la noche, Trump calific\u00f3 al Gobierno del l\u00edder socialista de ileg\u00edtimo y sostuvo que &#8220;la tiran\u00eda de Maduro ser\u00e1 aplastada&#8221;.<\/p>\n\n\n\n<p>El mandatario estadounidense aprovech\u00f3 este martes para reiterar su apoyo al gobierno en disputa liderado por Juan Guaid\u00f3, quien asisti\u00f3 en Washington al discurso sobre el Estado de la Naci\u00f3n en calidad de invitado de la Casa Blanca.<\/p>\n\n\n\n<p>Tras presentar al presidente interino venezolano, que fue recibido con una ovaci\u00f3n por representantes de ambos partidos, Trump se dirigi\u00f3 directamente a Guaid\u00f3 y le pidi\u00f3:&nbsp;&#8220;Por favor lleve este mensaje de vuelta [a su pa\u00eds]: EE.UU. est\u00e1 unido con la lucha de Venezuela por la libertad&#8221;.<\/p>\n\n\n\n<p>Trump aprovech\u00f3 su intervenci\u00f3n para&nbsp;resaltar la &#8220;coalici\u00f3n internacional&#8221; que Washington ha liderado en contra &#8220;del dictador socialista&#8221; Nicol\u00e1s Maduro, a quien acus\u00f3, adem\u00e1s, de ser &#8220;un dirigente ileg\u00edtimo, un tirano que trata brutalmente a su gente\u201d.<\/p>\n\n\n\n<p>La reacci\u00f3n de Caracas no ha tardado en llegar y este mismo mi\u00e9rcoles, durante una rueda de prensa, Arreaza ha acusado a Trump de faltarle el respeto a la soberan\u00eda de Venezuela y despreciar la paz por sus &#8220;\u00ednfulas de emperador&#8221;.<\/p>\n\n\n\n<p>Por su parte, Washington ha advertido al gobierno en disputa de Maduro que, en caso de dificultar el regreso de Guaid\u00f3 a Venezuela, se enfrentar\u00eda a &#8220;consecuencias muy significativas&#8221;.<\/p>\n\n\n\n<p>&#8220;Cualquier da\u00f1o que puedan causar a Juan Guaid\u00f3 a su regreso a Venezuela tendr\u00e1 consecuencias muy significativas (\u2026). Por lo tanto, deben pisar con mucho cuidado al respecto&#8221;, advirti\u00f3 un funcionario de la Casa Blanca durante una rueda de prensa telef\u00f3nica.<br><br>\n<small>2020 voanoticias \u2013 salastampa.eu, afiliada a la red Broadcasting Board of Governors \u00a9 2020 BBG<\/small><\/p>\n\n\n\n<p> <\/p>\n","protected":false},"excerpt":{"rendered":"<p>Caracas, 05.02.2020 &#8211; El canciller de Venezuela, Jorge Arreaza, dijo el mi\u00e9rcoles que Donald Trump es un &#8220;charlat\u00e1n soberbio&#8221;, en respuesta a las cr\u00edticas del presidente de Estados Unidos a Nicol\u00e1s Maduro durante su discurso sobre el estado de la Uni\u00f3n.<\/p>\n","protected":false},"author":1,"featured_media":0,"comment_status":"closed","ping_status":"closed","sticky":false,"template":"","format":"standard","meta":{"footnotes":"","_links_to":"","_links_to_target":""},"categories":[70,11,23],"tags":[37],"class_list":["post-332","post","type-post","status-publish","format-standard","hentry","category-actualidad","category-america-del-sur","category-politica","tag-venezuela","entry","double"],"yoast_head":"<!-- This site is optimized with the Yoast SEO plugin v27.5 - https:\/\/yoast.com\/product\/yoast-seo-wordpress\/ -->\n<title>Canciller venezolano califica a Trump de &quot;charlat\u00e1n soberbio&quot; por cr\u00edticas a Maduro - ElCanillita.Info<\/title>\n<meta name=\"robots\" content=\"index, follow, max-snippet:-1, max-image-preview:large, max-video-preview:-1\" \/>\n<link rel=\"canonical\" href=\"https:\/\/elcanillita.info\/press\/2020\/02\/05\/canciller-venezolano-califica-trump-charlatan-soberbio-criticas-maduro\/\" \/>\n<meta property=\"og:locale\" content=\"es_ES\" \/>\n<meta property=\"og:type\" content=\"article\" \/>\n<meta property=\"og:title\" content=\"Canciller venezolano califica a Trump de &quot;charlat\u00e1n soberbio&quot; por cr\u00edticas a Maduro - ElCanillita.Info\" \/>\n<meta property=\"og:description\" content=\"Caracas, 05.02.2020 - El canciller de Venezuela, Jorge Arreaza, dijo el mi\u00e9rcoles que Donald Trump es un &quot;charlat\u00e1n soberbio&quot;, en respuesta a las cr\u00edticas del presidente de Estados Unidos a Nicol\u00e1s Maduro durante su discurso sobre el estado de la Uni\u00f3n.\" \/>\n<meta property=\"og:url\" content=\"https:\/\/elcanillita.info\/press\/2020\/02\/05\/canciller-venezolano-califica-trump-charlatan-soberbio-criticas-maduro\/\" \/>\n<meta property=\"og:site_name\" content=\"ElCanillita.Info\" \/>\n<meta property=\"article:publisher\" content=\"https:\/\/ar-ar.facebook.com\/ElCanillitainfo-114249515285712\/\" \/>\n<meta property=\"article:published_time\" content=\"2020-02-05T22:26:34+00:00\" \/>\n<meta property=\"article:modified_time\" content=\"2020-02-05T22:26:35+00:00\" \/>\n<meta name=\"author\" content=\"SalaStampa.eu, world press service\" \/>\n<meta name=\"twitter:card\" content=\"summary_large_image\" \/>\n<meta name=\"twitter:label1\" content=\"Escrito por\" \/>\n\t<meta name=\"twitter:data1\" content=\"SalaStampa.eu, world press service\" \/>\n\t<meta name=\"twitter:label2\" content=\"Tiempo de lectura\" \/>\n\t<meta name=\"twitter:data2\" content=\"2 minutos\" \/>\n<script type=\"application\/ld+json\" class=\"yoast-schema-graph\">{\"@context\":\"https:\\\/\\\/schema.org\",\"@graph\":[{\"@type\":\"Article\",\"@id\":\"https:\\\/\\\/elcanillita.info\\\/press\\\/2020\\\/02\\\/05\\\/canciller-venezolano-califica-trump-charlatan-soberbio-criticas-maduro\\\/#article\",\"isPartOf\":{\"@id\":\"https:\\\/\\\/elcanillita.info\\\/press\\\/2020\\\/02\\\/05\\\/canciller-venezolano-califica-trump-charlatan-soberbio-criticas-maduro\\\/\"},\"author\":{\"name\":\"SalaStampa.eu, world press service\",\"@id\":\"https:\\\/\\\/elcanillita.info\\\/press\\\/#\\\/schema\\\/person\\\/7fcb79f38045700919f7da6d97e71ba0\"},\"headline\":\"Canciller venezolano califica a Trump de &#8220;charlat\u00e1n soberbio&#8221; por cr\u00edticas a Maduro\",\"datePublished\":\"2020-02-05T22:26:34+00:00\",\"dateModified\":\"2020-02-05T22:26:35+00:00\",\"mainEntityOfPage\":{\"@id\":\"https:\\\/\\\/elcanillita.info\\\/press\\\/2020\\\/02\\\/05\\\/canciller-venezolano-califica-trump-charlatan-soberbio-criticas-maduro\\\/\"},\"wordCount\":353,\"publisher\":{\"@id\":\"https:\\\/\\\/elcanillita.info\\\/press\\\/#organization\"},\"keywords\":[\"Venezuela\"],\"articleSection\":[\"Actualidad\",\"Am\u00e9rica del Sur\",\"Politica\"],\"inLanguage\":\"es-AR\"},{\"@type\":\"WebPage\",\"@id\":\"https:\\\/\\\/elcanillita.info\\\/press\\\/2020\\\/02\\\/05\\\/canciller-venezolano-califica-trump-charlatan-soberbio-criticas-maduro\\\/\",\"url\":\"https:\\\/\\\/elcanillita.info\\\/press\\\/2020\\\/02\\\/05\\\/canciller-venezolano-califica-trump-charlatan-soberbio-criticas-maduro\\\/\",\"name\":\"Canciller venezolano califica a Trump de \\\"charlat\u00e1n soberbio\\\" por cr\u00edticas a Maduro - ElCanillita.Info\",\"isPartOf\":{\"@id\":\"https:\\\/\\\/elcanillita.info\\\/press\\\/#website\"},\"datePublished\":\"2020-02-05T22:26:34+00:00\",\"dateModified\":\"2020-02-05T22:26:35+00:00\",\"inLanguage\":\"es-AR\",\"potentialAction\":[{\"@type\":\"ReadAction\",\"target\":[\"https:\\\/\\\/elcanillita.info\\\/press\\\/2020\\\/02\\\/05\\\/canciller-venezolano-califica-trump-charlatan-soberbio-criticas-maduro\\\/\"]}]},{\"@type\":\"WebSite\",\"@id\":\"https:\\\/\\\/elcanillita.info\\\/press\\\/#website\",\"url\":\"https:\\\/\\\/elcanillita.info\\\/press\\\/\",\"name\":\"ElCanillita.Info\",\"description\":\"desde los Apeninos a los Andes\",\"publisher\":{\"@id\":\"https:\\\/\\\/elcanillita.info\\\/press\\\/#organization\"},\"potentialAction\":[{\"@type\":\"SearchAction\",\"target\":{\"@type\":\"EntryPoint\",\"urlTemplate\":\"https:\\\/\\\/elcanillita.info\\\/press\\\/?s={search_term_string}\"},\"query-input\":{\"@type\":\"PropertyValueSpecification\",\"valueRequired\":true,\"valueName\":\"search_term_string\"}}],\"inLanguage\":\"es-AR\"},{\"@type\":\"Organization\",\"@id\":\"https:\\\/\\\/elcanillita.info\\\/press\\\/#organization\",\"name\":\"Guzzo Photos & Graphic Publications\",\"url\":\"https:\\\/\\\/elcanillita.info\\\/press\\\/\",\"logo\":{\"@type\":\"ImageObject\",\"inLanguage\":\"es-AR\",\"@id\":\"https:\\\/\\\/elcanillita.info\\\/press\\\/#\\\/schema\\\/logo\\\/image\\\/\",\"url\":\"https:\\\/\\\/elcanillita.info\\\/press\\\/images\\\/2020\\\/01\\\/cropped-cropped-cropped-elcanillitainfo.png\",\"contentUrl\":\"https:\\\/\\\/elcanillita.info\\\/press\\\/images\\\/2020\\\/01\\\/cropped-cropped-cropped-elcanillitainfo.png\",\"width\":460,\"height\":50,\"caption\":\"Guzzo Photos & Graphic Publications\"},\"image\":{\"@id\":\"https:\\\/\\\/elcanillita.info\\\/press\\\/#\\\/schema\\\/logo\\\/image\\\/\"},\"sameAs\":[\"https:\\\/\\\/ar-ar.facebook.com\\\/ElCanillitainfo-114249515285712\\\/\"]},{\"@type\":\"Person\",\"@id\":\"https:\\\/\\\/elcanillita.info\\\/press\\\/#\\\/schema\\\/person\\\/7fcb79f38045700919f7da6d97e71ba0\",\"name\":\"SalaStampa.eu, world press service\",\"image\":{\"@type\":\"ImageObject\",\"inLanguage\":\"es-AR\",\"@id\":\"https:\\\/\\\/secure.gravatar.com\\\/avatar\\\/c2f0e0d515a107624234994507816ca4724c7199cef73fc8bedebf6931d73888?s=96&d=mm&r=g\",\"url\":\"https:\\\/\\\/secure.gravatar.com\\\/avatar\\\/c2f0e0d515a107624234994507816ca4724c7199cef73fc8bedebf6931d73888?s=96&d=mm&r=g\",\"contentUrl\":\"https:\\\/\\\/secure.gravatar.com\\\/avatar\\\/c2f0e0d515a107624234994507816ca4724c7199cef73fc8bedebf6931d73888?s=96&d=mm&r=g\",\"caption\":\"SalaStampa.eu, world press service\"}}]}<\/script>\n<!-- \/ Yoast SEO plugin. -->","yoast_head_json":{"title":"Canciller venezolano califica a Trump de \"charlat\u00e1n soberbio\" por cr\u00edticas a Maduro - ElCanillita.Info","robots":{"index":"index","follow":"follow","max-snippet":"max-snippet:-1","max-image-preview":"max-image-preview:large","max-video-preview":"max-video-preview:-1"},"canonical":"https:\/\/elcanillita.info\/press\/2020\/02\/05\/canciller-venezolano-califica-trump-charlatan-soberbio-criticas-maduro\/","og_locale":"es_ES","og_type":"article","og_title":"Canciller venezolano califica a Trump de \"charlat\u00e1n soberbio\" por cr\u00edticas a Maduro - ElCanillita.Info","og_description":"Caracas, 05.02.2020 - El canciller de Venezuela, Jorge Arreaza, dijo el mi\u00e9rcoles que Donald Trump es un \"charlat\u00e1n soberbio\", en respuesta a las cr\u00edticas del presidente de Estados Unidos a Nicol\u00e1s Maduro durante su discurso sobre el estado de la Uni\u00f3n.","og_url":"https:\/\/elcanillita.info\/press\/2020\/02\/05\/canciller-venezolano-califica-trump-charlatan-soberbio-criticas-maduro\/","og_site_name":"ElCanillita.Info","article_publisher":"https:\/\/ar-ar.facebook.com\/ElCanillitainfo-114249515285712\/","article_published_time":"2020-02-05T22:26:34+00:00","article_modified_time":"2020-02-05T22:26:35+00:00","author":"SalaStampa.eu, world press service","twitter_card":"summary_large_image","twitter_misc":{"Escrito por":"SalaStampa.eu, world press service","Tiempo de lectura":"2 minutos"},"schema":{"@context":"https:\/\/schema.org","@graph":[{"@type":"Article","@id":"https:\/\/elcanillita.info\/press\/2020\/02\/05\/canciller-venezolano-califica-trump-charlatan-soberbio-criticas-maduro\/#article","isPartOf":{"@id":"https:\/\/elcanillita.info\/press\/2020\/02\/05\/canciller-venezolano-califica-trump-charlatan-soberbio-criticas-maduro\/"},"author":{"name":"SalaStampa.eu, world press service","@id":"https:\/\/elcanillita.info\/press\/#\/schema\/person\/7fcb79f38045700919f7da6d97e71ba0"},"headline":"Canciller venezolano califica a Trump de &#8220;charlat\u00e1n soberbio&#8221; por cr\u00edticas a Maduro","datePublished":"2020-02-05T22:26:34+00:00","dateModified":"2020-02-05T22:26:35+00:00","mainEntityOfPage":{"@id":"https:\/\/elcanillita.info\/press\/2020\/02\/05\/canciller-venezolano-califica-trump-charlatan-soberbio-criticas-maduro\/"},"wordCount":353,"publisher":{"@id":"https:\/\/elcanillita.info\/press\/#organization"},"keywords":["Venezuela"],"articleSection":["Actualidad","Am\u00e9rica del Sur","Politica"],"inLanguage":"es-AR"},{"@type":"WebPage","@id":"https:\/\/elcanillita.info\/press\/2020\/02\/05\/canciller-venezolano-califica-trump-charlatan-soberbio-criticas-maduro\/","url":"https:\/\/elcanillita.info\/press\/2020\/02\/05\/canciller-venezolano-califica-trump-charlatan-soberbio-criticas-maduro\/","name":"Canciller venezolano califica a Trump de \"charlat\u00e1n soberbio\" por cr\u00edticas a Maduro - ElCanillita.Info","isPartOf":{"@id":"https:\/\/elcanillita.info\/press\/#website"},"datePublished":"2020-02-05T22:26:34+00:00","dateModified":"2020-02-05T22:26:35+00:00","inLanguage":"es-AR","potentialAction":[{"@type":"ReadAction","target":["https:\/\/elcanillita.info\/press\/2020\/02\/05\/canciller-venezolano-califica-trump-charlatan-soberbio-criticas-maduro\/"]}]},{"@type":"WebSite","@id":"https:\/\/elcanillita.info\/press\/#website","url":"https:\/\/elcanillita.info\/press\/","name":"ElCanillita.Info","description":"desde los Apeninos a los Andes","publisher":{"@id":"https:\/\/elcanillita.info\/press\/#organization"},"potentialAction":[{"@type":"SearchAction","target":{"@type":"EntryPoint","urlTemplate":"https:\/\/elcanillita.info\/press\/?s={search_term_string}"},"query-input":{"@type":"PropertyValueSpecification","valueRequired":true,"valueName":"search_term_string"}}],"inLanguage":"es-AR"},{"@type":"Organization","@id":"https:\/\/elcanillita.info\/press\/#organization","name":"Guzzo Photos & Graphic Publications","url":"https:\/\/elcanillita.info\/press\/","logo":{"@type":"ImageObject","inLanguage":"es-AR","@id":"https:\/\/elcanillita.info\/press\/#\/schema\/logo\/image\/","url":"https:\/\/elcanillita.info\/press\/images\/2020\/01\/cropped-cropped-cropped-elcanillitainfo.png","contentUrl":"https:\/\/elcanillita.info\/press\/images\/2020\/01\/cropped-cropped-cropped-elcanillitainfo.png","width":460,"height":50,"caption":"Guzzo Photos & Graphic Publications"},"image":{"@id":"https:\/\/elcanillita.info\/press\/#\/schema\/logo\/image\/"},"sameAs":["https:\/\/ar-ar.facebook.com\/ElCanillitainfo-114249515285712\/"]},{"@type":"Person","@id":"https:\/\/elcanillita.info\/press\/#\/schema\/person\/7fcb79f38045700919f7da6d97e71ba0","name":"SalaStampa.eu, world press service","image":{"@type":"ImageObject","inLanguage":"es-AR","@id":"https:\/\/secure.gravatar.com\/avatar\/c2f0e0d515a107624234994507816ca4724c7199cef73fc8bedebf6931d73888?s=96&d=mm&r=g","url":"https:\/\/secure.gravatar.com\/avatar\/c2f0e0d515a107624234994507816ca4724c7199cef73fc8bedebf6931d73888?s=96&d=mm&r=g","contentUrl":"https:\/\/secure.gravatar.com\/avatar\/c2f0e0d515a107624234994507816ca4724c7199cef73fc8bedebf6931d73888?s=96&d=mm&r=g","caption":"SalaStampa.eu, world press service"}}]}},"views":720,"_links":{"self":[{"href":"https:\/\/elcanillita.info\/press\/wp-json\/wp\/v2\/posts\/332","targetHints":{"allow":["GET"]}}],"collection":[{"href":"https:\/\/elcanillita.info\/press\/wp-json\/wp\/v2\/posts"}],"about":[{"href":"https:\/\/elcanillita.info\/press\/wp-json\/wp\/v2\/types\/post"}],"author":[{"embeddable":true,"href":"https:\/\/elcanillita.info\/press\/wp-json\/wp\/v2\/users\/1"}],"replies":[{"embeddable":true,"href":"https:\/\/elcanillita.info\/press\/wp-json\/wp\/v2\/comments?post=332"}],"version-history":[{"count":0,"href":"https:\/\/elcanillita.info\/press\/wp-json\/wp\/v2\/posts\/332\/revisions"}],"wp:attachment":[{"href":"https:\/\/elcanillita.info\/press\/wp-json\/wp\/v2\/media?parent=332"}],"wp:term":[{"taxonomy":"category","embeddable":true,"href":"https:\/\/elcanillita.info\/press\/wp-json\/wp\/v2\/categories?post=332"},{"taxonomy":"post_tag","embeddable":true,"href":"https:\/\/elcanillita.info\/press\/wp-json\/wp\/v2\/tags?post=332"}],"curies":[{"name":"wp","href":"https:\/\/api.w.org\/{rel}","templated":true}]}}