{"id":3295,"date":"2023-03-02T16:20:27","date_gmt":"2023-03-02T19:20:27","guid":{"rendered":"https:\/\/elcanillita.info\/press\/?p=3295"},"modified":"2023-03-02T16:21:59","modified_gmt":"2023-03-02T19:21:59","slug":"apagon-en-argentina-varias-provincias-sin-electricidad-tras-un-incendio-en-la-red-electrica","status":"publish","type":"post","link":"https:\/\/elcanillita.info\/press\/2023\/03\/02\/apagon-en-argentina-varias-provincias-sin-electricidad-tras-un-incendio-en-la-red-electrica\/","title":{"rendered":"Apag\u00f3n en Argentina, varias provincias sin electricidad tras un incendio en la red el\u00e9ctrica"},"content":{"rendered":"\n<figure class=\"wp-block-image size-large\"><img decoding=\"async\" src=\"https:\/\/elcanillita.info\/press\/images\/2023\/03\/bkout_ar_20230301.jpg\" alt=\"\"\/><figcaption class=\"wp-element-caption\">Los servicios ferroviarios se interrumpieron en Buenos Aires durante el apag\u00f3n<\/figcaption><\/figure>\n\n\n\n<p>02\/03\/2023, 10.55 am UTC<br>Un apag\u00f3n masivo dej\u00f3 a m\u00e1s de la mitad de Argentina sin energ\u00eda durante una ola de calor despu\u00e9s de que un incendio apagara una central nuclear y dejara sin electricidad a gran parte de la red el\u00e9ctrica nacional.<\/p>\n\n\n\n<p>Millones de personas se vieron afectadas el mi\u00e9rcoles, incluida parte de Buenos Aires, mientras las temperaturas superaban los 35\u00baC, seg\u00fan las autoridades.<\/p>\n\n\n\n<p>A partir de las 16.00 horas se registraron los primeros apagones, los sem\u00e1foros dejaron de funcionar y las estaciones de metro de la capital quedaron a oscuras.<\/p>\n\n\n\n<p>Se cree que el corte de electricidad fue causado por un incendio en un campo cercano a las l\u00edneas de alta tensi\u00f3n conectadas a la central nuclear Atucha 1, dijo el subsecretario de Energ\u00eda, Santiago Yanotti, al programa de noticias de la televisi\u00f3n argentina Canal 5 Noticias.<\/p>\n\n\n\n<p>Nucleoel\u00e9ctrica, la autoridad nacional de energ\u00eda nuclear del pa\u00eds, dijo que la planta fue puesta fuera de servicio como medida de seguridad, desatando problemas en todo el pa\u00eds.<\/p>\n\n\n\n<p>Una segunda central nuclear, Atucha II, ya estaba fuera de servicio debido a trabajos de mantenimiento.<\/p>\n\n\n\n<p>Nucleoel\u00e9ctrica dijo al diario La Naci\u00f3n que &#8220;un problema con la red nos sac\u00f3 de servicio&#8221;.<\/p>\n\n\n\n<p>Hacia las 18.00 horas, las luces del metro de la capital volvieron a encenderse y los servicios p\u00fablicos se restablecieron progresivamente.<\/p>\n\n\n\n<p>Argentina se encuentra en plena ola de calor, con temperaturas que superan los 36\u00baC en varias regiones. Buenos Aires vive el verano m\u00e1s caluroso desde 1906, con una temperatura media de 25,6\u00baC, seg\u00fan el Servicio Meteorol\u00f3gico Nacional.<\/p>\n\n\n\n<p>No hubo datos oficiales inmediatos sobre el n\u00famero de hogares afectados.<\/p>\n\n\n\n<p>Sin embargo, los informes en las redes sociales mostraron cortes de energ\u00eda generalizados en Mendoza, Santa Fe, C\u00f3rdoba, Neuqu\u00e9n y otras provincias.<\/p>\n\n\n\n<p>Una fuente gubernamental confirm\u00f3 a la AFP que las provincias de Buenos Aires, C\u00f3rdoba, Santa Fe y Mendoza sufrieron cortes.<\/p>\n\n\n\n<p>Los cortes de electricidad son cada vez m\u00e1s problem\u00e1ticos en Argentina, que sufre una grave crisis econ\u00f3mica mientras la inflaci\u00f3n se dispara por encima del 70%. En 2020, un incendio cerca de una subestaci\u00f3n el\u00e9ctrica provoc\u00f3 un apag\u00f3n en Buenos Aires que afect\u00f3 a cientos de miles de hogares y empresas.<br><br><small>Copyright \u00a9 2023 ElCanillita.info \/ SalaStampa.Eu  world press service &#8211; Derechos Reservados<\/small><\/p>\n\n\n\n<p><\/p>\n","protected":false},"excerpt":{"rendered":"<p>Argentina se encuentra en plena ola de calor, con temperaturas que superan los 36\u00baC en varias regiones. Buenos Aires vive el verano m\u00e1s caluroso desde 1906, con una temperatura media de 25,6\u00baC, seg\u00fan el Servicio Meteorol\u00f3gico Nacional. <\/p>\n","protected":false},"author":1,"featured_media":3296,"comment_status":"closed","ping_status":"closed","sticky":false,"template":"","format":"standard","meta":{"footnotes":"","_links_to":"","_links_to_target":""},"categories":[108,70,11,20],"tags":[29],"class_list":["post-3295","post","type-post","status-publish","format-standard","has-post-thumbnail","hentry","category-blogdiario","category-actualidad","category-america-del-sur","category-economia","tag-argentina","entry","double"],"yoast_head":"<!-- This site is optimized with the Yoast SEO plugin v27.4 - https:\/\/yoast.com\/product\/yoast-seo-wordpress\/ -->\n<title>Apag\u00f3n en Argentina, varias provincias sin electricidad tras un incendio en la red el\u00e9ctrica - ElCanillita.Info<\/title>\n<meta name=\"description\" content=\"Argentina se encuentra en plena ola de calor, con temperaturas que superan los 36\u00baC en varias regiones. Buenos Aires vive el verano m\u00e1s caluroso desde 1906, con una temperatura media de 25,6\u00baC, seg\u00fan el Servicio Meteorol\u00f3gico Nacional.\" \/>\n<meta name=\"robots\" content=\"index, follow, max-snippet:-1, max-image-preview:large, max-video-preview:-1\" \/>\n<link rel=\"canonical\" href=\"https:\/\/elcanillita.info\/press\/2023\/03\/02\/apagon-en-argentina-varias-provincias-sin-electricidad-tras-un-incendio-en-la-red-electrica\/\" \/>\n<meta property=\"og:locale\" content=\"es_ES\" \/>\n<meta property=\"og:type\" content=\"article\" \/>\n<meta property=\"og:title\" content=\"Apag\u00f3n en Argentina, varias provincias sin electricidad tras un incendio en la red el\u00e9ctrica - ElCanillita.Info\" \/>\n<meta property=\"og:description\" content=\"Argentina se encuentra en plena ola de calor, con temperaturas que superan los 36\u00baC en varias regiones. Buenos Aires vive el verano m\u00e1s caluroso desde 1906, con una temperatura media de 25,6\u00baC, seg\u00fan el Servicio Meteorol\u00f3gico Nacional.\" \/>\n<meta property=\"og:url\" content=\"https:\/\/elcanillita.info\/press\/2023\/03\/02\/apagon-en-argentina-varias-provincias-sin-electricidad-tras-un-incendio-en-la-red-electrica\/\" \/>\n<meta property=\"og:site_name\" content=\"ElCanillita.Info\" \/>\n<meta property=\"article:publisher\" content=\"https:\/\/ar-ar.facebook.com\/ElCanillitainfo-114249515285712\/\" \/>\n<meta property=\"article:published_time\" content=\"2023-03-02T19:20:27+00:00\" \/>\n<meta property=\"article:modified_time\" content=\"2023-03-02T19:21:59+00:00\" \/>\n<meta property=\"og:image\" content=\"https:\/\/elcanillita.info\/press\/images\/2023\/03\/2bkout_ar_20230301.jpg\" \/>\n\t<meta property=\"og:image:width\" content=\"600\" \/>\n\t<meta property=\"og:image:height\" content=\"400\" \/>\n\t<meta property=\"og:image:type\" content=\"image\/jpeg\" \/>\n<meta name=\"author\" content=\"SalaStampa.eu, world press service\" \/>\n<meta name=\"twitter:card\" content=\"summary_large_image\" \/>\n<meta name=\"twitter:label1\" content=\"Escrito por\" \/>\n\t<meta name=\"twitter:data1\" content=\"SalaStampa.eu, world press service\" \/>\n\t<meta name=\"twitter:label2\" content=\"Tiempo de lectura\" \/>\n\t<meta name=\"twitter:data2\" content=\"2 minutos\" \/>\n<script type=\"application\/ld+json\" class=\"yoast-schema-graph\">{\"@context\":\"https:\\\/\\\/schema.org\",\"@graph\":[{\"@type\":\"Article\",\"@id\":\"https:\\\/\\\/elcanillita.info\\\/press\\\/2023\\\/03\\\/02\\\/apagon-en-argentina-varias-provincias-sin-electricidad-tras-un-incendio-en-la-red-electrica\\\/#article\",\"isPartOf\":{\"@id\":\"https:\\\/\\\/elcanillita.info\\\/press\\\/2023\\\/03\\\/02\\\/apagon-en-argentina-varias-provincias-sin-electricidad-tras-un-incendio-en-la-red-electrica\\\/\"},\"author\":{\"name\":\"SalaStampa.eu, world press service\",\"@id\":\"https:\\\/\\\/elcanillita.info\\\/press\\\/#\\\/schema\\\/person\\\/7fcb79f38045700919f7da6d97e71ba0\"},\"headline\":\"Apag\u00f3n en Argentina, varias provincias sin electricidad tras un incendio en la red el\u00e9ctrica\",\"datePublished\":\"2023-03-02T19:20:27+00:00\",\"dateModified\":\"2023-03-02T19:21:59+00:00\",\"mainEntityOfPage\":{\"@id\":\"https:\\\/\\\/elcanillita.info\\\/press\\\/2023\\\/03\\\/02\\\/apagon-en-argentina-varias-provincias-sin-electricidad-tras-un-incendio-en-la-red-electrica\\\/\"},\"wordCount\":424,\"publisher\":{\"@id\":\"https:\\\/\\\/elcanillita.info\\\/press\\\/#organization\"},\"image\":{\"@id\":\"https:\\\/\\\/elcanillita.info\\\/press\\\/2023\\\/03\\\/02\\\/apagon-en-argentina-varias-provincias-sin-electricidad-tras-un-incendio-en-la-red-electrica\\\/#primaryimage\"},\"thumbnailUrl\":\"https:\\\/\\\/elcanillita.info\\\/press\\\/images\\\/2023\\\/03\\\/2bkout_ar_20230301.jpg\",\"keywords\":[\"Argentina\"],\"articleSection\":[\".\",\"Actualidad\",\"Am\u00e9rica del Sur\",\"Economia\"],\"inLanguage\":\"es-AR\"},{\"@type\":\"WebPage\",\"@id\":\"https:\\\/\\\/elcanillita.info\\\/press\\\/2023\\\/03\\\/02\\\/apagon-en-argentina-varias-provincias-sin-electricidad-tras-un-incendio-en-la-red-electrica\\\/\",\"url\":\"https:\\\/\\\/elcanillita.info\\\/press\\\/2023\\\/03\\\/02\\\/apagon-en-argentina-varias-provincias-sin-electricidad-tras-un-incendio-en-la-red-electrica\\\/\",\"name\":\"Apag\u00f3n en Argentina, varias provincias sin electricidad tras un incendio en la red el\u00e9ctrica - ElCanillita.Info\",\"isPartOf\":{\"@id\":\"https:\\\/\\\/elcanillita.info\\\/press\\\/#website\"},\"primaryImageOfPage\":{\"@id\":\"https:\\\/\\\/elcanillita.info\\\/press\\\/2023\\\/03\\\/02\\\/apagon-en-argentina-varias-provincias-sin-electricidad-tras-un-incendio-en-la-red-electrica\\\/#primaryimage\"},\"image\":{\"@id\":\"https:\\\/\\\/elcanillita.info\\\/press\\\/2023\\\/03\\\/02\\\/apagon-en-argentina-varias-provincias-sin-electricidad-tras-un-incendio-en-la-red-electrica\\\/#primaryimage\"},\"thumbnailUrl\":\"https:\\\/\\\/elcanillita.info\\\/press\\\/images\\\/2023\\\/03\\\/2bkout_ar_20230301.jpg\",\"datePublished\":\"2023-03-02T19:20:27+00:00\",\"dateModified\":\"2023-03-02T19:21:59+00:00\",\"description\":\"Argentina se encuentra en plena ola de calor, con temperaturas que superan los 36\u00baC en varias regiones. Buenos Aires vive el verano m\u00e1s caluroso desde 1906, con una temperatura media de 25,6\u00baC, seg\u00fan el Servicio Meteorol\u00f3gico Nacional.\",\"inLanguage\":\"es-AR\",\"potentialAction\":[{\"@type\":\"ReadAction\",\"target\":[\"https:\\\/\\\/elcanillita.info\\\/press\\\/2023\\\/03\\\/02\\\/apagon-en-argentina-varias-provincias-sin-electricidad-tras-un-incendio-en-la-red-electrica\\\/\"]}]},{\"@type\":\"ImageObject\",\"inLanguage\":\"es-AR\",\"@id\":\"https:\\\/\\\/elcanillita.info\\\/press\\\/2023\\\/03\\\/02\\\/apagon-en-argentina-varias-provincias-sin-electricidad-tras-un-incendio-en-la-red-electrica\\\/#primaryimage\",\"url\":\"https:\\\/\\\/elcanillita.info\\\/press\\\/images\\\/2023\\\/03\\\/2bkout_ar_20230301.jpg\",\"contentUrl\":\"https:\\\/\\\/elcanillita.info\\\/press\\\/images\\\/2023\\\/03\\\/2bkout_ar_20230301.jpg\",\"width\":600,\"height\":400},{\"@type\":\"WebSite\",\"@id\":\"https:\\\/\\\/elcanillita.info\\\/press\\\/#website\",\"url\":\"https:\\\/\\\/elcanillita.info\\\/press\\\/\",\"name\":\"ElCanillita.Info\",\"description\":\"desde los Apeninos a los Andes\",\"publisher\":{\"@id\":\"https:\\\/\\\/elcanillita.info\\\/press\\\/#organization\"},\"potentialAction\":[{\"@type\":\"SearchAction\",\"target\":{\"@type\":\"EntryPoint\",\"urlTemplate\":\"https:\\\/\\\/elcanillita.info\\\/press\\\/?s={search_term_string}\"},\"query-input\":{\"@type\":\"PropertyValueSpecification\",\"valueRequired\":true,\"valueName\":\"search_term_string\"}}],\"inLanguage\":\"es-AR\"},{\"@type\":\"Organization\",\"@id\":\"https:\\\/\\\/elcanillita.info\\\/press\\\/#organization\",\"name\":\"Guzzo Photos & Graphic Publications\",\"url\":\"https:\\\/\\\/elcanillita.info\\\/press\\\/\",\"logo\":{\"@type\":\"ImageObject\",\"inLanguage\":\"es-AR\",\"@id\":\"https:\\\/\\\/elcanillita.info\\\/press\\\/#\\\/schema\\\/logo\\\/image\\\/\",\"url\":\"https:\\\/\\\/elcanillita.info\\\/press\\\/images\\\/2020\\\/01\\\/cropped-cropped-cropped-elcanillitainfo.png\",\"contentUrl\":\"https:\\\/\\\/elcanillita.info\\\/press\\\/images\\\/2020\\\/01\\\/cropped-cropped-cropped-elcanillitainfo.png\",\"width\":460,\"height\":50,\"caption\":\"Guzzo Photos & Graphic Publications\"},\"image\":{\"@id\":\"https:\\\/\\\/elcanillita.info\\\/press\\\/#\\\/schema\\\/logo\\\/image\\\/\"},\"sameAs\":[\"https:\\\/\\\/ar-ar.facebook.com\\\/ElCanillitainfo-114249515285712\\\/\"]},{\"@type\":\"Person\",\"@id\":\"https:\\\/\\\/elcanillita.info\\\/press\\\/#\\\/schema\\\/person\\\/7fcb79f38045700919f7da6d97e71ba0\",\"name\":\"SalaStampa.eu, world press service\",\"image\":{\"@type\":\"ImageObject\",\"inLanguage\":\"es-AR\",\"@id\":\"https:\\\/\\\/secure.gravatar.com\\\/avatar\\\/c2f0e0d515a107624234994507816ca4724c7199cef73fc8bedebf6931d73888?s=96&d=mm&r=g\",\"url\":\"https:\\\/\\\/secure.gravatar.com\\\/avatar\\\/c2f0e0d515a107624234994507816ca4724c7199cef73fc8bedebf6931d73888?s=96&d=mm&r=g\",\"contentUrl\":\"https:\\\/\\\/secure.gravatar.com\\\/avatar\\\/c2f0e0d515a107624234994507816ca4724c7199cef73fc8bedebf6931d73888?s=96&d=mm&r=g\",\"caption\":\"SalaStampa.eu, world press service\"}}]}<\/script>\n<!-- \/ Yoast SEO plugin. -->","yoast_head_json":{"title":"Apag\u00f3n en Argentina, varias provincias sin electricidad tras un incendio en la red el\u00e9ctrica - ElCanillita.Info","description":"Argentina se encuentra en plena ola de calor, con temperaturas que superan los 36\u00baC en varias regiones. Buenos Aires vive el verano m\u00e1s caluroso desde 1906, con una temperatura media de 25,6\u00baC, seg\u00fan el Servicio Meteorol\u00f3gico Nacional.","robots":{"index":"index","follow":"follow","max-snippet":"max-snippet:-1","max-image-preview":"max-image-preview:large","max-video-preview":"max-video-preview:-1"},"canonical":"https:\/\/elcanillita.info\/press\/2023\/03\/02\/apagon-en-argentina-varias-provincias-sin-electricidad-tras-un-incendio-en-la-red-electrica\/","og_locale":"es_ES","og_type":"article","og_title":"Apag\u00f3n en Argentina, varias provincias sin electricidad tras un incendio en la red el\u00e9ctrica - ElCanillita.Info","og_description":"Argentina se encuentra en plena ola de calor, con temperaturas que superan los 36\u00baC en varias regiones. Buenos Aires vive el verano m\u00e1s caluroso desde 1906, con una temperatura media de 25,6\u00baC, seg\u00fan el Servicio Meteorol\u00f3gico Nacional.","og_url":"https:\/\/elcanillita.info\/press\/2023\/03\/02\/apagon-en-argentina-varias-provincias-sin-electricidad-tras-un-incendio-en-la-red-electrica\/","og_site_name":"ElCanillita.Info","article_publisher":"https:\/\/ar-ar.facebook.com\/ElCanillitainfo-114249515285712\/","article_published_time":"2023-03-02T19:20:27+00:00","article_modified_time":"2023-03-02T19:21:59+00:00","og_image":[{"width":600,"height":400,"url":"https:\/\/elcanillita.info\/press\/images\/2023\/03\/2bkout_ar_20230301.jpg","type":"image\/jpeg"}],"author":"SalaStampa.eu, world press service","twitter_card":"summary_large_image","twitter_misc":{"Escrito por":"SalaStampa.eu, world press service","Tiempo de lectura":"2 minutos"},"schema":{"@context":"https:\/\/schema.org","@graph":[{"@type":"Article","@id":"https:\/\/elcanillita.info\/press\/2023\/03\/02\/apagon-en-argentina-varias-provincias-sin-electricidad-tras-un-incendio-en-la-red-electrica\/#article","isPartOf":{"@id":"https:\/\/elcanillita.info\/press\/2023\/03\/02\/apagon-en-argentina-varias-provincias-sin-electricidad-tras-un-incendio-en-la-red-electrica\/"},"author":{"name":"SalaStampa.eu, world press service","@id":"https:\/\/elcanillita.info\/press\/#\/schema\/person\/7fcb79f38045700919f7da6d97e71ba0"},"headline":"Apag\u00f3n en Argentina, varias provincias sin electricidad tras un incendio en la red el\u00e9ctrica","datePublished":"2023-03-02T19:20:27+00:00","dateModified":"2023-03-02T19:21:59+00:00","mainEntityOfPage":{"@id":"https:\/\/elcanillita.info\/press\/2023\/03\/02\/apagon-en-argentina-varias-provincias-sin-electricidad-tras-un-incendio-en-la-red-electrica\/"},"wordCount":424,"publisher":{"@id":"https:\/\/elcanillita.info\/press\/#organization"},"image":{"@id":"https:\/\/elcanillita.info\/press\/2023\/03\/02\/apagon-en-argentina-varias-provincias-sin-electricidad-tras-un-incendio-en-la-red-electrica\/#primaryimage"},"thumbnailUrl":"https:\/\/elcanillita.info\/press\/images\/2023\/03\/2bkout_ar_20230301.jpg","keywords":["Argentina"],"articleSection":[".","Actualidad","Am\u00e9rica del Sur","Economia"],"inLanguage":"es-AR"},{"@type":"WebPage","@id":"https:\/\/elcanillita.info\/press\/2023\/03\/02\/apagon-en-argentina-varias-provincias-sin-electricidad-tras-un-incendio-en-la-red-electrica\/","url":"https:\/\/elcanillita.info\/press\/2023\/03\/02\/apagon-en-argentina-varias-provincias-sin-electricidad-tras-un-incendio-en-la-red-electrica\/","name":"Apag\u00f3n en Argentina, varias provincias sin electricidad tras un incendio en la red el\u00e9ctrica - ElCanillita.Info","isPartOf":{"@id":"https:\/\/elcanillita.info\/press\/#website"},"primaryImageOfPage":{"@id":"https:\/\/elcanillita.info\/press\/2023\/03\/02\/apagon-en-argentina-varias-provincias-sin-electricidad-tras-un-incendio-en-la-red-electrica\/#primaryimage"},"image":{"@id":"https:\/\/elcanillita.info\/press\/2023\/03\/02\/apagon-en-argentina-varias-provincias-sin-electricidad-tras-un-incendio-en-la-red-electrica\/#primaryimage"},"thumbnailUrl":"https:\/\/elcanillita.info\/press\/images\/2023\/03\/2bkout_ar_20230301.jpg","datePublished":"2023-03-02T19:20:27+00:00","dateModified":"2023-03-02T19:21:59+00:00","description":"Argentina se encuentra en plena ola de calor, con temperaturas que superan los 36\u00baC en varias regiones. Buenos Aires vive el verano m\u00e1s caluroso desde 1906, con una temperatura media de 25,6\u00baC, seg\u00fan el Servicio Meteorol\u00f3gico Nacional.","inLanguage":"es-AR","potentialAction":[{"@type":"ReadAction","target":["https:\/\/elcanillita.info\/press\/2023\/03\/02\/apagon-en-argentina-varias-provincias-sin-electricidad-tras-un-incendio-en-la-red-electrica\/"]}]},{"@type":"ImageObject","inLanguage":"es-AR","@id":"https:\/\/elcanillita.info\/press\/2023\/03\/02\/apagon-en-argentina-varias-provincias-sin-electricidad-tras-un-incendio-en-la-red-electrica\/#primaryimage","url":"https:\/\/elcanillita.info\/press\/images\/2023\/03\/2bkout_ar_20230301.jpg","contentUrl":"https:\/\/elcanillita.info\/press\/images\/2023\/03\/2bkout_ar_20230301.jpg","width":600,"height":400},{"@type":"WebSite","@id":"https:\/\/elcanillita.info\/press\/#website","url":"https:\/\/elcanillita.info\/press\/","name":"ElCanillita.Info","description":"desde los Apeninos a los Andes","publisher":{"@id":"https:\/\/elcanillita.info\/press\/#organization"},"potentialAction":[{"@type":"SearchAction","target":{"@type":"EntryPoint","urlTemplate":"https:\/\/elcanillita.info\/press\/?s={search_term_string}"},"query-input":{"@type":"PropertyValueSpecification","valueRequired":true,"valueName":"search_term_string"}}],"inLanguage":"es-AR"},{"@type":"Organization","@id":"https:\/\/elcanillita.info\/press\/#organization","name":"Guzzo Photos & Graphic Publications","url":"https:\/\/elcanillita.info\/press\/","logo":{"@type":"ImageObject","inLanguage":"es-AR","@id":"https:\/\/elcanillita.info\/press\/#\/schema\/logo\/image\/","url":"https:\/\/elcanillita.info\/press\/images\/2020\/01\/cropped-cropped-cropped-elcanillitainfo.png","contentUrl":"https:\/\/elcanillita.info\/press\/images\/2020\/01\/cropped-cropped-cropped-elcanillitainfo.png","width":460,"height":50,"caption":"Guzzo Photos & Graphic Publications"},"image":{"@id":"https:\/\/elcanillita.info\/press\/#\/schema\/logo\/image\/"},"sameAs":["https:\/\/ar-ar.facebook.com\/ElCanillitainfo-114249515285712\/"]},{"@type":"Person","@id":"https:\/\/elcanillita.info\/press\/#\/schema\/person\/7fcb79f38045700919f7da6d97e71ba0","name":"SalaStampa.eu, world press service","image":{"@type":"ImageObject","inLanguage":"es-AR","@id":"https:\/\/secure.gravatar.com\/avatar\/c2f0e0d515a107624234994507816ca4724c7199cef73fc8bedebf6931d73888?s=96&d=mm&r=g","url":"https:\/\/secure.gravatar.com\/avatar\/c2f0e0d515a107624234994507816ca4724c7199cef73fc8bedebf6931d73888?s=96&d=mm&r=g","contentUrl":"https:\/\/secure.gravatar.com\/avatar\/c2f0e0d515a107624234994507816ca4724c7199cef73fc8bedebf6931d73888?s=96&d=mm&r=g","caption":"SalaStampa.eu, world press service"}}]}},"views":353,"_links":{"self":[{"href":"https:\/\/elcanillita.info\/press\/wp-json\/wp\/v2\/posts\/3295","targetHints":{"allow":["GET"]}}],"collection":[{"href":"https:\/\/elcanillita.info\/press\/wp-json\/wp\/v2\/posts"}],"about":[{"href":"https:\/\/elcanillita.info\/press\/wp-json\/wp\/v2\/types\/post"}],"author":[{"embeddable":true,"href":"https:\/\/elcanillita.info\/press\/wp-json\/wp\/v2\/users\/1"}],"replies":[{"embeddable":true,"href":"https:\/\/elcanillita.info\/press\/wp-json\/wp\/v2\/comments?post=3295"}],"version-history":[{"count":0,"href":"https:\/\/elcanillita.info\/press\/wp-json\/wp\/v2\/posts\/3295\/revisions"}],"wp:featuredmedia":[{"embeddable":true,"href":"https:\/\/elcanillita.info\/press\/wp-json\/wp\/v2\/media\/3296"}],"wp:attachment":[{"href":"https:\/\/elcanillita.info\/press\/wp-json\/wp\/v2\/media?parent=3295"}],"wp:term":[{"taxonomy":"category","embeddable":true,"href":"https:\/\/elcanillita.info\/press\/wp-json\/wp\/v2\/categories?post=3295"},{"taxonomy":"post_tag","embeddable":true,"href":"https:\/\/elcanillita.info\/press\/wp-json\/wp\/v2\/tags?post=3295"}],"curies":[{"name":"wp","href":"https:\/\/api.w.org\/{rel}","templated":true}]}}