{"id":3286,"date":"2023-02-26T09:06:37","date_gmt":"2023-02-26T12:06:37","guid":{"rendered":"https:\/\/elcanillita.info\/press\/?p=3286"},"modified":"2023-03-01T15:21:06","modified_gmt":"2023-03-01T18:21:06","slug":"corrupcion-detonador-de-la-iii-guerra-mundial","status":"publish","type":"post","link":"https:\/\/elcanillita.info\/press\/2023\/02\/26\/corrupcion-detonador-de-la-iii-guerra-mundial\/","title":{"rendered":"Corrupci\u00f3n, detonador de la III Guerra Mundial"},"content":{"rendered":"\n<figure class=\"wp-block-image size-large\"><img decoding=\"async\" src=\"https:\/\/elcanillita.info\/press\/images\/2023\/02\/kv_20230226.jpg\" alt=\"\"\/><figcaption class=\"wp-element-caption\">El presidente Vlad\u00edmir Putin con Leonid Ku\u010dma, en el centro, y el presidente de Azerbaiy\u00e1n Heyd\u0259r \u018fliyev antes de la reuni\u00f3n ampliada del Consejo de Jefes de Estado de la CEI en 2000.<\/figcaption><\/figure>\n\n\n\n<p>La Revoluci\u00f3n Naranja fue el movimiento de protesta que surgi\u00f3 en Ucrania tras las elecciones presidenciales del 21 de noviembre de 2004, y parte de un fen\u00f3meno m\u00e1s amplio de las revoluciones de colores.<\/p>\n\n\n\n<p>Los primeros resultados daban la victoria al delf\u00edn del ex presidente Leonid Ku\u010dma, Viktor Janukovy\u010d. Pero el aspirante Viktor Ju\u0161\u010denko impugn\u00f3 los resultados, denunciando fraude electoral, y pidi\u00f3 a sus partidarios que permanecieran en la plaza hasta que se concediera la repetici\u00f3n de los comicios. El nombre deriva del color naranja, adoptado por Ju\u0161\u010denko y sus seguidores y que se convirti\u00f3 en el distintivo de la &#8220;revoluci\u00f3n&#8221; pac\u00edfica. Los participantes en las protestas llevaban pa\u00f1uelos y pancartas naranjas, o cintas del mismo color.<\/p>\n\n\n\n<p>Tras las protestas, el Tribunal Supremo de Ucrania invalid\u00f3 el resultado de las elecciones y fij\u00f3 nuevas elecciones para el 26 de diciembre. Esta vez el ganador fue el propio Ju\u0161\u010denko, con el 52% de los votos frente al 44% de su contrincante. El nuevo Presidente tom\u00f3 posesi\u00f3n de su cargo el 23 de enero de 2005. La Revoluci\u00f3n Naranja tambi\u00e9n se conoce como la Primera Revoluci\u00f3n Ucraniana, para distinguirla de la Revoluci\u00f3n Ucraniana de 2014 generada por las protestas del movimiento Euromaid\u00e1n y el levantamiento en Kiev, tambi\u00e9n contra Janukovy\u010d.<\/p>\n\n\n\n<figure class=\"wp-block-image size-large\"><img decoding=\"async\" src=\"https:\/\/elcanillita.info\/press\/images\/2023\/02\/kv0_20230226.jpg\" alt=\"\"\/><figcaption class=\"wp-element-caption\">Viktor Fedorovych Yanukovych,  pol\u00edtico ucraniano naturalizado ruso, presidente de Ucrania de 2010 a 2014.<\/figcaption><\/figure>\n\n\n\n<p>En noviembre de 2013, hubo una serie de protestas populares contra el presidente Janukovy\u010d, que desembocaron en la ocupaci\u00f3n de la Plaza de la Independencia de Kiev, ya escenario de la Revoluci\u00f3n Naranja en 2004, por j\u00f3venes proeuropeos, despu\u00e9s de que el presidente, dada la cr\u00edtica situaci\u00f3n de las finanzas p\u00fablicas, se negara a firmar un acuerdo de asociaci\u00f3n de Ucrania con la Uni\u00f3n Europea, en favor de un pr\u00e9stamo ruso (compra de bonos del Estado por unos 15.000 millones de d\u00f3lares) concedido por el presidente Putin, que vinculaba a\u00fan m\u00e1s al pa\u00eds con Rusia.<\/p>\n\n\n\n<p>Otro motivo de protesta para la poblaci\u00f3n fue el repentino aumento de la riqueza de los hijos y parientes cercanos de Janukovy\u010d, convertidos en multimillonarios, mientras la econom\u00eda del pa\u00eds se debilitaba. Adem\u00e1s, algunas industrias ucranianas se hab\u00edan deslocalizado a Rusia y vastos territorios agr\u00edcolas se hab\u00edan vendido a China, pa\u00eds que enviaba su propia mano de obra a Ucrania a costa de la mano de obra local, creando grandes bolsas de desempleo y descontento en las zonas rurales de Ucrania.<\/p>\n\n\n\n<figure class=\"wp-block-image size-large\"><img decoding=\"async\" src=\"https:\/\/elcanillita.info\/press\/images\/2023\/02\/kv1_20230226.jpg\" alt=\"\"\/><figcaption class=\"wp-element-caption\">Majdan Nezalezhnosti, Plaza Independencia de Kiev, en 2014.<\/figcaption><\/figure>\n\n\n\n<p>En enero de 2014, los enfrentamientos se hicieron cada vez m\u00e1s duros y violentos entre los manifestantes y las fuerzas especiales. Sucedieron fuertes ataques policiales contra las barricadas levantadas por los manifestantes en la Plaza de la Independencia y la ocupaci\u00f3n del Ayuntamiento de Kiev y del Ministerio de Agricultura, mientras el Parlamento aprobaba duras leyes contra las protestas.<br><br>Durante esos d\u00edas, las manifestaciones se extendieron violentamente por todo el pa\u00eds, hasta en Lviv, ciudad fronteriza con Polonia, donde el gobernador del \u00f3blast de Lviv, Olev Salo, dimiti\u00f3 p\u00fablicamente en la plaza, amenazado por los manifestantes que lo rodeaban.<br><\/p>\n\n\n\n<figure class=\"wp-block-image size-large\"><img decoding=\"async\" src=\"https:\/\/elcanillita.info\/press\/images\/2023\/02\/kv2_20230226.jpg\" alt=\"\"\/><figcaption class=\"wp-element-caption\">Al centro el ex boxeador Vitalij Kly\u010dko, elegido el 25\/05\/2014 alcalde de la ciudad de Kiev <\/figcaption><\/figure>\n\n\n\n<p>Mientras tanto, Janukovy\u010d destituy\u00f3 al vicesecretario del Consejo de Seguridad Nacional y Defensa de Ucrania, Vladimir Sivkovi\u010d, y al alcalde de Kiev, Alexandre Popov, a los que responsabiliz\u00f3 de la violencia. El presidente ofreci\u00f3 la jefatura del gobierno a la oposici\u00f3n, diciendo que estaba dispuesto a nombrar Primer ministro y Viceprimer ministro al ex ministro de Asuntos Exteriores del gobierno de Timoshenko, Arsenij Jacenjuk, y al ex boxeador Vitalij Kly\u010dko, pero el acuerdo fue rechazado, porque los manifestantes exig\u00edan no s\u00f3lo elecciones anticipadas, sino tambi\u00e9n la dimisi\u00f3n inmediata de Janukovy\u010d.<br><br>El 25 de enero estallaron de nuevo violentas protestas con la ocupaci\u00f3n del Ministerio de Energ\u00eda y la Casa de Ucrania, que fue incendiada. El presidente pidi\u00f3 al Parlamento que votara una amnist\u00eda para todos los manifestantes y la derogaci\u00f3n de las leyes antiprotesta, a cambio del fin de la violencia callejera. Tras la votaci\u00f3n, el primer ministro Mykola Azarov, leal a Janukovy\u010d, dimiti\u00f3 para facilitar la transici\u00f3n.<\/p>\n\n\n\n<p>En febrero, las revueltas se hicieron cada vez m\u00e1s sangrientas al no encontrarse mediaci\u00f3n entre el presidente y la oposici\u00f3n. Empezaron a sonar con fuerza las amenazas de la ONU, la Uni\u00f3n Europea y Estados Unidos de imponer duras sanciones al Presidente, al que consideraban responsable de la violencia callejera y de la feroz represi\u00f3n, y que ahora s\u00f3lo contaba con el apoyo de su aliada Rusia, que hablaba de presiones extranjeras indebidas e intentos de golpe de Estado. El 18 de febrero, la violencia se extendi\u00f3 de forma sangrienta, con 28 muertos, entre ellos siete polic\u00edas, y 335 heridos.<br><\/p>\n\n\n\n<figure class=\"wp-block-image size-large\"><img decoding=\"async\" src=\"https:\/\/elcanillita.info\/press\/images\/2023\/02\/kv3_20230226.jpg\" alt=\"\"\/><figcaption class=\"wp-element-caption\">La enfermera ucraniana Olesja \u017dukovskaja<\/figcaption><\/figure>\n\n\n\n<p>El 20 de febrero fue el d\u00eda m\u00e1s sangriento de la protesta: se escenific\u00f3 un asalto a gran escala a los palacios del poder y los manifestantes marcharon hacia los edificios del Gobierno y el Parlamento. Se produjeron enfrentamientos armados entre manifestantes y polic\u00eda, muchos agentes fueron blanco de disparos de francotiradores, al dia de hoy desconocidos. Decenas de personas murieron y cientos resultaron heridas. El s\u00edmbolo de la masacre sigue siendo el gesto de una joven enfermera ucraniana, Olesja \u017dukovskaja, que, gravemente herida por una bala, tuite\u00f3 al mismo tiempo &#8220;\u042f \u0432\u043c\u0438\u0440\u0430\u044e&#8221; &#8220;Muero&#8221;. <br><br>La joven enfermera, militante de un partido de extrema derecha muy activo en enfrentamientos armados, sobrevivi\u00f3 m\u00e1s tarde. Tras este ba\u00f1o de sangre, Janukovy\u010d y los l\u00edderes de la oposici\u00f3n alcanzaron un acuerdo que preve\u00eda elecciones anticipadas y un Gobierno de Unidad Nacional, as\u00ed como la vuelta a la Constituci\u00f3n de 2004, con una importante limitaci\u00f3n de los poderes presidenciales. La condena de la violencia por el Parlamento fue un\u00e1nime.<\/p>\n\n\n\n<p>El 22 de febrero se produjo el ep\u00edlogo de la protesta Euromaid\u00e1n: los manifestantes exigieron la dimisi\u00f3n de Janukovy\u010d, quien, rodeado por los manifestantes, huy\u00f3 de la capital, Kiev, haciendo perder sus rastros, para refugiarse en la frontera oriental ucraniana, en una ciudad de habla rusa, o quiz\u00e1 en el extranjero, en la propia Rusia, mientras el palacio presidencial era asaltado por los manifestantes. Tambi\u00e9n huyeron con \u00e9l el Presidente del Parlamento ucraniano, Vladimir Rybak, y el Ministro del Interior, Vitalij Zachar\u010denko, que abandonaron sus cargos. Como sustituto, el Parlamento nombr\u00f3 presidente del Parlamento y primer ministro &#8220;interino&#8221; a Oleksandr Tur\u010dynov, antiguo jefe de los servicios secretos y mano derecha de la ex primera ministra Tymoshenko. Mientras tanto, tras los rumores sobre la posible dimisi\u00f3n de Janukovy\u010d, \u00e9ste apareci\u00f3 en televisi\u00f3n declarando que en el pa\u00eds se estaba produciendo un golpe de Estado con m\u00e9todos nazis, reclamando permanecer en su puesto. Varios departamentos de polic\u00eda se pusieron del lado de los manifestantes. Mientras tanto, el Parlamento vot\u00f3 la petici\u00f3n de la oposici\u00f3n de destituir al presidente Janukovy\u010d.<br><br>Fue aprobada con 328 s\u00edes, 0 noes y 6 abstenciones de los 334 presentes de un pleno de 445 (el Partido de las Regiones del presidente Janukovy\u010d, para entonces depuesto, no particip\u00f3 en la votaci\u00f3n, quedando sus 135 diputados como partido mayoritario, ya que 70 de los 204 miembros se hab\u00edan pasado a la oposici\u00f3n y otros hab\u00edan huido del pa\u00eds) y declar\u00f3 la inhabilitaci\u00f3n inmediata de Janukovy\u010d para ejercer el cargo presidencial, quien a su vez denunci\u00f3 su propia destituci\u00f3n como un golpe de Estado.<\/p>\n\n\n\n<p>El 24 de febrero, el ministro del Interior, Arsen Avakov, anunci\u00f3 que Janukovy\u010d ten\u00eda pedido de busqueda y captura, junto con otros presuntos responsables de la masacre, y que se hab\u00eda emitido una orden de detenci\u00f3n contra \u00e9l por asesinato en masa. En las zonas de mayor\u00eda prorrusa la situaci\u00f3n se complic\u00f3, en Crimea el Parlamento regional fue asaltado con armas y ocupado, mientras que milicianos t\u00e1rtaros tomaron el control de dos aeropuertos: el de Belbek y el de la capital, Simferopolis, a 20 kil\u00f3metros de Sebastopol. Rusia comenz\u00f3 a realizar importantes maniobras militares terrestres en la frontera y traslad\u00f3 la flota al Mar Negro.<br> <br>Janukovy\u010d reapareci\u00f3 en Rostov del Don, Rusia, el 27 de febrero donde, en una rueda de prensa, declar\u00f3 que hab\u00eda sido depuesto ileg\u00edtimamente por fuerzas neofascistas y que no quer\u00eda la separaci\u00f3n de Crimea. Entretanto, el nuevo gobierno solicit\u00f3 oficialmente a Rusia su extradici\u00f3n.<\/p>\n\n\n\n<p>Tras el Euromaid\u00e1n, Janukovy\u010d se instal\u00f3 en Rusia. El 22 de marzo de 2015 perdi\u00f3 a uno de sus hijos, Viktor Janukovi\u010d hijo, que se ahog\u00f3 en el lago ruso de Bajkal.<br><br>El 24 de enero de 2019 fue condenado por el Tribunal de Kiev a 13 a\u00f1os de prisi\u00f3n por alta traici\u00f3n. El juicio comenz\u00f3 en 2017 y se desarroll\u00f3 a lo largo de 89 vistas, con el expresidente prorruso en rebeld\u00eda, ya que, antes de perder el poder, hab\u00eda huido a Rusia en 2014. El Tribunal reconoci\u00f3 su &#8220;complicidad en el desencadenamiento de una guerra de agresi\u00f3n contra Ucrania&#8221; por parte de Rusia.<br><br>El veredicto tambi\u00e9n dictamin\u00f3 que &#8220;con sus actos ileg\u00edtimos y premeditados cometi\u00f3 un delito que socava los cimientos de la seguridad nacional ucraniana&#8221;. En los fundamentos, los jueces sostuvieron que el 1 de marzo de 2014 Janukovy\u010d fue responsable de instar por escrito, a trav\u00e9s de una carta dirigida al presidente ruso Vlad\u00edmir Putin, a la intervenci\u00f3n armada del ej\u00e9rcito y las fuerzas policiales rusas en suelo ucraniano, para restablecer el orden e impedir las manifestaciones de la poblaci\u00f3n.<br><br><small>\u00a92023 ElCanillita.info &#8211; SalaStampa.Eu \/ Guzzo Photos &amp; Graphic Publications &#8211; Informaci\u00f3n de dominio P\u00fablico &#8211; &#8220;Leer puede causar Independencia&#8221;<\/small><\/p>\n","protected":false},"excerpt":{"rendered":"<p>El 1 de marzo de 2014 Janukovy\u010d inst\u00f3 por escrito al presidente ruso Vlad\u00edmir Putin, a la intervenci\u00f3n armada del ej\u00e9rcito y las fuerzas policiales rusas en suelo ucraniano, para restablecer el orden e impedir las manifestaciones de la poblaci\u00f3n.<\/p>\n","protected":false},"author":1,"featured_media":3287,"comment_status":"closed","ping_status":"closed","sticky":false,"template":"","format":"standard","meta":{"footnotes":"","_links_to":"","_links_to_target":""},"categories":[108,70,7,23],"tags":[],"class_list":["post-3286","post","type-post","status-publish","format-standard","has-post-thumbnail","hentry","category-blogdiario","category-actualidad","category-eurasia","category-politica","entry","double"],"yoast_head":"<!-- This site is optimized with the Yoast SEO plugin v27.4 - https:\/\/yoast.com\/product\/yoast-seo-wordpress\/ -->\n<title>Corrupci\u00f3n, detonador de la III Guerra Mundial - ElCanillita.Info<\/title>\n<meta name=\"description\" content=\"El 1 de marzo de 2014 Janukovy\u010d inst\u00f3 por escrito al presidente ruso Vlad\u00edmir Putin, a la intervenci\u00f3n armada del ej\u00e9rcito y las fuerzas policiales rusas en suelo ucraniano, para restablecer el orden e impedir las manifestaciones de la poblaci\u00f3n.\" \/>\n<meta name=\"robots\" content=\"index, follow, max-snippet:-1, max-image-preview:large, max-video-preview:-1\" \/>\n<link rel=\"canonical\" href=\"https:\/\/elcanillita.info\/press\/2023\/02\/26\/corrupcion-detonador-de-la-iii-guerra-mundial\/\" \/>\n<meta property=\"og:locale\" content=\"es_ES\" \/>\n<meta property=\"og:type\" content=\"article\" \/>\n<meta property=\"og:title\" content=\"Corrupci\u00f3n, detonador de la III Guerra Mundial - ElCanillita.Info\" \/>\n<meta property=\"og:description\" content=\"El 1 de marzo de 2014 Janukovy\u010d inst\u00f3 por escrito al presidente ruso Vlad\u00edmir Putin, a la intervenci\u00f3n armada del ej\u00e9rcito y las fuerzas policiales rusas en suelo ucraniano, para restablecer el orden e impedir las manifestaciones de la poblaci\u00f3n.\" \/>\n<meta property=\"og:url\" content=\"https:\/\/elcanillita.info\/press\/2023\/02\/26\/corrupcion-detonador-de-la-iii-guerra-mundial\/\" \/>\n<meta property=\"og:site_name\" content=\"ElCanillita.Info\" \/>\n<meta property=\"article:publisher\" content=\"https:\/\/ar-ar.facebook.com\/ElCanillitainfo-114249515285712\/\" \/>\n<meta property=\"article:published_time\" content=\"2023-02-26T12:06:37+00:00\" \/>\n<meta property=\"article:modified_time\" content=\"2023-03-01T18:21:06+00:00\" \/>\n<meta property=\"og:image\" content=\"https:\/\/elcanillita.info\/press\/images\/2023\/02\/kvcover_20230226.jpg\" \/>\n\t<meta property=\"og:image:width\" content=\"600\" \/>\n\t<meta property=\"og:image:height\" content=\"400\" \/>\n\t<meta property=\"og:image:type\" content=\"image\/jpeg\" \/>\n<meta name=\"author\" content=\"SalaStampa.eu, world press service\" \/>\n<meta name=\"twitter:card\" content=\"summary_large_image\" \/>\n<meta name=\"twitter:label1\" content=\"Escrito por\" \/>\n\t<meta name=\"twitter:data1\" content=\"SalaStampa.eu, world press service\" \/>\n\t<meta name=\"twitter:label2\" content=\"Tiempo de lectura\" \/>\n\t<meta name=\"twitter:data2\" content=\"9 minutos\" \/>\n<script type=\"application\/ld+json\" class=\"yoast-schema-graph\">{\"@context\":\"https:\\\/\\\/schema.org\",\"@graph\":[{\"@type\":\"Article\",\"@id\":\"https:\\\/\\\/elcanillita.info\\\/press\\\/2023\\\/02\\\/26\\\/corrupcion-detonador-de-la-iii-guerra-mundial\\\/#article\",\"isPartOf\":{\"@id\":\"https:\\\/\\\/elcanillita.info\\\/press\\\/2023\\\/02\\\/26\\\/corrupcion-detonador-de-la-iii-guerra-mundial\\\/\"},\"author\":{\"name\":\"SalaStampa.eu, world press service\",\"@id\":\"https:\\\/\\\/elcanillita.info\\\/press\\\/#\\\/schema\\\/person\\\/7fcb79f38045700919f7da6d97e71ba0\"},\"headline\":\"Corrupci\u00f3n, detonador de la III Guerra Mundial\",\"datePublished\":\"2023-02-26T12:06:37+00:00\",\"dateModified\":\"2023-03-01T18:21:06+00:00\",\"mainEntityOfPage\":{\"@id\":\"https:\\\/\\\/elcanillita.info\\\/press\\\/2023\\\/02\\\/26\\\/corrupcion-detonador-de-la-iii-guerra-mundial\\\/\"},\"wordCount\":1712,\"publisher\":{\"@id\":\"https:\\\/\\\/elcanillita.info\\\/press\\\/#organization\"},\"image\":{\"@id\":\"https:\\\/\\\/elcanillita.info\\\/press\\\/2023\\\/02\\\/26\\\/corrupcion-detonador-de-la-iii-guerra-mundial\\\/#primaryimage\"},\"thumbnailUrl\":\"https:\\\/\\\/elcanillita.info\\\/press\\\/images\\\/2023\\\/02\\\/kvcover_20230226.jpg\",\"articleSection\":[\".\",\"Actualidad\",\"Eurasia\",\"Politica\"],\"inLanguage\":\"es-AR\"},{\"@type\":\"WebPage\",\"@id\":\"https:\\\/\\\/elcanillita.info\\\/press\\\/2023\\\/02\\\/26\\\/corrupcion-detonador-de-la-iii-guerra-mundial\\\/\",\"url\":\"https:\\\/\\\/elcanillita.info\\\/press\\\/2023\\\/02\\\/26\\\/corrupcion-detonador-de-la-iii-guerra-mundial\\\/\",\"name\":\"Corrupci\u00f3n, detonador de la III Guerra Mundial - ElCanillita.Info\",\"isPartOf\":{\"@id\":\"https:\\\/\\\/elcanillita.info\\\/press\\\/#website\"},\"primaryImageOfPage\":{\"@id\":\"https:\\\/\\\/elcanillita.info\\\/press\\\/2023\\\/02\\\/26\\\/corrupcion-detonador-de-la-iii-guerra-mundial\\\/#primaryimage\"},\"image\":{\"@id\":\"https:\\\/\\\/elcanillita.info\\\/press\\\/2023\\\/02\\\/26\\\/corrupcion-detonador-de-la-iii-guerra-mundial\\\/#primaryimage\"},\"thumbnailUrl\":\"https:\\\/\\\/elcanillita.info\\\/press\\\/images\\\/2023\\\/02\\\/kvcover_20230226.jpg\",\"datePublished\":\"2023-02-26T12:06:37+00:00\",\"dateModified\":\"2023-03-01T18:21:06+00:00\",\"description\":\"El 1 de marzo de 2014 Janukovy\u010d inst\u00f3 por escrito al presidente ruso Vlad\u00edmir Putin, a la intervenci\u00f3n armada del ej\u00e9rcito y las fuerzas policiales rusas en suelo ucraniano, para restablecer el orden e impedir las manifestaciones de la poblaci\u00f3n.\",\"inLanguage\":\"es-AR\",\"potentialAction\":[{\"@type\":\"ReadAction\",\"target\":[\"https:\\\/\\\/elcanillita.info\\\/press\\\/2023\\\/02\\\/26\\\/corrupcion-detonador-de-la-iii-guerra-mundial\\\/\"]}]},{\"@type\":\"ImageObject\",\"inLanguage\":\"es-AR\",\"@id\":\"https:\\\/\\\/elcanillita.info\\\/press\\\/2023\\\/02\\\/26\\\/corrupcion-detonador-de-la-iii-guerra-mundial\\\/#primaryimage\",\"url\":\"https:\\\/\\\/elcanillita.info\\\/press\\\/images\\\/2023\\\/02\\\/kvcover_20230226.jpg\",\"contentUrl\":\"https:\\\/\\\/elcanillita.info\\\/press\\\/images\\\/2023\\\/02\\\/kvcover_20230226.jpg\",\"width\":600,\"height\":400,\"caption\":\"KIEV, UKRAINE - DECEMBER 7: Anti-government protesters rally on Independence Square on December 7, 2013 in Kiev, Ukraine. Thousands of people have been protesting against the government since a decision by Ukrainian president Viktor Yanukovych to suspend a trade and partnership agreement with the European Union in favor of incentives from Russia. (Photo by Brendan Hoffman\\\/Getty Images) *** Local Caption ***\"},{\"@type\":\"WebSite\",\"@id\":\"https:\\\/\\\/elcanillita.info\\\/press\\\/#website\",\"url\":\"https:\\\/\\\/elcanillita.info\\\/press\\\/\",\"name\":\"ElCanillita.Info\",\"description\":\"desde los Apeninos a los Andes\",\"publisher\":{\"@id\":\"https:\\\/\\\/elcanillita.info\\\/press\\\/#organization\"},\"potentialAction\":[{\"@type\":\"SearchAction\",\"target\":{\"@type\":\"EntryPoint\",\"urlTemplate\":\"https:\\\/\\\/elcanillita.info\\\/press\\\/?s={search_term_string}\"},\"query-input\":{\"@type\":\"PropertyValueSpecification\",\"valueRequired\":true,\"valueName\":\"search_term_string\"}}],\"inLanguage\":\"es-AR\"},{\"@type\":\"Organization\",\"@id\":\"https:\\\/\\\/elcanillita.info\\\/press\\\/#organization\",\"name\":\"Guzzo Photos & Graphic Publications\",\"url\":\"https:\\\/\\\/elcanillita.info\\\/press\\\/\",\"logo\":{\"@type\":\"ImageObject\",\"inLanguage\":\"es-AR\",\"@id\":\"https:\\\/\\\/elcanillita.info\\\/press\\\/#\\\/schema\\\/logo\\\/image\\\/\",\"url\":\"https:\\\/\\\/elcanillita.info\\\/press\\\/images\\\/2020\\\/01\\\/cropped-cropped-cropped-elcanillitainfo.png\",\"contentUrl\":\"https:\\\/\\\/elcanillita.info\\\/press\\\/images\\\/2020\\\/01\\\/cropped-cropped-cropped-elcanillitainfo.png\",\"width\":460,\"height\":50,\"caption\":\"Guzzo Photos & Graphic Publications\"},\"image\":{\"@id\":\"https:\\\/\\\/elcanillita.info\\\/press\\\/#\\\/schema\\\/logo\\\/image\\\/\"},\"sameAs\":[\"https:\\\/\\\/ar-ar.facebook.com\\\/ElCanillitainfo-114249515285712\\\/\"]},{\"@type\":\"Person\",\"@id\":\"https:\\\/\\\/elcanillita.info\\\/press\\\/#\\\/schema\\\/person\\\/7fcb79f38045700919f7da6d97e71ba0\",\"name\":\"SalaStampa.eu, world press service\",\"image\":{\"@type\":\"ImageObject\",\"inLanguage\":\"es-AR\",\"@id\":\"https:\\\/\\\/secure.gravatar.com\\\/avatar\\\/c2f0e0d515a107624234994507816ca4724c7199cef73fc8bedebf6931d73888?s=96&d=mm&r=g\",\"url\":\"https:\\\/\\\/secure.gravatar.com\\\/avatar\\\/c2f0e0d515a107624234994507816ca4724c7199cef73fc8bedebf6931d73888?s=96&d=mm&r=g\",\"contentUrl\":\"https:\\\/\\\/secure.gravatar.com\\\/avatar\\\/c2f0e0d515a107624234994507816ca4724c7199cef73fc8bedebf6931d73888?s=96&d=mm&r=g\",\"caption\":\"SalaStampa.eu, world press service\"}}]}<\/script>\n<!-- \/ Yoast SEO plugin. -->","yoast_head_json":{"title":"Corrupci\u00f3n, detonador de la III Guerra Mundial - ElCanillita.Info","description":"El 1 de marzo de 2014 Janukovy\u010d inst\u00f3 por escrito al presidente ruso Vlad\u00edmir Putin, a la intervenci\u00f3n armada del ej\u00e9rcito y las fuerzas policiales rusas en suelo ucraniano, para restablecer el orden e impedir las manifestaciones de la poblaci\u00f3n.","robots":{"index":"index","follow":"follow","max-snippet":"max-snippet:-1","max-image-preview":"max-image-preview:large","max-video-preview":"max-video-preview:-1"},"canonical":"https:\/\/elcanillita.info\/press\/2023\/02\/26\/corrupcion-detonador-de-la-iii-guerra-mundial\/","og_locale":"es_ES","og_type":"article","og_title":"Corrupci\u00f3n, detonador de la III Guerra Mundial - ElCanillita.Info","og_description":"El 1 de marzo de 2014 Janukovy\u010d inst\u00f3 por escrito al presidente ruso Vlad\u00edmir Putin, a la intervenci\u00f3n armada del ej\u00e9rcito y las fuerzas policiales rusas en suelo ucraniano, para restablecer el orden e impedir las manifestaciones de la poblaci\u00f3n.","og_url":"https:\/\/elcanillita.info\/press\/2023\/02\/26\/corrupcion-detonador-de-la-iii-guerra-mundial\/","og_site_name":"ElCanillita.Info","article_publisher":"https:\/\/ar-ar.facebook.com\/ElCanillitainfo-114249515285712\/","article_published_time":"2023-02-26T12:06:37+00:00","article_modified_time":"2023-03-01T18:21:06+00:00","og_image":[{"width":600,"height":400,"url":"https:\/\/elcanillita.info\/press\/images\/2023\/02\/kvcover_20230226.jpg","type":"image\/jpeg"}],"author":"SalaStampa.eu, world press service","twitter_card":"summary_large_image","twitter_misc":{"Escrito por":"SalaStampa.eu, world press service","Tiempo de lectura":"9 minutos"},"schema":{"@context":"https:\/\/schema.org","@graph":[{"@type":"Article","@id":"https:\/\/elcanillita.info\/press\/2023\/02\/26\/corrupcion-detonador-de-la-iii-guerra-mundial\/#article","isPartOf":{"@id":"https:\/\/elcanillita.info\/press\/2023\/02\/26\/corrupcion-detonador-de-la-iii-guerra-mundial\/"},"author":{"name":"SalaStampa.eu, world press service","@id":"https:\/\/elcanillita.info\/press\/#\/schema\/person\/7fcb79f38045700919f7da6d97e71ba0"},"headline":"Corrupci\u00f3n, detonador de la III Guerra Mundial","datePublished":"2023-02-26T12:06:37+00:00","dateModified":"2023-03-01T18:21:06+00:00","mainEntityOfPage":{"@id":"https:\/\/elcanillita.info\/press\/2023\/02\/26\/corrupcion-detonador-de-la-iii-guerra-mundial\/"},"wordCount":1712,"publisher":{"@id":"https:\/\/elcanillita.info\/press\/#organization"},"image":{"@id":"https:\/\/elcanillita.info\/press\/2023\/02\/26\/corrupcion-detonador-de-la-iii-guerra-mundial\/#primaryimage"},"thumbnailUrl":"https:\/\/elcanillita.info\/press\/images\/2023\/02\/kvcover_20230226.jpg","articleSection":[".","Actualidad","Eurasia","Politica"],"inLanguage":"es-AR"},{"@type":"WebPage","@id":"https:\/\/elcanillita.info\/press\/2023\/02\/26\/corrupcion-detonador-de-la-iii-guerra-mundial\/","url":"https:\/\/elcanillita.info\/press\/2023\/02\/26\/corrupcion-detonador-de-la-iii-guerra-mundial\/","name":"Corrupci\u00f3n, detonador de la III Guerra Mundial - ElCanillita.Info","isPartOf":{"@id":"https:\/\/elcanillita.info\/press\/#website"},"primaryImageOfPage":{"@id":"https:\/\/elcanillita.info\/press\/2023\/02\/26\/corrupcion-detonador-de-la-iii-guerra-mundial\/#primaryimage"},"image":{"@id":"https:\/\/elcanillita.info\/press\/2023\/02\/26\/corrupcion-detonador-de-la-iii-guerra-mundial\/#primaryimage"},"thumbnailUrl":"https:\/\/elcanillita.info\/press\/images\/2023\/02\/kvcover_20230226.jpg","datePublished":"2023-02-26T12:06:37+00:00","dateModified":"2023-03-01T18:21:06+00:00","description":"El 1 de marzo de 2014 Janukovy\u010d inst\u00f3 por escrito al presidente ruso Vlad\u00edmir Putin, a la intervenci\u00f3n armada del ej\u00e9rcito y las fuerzas policiales rusas en suelo ucraniano, para restablecer el orden e impedir las manifestaciones de la poblaci\u00f3n.","inLanguage":"es-AR","potentialAction":[{"@type":"ReadAction","target":["https:\/\/elcanillita.info\/press\/2023\/02\/26\/corrupcion-detonador-de-la-iii-guerra-mundial\/"]}]},{"@type":"ImageObject","inLanguage":"es-AR","@id":"https:\/\/elcanillita.info\/press\/2023\/02\/26\/corrupcion-detonador-de-la-iii-guerra-mundial\/#primaryimage","url":"https:\/\/elcanillita.info\/press\/images\/2023\/02\/kvcover_20230226.jpg","contentUrl":"https:\/\/elcanillita.info\/press\/images\/2023\/02\/kvcover_20230226.jpg","width":600,"height":400,"caption":"KIEV, UKRAINE - DECEMBER 7: Anti-government protesters rally on Independence Square on December 7, 2013 in Kiev, Ukraine. Thousands of people have been protesting against the government since a decision by Ukrainian president Viktor Yanukovych to suspend a trade and partnership agreement with the European Union in favor of incentives from Russia. (Photo by Brendan Hoffman\/Getty Images) *** Local Caption ***"},{"@type":"WebSite","@id":"https:\/\/elcanillita.info\/press\/#website","url":"https:\/\/elcanillita.info\/press\/","name":"ElCanillita.Info","description":"desde los Apeninos a los Andes","publisher":{"@id":"https:\/\/elcanillita.info\/press\/#organization"},"potentialAction":[{"@type":"SearchAction","target":{"@type":"EntryPoint","urlTemplate":"https:\/\/elcanillita.info\/press\/?s={search_term_string}"},"query-input":{"@type":"PropertyValueSpecification","valueRequired":true,"valueName":"search_term_string"}}],"inLanguage":"es-AR"},{"@type":"Organization","@id":"https:\/\/elcanillita.info\/press\/#organization","name":"Guzzo Photos & Graphic Publications","url":"https:\/\/elcanillita.info\/press\/","logo":{"@type":"ImageObject","inLanguage":"es-AR","@id":"https:\/\/elcanillita.info\/press\/#\/schema\/logo\/image\/","url":"https:\/\/elcanillita.info\/press\/images\/2020\/01\/cropped-cropped-cropped-elcanillitainfo.png","contentUrl":"https:\/\/elcanillita.info\/press\/images\/2020\/01\/cropped-cropped-cropped-elcanillitainfo.png","width":460,"height":50,"caption":"Guzzo Photos & Graphic Publications"},"image":{"@id":"https:\/\/elcanillita.info\/press\/#\/schema\/logo\/image\/"},"sameAs":["https:\/\/ar-ar.facebook.com\/ElCanillitainfo-114249515285712\/"]},{"@type":"Person","@id":"https:\/\/elcanillita.info\/press\/#\/schema\/person\/7fcb79f38045700919f7da6d97e71ba0","name":"SalaStampa.eu, world press service","image":{"@type":"ImageObject","inLanguage":"es-AR","@id":"https:\/\/secure.gravatar.com\/avatar\/c2f0e0d515a107624234994507816ca4724c7199cef73fc8bedebf6931d73888?s=96&d=mm&r=g","url":"https:\/\/secure.gravatar.com\/avatar\/c2f0e0d515a107624234994507816ca4724c7199cef73fc8bedebf6931d73888?s=96&d=mm&r=g","contentUrl":"https:\/\/secure.gravatar.com\/avatar\/c2f0e0d515a107624234994507816ca4724c7199cef73fc8bedebf6931d73888?s=96&d=mm&r=g","caption":"SalaStampa.eu, world press service"}}]}},"views":421,"_links":{"self":[{"href":"https:\/\/elcanillita.info\/press\/wp-json\/wp\/v2\/posts\/3286","targetHints":{"allow":["GET"]}}],"collection":[{"href":"https:\/\/elcanillita.info\/press\/wp-json\/wp\/v2\/posts"}],"about":[{"href":"https:\/\/elcanillita.info\/press\/wp-json\/wp\/v2\/types\/post"}],"author":[{"embeddable":true,"href":"https:\/\/elcanillita.info\/press\/wp-json\/wp\/v2\/users\/1"}],"replies":[{"embeddable":true,"href":"https:\/\/elcanillita.info\/press\/wp-json\/wp\/v2\/comments?post=3286"}],"version-history":[{"count":0,"href":"https:\/\/elcanillita.info\/press\/wp-json\/wp\/v2\/posts\/3286\/revisions"}],"wp:featuredmedia":[{"embeddable":true,"href":"https:\/\/elcanillita.info\/press\/wp-json\/wp\/v2\/media\/3287"}],"wp:attachment":[{"href":"https:\/\/elcanillita.info\/press\/wp-json\/wp\/v2\/media?parent=3286"}],"wp:term":[{"taxonomy":"category","embeddable":true,"href":"https:\/\/elcanillita.info\/press\/wp-json\/wp\/v2\/categories?post=3286"},{"taxonomy":"post_tag","embeddable":true,"href":"https:\/\/elcanillita.info\/press\/wp-json\/wp\/v2\/tags?post=3286"}],"curies":[{"name":"wp","href":"https:\/\/api.w.org\/{rel}","templated":true}]}}