{"id":3283,"date":"2023-02-24T22:42:49","date_gmt":"2023-02-25T01:42:49","guid":{"rendered":"https:\/\/elcanillita.info\/press\/?p=3283"},"modified":"2023-02-24T22:42:51","modified_gmt":"2023-02-25T01:42:51","slug":"trasladan-pandilleros-a-la-megaprision-mas-grande-de-america","status":"publish","type":"post","link":"https:\/\/elcanillita.info\/press\/2023\/02\/24\/trasladan-pandilleros-a-la-megaprision-mas-grande-de-america\/","title":{"rendered":"Trasladan pandilleros a la megaprisi\u00f3n m\u00e1s grande de Am\u00e9rica"},"content":{"rendered":"\n<figure class=\"wp-block-image size-large\"><img decoding=\"async\" src=\"https:\/\/elcanillita.info\/press\/images\/2023\/02\/slv_1_20230224.jpg\" alt=\"\"\/><figcaption>Polic\u00edas antidisturbios vigilan la llegada de reclusos de la MS-13 y de la pandilla 18 a la nueva c\u00e1rcel salvadore\u00f1a &#8220;Centro de Reclusi\u00f3n Terrorista&#8221;<\/figcaption><\/figure>\n\n\n\n<p>El Salvador, 24\/02\/2023<br>Los reclusos han comenzado a llegar al nuevo Centro de Reclusi\u00f3n Terrorista de El Salvador, conceptuado como la mayor megaprisi\u00f3n de Am\u00e9rica, en el \u00faltimo paso de una controvertida campa\u00f1a contra la delincuencia que ha provocado un aumento de la poblaci\u00f3n carcelaria.<\/p>\n\n\n\n<p>Las fotograf\u00edas muestran a agentes de polic\u00eda antidisturbios custodiando la llegada de reclusos pertenecientes a las bandas MS-13 y 18 a la extensa prisi\u00f3n de Tecoluca, a 80 kil\u00f3metros al sureste de San Salvador, el viernes.<\/p>\n\n\n\n<figure class=\"wp-block-image\"><img decoding=\"async\" src=\"https:\/\/elcanillita.info\/press\/images\/2023\/02\/slv_3_20230224.jpg\" alt=\"\"\/><\/figure>\n\n\n\n<p>Se ve a los reclusos desnudos, con pantalones cortos blancos y la cabeza rapada, corriendo por la nueva prisi\u00f3n hacia las celdas. Muchos tienen tatuajes de bandas.<\/p>\n\n\n\n<p>El centro albergar\u00e1 m\u00e1s de 62.000 individuos que las autoridades han detenido desde que el gobierno suspendi\u00f3 algunos derechos constitucionales e impuls\u00f3 una ofensiva total contra las bandas el pasado mes de marzo.<\/p>\n\n\n\n<figure class=\"wp-block-image\"><img decoding=\"async\" src=\"https:\/\/elcanillita.info\/press\/images\/2023\/02\/slv_2_20230224.jpg\" alt=\"\"\/><figcaption>Pandilleros esperan a ser conducidos a sus celdas<\/figcaption><\/figure>\n\n\n\n<p>La c\u00e1rcel, de alta tecnolog\u00eda, tiene un per\u00edmetro rodeado por un muro de hormig\u00f3n de 9 metros de alto y m\u00e1s de un kil\u00f3metro de largo, protegido por alambradas electrificadas.<\/p>\n\n\n\n<p>Treinta y dos celdas con barrotes de acero albergar\u00e1n a &#8220;m\u00e1s de cien&#8221; miembros de bandas.<\/p>\n\n\n\n<p>Cada celda dispone tambi\u00e9n de cabinas de chapa de hierro sin colchones para alojar a 80 personas. Adem\u00e1s, hay &#8220;celdas de castigo&#8221; oscuras y sin ventanas que se utilizar\u00e1n para los miembros de la banda que se &#8220;porten mal&#8221;.<\/p>\n\n\n\n<p>&#8220;Este ser\u00e1 su nuevo hogar, donde no podr\u00e1n hacer m\u00e1s da\u00f1o a la poblaci\u00f3n&#8221;, escribi\u00f3 el presidente Nayib Bukele en Twitter.<br><\/p>\n\n\n\n<figure class=\"wp-block-image\"><img decoding=\"async\" src=\"https:\/\/elcanillita.info\/press\/images\/2023\/02\/slv_4_20230224.jpg\" alt=\"\"\/><figcaption>Es la megaprisi\u00f3n &#8220;m\u00e1s grande de Am\u00e9rica&#8221;, equipada con vigilancia de alta tecnolog\u00eda y dise\u00f1ada para albergar a 40.000 delincuentes<\/figcaption><\/figure>\n\n\n\n<p> &#8220;El Salvador ha logrado pasar de ser el pa\u00eds m\u00e1s peligroso del mundo, al pa\u00eds m\u00e1s seguro de Am\u00e9rica. \u00bfC\u00f3mo lo hemos conseguido? Metiendo a los delincuentes en la c\u00e1rcel. \u00bfNo habia espacio? Ahora lo hay&#8221;.<\/p>\n\n\n\n<p>El Sr. Bukele pidi\u00f3 a sus aliados en el Congreso de El Salvador que aprobaran el a\u00f1o pasado un estado de excepci\u00f3n, que desde entonces se ha prorrogado varias veces, que suspende algunos derechos constitucionales tras un dram\u00e1tico repunte de los asesinatos atribuidos a bandas violentas.<\/p>\n\n\n\n<p>La medida goza de un amplio apoyo en El Salvador, pero ha sido muy criticada por organizaciones de derechos humanos y algunos gobiernos extranjeros por su falta de garant\u00edas procesales y otros abusos.<\/p>\n\n\n\n<p>El presidente Nayib Bukele libra una &#8220;guerra&#8221; contra estos grupos<\/p>\n\n\n\n<p>Los cr\u00edticos con las t\u00e1cticas de mano dura de Bukele afirman que, a largo plazo, El Salvador no podr\u00e1 salir de sus problemas de seguridad deteniendo y encarcelando.<\/p>\n\n\n\n<p>&#8220;Con esta prisi\u00f3n, la administraci\u00f3n de Nayib Bukele en El Salvador demuestra que no tiene planes claros para prevenir la delincuencia&#8221;, tuite\u00f3 Carolina Jim\u00e9nez, presidente de la organizaci\u00f3n no gubernamental WOLA, centrada en Am\u00e9rica Latina. &#8220;Su principal opci\u00f3n es un estado de &#8216;excepci\u00f3n&#8217; permanente en el que se cometen violaciones a los derechos humanos&#8221;.<br><br><small>\u00a92023 ElCanillita.info &#8211; SalaStampa.Eu \/ rmag &#8211; Derechos Reservados<\/small><\/p>\n","protected":false},"excerpt":{"rendered":"<p>Polic\u00edas con equipo antimotines custodian la llegada de reos pertenecientes a las pandillas MS-13 y 18 al nuevo centro penitenciario de El Salvador &#8220;Centro de Reclusi\u00f3n Terrorista&#8221;<\/p>\n","protected":false},"author":1,"featured_media":3284,"comment_status":"closed","ping_status":"closed","sticky":false,"template":"","format":"standard","meta":{"footnotes":"","_links_to":"","_links_to_target":""},"categories":[108,70,10,22],"tags":[],"class_list":["post-3283","post","type-post","status-publish","format-standard","has-post-thumbnail","hentry","category-blogdiario","category-actualidad","category-america-central","category-justicia","entry","double"],"yoast_head":"<!-- This site is optimized with the Yoast SEO plugin v27.4 - https:\/\/yoast.com\/product\/yoast-seo-wordpress\/ -->\n<title>Trasladan pandilleros a la megaprisi\u00f3n m\u00e1s grande de Am\u00e9rica - ElCanillita.Info<\/title>\n<meta name=\"description\" content=\"Polic\u00edas con equipo antimotines custodian la llegada de reos pertenecientes a las pandillas MS-13 y 18 al nuevo centro penitenciario de El Salvador &quot;Centro de Reclusi\u00f3n Terrorista&quot;\" \/>\n<meta name=\"robots\" content=\"index, follow, max-snippet:-1, max-image-preview:large, max-video-preview:-1\" \/>\n<link rel=\"canonical\" href=\"https:\/\/elcanillita.info\/press\/2023\/02\/24\/trasladan-pandilleros-a-la-megaprision-mas-grande-de-america\/\" \/>\n<meta property=\"og:locale\" content=\"es_ES\" \/>\n<meta property=\"og:type\" content=\"article\" \/>\n<meta property=\"og:title\" content=\"Trasladan pandilleros a la megaprisi\u00f3n m\u00e1s grande de Am\u00e9rica - ElCanillita.Info\" \/>\n<meta property=\"og:description\" content=\"Polic\u00edas con equipo antimotines custodian la llegada de reos pertenecientes a las pandillas MS-13 y 18 al nuevo centro penitenciario de El Salvador &quot;Centro de Reclusi\u00f3n Terrorista&quot;\" \/>\n<meta property=\"og:url\" content=\"https:\/\/elcanillita.info\/press\/2023\/02\/24\/trasladan-pandilleros-a-la-megaprision-mas-grande-de-america\/\" \/>\n<meta property=\"og:site_name\" content=\"ElCanillita.Info\" \/>\n<meta property=\"article:publisher\" content=\"https:\/\/ar-ar.facebook.com\/ElCanillitainfo-114249515285712\/\" \/>\n<meta property=\"article:published_time\" content=\"2023-02-25T01:42:49+00:00\" \/>\n<meta property=\"article:modified_time\" content=\"2023-02-25T01:42:51+00:00\" \/>\n<meta property=\"og:image\" content=\"https:\/\/elcanillita.info\/press\/images\/2023\/02\/2023-02-25-01-10-19.jpg\" \/>\n\t<meta property=\"og:image:width\" content=\"618\" \/>\n\t<meta property=\"og:image:height\" content=\"386\" \/>\n\t<meta property=\"og:image:type\" content=\"image\/jpeg\" \/>\n<meta name=\"author\" content=\"SalaStampa.eu, world press service\" \/>\n<meta name=\"twitter:card\" content=\"summary_large_image\" \/>\n<meta name=\"twitter:label1\" content=\"Escrito por\" \/>\n\t<meta name=\"twitter:data1\" content=\"SalaStampa.eu, world press service\" \/>\n\t<meta name=\"twitter:label2\" content=\"Tiempo de lectura\" \/>\n\t<meta name=\"twitter:data2\" content=\"4 minutos\" \/>\n<script type=\"application\/ld+json\" class=\"yoast-schema-graph\">{\"@context\":\"https:\\\/\\\/schema.org\",\"@graph\":[{\"@type\":\"Article\",\"@id\":\"https:\\\/\\\/elcanillita.info\\\/press\\\/2023\\\/02\\\/24\\\/trasladan-pandilleros-a-la-megaprision-mas-grande-de-america\\\/#article\",\"isPartOf\":{\"@id\":\"https:\\\/\\\/elcanillita.info\\\/press\\\/2023\\\/02\\\/24\\\/trasladan-pandilleros-a-la-megaprision-mas-grande-de-america\\\/\"},\"author\":{\"name\":\"SalaStampa.eu, world press service\",\"@id\":\"https:\\\/\\\/elcanillita.info\\\/press\\\/#\\\/schema\\\/person\\\/7fcb79f38045700919f7da6d97e71ba0\"},\"headline\":\"Trasladan pandilleros a la megaprisi\u00f3n m\u00e1s grande de Am\u00e9rica\",\"datePublished\":\"2023-02-25T01:42:49+00:00\",\"dateModified\":\"2023-02-25T01:42:51+00:00\",\"mainEntityOfPage\":{\"@id\":\"https:\\\/\\\/elcanillita.info\\\/press\\\/2023\\\/02\\\/24\\\/trasladan-pandilleros-a-la-megaprision-mas-grande-de-america\\\/\"},\"wordCount\":574,\"publisher\":{\"@id\":\"https:\\\/\\\/elcanillita.info\\\/press\\\/#organization\"},\"image\":{\"@id\":\"https:\\\/\\\/elcanillita.info\\\/press\\\/2023\\\/02\\\/24\\\/trasladan-pandilleros-a-la-megaprision-mas-grande-de-america\\\/#primaryimage\"},\"thumbnailUrl\":\"https:\\\/\\\/elcanillita.info\\\/press\\\/images\\\/2023\\\/02\\\/2023-02-25-01-10-19.jpg\",\"articleSection\":[\".\",\"Actualidad\",\"Am\u00e9rica Central\",\"Justicia\"],\"inLanguage\":\"es-AR\"},{\"@type\":\"WebPage\",\"@id\":\"https:\\\/\\\/elcanillita.info\\\/press\\\/2023\\\/02\\\/24\\\/trasladan-pandilleros-a-la-megaprision-mas-grande-de-america\\\/\",\"url\":\"https:\\\/\\\/elcanillita.info\\\/press\\\/2023\\\/02\\\/24\\\/trasladan-pandilleros-a-la-megaprision-mas-grande-de-america\\\/\",\"name\":\"Trasladan pandilleros a la megaprisi\u00f3n m\u00e1s grande de Am\u00e9rica - ElCanillita.Info\",\"isPartOf\":{\"@id\":\"https:\\\/\\\/elcanillita.info\\\/press\\\/#website\"},\"primaryImageOfPage\":{\"@id\":\"https:\\\/\\\/elcanillita.info\\\/press\\\/2023\\\/02\\\/24\\\/trasladan-pandilleros-a-la-megaprision-mas-grande-de-america\\\/#primaryimage\"},\"image\":{\"@id\":\"https:\\\/\\\/elcanillita.info\\\/press\\\/2023\\\/02\\\/24\\\/trasladan-pandilleros-a-la-megaprision-mas-grande-de-america\\\/#primaryimage\"},\"thumbnailUrl\":\"https:\\\/\\\/elcanillita.info\\\/press\\\/images\\\/2023\\\/02\\\/2023-02-25-01-10-19.jpg\",\"datePublished\":\"2023-02-25T01:42:49+00:00\",\"dateModified\":\"2023-02-25T01:42:51+00:00\",\"description\":\"Polic\u00edas con equipo antimotines custodian la llegada de reos pertenecientes a las pandillas MS-13 y 18 al nuevo centro penitenciario de El Salvador \\\"Centro de Reclusi\u00f3n Terrorista\\\"\",\"inLanguage\":\"es-AR\",\"potentialAction\":[{\"@type\":\"ReadAction\",\"target\":[\"https:\\\/\\\/elcanillita.info\\\/press\\\/2023\\\/02\\\/24\\\/trasladan-pandilleros-a-la-megaprision-mas-grande-de-america\\\/\"]}]},{\"@type\":\"ImageObject\",\"inLanguage\":\"es-AR\",\"@id\":\"https:\\\/\\\/elcanillita.info\\\/press\\\/2023\\\/02\\\/24\\\/trasladan-pandilleros-a-la-megaprision-mas-grande-de-america\\\/#primaryimage\",\"url\":\"https:\\\/\\\/elcanillita.info\\\/press\\\/images\\\/2023\\\/02\\\/2023-02-25-01-10-19.jpg\",\"contentUrl\":\"https:\\\/\\\/elcanillita.info\\\/press\\\/images\\\/2023\\\/02\\\/2023-02-25-01-10-19.jpg\",\"width\":618,\"height\":386},{\"@type\":\"WebSite\",\"@id\":\"https:\\\/\\\/elcanillita.info\\\/press\\\/#website\",\"url\":\"https:\\\/\\\/elcanillita.info\\\/press\\\/\",\"name\":\"ElCanillita.Info\",\"description\":\"desde los Apeninos a los Andes\",\"publisher\":{\"@id\":\"https:\\\/\\\/elcanillita.info\\\/press\\\/#organization\"},\"potentialAction\":[{\"@type\":\"SearchAction\",\"target\":{\"@type\":\"EntryPoint\",\"urlTemplate\":\"https:\\\/\\\/elcanillita.info\\\/press\\\/?s={search_term_string}\"},\"query-input\":{\"@type\":\"PropertyValueSpecification\",\"valueRequired\":true,\"valueName\":\"search_term_string\"}}],\"inLanguage\":\"es-AR\"},{\"@type\":\"Organization\",\"@id\":\"https:\\\/\\\/elcanillita.info\\\/press\\\/#organization\",\"name\":\"Guzzo Photos & Graphic Publications\",\"url\":\"https:\\\/\\\/elcanillita.info\\\/press\\\/\",\"logo\":{\"@type\":\"ImageObject\",\"inLanguage\":\"es-AR\",\"@id\":\"https:\\\/\\\/elcanillita.info\\\/press\\\/#\\\/schema\\\/logo\\\/image\\\/\",\"url\":\"https:\\\/\\\/elcanillita.info\\\/press\\\/images\\\/2020\\\/01\\\/cropped-cropped-cropped-elcanillitainfo.png\",\"contentUrl\":\"https:\\\/\\\/elcanillita.info\\\/press\\\/images\\\/2020\\\/01\\\/cropped-cropped-cropped-elcanillitainfo.png\",\"width\":460,\"height\":50,\"caption\":\"Guzzo Photos & Graphic Publications\"},\"image\":{\"@id\":\"https:\\\/\\\/elcanillita.info\\\/press\\\/#\\\/schema\\\/logo\\\/image\\\/\"},\"sameAs\":[\"https:\\\/\\\/ar-ar.facebook.com\\\/ElCanillitainfo-114249515285712\\\/\"]},{\"@type\":\"Person\",\"@id\":\"https:\\\/\\\/elcanillita.info\\\/press\\\/#\\\/schema\\\/person\\\/7fcb79f38045700919f7da6d97e71ba0\",\"name\":\"SalaStampa.eu, world press service\",\"image\":{\"@type\":\"ImageObject\",\"inLanguage\":\"es-AR\",\"@id\":\"https:\\\/\\\/secure.gravatar.com\\\/avatar\\\/c2f0e0d515a107624234994507816ca4724c7199cef73fc8bedebf6931d73888?s=96&d=mm&r=g\",\"url\":\"https:\\\/\\\/secure.gravatar.com\\\/avatar\\\/c2f0e0d515a107624234994507816ca4724c7199cef73fc8bedebf6931d73888?s=96&d=mm&r=g\",\"contentUrl\":\"https:\\\/\\\/secure.gravatar.com\\\/avatar\\\/c2f0e0d515a107624234994507816ca4724c7199cef73fc8bedebf6931d73888?s=96&d=mm&r=g\",\"caption\":\"SalaStampa.eu, world press service\"}}]}<\/script>\n<!-- \/ Yoast SEO plugin. -->","yoast_head_json":{"title":"Trasladan pandilleros a la megaprisi\u00f3n m\u00e1s grande de Am\u00e9rica - ElCanillita.Info","description":"Polic\u00edas con equipo antimotines custodian la llegada de reos pertenecientes a las pandillas MS-13 y 18 al nuevo centro penitenciario de El Salvador \"Centro de Reclusi\u00f3n Terrorista\"","robots":{"index":"index","follow":"follow","max-snippet":"max-snippet:-1","max-image-preview":"max-image-preview:large","max-video-preview":"max-video-preview:-1"},"canonical":"https:\/\/elcanillita.info\/press\/2023\/02\/24\/trasladan-pandilleros-a-la-megaprision-mas-grande-de-america\/","og_locale":"es_ES","og_type":"article","og_title":"Trasladan pandilleros a la megaprisi\u00f3n m\u00e1s grande de Am\u00e9rica - ElCanillita.Info","og_description":"Polic\u00edas con equipo antimotines custodian la llegada de reos pertenecientes a las pandillas MS-13 y 18 al nuevo centro penitenciario de El Salvador \"Centro de Reclusi\u00f3n Terrorista\"","og_url":"https:\/\/elcanillita.info\/press\/2023\/02\/24\/trasladan-pandilleros-a-la-megaprision-mas-grande-de-america\/","og_site_name":"ElCanillita.Info","article_publisher":"https:\/\/ar-ar.facebook.com\/ElCanillitainfo-114249515285712\/","article_published_time":"2023-02-25T01:42:49+00:00","article_modified_time":"2023-02-25T01:42:51+00:00","og_image":[{"width":618,"height":386,"url":"https:\/\/elcanillita.info\/press\/images\/2023\/02\/2023-02-25-01-10-19.jpg","type":"image\/jpeg"}],"author":"SalaStampa.eu, world press service","twitter_card":"summary_large_image","twitter_misc":{"Escrito por":"SalaStampa.eu, world press service","Tiempo de lectura":"4 minutos"},"schema":{"@context":"https:\/\/schema.org","@graph":[{"@type":"Article","@id":"https:\/\/elcanillita.info\/press\/2023\/02\/24\/trasladan-pandilleros-a-la-megaprision-mas-grande-de-america\/#article","isPartOf":{"@id":"https:\/\/elcanillita.info\/press\/2023\/02\/24\/trasladan-pandilleros-a-la-megaprision-mas-grande-de-america\/"},"author":{"name":"SalaStampa.eu, world press service","@id":"https:\/\/elcanillita.info\/press\/#\/schema\/person\/7fcb79f38045700919f7da6d97e71ba0"},"headline":"Trasladan pandilleros a la megaprisi\u00f3n m\u00e1s grande de Am\u00e9rica","datePublished":"2023-02-25T01:42:49+00:00","dateModified":"2023-02-25T01:42:51+00:00","mainEntityOfPage":{"@id":"https:\/\/elcanillita.info\/press\/2023\/02\/24\/trasladan-pandilleros-a-la-megaprision-mas-grande-de-america\/"},"wordCount":574,"publisher":{"@id":"https:\/\/elcanillita.info\/press\/#organization"},"image":{"@id":"https:\/\/elcanillita.info\/press\/2023\/02\/24\/trasladan-pandilleros-a-la-megaprision-mas-grande-de-america\/#primaryimage"},"thumbnailUrl":"https:\/\/elcanillita.info\/press\/images\/2023\/02\/2023-02-25-01-10-19.jpg","articleSection":[".","Actualidad","Am\u00e9rica Central","Justicia"],"inLanguage":"es-AR"},{"@type":"WebPage","@id":"https:\/\/elcanillita.info\/press\/2023\/02\/24\/trasladan-pandilleros-a-la-megaprision-mas-grande-de-america\/","url":"https:\/\/elcanillita.info\/press\/2023\/02\/24\/trasladan-pandilleros-a-la-megaprision-mas-grande-de-america\/","name":"Trasladan pandilleros a la megaprisi\u00f3n m\u00e1s grande de Am\u00e9rica - ElCanillita.Info","isPartOf":{"@id":"https:\/\/elcanillita.info\/press\/#website"},"primaryImageOfPage":{"@id":"https:\/\/elcanillita.info\/press\/2023\/02\/24\/trasladan-pandilleros-a-la-megaprision-mas-grande-de-america\/#primaryimage"},"image":{"@id":"https:\/\/elcanillita.info\/press\/2023\/02\/24\/trasladan-pandilleros-a-la-megaprision-mas-grande-de-america\/#primaryimage"},"thumbnailUrl":"https:\/\/elcanillita.info\/press\/images\/2023\/02\/2023-02-25-01-10-19.jpg","datePublished":"2023-02-25T01:42:49+00:00","dateModified":"2023-02-25T01:42:51+00:00","description":"Polic\u00edas con equipo antimotines custodian la llegada de reos pertenecientes a las pandillas MS-13 y 18 al nuevo centro penitenciario de El Salvador \"Centro de Reclusi\u00f3n Terrorista\"","inLanguage":"es-AR","potentialAction":[{"@type":"ReadAction","target":["https:\/\/elcanillita.info\/press\/2023\/02\/24\/trasladan-pandilleros-a-la-megaprision-mas-grande-de-america\/"]}]},{"@type":"ImageObject","inLanguage":"es-AR","@id":"https:\/\/elcanillita.info\/press\/2023\/02\/24\/trasladan-pandilleros-a-la-megaprision-mas-grande-de-america\/#primaryimage","url":"https:\/\/elcanillita.info\/press\/images\/2023\/02\/2023-02-25-01-10-19.jpg","contentUrl":"https:\/\/elcanillita.info\/press\/images\/2023\/02\/2023-02-25-01-10-19.jpg","width":618,"height":386},{"@type":"WebSite","@id":"https:\/\/elcanillita.info\/press\/#website","url":"https:\/\/elcanillita.info\/press\/","name":"ElCanillita.Info","description":"desde los Apeninos a los Andes","publisher":{"@id":"https:\/\/elcanillita.info\/press\/#organization"},"potentialAction":[{"@type":"SearchAction","target":{"@type":"EntryPoint","urlTemplate":"https:\/\/elcanillita.info\/press\/?s={search_term_string}"},"query-input":{"@type":"PropertyValueSpecification","valueRequired":true,"valueName":"search_term_string"}}],"inLanguage":"es-AR"},{"@type":"Organization","@id":"https:\/\/elcanillita.info\/press\/#organization","name":"Guzzo Photos & Graphic Publications","url":"https:\/\/elcanillita.info\/press\/","logo":{"@type":"ImageObject","inLanguage":"es-AR","@id":"https:\/\/elcanillita.info\/press\/#\/schema\/logo\/image\/","url":"https:\/\/elcanillita.info\/press\/images\/2020\/01\/cropped-cropped-cropped-elcanillitainfo.png","contentUrl":"https:\/\/elcanillita.info\/press\/images\/2020\/01\/cropped-cropped-cropped-elcanillitainfo.png","width":460,"height":50,"caption":"Guzzo Photos & Graphic Publications"},"image":{"@id":"https:\/\/elcanillita.info\/press\/#\/schema\/logo\/image\/"},"sameAs":["https:\/\/ar-ar.facebook.com\/ElCanillitainfo-114249515285712\/"]},{"@type":"Person","@id":"https:\/\/elcanillita.info\/press\/#\/schema\/person\/7fcb79f38045700919f7da6d97e71ba0","name":"SalaStampa.eu, world press service","image":{"@type":"ImageObject","inLanguage":"es-AR","@id":"https:\/\/secure.gravatar.com\/avatar\/c2f0e0d515a107624234994507816ca4724c7199cef73fc8bedebf6931d73888?s=96&d=mm&r=g","url":"https:\/\/secure.gravatar.com\/avatar\/c2f0e0d515a107624234994507816ca4724c7199cef73fc8bedebf6931d73888?s=96&d=mm&r=g","contentUrl":"https:\/\/secure.gravatar.com\/avatar\/c2f0e0d515a107624234994507816ca4724c7199cef73fc8bedebf6931d73888?s=96&d=mm&r=g","caption":"SalaStampa.eu, world press service"}}]}},"views":466,"_links":{"self":[{"href":"https:\/\/elcanillita.info\/press\/wp-json\/wp\/v2\/posts\/3283","targetHints":{"allow":["GET"]}}],"collection":[{"href":"https:\/\/elcanillita.info\/press\/wp-json\/wp\/v2\/posts"}],"about":[{"href":"https:\/\/elcanillita.info\/press\/wp-json\/wp\/v2\/types\/post"}],"author":[{"embeddable":true,"href":"https:\/\/elcanillita.info\/press\/wp-json\/wp\/v2\/users\/1"}],"replies":[{"embeddable":true,"href":"https:\/\/elcanillita.info\/press\/wp-json\/wp\/v2\/comments?post=3283"}],"version-history":[{"count":0,"href":"https:\/\/elcanillita.info\/press\/wp-json\/wp\/v2\/posts\/3283\/revisions"}],"wp:featuredmedia":[{"embeddable":true,"href":"https:\/\/elcanillita.info\/press\/wp-json\/wp\/v2\/media\/3284"}],"wp:attachment":[{"href":"https:\/\/elcanillita.info\/press\/wp-json\/wp\/v2\/media?parent=3283"}],"wp:term":[{"taxonomy":"category","embeddable":true,"href":"https:\/\/elcanillita.info\/press\/wp-json\/wp\/v2\/categories?post=3283"},{"taxonomy":"post_tag","embeddable":true,"href":"https:\/\/elcanillita.info\/press\/wp-json\/wp\/v2\/tags?post=3283"}],"curies":[{"name":"wp","href":"https:\/\/api.w.org\/{rel}","templated":true}]}}