{"id":3276,"date":"2023-02-23T20:10:47","date_gmt":"2023-02-23T23:10:47","guid":{"rendered":"https:\/\/elcanillita.info\/press\/?p=3276"},"modified":"2023-02-28T20:37:03","modified_gmt":"2023-02-28T23:37:03","slug":"la-remerara-de-zelensky-es-una-declaracion-politica","status":"publish","type":"post","link":"https:\/\/elcanillita.info\/press\/2023\/02\/23\/la-remerara-de-zelensky-es-una-declaracion-politica\/","title":{"rendered":"La remera de Zelensky es una declaraci\u00f3n pol\u00edtica"},"content":{"rendered":"\n<figure class=\"wp-block-image size-full\"><img loading=\"lazy\" decoding=\"async\" width=\"600\" height=\"400\" src=\"https:\/\/elcanillita.info\/press\/images\/2023\/02\/zel_3_20230223.jpg\" alt=\"\" class=\"wp-image-3279\" srcset=\"https:\/\/elcanillita.info\/press\/images\/2023\/02\/zel_3_20230223.jpg 600w, https:\/\/elcanillita.info\/press\/images\/2023\/02\/zel_3_20230223-300x200.jpg 300w\" sizes=\"auto, (max-width: 600px) 100vw, 600px\" \/><\/figure>\n\n\n\n<p>La us\u00f3 para reunirse con otros l\u00edderes mundiales, la us\u00f3 mientras dirig\u00eda la lucha de su pa\u00eds contra Rusia y para reunirse con las tropas en la l\u00ednea del frente. El a\u00f1o pasado, la remerara de Volodymyr Zelensky se convirti\u00f3 en la camiseta m\u00e1s famosa del mundo. Pero es m\u00e1s que eso. Tambi\u00e9n es el uniforme pol\u00edtico m\u00e1s c\u00e9lebre de la historia.<\/p>\n\n\n\n<p>La remeraa es de U-Shirt, una peque\u00f1a marca ucraniana nacida tras la guerra como una forma de hacer o\u00edr la voz de Ucrania.<\/p>\n\n\n\n<p>Superficialmente, podr\u00eda resultar f\u00e1cil pensar que el significado de la remera simplemente gira en torno al hecho de que es otro ejemplo de estilo pol\u00edtico informal, como las mangas arremangadas de Barack Obama o la ausencia de corbata de Emmanuel Macron. Pero es m\u00e1s que eso. Mucho m\u00e1s. Es una declaraci\u00f3n pol\u00edtica deliberada.<\/p>\n\n\n\n<figure class=\"wp-block-image size-full\"><img loading=\"lazy\" decoding=\"async\" width=\"600\" height=\"400\" src=\"https:\/\/elcanillita.info\/press\/images\/2023\/02\/zel_6_20230223.jpg\" alt=\"\" class=\"wp-image-3280\" srcset=\"https:\/\/elcanillita.info\/press\/images\/2023\/02\/zel_6_20230223.jpg 600w, https:\/\/elcanillita.info\/press\/images\/2023\/02\/zel_6_20230223-300x200.jpg 300w\" sizes=\"auto, (max-width: 600px) 100vw, 600px\" \/><\/figure>\n\n\n\n<p>Al igual que el traje de sirena de Churchill, llamado as\u00ed porque adopt\u00f3 el mono de trabajador durante la Segunda Guerra Mundial para poder pon\u00e9rselo en caso de un ataque a\u00e9reo, Zelensky est\u00e1 fusionando la influencia pol\u00edtica con un estilo que se dirige tanto al p\u00fablico como a los dem\u00e1s medios por igual. Que tenga un toque militar (el presidente tiene una colecci\u00f3n casi id\u00e9ntica en verde oliva y negro y normalmente los combina con pantalones de combate) claramente dice mucho.<\/p>\n\n\n\n<p>Hist\u00f3ricamente, son los comandantes militares como Napole\u00f3n o Enrique V los m\u00e1s venerados como l\u00edderes, y Zelensky no puede presumir de tener antecedentes en las Fuerzas. Pero la remera tambi\u00e9n tiene una nota informal; cuando Zelensky se dirigi\u00f3 al Congreso de EE. UU., a Ucrania o se reuni\u00f3 con Joe Biden, la sencillez de su ropa hablaba de una urgencia por la paz y la ayuda.<\/p>\n\n\n\n<p>Es un marcado contraste con el estilo de Vladimir Putin, ya que \u00e9sta es una mirada fundamentalmente de desd\u00e9n por el l\u00edder ruso. Al lucir la remera, Zelensky inmediatamente minimiza la petulante prepotencia de Putin, pinchando el comportamiento fr\u00e1gil del presidente ruso, haci\u00e9ndolo parecer un necio fascista anticuado de mediados del siglo XX.<\/p>\n\n\n\n<p>La remera refleja la negativa de Zelensky a tomar en serio a Putin, con sus chaquetas Loro Piana de 10.000 euros y su reloj Blancpain Grande Date Aqua Lung de 8.800 dolares. La negativa de Zelensky a \u201cdisfrazarse\u201d para Putin, su negativa a lucir como si estuviera acobardado, significa que se est\u00e1 burlando del intento fallido y demasiado maduro de Putin de reconstruir la Uni\u00f3n Sovi\u00e9tica.<\/p>\n\n\n\n<p>Escuchando hablar ucranianos  entrevistados mientras practicaban el barrido de minas, se comprende que estan decididos, enojados y dispuestos a hacer todo lo posible para derrotar a Putin, y todos parecen amar a Zelensky. \u201cEs un hombre del pueblo y parece un hombre del pueblo\u201d, dijo uno.<\/p>\n\n\n\n<p>Y es aqu\u00ed donde la remera de Zelensky hace un toque m\u00e1gico, proclamando: \u201cEstoy con el ej\u00e9rcito aunque no estoy en el ej\u00e9rcito\u201d; \u201cSoy un hombre que hace las cosas, en lugar de decir cosas\u201d; \u201cSoy un hombre que no tiene tiempo para cambiarse de ropa, que no tiene tiempo para ponerse un traje\u201d.<\/p>\n\n\n\n<p>B\u00e1sicamente, la remera de Zelensky dice: \u201cSoy yo y voy a ganar\u201d.<\/p>\n\n\n\n<figure class=\"wp-block-image size-full\"><img loading=\"lazy\" decoding=\"async\" width=\"600\" height=\"400\" src=\"https:\/\/elcanillita.info\/press\/images\/2023\/02\/zel_2_20230223.jpg\" alt=\"\" class=\"wp-image-3281\" srcset=\"https:\/\/elcanillita.info\/press\/images\/2023\/02\/zel_2_20230223.jpg 600w, https:\/\/elcanillita.info\/press\/images\/2023\/02\/zel_2_20230223-300x200.jpg 300w\" sizes=\"auto, (max-width: 600px) 100vw, 600px\" \/><\/figure>\n\n\n\n<p>Pero\u2026\u00bfcu\u00e1ndo not\u00f3 el resto del mundo la parte superior de Zelensky? Lo fecho en su aparici\u00f3n en el Congreso de los EE. UU. en la C\u00e1mara de Representantes del Capitolio de los EE. UU., en diciembre pasado, en la que la remera verde oliva estaba adornada con un dise\u00f1o de tridente dorado en el pecho. (El tridente es el elemento principal del escudo de armas de Ucrania). Fue entonces cuando los hombres de todas partes descubrieron que pod\u00edan identificarse con Zelensky: parece un padre, con un poco de pesadez alrededor de su tronco, y hace poco esfuerzo por estar presentable.<\/p>\n\n\n\n<p>Tambi\u00e9n hay un toque de h\u00e9roe rebelde de Hollywood: el \u00faltimo hombre en usar una sudadera con tanto estilo fue sin duda Steve McQueen como el capit\u00e1n Virgil Hilts en The Great Escape\u2026(La grande fuga).<\/p>\n\n\n\n<p>Otros hombres se han dado cuenta: despu\u00e9s de que las im\u00e1genes de Zelensky dieron la vuelta al mundo por primera vez en marzo del a\u00f1o pasado, Macron fue fotografiado con un Jersey con capucha con el logotipo de una unidad de paracaidistas de \u00e9lite, con barba incipiente. Otra pieza de ropa exclusiva, su chaqueta con cremallera de una marca llamada M-TAC, se ha agotado.<\/p>\n\n\n\n<p>Una de sus chaquetas M-TAC que hab\u00eda firmado fue subastada por 90,000 euros ($110,000) en una recaudaci\u00f3n de fondos de caridad organizada por la embajada de Ucrania en Londres. Mientras tanto, en eBay puedes comprar una versi\u00f3n de la camiseta por 22 euros.<\/p>\n\n\n\n<figure class=\"wp-block-image size-full\"><img loading=\"lazy\" decoding=\"async\" width=\"600\" height=\"400\" src=\"https:\/\/elcanillita.info\/press\/images\/2023\/02\/zel_4_20230223.jpg\" alt=\"\" class=\"wp-image-3278\" srcset=\"https:\/\/elcanillita.info\/press\/images\/2023\/02\/zel_4_20230223.jpg 600w, https:\/\/elcanillita.info\/press\/images\/2023\/02\/zel_4_20230223-300x200.jpg 300w\" sizes=\"auto, (max-width: 600px) 100vw, 600px\" \/><figcaption class=\"wp-element-caption\">Zelensky se encuentra con el rey Carlos en el Palacio de Buckingham el 8 de febrero <br><\/figcaption><\/figure>\n\n\n\n<p>Como era de esperar, hay algunos a los que no les gusta lo que hace Zelensky y piensan que la remera se ha convertido en una especie de taquigraf\u00eda visual perezosa. Tambi\u00e9n est\u00e1n esas almas poco caritativas que lo conocieron antes de meterse en la pol\u00edtica y dicen que la personalidad p\u00fablica de Zelensky es solo un acto, y que todo este asunto del hombre del pueblo ha sido orquestado. Pero, este es un hombre que entiende a su audiencia, a la gente de Ucrania y al mundo que quiere unir detr\u00e1s de \u00e9l.<\/p>\n\n\n\n<p>Como Margaret Thatcher con su voz (fue inventada, porque quer\u00eda sonar elegante a pesar de que despreciaba a las clases altas), y Harold Wilson con su pipa (en privado fumaba cigarros pero sent\u00eda que no eran lo suficientemente igualitarios), cuando Zelensky entr\u00f3 en la arena pol\u00edtica aprendi\u00f3 que para hacer que la gente se sentara y escuchara, necesitar\u00eda un acto, una perorata, una narrativa, una historia para mantener el inter\u00e9s del mundo.<\/p>\n\n\n\n<p>Y con la remera, Zelensky parece haber encontrado el veh\u00edculo perfecto.<br><\/p>\n\n\n\n<figure class=\"wp-block-image size-large\"><img decoding=\"async\" src=\"https:\/\/elcanillita.info\/press\/images\/2023\/02\/zel_5_20230223.jpg\" alt=\"\"\/><figcaption class=\"wp-element-caption\">La boina del Che Guevara, un aderezo poderoso<\/figcaption><\/figure>\n\n\n\n<p>La fotograf\u00eda de Alberto Korda del revolucionario terrorista argentino cubano con su caracter\u00edstica boina est\u00e1 arraigada en la conciencia p\u00fablica y se ha convertido en un s\u00edmbolo de rebeld\u00eda.<\/p>\n\n\n\n<p><!--<p>El ic\u00f3nico traje de sirena de Churchill<\/p>--><\/p>\n\n\n\n<p><!--El estadista brit\u00e1nico adopt\u00f3 el traje de caldera del hombre trabajador durante la Segunda Guerra Mundial para poder pon\u00e9rselo y seguir luciendo elegante en caso de un ataque a\u00e9reo, de ah\u00ed el nombre de traje de sirena.--><\/p>\n\n\n\n<figure class=\"wp-block-image size-large\"><img decoding=\"async\" src=\"https:\/\/elcanillita.info\/press\/images\/2023\/02\/zel_7_20230223.jpg\" alt=\"\"\/><figcaption class=\"wp-element-caption\">Margaret Thatcher<\/figcaption><\/figure>\n\n\n\n<p>Ninguna blusa con lazo en el cuello ha suscitado tantas conversaciones como la de Thatcher. Pero con sus perlas, su bolso y sus v\u00edvidos trajes de poder, su estilo inimitable se convirti\u00f3 en el uniforme que representaba el poder pol\u00edtico femenino.<\/p>\n\n\n\n<figure class=\"wp-block-image size-large\"><img decoding=\"async\" src=\"https:\/\/elcanillita.info\/press\/images\/2023\/02\/zel_8_20230223.jpg\" alt=\"\"\/><figcaption class=\"wp-element-caption\">La camisa arremangada de Barack Obama<\/figcaption><\/figure>\n\n\n\n<p>El simple enrollamiento de la manga de la camisa dec\u00eda exactamente lo que Obama quer\u00eda: que era un hombre con un trabajo que hacer para Estados Unidos.<\/p>\n\n\n\n<figure class=\"wp-block-image size-large\"><img decoding=\"async\" src=\"https:\/\/elcanillita.info\/press\/images\/2023\/02\/zel_9_20230223.jpg\" alt=\"\"\/><figcaption class=\"wp-element-caption\">T\u00fanica de Mao Zedong<\/figcaption><\/figure>\n\n\n\n<p>El dictador chino y revolucionario comunista era conocido por usar el traje con el cuello caracter\u00edstico. Ten\u00eda cuatro bolsillos, se dice que representan las Cuatro Virtudes de la propiedad, la justicia, la honestidad y la verg\u00fcenza.<br><br><small>\u00a92023 ElCanillita.info &#8211; SalaStampa.Eu \/ RMAG \/IB  &#8211; Derechos Reservados<\/small><\/p>\n","protected":false},"excerpt":{"rendered":"<p>La remera ahora ic\u00f3nica de Zelensky se asocia inmediatamente con \u00e9l. El famoso top del presidente ucraniano ha conquistado el mundo.<\/p>\n","protected":false},"author":1,"featured_media":3277,"comment_status":"closed","ping_status":"closed","sticky":false,"template":"","format":"standard","meta":{"footnotes":"","_links_to":"","_links_to_target":""},"categories":[108,70,7,23],"tags":[52],"class_list":["post-3276","post","type-post","status-publish","format-standard","has-post-thumbnail","hentry","category-blogdiario","category-actualidad","category-eurasia","category-politica","tag-ucrania","entry","double"],"yoast_head":"<!-- This site is optimized with the Yoast SEO plugin v27.4 - https:\/\/yoast.com\/product\/yoast-seo-wordpress\/ -->\n<title>La remera de Zelensky es una declaraci\u00f3n pol\u00edtica - ElCanillita.Info<\/title>\n<meta name=\"robots\" content=\"index, follow, max-snippet:-1, max-image-preview:large, max-video-preview:-1\" \/>\n<link rel=\"canonical\" href=\"https:\/\/elcanillita.info\/press\/2023\/02\/23\/la-remerara-de-zelensky-es-una-declaracion-politica\/\" \/>\n<meta property=\"og:locale\" content=\"es_ES\" \/>\n<meta property=\"og:type\" content=\"article\" \/>\n<meta property=\"og:title\" content=\"La remera de Zelensky es una declaraci\u00f3n pol\u00edtica - ElCanillita.Info\" \/>\n<meta property=\"og:description\" content=\"La remera ahora ic\u00f3nica de Zelensky se asocia inmediatamente con \u00e9l. El famoso top del presidente ucraniano ha conquistado el mundo.\" \/>\n<meta property=\"og:url\" content=\"https:\/\/elcanillita.info\/press\/2023\/02\/23\/la-remerara-de-zelensky-es-una-declaracion-politica\/\" \/>\n<meta property=\"og:site_name\" content=\"ElCanillita.Info\" \/>\n<meta property=\"article:publisher\" content=\"https:\/\/ar-ar.facebook.com\/ElCanillitainfo-114249515285712\/\" \/>\n<meta property=\"article:published_time\" content=\"2023-02-23T23:10:47+00:00\" \/>\n<meta property=\"article:modified_time\" content=\"2023-02-28T23:37:03+00:00\" \/>\n<meta property=\"og:image\" content=\"https:\/\/elcanillita.info\/press\/images\/2023\/02\/zel_1_20230223.jpg\" \/>\n\t<meta property=\"og:image:width\" content=\"600\" \/>\n\t<meta property=\"og:image:height\" content=\"400\" \/>\n\t<meta property=\"og:image:type\" content=\"image\/jpeg\" \/>\n<meta name=\"author\" content=\"SalaStampa.eu, world press service\" \/>\n<meta name=\"twitter:card\" content=\"summary_large_image\" \/>\n<meta name=\"twitter:label1\" content=\"Escrito por\" \/>\n\t<meta name=\"twitter:data1\" content=\"SalaStampa.eu, world press service\" \/>\n\t<meta name=\"twitter:label2\" content=\"Tiempo de lectura\" \/>\n\t<meta name=\"twitter:data2\" content=\"7 minutos\" \/>\n<script type=\"application\/ld+json\" class=\"yoast-schema-graph\">{\"@context\":\"https:\\\/\\\/schema.org\",\"@graph\":[{\"@type\":\"Article\",\"@id\":\"https:\\\/\\\/elcanillita.info\\\/press\\\/2023\\\/02\\\/23\\\/la-remerara-de-zelensky-es-una-declaracion-politica\\\/#article\",\"isPartOf\":{\"@id\":\"https:\\\/\\\/elcanillita.info\\\/press\\\/2023\\\/02\\\/23\\\/la-remerara-de-zelensky-es-una-declaracion-politica\\\/\"},\"author\":{\"name\":\"SalaStampa.eu, world press service\",\"@id\":\"https:\\\/\\\/elcanillita.info\\\/press\\\/#\\\/schema\\\/person\\\/7fcb79f38045700919f7da6d97e71ba0\"},\"headline\":\"La remera de Zelensky es una declaraci\u00f3n pol\u00edtica\",\"datePublished\":\"2023-02-23T23:10:47+00:00\",\"dateModified\":\"2023-02-28T23:37:03+00:00\",\"mainEntityOfPage\":{\"@id\":\"https:\\\/\\\/elcanillita.info\\\/press\\\/2023\\\/02\\\/23\\\/la-remerara-de-zelensky-es-una-declaracion-politica\\\/\"},\"wordCount\":1201,\"publisher\":{\"@id\":\"https:\\\/\\\/elcanillita.info\\\/press\\\/#organization\"},\"image\":{\"@id\":\"https:\\\/\\\/elcanillita.info\\\/press\\\/2023\\\/02\\\/23\\\/la-remerara-de-zelensky-es-una-declaracion-politica\\\/#primaryimage\"},\"thumbnailUrl\":\"https:\\\/\\\/elcanillita.info\\\/press\\\/images\\\/2023\\\/02\\\/zel_1_20230223.jpg\",\"keywords\":[\"Ucrania\"],\"articleSection\":[\".\",\"Actualidad\",\"Eurasia\",\"Politica\"],\"inLanguage\":\"es-AR\"},{\"@type\":\"WebPage\",\"@id\":\"https:\\\/\\\/elcanillita.info\\\/press\\\/2023\\\/02\\\/23\\\/la-remerara-de-zelensky-es-una-declaracion-politica\\\/\",\"url\":\"https:\\\/\\\/elcanillita.info\\\/press\\\/2023\\\/02\\\/23\\\/la-remerara-de-zelensky-es-una-declaracion-politica\\\/\",\"name\":\"La remera de Zelensky es una declaraci\u00f3n pol\u00edtica - ElCanillita.Info\",\"isPartOf\":{\"@id\":\"https:\\\/\\\/elcanillita.info\\\/press\\\/#website\"},\"primaryImageOfPage\":{\"@id\":\"https:\\\/\\\/elcanillita.info\\\/press\\\/2023\\\/02\\\/23\\\/la-remerara-de-zelensky-es-una-declaracion-politica\\\/#primaryimage\"},\"image\":{\"@id\":\"https:\\\/\\\/elcanillita.info\\\/press\\\/2023\\\/02\\\/23\\\/la-remerara-de-zelensky-es-una-declaracion-politica\\\/#primaryimage\"},\"thumbnailUrl\":\"https:\\\/\\\/elcanillita.info\\\/press\\\/images\\\/2023\\\/02\\\/zel_1_20230223.jpg\",\"datePublished\":\"2023-02-23T23:10:47+00:00\",\"dateModified\":\"2023-02-28T23:37:03+00:00\",\"inLanguage\":\"es-AR\",\"potentialAction\":[{\"@type\":\"ReadAction\",\"target\":[\"https:\\\/\\\/elcanillita.info\\\/press\\\/2023\\\/02\\\/23\\\/la-remerara-de-zelensky-es-una-declaracion-politica\\\/\"]}]},{\"@type\":\"ImageObject\",\"inLanguage\":\"es-AR\",\"@id\":\"https:\\\/\\\/elcanillita.info\\\/press\\\/2023\\\/02\\\/23\\\/la-remerara-de-zelensky-es-una-declaracion-politica\\\/#primaryimage\",\"url\":\"https:\\\/\\\/elcanillita.info\\\/press\\\/images\\\/2023\\\/02\\\/zel_1_20230223.jpg\",\"contentUrl\":\"https:\\\/\\\/elcanillita.info\\\/press\\\/images\\\/2023\\\/02\\\/zel_1_20230223.jpg\",\"width\":600,\"height\":400},{\"@type\":\"WebSite\",\"@id\":\"https:\\\/\\\/elcanillita.info\\\/press\\\/#website\",\"url\":\"https:\\\/\\\/elcanillita.info\\\/press\\\/\",\"name\":\"ElCanillita.Info\",\"description\":\"desde los Apeninos a los Andes\",\"publisher\":{\"@id\":\"https:\\\/\\\/elcanillita.info\\\/press\\\/#organization\"},\"potentialAction\":[{\"@type\":\"SearchAction\",\"target\":{\"@type\":\"EntryPoint\",\"urlTemplate\":\"https:\\\/\\\/elcanillita.info\\\/press\\\/?s={search_term_string}\"},\"query-input\":{\"@type\":\"PropertyValueSpecification\",\"valueRequired\":true,\"valueName\":\"search_term_string\"}}],\"inLanguage\":\"es-AR\"},{\"@type\":\"Organization\",\"@id\":\"https:\\\/\\\/elcanillita.info\\\/press\\\/#organization\",\"name\":\"Guzzo Photos & Graphic Publications\",\"url\":\"https:\\\/\\\/elcanillita.info\\\/press\\\/\",\"logo\":{\"@type\":\"ImageObject\",\"inLanguage\":\"es-AR\",\"@id\":\"https:\\\/\\\/elcanillita.info\\\/press\\\/#\\\/schema\\\/logo\\\/image\\\/\",\"url\":\"https:\\\/\\\/elcanillita.info\\\/press\\\/images\\\/2020\\\/01\\\/cropped-cropped-cropped-elcanillitainfo.png\",\"contentUrl\":\"https:\\\/\\\/elcanillita.info\\\/press\\\/images\\\/2020\\\/01\\\/cropped-cropped-cropped-elcanillitainfo.png\",\"width\":460,\"height\":50,\"caption\":\"Guzzo Photos & Graphic Publications\"},\"image\":{\"@id\":\"https:\\\/\\\/elcanillita.info\\\/press\\\/#\\\/schema\\\/logo\\\/image\\\/\"},\"sameAs\":[\"https:\\\/\\\/ar-ar.facebook.com\\\/ElCanillitainfo-114249515285712\\\/\"]},{\"@type\":\"Person\",\"@id\":\"https:\\\/\\\/elcanillita.info\\\/press\\\/#\\\/schema\\\/person\\\/7fcb79f38045700919f7da6d97e71ba0\",\"name\":\"SalaStampa.eu, world press service\",\"image\":{\"@type\":\"ImageObject\",\"inLanguage\":\"es-AR\",\"@id\":\"https:\\\/\\\/secure.gravatar.com\\\/avatar\\\/c2f0e0d515a107624234994507816ca4724c7199cef73fc8bedebf6931d73888?s=96&d=mm&r=g\",\"url\":\"https:\\\/\\\/secure.gravatar.com\\\/avatar\\\/c2f0e0d515a107624234994507816ca4724c7199cef73fc8bedebf6931d73888?s=96&d=mm&r=g\",\"contentUrl\":\"https:\\\/\\\/secure.gravatar.com\\\/avatar\\\/c2f0e0d515a107624234994507816ca4724c7199cef73fc8bedebf6931d73888?s=96&d=mm&r=g\",\"caption\":\"SalaStampa.eu, world press service\"}}]}<\/script>\n<!-- \/ Yoast SEO plugin. -->","yoast_head_json":{"title":"La remera de Zelensky es una declaraci\u00f3n pol\u00edtica - ElCanillita.Info","robots":{"index":"index","follow":"follow","max-snippet":"max-snippet:-1","max-image-preview":"max-image-preview:large","max-video-preview":"max-video-preview:-1"},"canonical":"https:\/\/elcanillita.info\/press\/2023\/02\/23\/la-remerara-de-zelensky-es-una-declaracion-politica\/","og_locale":"es_ES","og_type":"article","og_title":"La remera de Zelensky es una declaraci\u00f3n pol\u00edtica - ElCanillita.Info","og_description":"La remera ahora ic\u00f3nica de Zelensky se asocia inmediatamente con \u00e9l. El famoso top del presidente ucraniano ha conquistado el mundo.","og_url":"https:\/\/elcanillita.info\/press\/2023\/02\/23\/la-remerara-de-zelensky-es-una-declaracion-politica\/","og_site_name":"ElCanillita.Info","article_publisher":"https:\/\/ar-ar.facebook.com\/ElCanillitainfo-114249515285712\/","article_published_time":"2023-02-23T23:10:47+00:00","article_modified_time":"2023-02-28T23:37:03+00:00","og_image":[{"width":600,"height":400,"url":"https:\/\/elcanillita.info\/press\/images\/2023\/02\/zel_1_20230223.jpg","type":"image\/jpeg"}],"author":"SalaStampa.eu, world press service","twitter_card":"summary_large_image","twitter_misc":{"Escrito por":"SalaStampa.eu, world press service","Tiempo de lectura":"7 minutos"},"schema":{"@context":"https:\/\/schema.org","@graph":[{"@type":"Article","@id":"https:\/\/elcanillita.info\/press\/2023\/02\/23\/la-remerara-de-zelensky-es-una-declaracion-politica\/#article","isPartOf":{"@id":"https:\/\/elcanillita.info\/press\/2023\/02\/23\/la-remerara-de-zelensky-es-una-declaracion-politica\/"},"author":{"name":"SalaStampa.eu, world press service","@id":"https:\/\/elcanillita.info\/press\/#\/schema\/person\/7fcb79f38045700919f7da6d97e71ba0"},"headline":"La remera de Zelensky es una declaraci\u00f3n pol\u00edtica","datePublished":"2023-02-23T23:10:47+00:00","dateModified":"2023-02-28T23:37:03+00:00","mainEntityOfPage":{"@id":"https:\/\/elcanillita.info\/press\/2023\/02\/23\/la-remerara-de-zelensky-es-una-declaracion-politica\/"},"wordCount":1201,"publisher":{"@id":"https:\/\/elcanillita.info\/press\/#organization"},"image":{"@id":"https:\/\/elcanillita.info\/press\/2023\/02\/23\/la-remerara-de-zelensky-es-una-declaracion-politica\/#primaryimage"},"thumbnailUrl":"https:\/\/elcanillita.info\/press\/images\/2023\/02\/zel_1_20230223.jpg","keywords":["Ucrania"],"articleSection":[".","Actualidad","Eurasia","Politica"],"inLanguage":"es-AR"},{"@type":"WebPage","@id":"https:\/\/elcanillita.info\/press\/2023\/02\/23\/la-remerara-de-zelensky-es-una-declaracion-politica\/","url":"https:\/\/elcanillita.info\/press\/2023\/02\/23\/la-remerara-de-zelensky-es-una-declaracion-politica\/","name":"La remera de Zelensky es una declaraci\u00f3n pol\u00edtica - ElCanillita.Info","isPartOf":{"@id":"https:\/\/elcanillita.info\/press\/#website"},"primaryImageOfPage":{"@id":"https:\/\/elcanillita.info\/press\/2023\/02\/23\/la-remerara-de-zelensky-es-una-declaracion-politica\/#primaryimage"},"image":{"@id":"https:\/\/elcanillita.info\/press\/2023\/02\/23\/la-remerara-de-zelensky-es-una-declaracion-politica\/#primaryimage"},"thumbnailUrl":"https:\/\/elcanillita.info\/press\/images\/2023\/02\/zel_1_20230223.jpg","datePublished":"2023-02-23T23:10:47+00:00","dateModified":"2023-02-28T23:37:03+00:00","inLanguage":"es-AR","potentialAction":[{"@type":"ReadAction","target":["https:\/\/elcanillita.info\/press\/2023\/02\/23\/la-remerara-de-zelensky-es-una-declaracion-politica\/"]}]},{"@type":"ImageObject","inLanguage":"es-AR","@id":"https:\/\/elcanillita.info\/press\/2023\/02\/23\/la-remerara-de-zelensky-es-una-declaracion-politica\/#primaryimage","url":"https:\/\/elcanillita.info\/press\/images\/2023\/02\/zel_1_20230223.jpg","contentUrl":"https:\/\/elcanillita.info\/press\/images\/2023\/02\/zel_1_20230223.jpg","width":600,"height":400},{"@type":"WebSite","@id":"https:\/\/elcanillita.info\/press\/#website","url":"https:\/\/elcanillita.info\/press\/","name":"ElCanillita.Info","description":"desde los Apeninos a los Andes","publisher":{"@id":"https:\/\/elcanillita.info\/press\/#organization"},"potentialAction":[{"@type":"SearchAction","target":{"@type":"EntryPoint","urlTemplate":"https:\/\/elcanillita.info\/press\/?s={search_term_string}"},"query-input":{"@type":"PropertyValueSpecification","valueRequired":true,"valueName":"search_term_string"}}],"inLanguage":"es-AR"},{"@type":"Organization","@id":"https:\/\/elcanillita.info\/press\/#organization","name":"Guzzo Photos & Graphic Publications","url":"https:\/\/elcanillita.info\/press\/","logo":{"@type":"ImageObject","inLanguage":"es-AR","@id":"https:\/\/elcanillita.info\/press\/#\/schema\/logo\/image\/","url":"https:\/\/elcanillita.info\/press\/images\/2020\/01\/cropped-cropped-cropped-elcanillitainfo.png","contentUrl":"https:\/\/elcanillita.info\/press\/images\/2020\/01\/cropped-cropped-cropped-elcanillitainfo.png","width":460,"height":50,"caption":"Guzzo Photos & Graphic Publications"},"image":{"@id":"https:\/\/elcanillita.info\/press\/#\/schema\/logo\/image\/"},"sameAs":["https:\/\/ar-ar.facebook.com\/ElCanillitainfo-114249515285712\/"]},{"@type":"Person","@id":"https:\/\/elcanillita.info\/press\/#\/schema\/person\/7fcb79f38045700919f7da6d97e71ba0","name":"SalaStampa.eu, world press service","image":{"@type":"ImageObject","inLanguage":"es-AR","@id":"https:\/\/secure.gravatar.com\/avatar\/c2f0e0d515a107624234994507816ca4724c7199cef73fc8bedebf6931d73888?s=96&d=mm&r=g","url":"https:\/\/secure.gravatar.com\/avatar\/c2f0e0d515a107624234994507816ca4724c7199cef73fc8bedebf6931d73888?s=96&d=mm&r=g","contentUrl":"https:\/\/secure.gravatar.com\/avatar\/c2f0e0d515a107624234994507816ca4724c7199cef73fc8bedebf6931d73888?s=96&d=mm&r=g","caption":"SalaStampa.eu, world press service"}}]}},"views":398,"_links":{"self":[{"href":"https:\/\/elcanillita.info\/press\/wp-json\/wp\/v2\/posts\/3276","targetHints":{"allow":["GET"]}}],"collection":[{"href":"https:\/\/elcanillita.info\/press\/wp-json\/wp\/v2\/posts"}],"about":[{"href":"https:\/\/elcanillita.info\/press\/wp-json\/wp\/v2\/types\/post"}],"author":[{"embeddable":true,"href":"https:\/\/elcanillita.info\/press\/wp-json\/wp\/v2\/users\/1"}],"replies":[{"embeddable":true,"href":"https:\/\/elcanillita.info\/press\/wp-json\/wp\/v2\/comments?post=3276"}],"version-history":[{"count":0,"href":"https:\/\/elcanillita.info\/press\/wp-json\/wp\/v2\/posts\/3276\/revisions"}],"wp:featuredmedia":[{"embeddable":true,"href":"https:\/\/elcanillita.info\/press\/wp-json\/wp\/v2\/media\/3277"}],"wp:attachment":[{"href":"https:\/\/elcanillita.info\/press\/wp-json\/wp\/v2\/media?parent=3276"}],"wp:term":[{"taxonomy":"category","embeddable":true,"href":"https:\/\/elcanillita.info\/press\/wp-json\/wp\/v2\/categories?post=3276"},{"taxonomy":"post_tag","embeddable":true,"href":"https:\/\/elcanillita.info\/press\/wp-json\/wp\/v2\/tags?post=3276"}],"curies":[{"name":"wp","href":"https:\/\/api.w.org\/{rel}","templated":true}]}}