{"id":326,"date":"2020-02-04T07:38:20","date_gmt":"2020-02-04T10:38:20","guid":{"rendered":"https:\/\/elcanillita.info\/press\/?p=326"},"modified":"2020-02-04T07:39:50","modified_gmt":"2020-02-04T10:39:50","slug":"gobierno-pide-jueces-obligar-ny-cooperar-ice","status":"publish","type":"post","link":"https:\/\/elcanillita.info\/press\/2020\/02\/04\/gobierno-pide-jueces-obligar-ny-cooperar-ice\/","title":{"rendered":"Gobierno pide a jueces obligar a NY a cooperar con ICE"},"content":{"rendered":"\n<p>Nueva York, 04.02.2020  Fiscales federales en Brooklyn pidieron el lunes a dos jueces que obliguen a la ciudad de Nueva York a proporcionar informaci\u00f3n a las autoridades inmigratorias sobre un par de reclusos acusados de estar en el pa\u00eds sin autorizaci\u00f3n.<\/p>\n\n\n\n<p>La moci\u00f3n refleja la frustraci\u00f3n del gobierno con jurisdicciones que no respetan las solicitudes de detenci\u00f3n para deportaci\u00f3n o no dan informaci\u00f3n al Servicio de Control de Inmigraci\u00f3n y Aduanas de Estados Unidos (ICE, por sus siglas en ingl\u00e9s) sobre acusados que entran y salen de detenci\u00f3n local.<\/p>\n\n\n\n<p>Los fiscales federales presentaron el lunes documentos a la corte que indican que la ciudad de Nueva York no ha respondido a las citaciones del ICE del mes pasado que solicitan informaci\u00f3n sobre un pu\u00f1ado de reclusos que fueron liberados a pesar de peticiones de autoridades inmigratorias de que fueran entregados para ser deportados.<\/p>\n\n\n\n<p>Las autoridades municipales dicen que las citaciones carecen de un motivo leg\u00edtimo y los calificaron de una &#8220;treta pol\u00edtica&#8221; para pedir informaci\u00f3n que el ICE podr\u00eda obtener por otros medios.<\/p>\n\n\n\n<p>El alcalde Bill de Blasio ha acusado al ICE de emplear &#8220;t\u00e1cticas de miedo&#8221;.<br>\n&#8220;Cuando el Congreso autoriz\u00f3 las citaciones administrativas, su intenci\u00f3n no era que se aprovecharan para castigar a ciudades y estados por ejercer los derechos que les corresponden por el sistema constitucional del federalismo&#8221;, escribi\u00f3 James Johnson, jefe del departamento legal de la ciudad, en una carta al ICE.<\/p>\n\n\n\n<p>El ICE dijo que funcionarios municipales podr\u00edan ser acusados de desacato si ignoran la orden de un juez federal de cumplir con las citaciones.<\/p>\n\n\n\n<p>En una de ellas, el ICE pidi\u00f3 informaci\u00f3n sobre un guyan\u00e9s acusado el mes pasado de agredir sexualmente y matar a Mar\u00eda Fuertas, una mujer de 92 a\u00f1os de Queens.<\/p>\n\n\n\n<p>Ese caso fue un detonante en el conflicto despu\u00e9s de que funcionarios del ICE dijeran que la ciudad liber\u00f3 al presunto agresor de la mujer, Reeaz Khan, de 21 a\u00f1os, luego de ser detenido por cargos de asalto previos, en lugar de entregarlo para ser deportado. Khan fue acusado de homicidio el 10 de enero y sigue detenido.<\/p>\n\n\n\n<p>Funcionarios del ICE han culpado a los gobernantes de la ciudad de la muerte de Fuertas.<\/p>\n\n\n\n<p>&#8220;Son las pol\u00edticas santuario de la ciudad el \u00fanico motivo por el que este criminal pudo merodear por las calles libremente y acabar con la vida de una mujer inocente&#8221;, dijo el mes pasado el director interino del ICE, Matthew Albence, en conferencia de prensa.<\/p>\n\n\n\n<p>Fiscales federales en Brooklyn pidieron a la juez de distrito Allyne Ross obligar a los l\u00edderes municipales a entregar informaci\u00f3n de identificaci\u00f3n sobre Khan, incluidas sus direcciones de casa y trabajo, para que las autoridades federales lo pudieran ubicar en caso de que fuera liberado de detenci\u00f3n.<\/p>\n\n\n\n<p>Esos detalles son &#8220;claramente relevantes en la investigaci\u00f3n del ICE sobre Khan&#8221;, escribieron fiscales en el expediente de la corte.<\/p>\n\n\n\n<p>La vocera del Ayuntamiento, Julia Arredondo, dijo el lunes que el ICE &#8220;claramente intenta explotar circunstancias tr\u00e1gicas para intimidar a la ciudad de Nueva York para que cambie sus leyes y pol\u00edticas&#8221;.<\/p>\n\n\n\n<p>&#8220;Reeaz Khan fue arrestado y est\u00e1 tras las rejas mientras espera su juicio y, de ser condenado, la ciudad cooperar\u00e1 con funcionarios federales apegados a la ley local&#8221;, dijo Arredondo en un comunicado enviado por correo electr\u00f3nico.<\/p>\n\n\n\n<p>El ICE no respondi\u00f3 una petici\u00f3n de comentario el lunes. La agencia ha enviado citaciones similares a la ciudad de Denver y advertido que podr\u00eda enviar m\u00e1s a otras jurisdicciones santuario.<\/p>\n\n\n\n<p>Los fiscales federales tambi\u00e9n presentaron una petici\u00f3n el lunes para que se obligue a la ciudad a entregar detalles sobre un recluso liberado el a\u00f1o pasado acusado en una corte federal de Manhattan de volver a entrar a Estados Unidos sin autorizaci\u00f3n despu\u00e9s de ser deportado en 2015.<\/p>\n\n\n\n<p>La petici\u00f3n fue asignada al juez federal Eric Komitee de Brooklyn.<br><br><small>2020 voanoticias \u2013 salastampa.eu, afiliada a la red Broadcasting Board of Governors \u00a9 2020 BBG<\/small><\/p>\n","protected":false},"excerpt":{"rendered":"<p>Nueva York, 04.02.2020  Fiscales federales en Brooklyn pidieron el lunes a dos jueces que obliguen a la ciudad de Nueva York a proporcionar informaci\u00f3n a las autoridades inmigratorias sobre un par de reclusos acusados de estar en el pa\u00eds sin autorizaci\u00f3n.<\/p>\n","protected":false},"author":1,"featured_media":0,"comment_status":"closed","ping_status":"closed","sticky":false,"template":"","format":"standard","meta":{"footnotes":"","_links_to":"","_links_to_target":""},"categories":[70,9,22,25],"tags":[34],"class_list":["post-326","post","type-post","status-publish","format-standard","hentry","category-actualidad","category-america-del-norte","category-justicia","category-sociedad","tag-estados-unidos","entry","double"],"yoast_head":"<!-- This site is optimized with the Yoast SEO plugin v27.4 - https:\/\/yoast.com\/product\/yoast-seo-wordpress\/ -->\n<title>Gobierno pide a jueces obligar a NY a cooperar con ICE - ElCanillita.Info<\/title>\n<meta name=\"robots\" content=\"index, follow, max-snippet:-1, max-image-preview:large, max-video-preview:-1\" \/>\n<link rel=\"canonical\" href=\"https:\/\/elcanillita.info\/press\/2020\/02\/04\/gobierno-pide-jueces-obligar-ny-cooperar-ice\/\" \/>\n<meta property=\"og:locale\" content=\"es_ES\" \/>\n<meta property=\"og:type\" content=\"article\" \/>\n<meta property=\"og:title\" content=\"Gobierno pide a jueces obligar a NY a cooperar con ICE - ElCanillita.Info\" \/>\n<meta property=\"og:description\" content=\"Nueva York, 04.02.2020 Fiscales federales en Brooklyn pidieron el lunes a dos jueces que obliguen a la ciudad de Nueva York a proporcionar informaci\u00f3n a las autoridades inmigratorias sobre un par de reclusos acusados de estar en el pa\u00eds sin autorizaci\u00f3n.\" \/>\n<meta property=\"og:url\" content=\"https:\/\/elcanillita.info\/press\/2020\/02\/04\/gobierno-pide-jueces-obligar-ny-cooperar-ice\/\" \/>\n<meta property=\"og:site_name\" content=\"ElCanillita.Info\" \/>\n<meta property=\"article:publisher\" content=\"https:\/\/ar-ar.facebook.com\/ElCanillitainfo-114249515285712\/\" \/>\n<meta property=\"article:published_time\" content=\"2020-02-04T10:38:20+00:00\" \/>\n<meta property=\"article:modified_time\" content=\"2020-02-04T10:39:50+00:00\" \/>\n<meta name=\"author\" content=\"SalaStampa.eu, world press service\" \/>\n<meta name=\"twitter:card\" content=\"summary_large_image\" \/>\n<meta name=\"twitter:label1\" content=\"Escrito por\" \/>\n\t<meta name=\"twitter:data1\" content=\"SalaStampa.eu, world press service\" \/>\n\t<meta name=\"twitter:label2\" content=\"Tiempo de lectura\" \/>\n\t<meta name=\"twitter:data2\" content=\"3 minutos\" \/>\n<script type=\"application\/ld+json\" class=\"yoast-schema-graph\">{\"@context\":\"https:\\\/\\\/schema.org\",\"@graph\":[{\"@type\":\"Article\",\"@id\":\"https:\\\/\\\/elcanillita.info\\\/press\\\/2020\\\/02\\\/04\\\/gobierno-pide-jueces-obligar-ny-cooperar-ice\\\/#article\",\"isPartOf\":{\"@id\":\"https:\\\/\\\/elcanillita.info\\\/press\\\/2020\\\/02\\\/04\\\/gobierno-pide-jueces-obligar-ny-cooperar-ice\\\/\"},\"author\":{\"name\":\"SalaStampa.eu, world press service\",\"@id\":\"https:\\\/\\\/elcanillita.info\\\/press\\\/#\\\/schema\\\/person\\\/7fcb79f38045700919f7da6d97e71ba0\"},\"headline\":\"Gobierno pide a jueces obligar a NY a cooperar con ICE\",\"datePublished\":\"2020-02-04T10:38:20+00:00\",\"dateModified\":\"2020-02-04T10:39:50+00:00\",\"mainEntityOfPage\":{\"@id\":\"https:\\\/\\\/elcanillita.info\\\/press\\\/2020\\\/02\\\/04\\\/gobierno-pide-jueces-obligar-ny-cooperar-ice\\\/\"},\"wordCount\":696,\"publisher\":{\"@id\":\"https:\\\/\\\/elcanillita.info\\\/press\\\/#organization\"},\"keywords\":[\"Estados Unidos\"],\"articleSection\":[\"Actualidad\",\"Am\u00e9rica del Norte\",\"Justicia\",\"Sociedad\"],\"inLanguage\":\"es-AR\"},{\"@type\":\"WebPage\",\"@id\":\"https:\\\/\\\/elcanillita.info\\\/press\\\/2020\\\/02\\\/04\\\/gobierno-pide-jueces-obligar-ny-cooperar-ice\\\/\",\"url\":\"https:\\\/\\\/elcanillita.info\\\/press\\\/2020\\\/02\\\/04\\\/gobierno-pide-jueces-obligar-ny-cooperar-ice\\\/\",\"name\":\"Gobierno pide a jueces obligar a NY a cooperar con ICE - ElCanillita.Info\",\"isPartOf\":{\"@id\":\"https:\\\/\\\/elcanillita.info\\\/press\\\/#website\"},\"datePublished\":\"2020-02-04T10:38:20+00:00\",\"dateModified\":\"2020-02-04T10:39:50+00:00\",\"inLanguage\":\"es-AR\",\"potentialAction\":[{\"@type\":\"ReadAction\",\"target\":[\"https:\\\/\\\/elcanillita.info\\\/press\\\/2020\\\/02\\\/04\\\/gobierno-pide-jueces-obligar-ny-cooperar-ice\\\/\"]}]},{\"@type\":\"WebSite\",\"@id\":\"https:\\\/\\\/elcanillita.info\\\/press\\\/#website\",\"url\":\"https:\\\/\\\/elcanillita.info\\\/press\\\/\",\"name\":\"ElCanillita.Info\",\"description\":\"desde los Apeninos a los Andes\",\"publisher\":{\"@id\":\"https:\\\/\\\/elcanillita.info\\\/press\\\/#organization\"},\"potentialAction\":[{\"@type\":\"SearchAction\",\"target\":{\"@type\":\"EntryPoint\",\"urlTemplate\":\"https:\\\/\\\/elcanillita.info\\\/press\\\/?s={search_term_string}\"},\"query-input\":{\"@type\":\"PropertyValueSpecification\",\"valueRequired\":true,\"valueName\":\"search_term_string\"}}],\"inLanguage\":\"es-AR\"},{\"@type\":\"Organization\",\"@id\":\"https:\\\/\\\/elcanillita.info\\\/press\\\/#organization\",\"name\":\"Guzzo Photos & Graphic Publications\",\"url\":\"https:\\\/\\\/elcanillita.info\\\/press\\\/\",\"logo\":{\"@type\":\"ImageObject\",\"inLanguage\":\"es-AR\",\"@id\":\"https:\\\/\\\/elcanillita.info\\\/press\\\/#\\\/schema\\\/logo\\\/image\\\/\",\"url\":\"https:\\\/\\\/elcanillita.info\\\/press\\\/images\\\/2020\\\/01\\\/cropped-cropped-cropped-elcanillitainfo.png\",\"contentUrl\":\"https:\\\/\\\/elcanillita.info\\\/press\\\/images\\\/2020\\\/01\\\/cropped-cropped-cropped-elcanillitainfo.png\",\"width\":460,\"height\":50,\"caption\":\"Guzzo Photos & Graphic Publications\"},\"image\":{\"@id\":\"https:\\\/\\\/elcanillita.info\\\/press\\\/#\\\/schema\\\/logo\\\/image\\\/\"},\"sameAs\":[\"https:\\\/\\\/ar-ar.facebook.com\\\/ElCanillitainfo-114249515285712\\\/\"]},{\"@type\":\"Person\",\"@id\":\"https:\\\/\\\/elcanillita.info\\\/press\\\/#\\\/schema\\\/person\\\/7fcb79f38045700919f7da6d97e71ba0\",\"name\":\"SalaStampa.eu, world press service\",\"image\":{\"@type\":\"ImageObject\",\"inLanguage\":\"es-AR\",\"@id\":\"https:\\\/\\\/secure.gravatar.com\\\/avatar\\\/c2f0e0d515a107624234994507816ca4724c7199cef73fc8bedebf6931d73888?s=96&d=mm&r=g\",\"url\":\"https:\\\/\\\/secure.gravatar.com\\\/avatar\\\/c2f0e0d515a107624234994507816ca4724c7199cef73fc8bedebf6931d73888?s=96&d=mm&r=g\",\"contentUrl\":\"https:\\\/\\\/secure.gravatar.com\\\/avatar\\\/c2f0e0d515a107624234994507816ca4724c7199cef73fc8bedebf6931d73888?s=96&d=mm&r=g\",\"caption\":\"SalaStampa.eu, world press service\"}}]}<\/script>\n<!-- \/ Yoast SEO plugin. -->","yoast_head_json":{"title":"Gobierno pide a jueces obligar a NY a cooperar con ICE - ElCanillita.Info","robots":{"index":"index","follow":"follow","max-snippet":"max-snippet:-1","max-image-preview":"max-image-preview:large","max-video-preview":"max-video-preview:-1"},"canonical":"https:\/\/elcanillita.info\/press\/2020\/02\/04\/gobierno-pide-jueces-obligar-ny-cooperar-ice\/","og_locale":"es_ES","og_type":"article","og_title":"Gobierno pide a jueces obligar a NY a cooperar con ICE - ElCanillita.Info","og_description":"Nueva York, 04.02.2020 Fiscales federales en Brooklyn pidieron el lunes a dos jueces que obliguen a la ciudad de Nueva York a proporcionar informaci\u00f3n a las autoridades inmigratorias sobre un par de reclusos acusados de estar en el pa\u00eds sin autorizaci\u00f3n.","og_url":"https:\/\/elcanillita.info\/press\/2020\/02\/04\/gobierno-pide-jueces-obligar-ny-cooperar-ice\/","og_site_name":"ElCanillita.Info","article_publisher":"https:\/\/ar-ar.facebook.com\/ElCanillitainfo-114249515285712\/","article_published_time":"2020-02-04T10:38:20+00:00","article_modified_time":"2020-02-04T10:39:50+00:00","author":"SalaStampa.eu, world press service","twitter_card":"summary_large_image","twitter_misc":{"Escrito por":"SalaStampa.eu, world press service","Tiempo de lectura":"3 minutos"},"schema":{"@context":"https:\/\/schema.org","@graph":[{"@type":"Article","@id":"https:\/\/elcanillita.info\/press\/2020\/02\/04\/gobierno-pide-jueces-obligar-ny-cooperar-ice\/#article","isPartOf":{"@id":"https:\/\/elcanillita.info\/press\/2020\/02\/04\/gobierno-pide-jueces-obligar-ny-cooperar-ice\/"},"author":{"name":"SalaStampa.eu, world press service","@id":"https:\/\/elcanillita.info\/press\/#\/schema\/person\/7fcb79f38045700919f7da6d97e71ba0"},"headline":"Gobierno pide a jueces obligar a NY a cooperar con ICE","datePublished":"2020-02-04T10:38:20+00:00","dateModified":"2020-02-04T10:39:50+00:00","mainEntityOfPage":{"@id":"https:\/\/elcanillita.info\/press\/2020\/02\/04\/gobierno-pide-jueces-obligar-ny-cooperar-ice\/"},"wordCount":696,"publisher":{"@id":"https:\/\/elcanillita.info\/press\/#organization"},"keywords":["Estados Unidos"],"articleSection":["Actualidad","Am\u00e9rica del Norte","Justicia","Sociedad"],"inLanguage":"es-AR"},{"@type":"WebPage","@id":"https:\/\/elcanillita.info\/press\/2020\/02\/04\/gobierno-pide-jueces-obligar-ny-cooperar-ice\/","url":"https:\/\/elcanillita.info\/press\/2020\/02\/04\/gobierno-pide-jueces-obligar-ny-cooperar-ice\/","name":"Gobierno pide a jueces obligar a NY a cooperar con ICE - ElCanillita.Info","isPartOf":{"@id":"https:\/\/elcanillita.info\/press\/#website"},"datePublished":"2020-02-04T10:38:20+00:00","dateModified":"2020-02-04T10:39:50+00:00","inLanguage":"es-AR","potentialAction":[{"@type":"ReadAction","target":["https:\/\/elcanillita.info\/press\/2020\/02\/04\/gobierno-pide-jueces-obligar-ny-cooperar-ice\/"]}]},{"@type":"WebSite","@id":"https:\/\/elcanillita.info\/press\/#website","url":"https:\/\/elcanillita.info\/press\/","name":"ElCanillita.Info","description":"desde los Apeninos a los Andes","publisher":{"@id":"https:\/\/elcanillita.info\/press\/#organization"},"potentialAction":[{"@type":"SearchAction","target":{"@type":"EntryPoint","urlTemplate":"https:\/\/elcanillita.info\/press\/?s={search_term_string}"},"query-input":{"@type":"PropertyValueSpecification","valueRequired":true,"valueName":"search_term_string"}}],"inLanguage":"es-AR"},{"@type":"Organization","@id":"https:\/\/elcanillita.info\/press\/#organization","name":"Guzzo Photos & Graphic Publications","url":"https:\/\/elcanillita.info\/press\/","logo":{"@type":"ImageObject","inLanguage":"es-AR","@id":"https:\/\/elcanillita.info\/press\/#\/schema\/logo\/image\/","url":"https:\/\/elcanillita.info\/press\/images\/2020\/01\/cropped-cropped-cropped-elcanillitainfo.png","contentUrl":"https:\/\/elcanillita.info\/press\/images\/2020\/01\/cropped-cropped-cropped-elcanillitainfo.png","width":460,"height":50,"caption":"Guzzo Photos & Graphic Publications"},"image":{"@id":"https:\/\/elcanillita.info\/press\/#\/schema\/logo\/image\/"},"sameAs":["https:\/\/ar-ar.facebook.com\/ElCanillitainfo-114249515285712\/"]},{"@type":"Person","@id":"https:\/\/elcanillita.info\/press\/#\/schema\/person\/7fcb79f38045700919f7da6d97e71ba0","name":"SalaStampa.eu, world press service","image":{"@type":"ImageObject","inLanguage":"es-AR","@id":"https:\/\/secure.gravatar.com\/avatar\/c2f0e0d515a107624234994507816ca4724c7199cef73fc8bedebf6931d73888?s=96&d=mm&r=g","url":"https:\/\/secure.gravatar.com\/avatar\/c2f0e0d515a107624234994507816ca4724c7199cef73fc8bedebf6931d73888?s=96&d=mm&r=g","contentUrl":"https:\/\/secure.gravatar.com\/avatar\/c2f0e0d515a107624234994507816ca4724c7199cef73fc8bedebf6931d73888?s=96&d=mm&r=g","caption":"SalaStampa.eu, world press service"}}]}},"views":614,"_links":{"self":[{"href":"https:\/\/elcanillita.info\/press\/wp-json\/wp\/v2\/posts\/326","targetHints":{"allow":["GET"]}}],"collection":[{"href":"https:\/\/elcanillita.info\/press\/wp-json\/wp\/v2\/posts"}],"about":[{"href":"https:\/\/elcanillita.info\/press\/wp-json\/wp\/v2\/types\/post"}],"author":[{"embeddable":true,"href":"https:\/\/elcanillita.info\/press\/wp-json\/wp\/v2\/users\/1"}],"replies":[{"embeddable":true,"href":"https:\/\/elcanillita.info\/press\/wp-json\/wp\/v2\/comments?post=326"}],"version-history":[{"count":0,"href":"https:\/\/elcanillita.info\/press\/wp-json\/wp\/v2\/posts\/326\/revisions"}],"wp:attachment":[{"href":"https:\/\/elcanillita.info\/press\/wp-json\/wp\/v2\/media?parent=326"}],"wp:term":[{"taxonomy":"category","embeddable":true,"href":"https:\/\/elcanillita.info\/press\/wp-json\/wp\/v2\/categories?post=326"},{"taxonomy":"post_tag","embeddable":true,"href":"https:\/\/elcanillita.info\/press\/wp-json\/wp\/v2\/tags?post=326"}],"curies":[{"name":"wp","href":"https:\/\/api.w.org\/{rel}","templated":true}]}}