{"id":3254,"date":"2023-02-21T08:12:27","date_gmt":"2023-02-21T11:12:27","guid":{"rendered":"https:\/\/elcanillita.info\/press\/?p=3254"},"modified":"2023-02-21T08:20:34","modified_gmt":"2023-02-21T11:20:34","slug":"guerra-rusia-ucrania-putin-se-dirige-a-la-nacion-mientras-biden-visita-polonia","status":"publish","type":"post","link":"https:\/\/elcanillita.info\/press\/2023\/02\/21\/guerra-rusia-ucrania-putin-se-dirige-a-la-nacion-mientras-biden-visita-polonia\/","title":{"rendered":"Guerra Rusia-Ucrania: Putin se dirige a la naci\u00f3n mientras Biden visita Polonia"},"content":{"rendered":"<div class=\"wp-block-image\">\n<figure class=\"alignleft size-full\"><img loading=\"lazy\" decoding=\"async\" width=\"600\" height=\"400\" src=\"https:\/\/elcanillita.info\/press\/images\/2023\/02\/ptin20230221.jpg\" alt=\"\" class=\"wp-image-3255\" srcset=\"https:\/\/elcanillita.info\/press\/images\/2023\/02\/ptin20230221.jpg 600w, https:\/\/elcanillita.info\/press\/images\/2023\/02\/ptin20230221-300x200.jpg 300w\" sizes=\"auto, (max-width: 600px) 100vw, 600px\" \/><figcaption><em>El presidente Putin se dirige a miembros de ambas c\u00e1maras del parlamento y comandantes militares y soldados.<\/em><\/figcaption><\/figure>\n<\/div>\n\n\n<p><small>Martes 21\/02\/2023, 10:45 UTC<\/small><br>El presidente ruso busca disipar los temores antes del aniversario de la guerra.<br><br>El jefe del grupo Wagner acusa a los jefes de defensa rusos de traici\u00f3n. Casi 20.000 civiles muertos en Ucrania, seg\u00fan la ONU.<br><br>Vladimir Putin pronunciar\u00e1 un importante discurso hoy antes del primer aniversario de la invasi\u00f3n de Ucrania el viernes.<br>El presidente ruso espera disipar las dudas de las \u00e9lites pol\u00edticas y militares de su pa\u00eds sobre lo que llama la \u201coperaci\u00f3n militar especial\u201d en Ucrania.<\/p>\n\n\n\n<p><\/p>\n\n\n\n<p>Hablando frente a parlamentarios y miembros de la c\u00e1mara alta del parlamento, Putin lanz\u00f3 inmediatamente un ataque contra los pa\u00edses occidentales y el \u201cr\u00e9gimen en Kiev\u201d, acusando a la OTAN y a los Estados Unidos de haber desplegado \u201csus bases militares y laboratorios biol\u00f3gicos cerca de las fronteras de nuestro pa\u00eds\u201d.<\/p>\n\n\n\n<p>Dijo que la OTAN planeaba eviar armas a Ucrania incluso antes de que Rusia lanzara su invasi\u00f3n el a\u00f1o pasado. <br><br>\u201cEllos empezaron la guerra. Y estamos usando la fuerza para detenerlo\u201d, dijo entre aplausos. \u201cLas \u00e9lites occidentales se han convertido en un s\u00edmbolo de mentiras sin principios\u201d.<\/p>\n\n\n\n<p>Durante el discurso sobre el estado de la naci\u00f3n, Putin expuso su an\u00e1lisis de la situaci\u00f3n internacional y  su visi\u00f3n del desarrollo de Rusia frente a las sanciones m\u00e1s severas de la historia reciente.<\/p>\n\n\n\n<p>El portavoz del Kremlin, Dmitry Peskov, dijo a la televisi\u00f3n estatal: \u201cEn un momento tan crucial y muy complicado de nuestro desarrollo, de nuestras vidas, todos esperan un mensaje con la esperanza de escuchar una evaluaci\u00f3n de lo que est\u00e1 sucediendo, una evaluaci\u00f3n de la operaci\u00f3n militar especial. .\u201d<\/p>\n\n\n\n<p>Pero en uno de los indicios m\u00e1s graves de luchas internas en Mosc\u00fa, Yevgeny Prigozhin, jefe del Grupo Wagner de mercenarios rusos, lanz\u00f3 hoy un extraordinario ataque verbal contra los jefes de defensa y los acus\u00f3 de traici\u00f3n.<\/p>\n\n\n\n<p>Prigozhin dijo que el ministro de defensa y el jefe del estado mayor general del ej\u00e9rcito estaban privando de municiones a su Grupo Wagner como parte de lo que dijo era un intento de destruir su grupo paramilitar privado.<\/p>\n\n\n\n<p>\u201cEsto se puede comparar con una traici\u00f3n a la patria\u201d, dijo en una publicaci\u00f3n de Telegram.<\/p>\n\n\n\n<p>El discurso llega un d\u00eda despu\u00e9s de la visita no anunciada del presidente Biden a Kiev para reunirse con el presidente Zelensky. El presidente estadounidense anunci\u00f3 500 millones de d\u00f3lares adicionales en asistencia para su hom\u00f3logo ucraniano durante la visita sorpresa.<\/p>\n\n\n\n<p>Biden describi\u00f3 la guerra como \u201cbrutal e injusta\u201d y dijo que la \u201cguerra de conquista\u201d de Putin estaba fracasando.<\/p>\n\n\n\n<p><small>Copyright \u00a9 2023 ElCanillita.info \/ SalaStampa.Eu \u2013 Derechos Reservados<\/small><\/p>\n","protected":false},"excerpt":{"rendered":"<p>El presidente ruso dice que Occidente planeaba enviar armas a Ucrania antes de su invasi\u00f3n.<\/p>\n","protected":false},"author":1,"featured_media":3255,"comment_status":"closed","ping_status":"closed","sticky":false,"template":"","format":"standard","meta":{"footnotes":"","_links_to":"","_links_to_target":""},"categories":[108,70,7,23],"tags":[49],"class_list":["post-3254","post","type-post","status-publish","format-standard","has-post-thumbnail","hentry","category-blogdiario","category-actualidad","category-eurasia","category-politica","tag-rusia","entry","double"],"yoast_head":"<!-- This site is optimized with the Yoast SEO plugin v27.4 - https:\/\/yoast.com\/product\/yoast-seo-wordpress\/ -->\n<title>Guerra Rusia-Ucrania: Putin se dirige a la naci\u00f3n mientras Biden visita Polonia - ElCanillita.Info<\/title>\n<meta name=\"description\" content=\"El presidente ruso busca disipar los temores antes del aniversario de la guerra.\" \/>\n<meta name=\"robots\" content=\"index, follow, max-snippet:-1, max-image-preview:large, max-video-preview:-1\" \/>\n<link rel=\"canonical\" href=\"https:\/\/elcanillita.info\/press\/2023\/02\/21\/guerra-rusia-ucrania-putin-se-dirige-a-la-nacion-mientras-biden-visita-polonia\/\" \/>\n<meta property=\"og:locale\" content=\"es_ES\" \/>\n<meta property=\"og:type\" content=\"article\" \/>\n<meta property=\"og:title\" content=\"Guerra Rusia-Ucrania: Putin se dirige a la naci\u00f3n mientras Biden visita Polonia - ElCanillita.Info\" \/>\n<meta property=\"og:description\" content=\"El presidente ruso busca disipar los temores antes del aniversario de la guerra.\" \/>\n<meta property=\"og:url\" content=\"https:\/\/elcanillita.info\/press\/2023\/02\/21\/guerra-rusia-ucrania-putin-se-dirige-a-la-nacion-mientras-biden-visita-polonia\/\" \/>\n<meta property=\"og:site_name\" content=\"ElCanillita.Info\" \/>\n<meta property=\"article:publisher\" content=\"https:\/\/ar-ar.facebook.com\/ElCanillitainfo-114249515285712\/\" \/>\n<meta property=\"article:published_time\" content=\"2023-02-21T11:12:27+00:00\" \/>\n<meta property=\"article:modified_time\" content=\"2023-02-21T11:20:34+00:00\" \/>\n<meta property=\"og:image\" content=\"https:\/\/elcanillita.info\/press\/images\/2023\/02\/ptin20230221.jpg\" \/>\n\t<meta property=\"og:image:width\" content=\"600\" \/>\n\t<meta property=\"og:image:height\" content=\"400\" \/>\n\t<meta property=\"og:image:type\" content=\"image\/jpeg\" \/>\n<meta name=\"author\" content=\"SalaStampa.eu, world press service\" \/>\n<meta name=\"twitter:card\" content=\"summary_large_image\" \/>\n<meta name=\"twitter:label1\" content=\"Escrito por\" \/>\n\t<meta name=\"twitter:data1\" content=\"SalaStampa.eu, world press service\" \/>\n\t<meta name=\"twitter:label2\" content=\"Tiempo de lectura\" \/>\n\t<meta name=\"twitter:data2\" content=\"3 minutos\" \/>\n<script type=\"application\/ld+json\" class=\"yoast-schema-graph\">{\"@context\":\"https:\\\/\\\/schema.org\",\"@graph\":[{\"@type\":\"Article\",\"@id\":\"https:\\\/\\\/elcanillita.info\\\/press\\\/2023\\\/02\\\/21\\\/guerra-rusia-ucrania-putin-se-dirige-a-la-nacion-mientras-biden-visita-polonia\\\/#article\",\"isPartOf\":{\"@id\":\"https:\\\/\\\/elcanillita.info\\\/press\\\/2023\\\/02\\\/21\\\/guerra-rusia-ucrania-putin-se-dirige-a-la-nacion-mientras-biden-visita-polonia\\\/\"},\"author\":{\"name\":\"SalaStampa.eu, world press service\",\"@id\":\"https:\\\/\\\/elcanillita.info\\\/press\\\/#\\\/schema\\\/person\\\/7fcb79f38045700919f7da6d97e71ba0\"},\"headline\":\"Guerra Rusia-Ucrania: Putin se dirige a la naci\u00f3n mientras Biden visita Polonia\",\"datePublished\":\"2023-02-21T11:12:27+00:00\",\"dateModified\":\"2023-02-21T11:20:34+00:00\",\"mainEntityOfPage\":{\"@id\":\"https:\\\/\\\/elcanillita.info\\\/press\\\/2023\\\/02\\\/21\\\/guerra-rusia-ucrania-putin-se-dirige-a-la-nacion-mientras-biden-visita-polonia\\\/\"},\"wordCount\":483,\"publisher\":{\"@id\":\"https:\\\/\\\/elcanillita.info\\\/press\\\/#organization\"},\"image\":{\"@id\":\"https:\\\/\\\/elcanillita.info\\\/press\\\/2023\\\/02\\\/21\\\/guerra-rusia-ucrania-putin-se-dirige-a-la-nacion-mientras-biden-visita-polonia\\\/#primaryimage\"},\"thumbnailUrl\":\"https:\\\/\\\/elcanillita.info\\\/press\\\/images\\\/2023\\\/02\\\/ptin20230221.jpg\",\"keywords\":[\"Rusia\"],\"articleSection\":[\".\",\"Actualidad\",\"Eurasia\",\"Politica\"],\"inLanguage\":\"es-AR\"},{\"@type\":\"WebPage\",\"@id\":\"https:\\\/\\\/elcanillita.info\\\/press\\\/2023\\\/02\\\/21\\\/guerra-rusia-ucrania-putin-se-dirige-a-la-nacion-mientras-biden-visita-polonia\\\/\",\"url\":\"https:\\\/\\\/elcanillita.info\\\/press\\\/2023\\\/02\\\/21\\\/guerra-rusia-ucrania-putin-se-dirige-a-la-nacion-mientras-biden-visita-polonia\\\/\",\"name\":\"Guerra Rusia-Ucrania: Putin se dirige a la naci\u00f3n mientras Biden visita Polonia - ElCanillita.Info\",\"isPartOf\":{\"@id\":\"https:\\\/\\\/elcanillita.info\\\/press\\\/#website\"},\"primaryImageOfPage\":{\"@id\":\"https:\\\/\\\/elcanillita.info\\\/press\\\/2023\\\/02\\\/21\\\/guerra-rusia-ucrania-putin-se-dirige-a-la-nacion-mientras-biden-visita-polonia\\\/#primaryimage\"},\"image\":{\"@id\":\"https:\\\/\\\/elcanillita.info\\\/press\\\/2023\\\/02\\\/21\\\/guerra-rusia-ucrania-putin-se-dirige-a-la-nacion-mientras-biden-visita-polonia\\\/#primaryimage\"},\"thumbnailUrl\":\"https:\\\/\\\/elcanillita.info\\\/press\\\/images\\\/2023\\\/02\\\/ptin20230221.jpg\",\"datePublished\":\"2023-02-21T11:12:27+00:00\",\"dateModified\":\"2023-02-21T11:20:34+00:00\",\"description\":\"El presidente ruso busca disipar los temores antes del aniversario de la guerra.\",\"inLanguage\":\"es-AR\",\"potentialAction\":[{\"@type\":\"ReadAction\",\"target\":[\"https:\\\/\\\/elcanillita.info\\\/press\\\/2023\\\/02\\\/21\\\/guerra-rusia-ucrania-putin-se-dirige-a-la-nacion-mientras-biden-visita-polonia\\\/\"]}]},{\"@type\":\"ImageObject\",\"inLanguage\":\"es-AR\",\"@id\":\"https:\\\/\\\/elcanillita.info\\\/press\\\/2023\\\/02\\\/21\\\/guerra-rusia-ucrania-putin-se-dirige-a-la-nacion-mientras-biden-visita-polonia\\\/#primaryimage\",\"url\":\"https:\\\/\\\/elcanillita.info\\\/press\\\/images\\\/2023\\\/02\\\/ptin20230221.jpg\",\"contentUrl\":\"https:\\\/\\\/elcanillita.info\\\/press\\\/images\\\/2023\\\/02\\\/ptin20230221.jpg\",\"width\":600,\"height\":400},{\"@type\":\"WebSite\",\"@id\":\"https:\\\/\\\/elcanillita.info\\\/press\\\/#website\",\"url\":\"https:\\\/\\\/elcanillita.info\\\/press\\\/\",\"name\":\"ElCanillita.Info\",\"description\":\"desde los Apeninos a los Andes\",\"publisher\":{\"@id\":\"https:\\\/\\\/elcanillita.info\\\/press\\\/#organization\"},\"potentialAction\":[{\"@type\":\"SearchAction\",\"target\":{\"@type\":\"EntryPoint\",\"urlTemplate\":\"https:\\\/\\\/elcanillita.info\\\/press\\\/?s={search_term_string}\"},\"query-input\":{\"@type\":\"PropertyValueSpecification\",\"valueRequired\":true,\"valueName\":\"search_term_string\"}}],\"inLanguage\":\"es-AR\"},{\"@type\":\"Organization\",\"@id\":\"https:\\\/\\\/elcanillita.info\\\/press\\\/#organization\",\"name\":\"Guzzo Photos & Graphic Publications\",\"url\":\"https:\\\/\\\/elcanillita.info\\\/press\\\/\",\"logo\":{\"@type\":\"ImageObject\",\"inLanguage\":\"es-AR\",\"@id\":\"https:\\\/\\\/elcanillita.info\\\/press\\\/#\\\/schema\\\/logo\\\/image\\\/\",\"url\":\"https:\\\/\\\/elcanillita.info\\\/press\\\/images\\\/2020\\\/01\\\/cropped-cropped-cropped-elcanillitainfo.png\",\"contentUrl\":\"https:\\\/\\\/elcanillita.info\\\/press\\\/images\\\/2020\\\/01\\\/cropped-cropped-cropped-elcanillitainfo.png\",\"width\":460,\"height\":50,\"caption\":\"Guzzo Photos & Graphic Publications\"},\"image\":{\"@id\":\"https:\\\/\\\/elcanillita.info\\\/press\\\/#\\\/schema\\\/logo\\\/image\\\/\"},\"sameAs\":[\"https:\\\/\\\/ar-ar.facebook.com\\\/ElCanillitainfo-114249515285712\\\/\"]},{\"@type\":\"Person\",\"@id\":\"https:\\\/\\\/elcanillita.info\\\/press\\\/#\\\/schema\\\/person\\\/7fcb79f38045700919f7da6d97e71ba0\",\"name\":\"SalaStampa.eu, world press service\",\"image\":{\"@type\":\"ImageObject\",\"inLanguage\":\"es-AR\",\"@id\":\"https:\\\/\\\/secure.gravatar.com\\\/avatar\\\/c2f0e0d515a107624234994507816ca4724c7199cef73fc8bedebf6931d73888?s=96&d=mm&r=g\",\"url\":\"https:\\\/\\\/secure.gravatar.com\\\/avatar\\\/c2f0e0d515a107624234994507816ca4724c7199cef73fc8bedebf6931d73888?s=96&d=mm&r=g\",\"contentUrl\":\"https:\\\/\\\/secure.gravatar.com\\\/avatar\\\/c2f0e0d515a107624234994507816ca4724c7199cef73fc8bedebf6931d73888?s=96&d=mm&r=g\",\"caption\":\"SalaStampa.eu, world press service\"}}]}<\/script>\n<!-- \/ Yoast SEO plugin. -->","yoast_head_json":{"title":"Guerra Rusia-Ucrania: Putin se dirige a la naci\u00f3n mientras Biden visita Polonia - ElCanillita.Info","description":"El presidente ruso busca disipar los temores antes del aniversario de la guerra.","robots":{"index":"index","follow":"follow","max-snippet":"max-snippet:-1","max-image-preview":"max-image-preview:large","max-video-preview":"max-video-preview:-1"},"canonical":"https:\/\/elcanillita.info\/press\/2023\/02\/21\/guerra-rusia-ucrania-putin-se-dirige-a-la-nacion-mientras-biden-visita-polonia\/","og_locale":"es_ES","og_type":"article","og_title":"Guerra Rusia-Ucrania: Putin se dirige a la naci\u00f3n mientras Biden visita Polonia - ElCanillita.Info","og_description":"El presidente ruso busca disipar los temores antes del aniversario de la guerra.","og_url":"https:\/\/elcanillita.info\/press\/2023\/02\/21\/guerra-rusia-ucrania-putin-se-dirige-a-la-nacion-mientras-biden-visita-polonia\/","og_site_name":"ElCanillita.Info","article_publisher":"https:\/\/ar-ar.facebook.com\/ElCanillitainfo-114249515285712\/","article_published_time":"2023-02-21T11:12:27+00:00","article_modified_time":"2023-02-21T11:20:34+00:00","og_image":[{"width":600,"height":400,"url":"https:\/\/elcanillita.info\/press\/images\/2023\/02\/ptin20230221.jpg","type":"image\/jpeg"}],"author":"SalaStampa.eu, world press service","twitter_card":"summary_large_image","twitter_misc":{"Escrito por":"SalaStampa.eu, world press service","Tiempo de lectura":"3 minutos"},"schema":{"@context":"https:\/\/schema.org","@graph":[{"@type":"Article","@id":"https:\/\/elcanillita.info\/press\/2023\/02\/21\/guerra-rusia-ucrania-putin-se-dirige-a-la-nacion-mientras-biden-visita-polonia\/#article","isPartOf":{"@id":"https:\/\/elcanillita.info\/press\/2023\/02\/21\/guerra-rusia-ucrania-putin-se-dirige-a-la-nacion-mientras-biden-visita-polonia\/"},"author":{"name":"SalaStampa.eu, world press service","@id":"https:\/\/elcanillita.info\/press\/#\/schema\/person\/7fcb79f38045700919f7da6d97e71ba0"},"headline":"Guerra Rusia-Ucrania: Putin se dirige a la naci\u00f3n mientras Biden visita Polonia","datePublished":"2023-02-21T11:12:27+00:00","dateModified":"2023-02-21T11:20:34+00:00","mainEntityOfPage":{"@id":"https:\/\/elcanillita.info\/press\/2023\/02\/21\/guerra-rusia-ucrania-putin-se-dirige-a-la-nacion-mientras-biden-visita-polonia\/"},"wordCount":483,"publisher":{"@id":"https:\/\/elcanillita.info\/press\/#organization"},"image":{"@id":"https:\/\/elcanillita.info\/press\/2023\/02\/21\/guerra-rusia-ucrania-putin-se-dirige-a-la-nacion-mientras-biden-visita-polonia\/#primaryimage"},"thumbnailUrl":"https:\/\/elcanillita.info\/press\/images\/2023\/02\/ptin20230221.jpg","keywords":["Rusia"],"articleSection":[".","Actualidad","Eurasia","Politica"],"inLanguage":"es-AR"},{"@type":"WebPage","@id":"https:\/\/elcanillita.info\/press\/2023\/02\/21\/guerra-rusia-ucrania-putin-se-dirige-a-la-nacion-mientras-biden-visita-polonia\/","url":"https:\/\/elcanillita.info\/press\/2023\/02\/21\/guerra-rusia-ucrania-putin-se-dirige-a-la-nacion-mientras-biden-visita-polonia\/","name":"Guerra Rusia-Ucrania: Putin se dirige a la naci\u00f3n mientras Biden visita Polonia - ElCanillita.Info","isPartOf":{"@id":"https:\/\/elcanillita.info\/press\/#website"},"primaryImageOfPage":{"@id":"https:\/\/elcanillita.info\/press\/2023\/02\/21\/guerra-rusia-ucrania-putin-se-dirige-a-la-nacion-mientras-biden-visita-polonia\/#primaryimage"},"image":{"@id":"https:\/\/elcanillita.info\/press\/2023\/02\/21\/guerra-rusia-ucrania-putin-se-dirige-a-la-nacion-mientras-biden-visita-polonia\/#primaryimage"},"thumbnailUrl":"https:\/\/elcanillita.info\/press\/images\/2023\/02\/ptin20230221.jpg","datePublished":"2023-02-21T11:12:27+00:00","dateModified":"2023-02-21T11:20:34+00:00","description":"El presidente ruso busca disipar los temores antes del aniversario de la guerra.","inLanguage":"es-AR","potentialAction":[{"@type":"ReadAction","target":["https:\/\/elcanillita.info\/press\/2023\/02\/21\/guerra-rusia-ucrania-putin-se-dirige-a-la-nacion-mientras-biden-visita-polonia\/"]}]},{"@type":"ImageObject","inLanguage":"es-AR","@id":"https:\/\/elcanillita.info\/press\/2023\/02\/21\/guerra-rusia-ucrania-putin-se-dirige-a-la-nacion-mientras-biden-visita-polonia\/#primaryimage","url":"https:\/\/elcanillita.info\/press\/images\/2023\/02\/ptin20230221.jpg","contentUrl":"https:\/\/elcanillita.info\/press\/images\/2023\/02\/ptin20230221.jpg","width":600,"height":400},{"@type":"WebSite","@id":"https:\/\/elcanillita.info\/press\/#website","url":"https:\/\/elcanillita.info\/press\/","name":"ElCanillita.Info","description":"desde los Apeninos a los Andes","publisher":{"@id":"https:\/\/elcanillita.info\/press\/#organization"},"potentialAction":[{"@type":"SearchAction","target":{"@type":"EntryPoint","urlTemplate":"https:\/\/elcanillita.info\/press\/?s={search_term_string}"},"query-input":{"@type":"PropertyValueSpecification","valueRequired":true,"valueName":"search_term_string"}}],"inLanguage":"es-AR"},{"@type":"Organization","@id":"https:\/\/elcanillita.info\/press\/#organization","name":"Guzzo Photos & Graphic Publications","url":"https:\/\/elcanillita.info\/press\/","logo":{"@type":"ImageObject","inLanguage":"es-AR","@id":"https:\/\/elcanillita.info\/press\/#\/schema\/logo\/image\/","url":"https:\/\/elcanillita.info\/press\/images\/2020\/01\/cropped-cropped-cropped-elcanillitainfo.png","contentUrl":"https:\/\/elcanillita.info\/press\/images\/2020\/01\/cropped-cropped-cropped-elcanillitainfo.png","width":460,"height":50,"caption":"Guzzo Photos & Graphic Publications"},"image":{"@id":"https:\/\/elcanillita.info\/press\/#\/schema\/logo\/image\/"},"sameAs":["https:\/\/ar-ar.facebook.com\/ElCanillitainfo-114249515285712\/"]},{"@type":"Person","@id":"https:\/\/elcanillita.info\/press\/#\/schema\/person\/7fcb79f38045700919f7da6d97e71ba0","name":"SalaStampa.eu, world press service","image":{"@type":"ImageObject","inLanguage":"es-AR","@id":"https:\/\/secure.gravatar.com\/avatar\/c2f0e0d515a107624234994507816ca4724c7199cef73fc8bedebf6931d73888?s=96&d=mm&r=g","url":"https:\/\/secure.gravatar.com\/avatar\/c2f0e0d515a107624234994507816ca4724c7199cef73fc8bedebf6931d73888?s=96&d=mm&r=g","contentUrl":"https:\/\/secure.gravatar.com\/avatar\/c2f0e0d515a107624234994507816ca4724c7199cef73fc8bedebf6931d73888?s=96&d=mm&r=g","caption":"SalaStampa.eu, world press service"}}]}},"views":369,"_links":{"self":[{"href":"https:\/\/elcanillita.info\/press\/wp-json\/wp\/v2\/posts\/3254","targetHints":{"allow":["GET"]}}],"collection":[{"href":"https:\/\/elcanillita.info\/press\/wp-json\/wp\/v2\/posts"}],"about":[{"href":"https:\/\/elcanillita.info\/press\/wp-json\/wp\/v2\/types\/post"}],"author":[{"embeddable":true,"href":"https:\/\/elcanillita.info\/press\/wp-json\/wp\/v2\/users\/1"}],"replies":[{"embeddable":true,"href":"https:\/\/elcanillita.info\/press\/wp-json\/wp\/v2\/comments?post=3254"}],"version-history":[{"count":0,"href":"https:\/\/elcanillita.info\/press\/wp-json\/wp\/v2\/posts\/3254\/revisions"}],"wp:featuredmedia":[{"embeddable":true,"href":"https:\/\/elcanillita.info\/press\/wp-json\/wp\/v2\/media\/3255"}],"wp:attachment":[{"href":"https:\/\/elcanillita.info\/press\/wp-json\/wp\/v2\/media?parent=3254"}],"wp:term":[{"taxonomy":"category","embeddable":true,"href":"https:\/\/elcanillita.info\/press\/wp-json\/wp\/v2\/categories?post=3254"},{"taxonomy":"post_tag","embeddable":true,"href":"https:\/\/elcanillita.info\/press\/wp-json\/wp\/v2\/tags?post=3254"}],"curies":[{"name":"wp","href":"https:\/\/api.w.org\/{rel}","templated":true}]}}