{"id":325,"date":"2020-02-04T07:31:49","date_gmt":"2020-02-04T10:31:49","guid":{"rendered":"https:\/\/elcanillita.info\/press\/?p=325"},"modified":"2020-02-04T07:33:18","modified_gmt":"2020-02-04T10:33:18","slug":"fuga-prision-revela-debilidad-autoridades-narcos-paraguay","status":"publish","type":"post","link":"https:\/\/elcanillita.info\/press\/2020\/02\/04\/fuga-prision-revela-debilidad-autoridades-narcos-paraguay\/","title":{"rendered":"Fuga en prisi\u00f3n revela debilidad de autoridades ante narcos en Paraguay"},"content":{"rendered":"\n<p>Asunci\u00f3n de Paraguay, 04.02.2020 &#8211;  Luis Alves da Cruz se despert\u00f3 a las 3 de la madrugada debido a la conmoci\u00f3n en la prisi\u00f3n paraguaya que \u00e9l llama su casa. Un narcotraficante de bajo rango, da Cruz vio a varios de los reos vestidos de negro de pie a cabeza. \u201cVamos a fugarnos -le dijo uno de ellos- \u00bfVienes?\u201d<\/p>\n\n\n\n<p>En solo minutos, da Cruz era uno de los 75 prisioneros que se escaparon de la prisi\u00f3n en la madrugada del 19 de enero, en una de las fugas m\u00e1s audaces en la historia de Paraguay.<\/p>\n\n\n\n<p>Los fugitivos&nbsp;eran miembros del Primer Comando de la Capital, una de las pandillas m\u00e1s fuertes de Brasil, conocida por sus siglas en portugu\u00e9s, PCC.<\/p>\n\n\n\n<p>La fuga deja en evidencia la creciente influencia de este grupo delincuente en Paraguay, donde las instituciones han mostrado no ser un reto para las organizaciones criminales que han establecido sus bases aqu\u00ed.<\/p>\n\n\n\n<p>Las autoridades en la prisi\u00f3n de la ciudad de Pedro Juan Caballero, cerca de la frontera con Paraguay, sab\u00edan lo que la pandilla planificaba, seg\u00fan la ministra de Justicia de Paraguay, Cecilia P\u00e9rez. Algunos fueron c\u00f3mplices, dijo P\u00e9rez, mientras otros giraron la mirada por temor a represalias.&nbsp;<\/p>\n\n\n\n<p>Un total de 32 funcionarios penales, incluido el director de la prisi\u00f3n, est\u00e1n ahora bajo arresto.<\/p>\n\n\n\n<p>&nbsp;\u201cAfrontamos una crisis de seguridad cuyo epicentro est\u00e1 en el sistema penitenciario\u201d, le dijo P\u00e9rez a Reuters. El sistema penitenciario de Pedro Juan Caballero no respondi\u00f3 solicitudes para obtener sus comentarios.<\/p>\n\n\n\n<p>De los fugados, 40 de ellos, incluyendo a da Cruz, son brasile\u00f1os. Hasta ahora, solo 11 han sido recapturados. Da Cruz fue apresado d\u00edas m\u00e1s tarde de la fuga cerca del poblado brasile\u00f1o de Dourados. Reuters tuvo acceso exclusivo al testimonio que ofreci\u00f3 a la polic\u00eda brasile\u00f1a.<\/p>\n\n\n\n<p>Da Cruz, de 30 a\u00f1os, le dijo a la polic\u00eda que los guardas en la prisi\u00f3n paraguaya les ayudaron a escapar.&nbsp;<\/p>\n\n\n\n<p>Furg\u00f3n policial frente a la prisi\u00f3n de la ciudad de Pedro Juan Caballero, cuyas autoridades sab\u00eda lo que tramaba el PCC, seg\u00fan la ministra de Justicia de Paraguay, Cecilia P\u00e9rez.<\/p>\n\n\n\n<p>Dijo que fue uno de los que escap\u00f3 por un t\u00fanel que los prisioneros hab\u00edan excavado e iluminado con buj\u00edas sostenidas a las paredes de tierra con tenedores. El estrecho y lodoso conducto empezaba en la celda de miembros del PCC y terminaba justo despu\u00e9s de la pared perimetral de la prisi\u00f3n.<\/p>\n\n\n\n<p>Los reos mayores ni siquiera se molestaron en ensuciarse, simplemente salieron por la puerta delantera. Otros reos capturados dieron versiones similares, seg\u00fan la polic\u00eda paraguaya.<\/p>\n\n\n\n<p>\u201cEsta fuga demuestra que el PCC hace lo que le da la gana, cuando le da la gana\u201d, dijo Juan Martens, un acad\u00e9mico y analista de seguridad basado en la capital, Asunci\u00f3n, quien ha estudiado las actividades de PCC en Paraguay. \u201cEl estado paraguayo no representa ning\u00fan obst\u00e1culo para sus planes\u201d, afirm\u00f3.<\/p>\n\n\n\n<p>Ciudad de Sangre<\/p>\n\n\n\n<p>Como en medio de un sandwich entre Brasil y Argentina, Paraguay es&nbsp;uno de los productores de marihuana m\u00e1s fuertes del mundo y un punto de trasiego de coca\u00edna andina. Paraguay es un pa\u00eds pobre con el Producto Interior Bruto de Namibia. Est\u00e1 tambi\u00e9n plagado de corrupci\u00f3n, siguiendo a Venezuela como el segundo pa\u00eds m\u00e1s corrupto de Am\u00e9rica del Sur, seg\u00fan el \u00cdndice de Percepci\u00f3n de Corrupci\u00f3n 2019 de Transparencia Internacional.<\/p>\n\n\n\n<p>Como resultado, se ha convertido en un atractivo punto de operaciones para las pandillas brasile\u00f1as, incluyendo al PCC basado en Sao Paolo y el Comando Rojo de R\u00edo de Janeiro, entre otras.<\/p>\n\n\n\n<p>Las autoridades dicen que los pandilleros brasile\u00f1os operan con casi total impunidad en esta zona, tanto fuera como dentro de las prisiones.<\/p>\n\n\n\n<p>Gilberto Fleitas, jefe de investigaciones criminales de la Polic\u00eda Nacional de Paraguay,&nbsp;calcula que actualmente hay unos 500 miembros de PCC en prisiones paraguayas, una cifra que se ha duplicado desde el a\u00f1o pasado debido al agresivo reclutamiento de la pandilla.<\/p>\n\n\n\n<p>El colega de Fleitas, Rub\u00e9n Paredes, considera que el n\u00famero correcto es mayor a\u00fan y que el 10 por ciento de los 16,000 reos de Paraguay son miembros de pandillas brasile\u00f1as. Muchos trabajan fuera de las prisiones, comprando legisladores y a polic\u00edas corruptos.<\/p>\n\n\n\n<p>&nbsp;\u201cPor lo menos en prisi\u00f3n est\u00e1n contenidos\u201d, dijo Paredes, jefe de investigaciones de la Polic\u00eda Nacional en esta densamente poblada regi\u00f3n que incluye Asunci\u00f3n. \u201cAfuera hacen lo que les viene en gana\u201d.<\/p>\n\n\n\n<p>Llamada la \u201cciudad de sangre\u201d, Pedro Juan Caballero se ha convertido en un punto atractivo para las bandas de narcos brasile\u00f1os, dicen las autoridades. La ciudad se mezcla casi imperceptiblemente con la vecina ciudad brasile\u00f1a de Ponta Pora. Reuters no vio ni retenes policiales, ni barricadas separando los dos pueblos. Personas en ambos lados de la frontera cruzan con facilidad.<\/p>\n\n\n\n<p>Peque\u00f1os aviones cargados de coca\u00edna boliviana frecuentemente aterrizan en remotas pistas en las afueras de Pedro Juan Caballero, autoridades brasile\u00f1as y paraguayas dijeron a Reuters. Re ah\u00ed, explicaron, las Drogas son trasegadas por el sur de Brasil y finalmente hacia Europa, donde hay una creciente demanda.<\/p>\n\n\n\n<p>La crisis se manifiesta en el creciente n\u00famero de v\u00edctimas en Pedro Juan Caballero, en la medida que las pandillas se enfrentan para controlar las rutas del narcotr\u00e1fico, dicen las autoridades. El alcalde Jos\u00e9 Carlos Acevedo dice que el a\u00f1o pasado hubo unos 150 asesinatos en esta ciudad de unos 120,000 habitantes. Explic\u00f3 que los residents viven atemorizados de las pandillas, que se han burlado de los aparatos de seguridad.<\/p>\n\n\n\n<p>\u201cLa polic\u00eda es completamente corrupta\u201d, dijo Acevedo.<\/p>\n\n\n\n<p><small>Con informaci\u00f3n de Reuters<\/small><br><small>2020 voanoticias \u2013 salastampa.eu, afiliada a la red Broadcasting Board of Governors \u00a9 2020 BBG<\/small><\/p>\n","protected":false},"excerpt":{"rendered":"<p>Asunci\u00f3n de Paraguay, 04.02.2020 &#8211;  Luis Alves da Cruz se despert\u00f3 a las 3 de la madrugada debido a la conmoci\u00f3n en la prisi\u00f3n paraguaya que \u00e9l llama su casa. Un narcotraficante de bajo rango, da Cruz vio a varios de los reos vestidos de negro de pie a cabeza. \u201cVamos a fugarnos -le dijo uno de ellos- \u00bfVienes?\u201d<\/p>\n","protected":false},"author":1,"featured_media":0,"comment_status":"closed","ping_status":"closed","sticky":false,"template":"","format":"standard","meta":{"footnotes":"","_links_to":"","_links_to_target":""},"categories":[70,11,22,25],"tags":[73],"class_list":["post-325","post","type-post","status-publish","format-standard","hentry","category-actualidad","category-america-del-sur","category-justicia","category-sociedad","tag-paraguay","entry","double"],"yoast_head":"<!-- This site is optimized with the Yoast SEO plugin v27.4 - https:\/\/yoast.com\/product\/yoast-seo-wordpress\/ -->\n<title>Fuga en prisi\u00f3n revela debilidad de autoridades ante narcos en Paraguay - ElCanillita.Info<\/title>\n<meta name=\"robots\" content=\"index, follow, max-snippet:-1, max-image-preview:large, max-video-preview:-1\" \/>\n<link rel=\"canonical\" href=\"https:\/\/elcanillita.info\/press\/2020\/02\/04\/fuga-prision-revela-debilidad-autoridades-narcos-paraguay\/\" \/>\n<meta property=\"og:locale\" content=\"es_ES\" \/>\n<meta property=\"og:type\" content=\"article\" \/>\n<meta property=\"og:title\" content=\"Fuga en prisi\u00f3n revela debilidad de autoridades ante narcos en Paraguay - ElCanillita.Info\" \/>\n<meta property=\"og:description\" content=\"Asunci\u00f3n de Paraguay, 04.02.2020 - Luis Alves da Cruz se despert\u00f3 a las 3 de la madrugada debido a la conmoci\u00f3n en la prisi\u00f3n paraguaya que \u00e9l llama su casa. Un narcotraficante de bajo rango, da Cruz vio a varios de los reos vestidos de negro de pie a cabeza. \u201cVamos a fugarnos -le dijo uno de ellos- \u00bfVienes?\u201d\" \/>\n<meta property=\"og:url\" content=\"https:\/\/elcanillita.info\/press\/2020\/02\/04\/fuga-prision-revela-debilidad-autoridades-narcos-paraguay\/\" \/>\n<meta property=\"og:site_name\" content=\"ElCanillita.Info\" \/>\n<meta property=\"article:publisher\" content=\"https:\/\/ar-ar.facebook.com\/ElCanillitainfo-114249515285712\/\" \/>\n<meta property=\"article:published_time\" content=\"2020-02-04T10:31:49+00:00\" \/>\n<meta property=\"article:modified_time\" content=\"2020-02-04T10:33:18+00:00\" \/>\n<meta name=\"author\" content=\"SalaStampa.eu, world press service\" \/>\n<meta name=\"twitter:card\" content=\"summary_large_image\" \/>\n<meta name=\"twitter:label1\" content=\"Escrito por\" \/>\n\t<meta name=\"twitter:data1\" content=\"SalaStampa.eu, world press service\" \/>\n\t<meta name=\"twitter:label2\" content=\"Tiempo de lectura\" \/>\n\t<meta name=\"twitter:data2\" content=\"5 minutos\" \/>\n<script type=\"application\/ld+json\" class=\"yoast-schema-graph\">{\"@context\":\"https:\\\/\\\/schema.org\",\"@graph\":[{\"@type\":\"Article\",\"@id\":\"https:\\\/\\\/elcanillita.info\\\/press\\\/2020\\\/02\\\/04\\\/fuga-prision-revela-debilidad-autoridades-narcos-paraguay\\\/#article\",\"isPartOf\":{\"@id\":\"https:\\\/\\\/elcanillita.info\\\/press\\\/2020\\\/02\\\/04\\\/fuga-prision-revela-debilidad-autoridades-narcos-paraguay\\\/\"},\"author\":{\"name\":\"SalaStampa.eu, world press service\",\"@id\":\"https:\\\/\\\/elcanillita.info\\\/press\\\/#\\\/schema\\\/person\\\/7fcb79f38045700919f7da6d97e71ba0\"},\"headline\":\"Fuga en prisi\u00f3n revela debilidad de autoridades ante narcos en Paraguay\",\"datePublished\":\"2020-02-04T10:31:49+00:00\",\"dateModified\":\"2020-02-04T10:33:18+00:00\",\"mainEntityOfPage\":{\"@id\":\"https:\\\/\\\/elcanillita.info\\\/press\\\/2020\\\/02\\\/04\\\/fuga-prision-revela-debilidad-autoridades-narcos-paraguay\\\/\"},\"wordCount\":1000,\"publisher\":{\"@id\":\"https:\\\/\\\/elcanillita.info\\\/press\\\/#organization\"},\"keywords\":[\"Paraguay\"],\"articleSection\":[\"Actualidad\",\"Am\u00e9rica del Sur\",\"Justicia\",\"Sociedad\"],\"inLanguage\":\"es-AR\"},{\"@type\":\"WebPage\",\"@id\":\"https:\\\/\\\/elcanillita.info\\\/press\\\/2020\\\/02\\\/04\\\/fuga-prision-revela-debilidad-autoridades-narcos-paraguay\\\/\",\"url\":\"https:\\\/\\\/elcanillita.info\\\/press\\\/2020\\\/02\\\/04\\\/fuga-prision-revela-debilidad-autoridades-narcos-paraguay\\\/\",\"name\":\"Fuga en prisi\u00f3n revela debilidad de autoridades ante narcos en Paraguay - ElCanillita.Info\",\"isPartOf\":{\"@id\":\"https:\\\/\\\/elcanillita.info\\\/press\\\/#website\"},\"datePublished\":\"2020-02-04T10:31:49+00:00\",\"dateModified\":\"2020-02-04T10:33:18+00:00\",\"inLanguage\":\"es-AR\",\"potentialAction\":[{\"@type\":\"ReadAction\",\"target\":[\"https:\\\/\\\/elcanillita.info\\\/press\\\/2020\\\/02\\\/04\\\/fuga-prision-revela-debilidad-autoridades-narcos-paraguay\\\/\"]}]},{\"@type\":\"WebSite\",\"@id\":\"https:\\\/\\\/elcanillita.info\\\/press\\\/#website\",\"url\":\"https:\\\/\\\/elcanillita.info\\\/press\\\/\",\"name\":\"ElCanillita.Info\",\"description\":\"desde los Apeninos a los Andes\",\"publisher\":{\"@id\":\"https:\\\/\\\/elcanillita.info\\\/press\\\/#organization\"},\"potentialAction\":[{\"@type\":\"SearchAction\",\"target\":{\"@type\":\"EntryPoint\",\"urlTemplate\":\"https:\\\/\\\/elcanillita.info\\\/press\\\/?s={search_term_string}\"},\"query-input\":{\"@type\":\"PropertyValueSpecification\",\"valueRequired\":true,\"valueName\":\"search_term_string\"}}],\"inLanguage\":\"es-AR\"},{\"@type\":\"Organization\",\"@id\":\"https:\\\/\\\/elcanillita.info\\\/press\\\/#organization\",\"name\":\"Guzzo Photos & Graphic Publications\",\"url\":\"https:\\\/\\\/elcanillita.info\\\/press\\\/\",\"logo\":{\"@type\":\"ImageObject\",\"inLanguage\":\"es-AR\",\"@id\":\"https:\\\/\\\/elcanillita.info\\\/press\\\/#\\\/schema\\\/logo\\\/image\\\/\",\"url\":\"https:\\\/\\\/elcanillita.info\\\/press\\\/images\\\/2020\\\/01\\\/cropped-cropped-cropped-elcanillitainfo.png\",\"contentUrl\":\"https:\\\/\\\/elcanillita.info\\\/press\\\/images\\\/2020\\\/01\\\/cropped-cropped-cropped-elcanillitainfo.png\",\"width\":460,\"height\":50,\"caption\":\"Guzzo Photos & Graphic Publications\"},\"image\":{\"@id\":\"https:\\\/\\\/elcanillita.info\\\/press\\\/#\\\/schema\\\/logo\\\/image\\\/\"},\"sameAs\":[\"https:\\\/\\\/ar-ar.facebook.com\\\/ElCanillitainfo-114249515285712\\\/\"]},{\"@type\":\"Person\",\"@id\":\"https:\\\/\\\/elcanillita.info\\\/press\\\/#\\\/schema\\\/person\\\/7fcb79f38045700919f7da6d97e71ba0\",\"name\":\"SalaStampa.eu, world press service\",\"image\":{\"@type\":\"ImageObject\",\"inLanguage\":\"es-AR\",\"@id\":\"https:\\\/\\\/secure.gravatar.com\\\/avatar\\\/c2f0e0d515a107624234994507816ca4724c7199cef73fc8bedebf6931d73888?s=96&d=mm&r=g\",\"url\":\"https:\\\/\\\/secure.gravatar.com\\\/avatar\\\/c2f0e0d515a107624234994507816ca4724c7199cef73fc8bedebf6931d73888?s=96&d=mm&r=g\",\"contentUrl\":\"https:\\\/\\\/secure.gravatar.com\\\/avatar\\\/c2f0e0d515a107624234994507816ca4724c7199cef73fc8bedebf6931d73888?s=96&d=mm&r=g\",\"caption\":\"SalaStampa.eu, world press service\"}}]}<\/script>\n<!-- \/ Yoast SEO plugin. -->","yoast_head_json":{"title":"Fuga en prisi\u00f3n revela debilidad de autoridades ante narcos en Paraguay - ElCanillita.Info","robots":{"index":"index","follow":"follow","max-snippet":"max-snippet:-1","max-image-preview":"max-image-preview:large","max-video-preview":"max-video-preview:-1"},"canonical":"https:\/\/elcanillita.info\/press\/2020\/02\/04\/fuga-prision-revela-debilidad-autoridades-narcos-paraguay\/","og_locale":"es_ES","og_type":"article","og_title":"Fuga en prisi\u00f3n revela debilidad de autoridades ante narcos en Paraguay - ElCanillita.Info","og_description":"Asunci\u00f3n de Paraguay, 04.02.2020 - Luis Alves da Cruz se despert\u00f3 a las 3 de la madrugada debido a la conmoci\u00f3n en la prisi\u00f3n paraguaya que \u00e9l llama su casa. Un narcotraficante de bajo rango, da Cruz vio a varios de los reos vestidos de negro de pie a cabeza. \u201cVamos a fugarnos -le dijo uno de ellos- \u00bfVienes?\u201d","og_url":"https:\/\/elcanillita.info\/press\/2020\/02\/04\/fuga-prision-revela-debilidad-autoridades-narcos-paraguay\/","og_site_name":"ElCanillita.Info","article_publisher":"https:\/\/ar-ar.facebook.com\/ElCanillitainfo-114249515285712\/","article_published_time":"2020-02-04T10:31:49+00:00","article_modified_time":"2020-02-04T10:33:18+00:00","author":"SalaStampa.eu, world press service","twitter_card":"summary_large_image","twitter_misc":{"Escrito por":"SalaStampa.eu, world press service","Tiempo de lectura":"5 minutos"},"schema":{"@context":"https:\/\/schema.org","@graph":[{"@type":"Article","@id":"https:\/\/elcanillita.info\/press\/2020\/02\/04\/fuga-prision-revela-debilidad-autoridades-narcos-paraguay\/#article","isPartOf":{"@id":"https:\/\/elcanillita.info\/press\/2020\/02\/04\/fuga-prision-revela-debilidad-autoridades-narcos-paraguay\/"},"author":{"name":"SalaStampa.eu, world press service","@id":"https:\/\/elcanillita.info\/press\/#\/schema\/person\/7fcb79f38045700919f7da6d97e71ba0"},"headline":"Fuga en prisi\u00f3n revela debilidad de autoridades ante narcos en Paraguay","datePublished":"2020-02-04T10:31:49+00:00","dateModified":"2020-02-04T10:33:18+00:00","mainEntityOfPage":{"@id":"https:\/\/elcanillita.info\/press\/2020\/02\/04\/fuga-prision-revela-debilidad-autoridades-narcos-paraguay\/"},"wordCount":1000,"publisher":{"@id":"https:\/\/elcanillita.info\/press\/#organization"},"keywords":["Paraguay"],"articleSection":["Actualidad","Am\u00e9rica del Sur","Justicia","Sociedad"],"inLanguage":"es-AR"},{"@type":"WebPage","@id":"https:\/\/elcanillita.info\/press\/2020\/02\/04\/fuga-prision-revela-debilidad-autoridades-narcos-paraguay\/","url":"https:\/\/elcanillita.info\/press\/2020\/02\/04\/fuga-prision-revela-debilidad-autoridades-narcos-paraguay\/","name":"Fuga en prisi\u00f3n revela debilidad de autoridades ante narcos en Paraguay - ElCanillita.Info","isPartOf":{"@id":"https:\/\/elcanillita.info\/press\/#website"},"datePublished":"2020-02-04T10:31:49+00:00","dateModified":"2020-02-04T10:33:18+00:00","inLanguage":"es-AR","potentialAction":[{"@type":"ReadAction","target":["https:\/\/elcanillita.info\/press\/2020\/02\/04\/fuga-prision-revela-debilidad-autoridades-narcos-paraguay\/"]}]},{"@type":"WebSite","@id":"https:\/\/elcanillita.info\/press\/#website","url":"https:\/\/elcanillita.info\/press\/","name":"ElCanillita.Info","description":"desde los Apeninos a los Andes","publisher":{"@id":"https:\/\/elcanillita.info\/press\/#organization"},"potentialAction":[{"@type":"SearchAction","target":{"@type":"EntryPoint","urlTemplate":"https:\/\/elcanillita.info\/press\/?s={search_term_string}"},"query-input":{"@type":"PropertyValueSpecification","valueRequired":true,"valueName":"search_term_string"}}],"inLanguage":"es-AR"},{"@type":"Organization","@id":"https:\/\/elcanillita.info\/press\/#organization","name":"Guzzo Photos & Graphic Publications","url":"https:\/\/elcanillita.info\/press\/","logo":{"@type":"ImageObject","inLanguage":"es-AR","@id":"https:\/\/elcanillita.info\/press\/#\/schema\/logo\/image\/","url":"https:\/\/elcanillita.info\/press\/images\/2020\/01\/cropped-cropped-cropped-elcanillitainfo.png","contentUrl":"https:\/\/elcanillita.info\/press\/images\/2020\/01\/cropped-cropped-cropped-elcanillitainfo.png","width":460,"height":50,"caption":"Guzzo Photos & Graphic Publications"},"image":{"@id":"https:\/\/elcanillita.info\/press\/#\/schema\/logo\/image\/"},"sameAs":["https:\/\/ar-ar.facebook.com\/ElCanillitainfo-114249515285712\/"]},{"@type":"Person","@id":"https:\/\/elcanillita.info\/press\/#\/schema\/person\/7fcb79f38045700919f7da6d97e71ba0","name":"SalaStampa.eu, world press service","image":{"@type":"ImageObject","inLanguage":"es-AR","@id":"https:\/\/secure.gravatar.com\/avatar\/c2f0e0d515a107624234994507816ca4724c7199cef73fc8bedebf6931d73888?s=96&d=mm&r=g","url":"https:\/\/secure.gravatar.com\/avatar\/c2f0e0d515a107624234994507816ca4724c7199cef73fc8bedebf6931d73888?s=96&d=mm&r=g","contentUrl":"https:\/\/secure.gravatar.com\/avatar\/c2f0e0d515a107624234994507816ca4724c7199cef73fc8bedebf6931d73888?s=96&d=mm&r=g","caption":"SalaStampa.eu, world press service"}}]}},"views":806,"_links":{"self":[{"href":"https:\/\/elcanillita.info\/press\/wp-json\/wp\/v2\/posts\/325","targetHints":{"allow":["GET"]}}],"collection":[{"href":"https:\/\/elcanillita.info\/press\/wp-json\/wp\/v2\/posts"}],"about":[{"href":"https:\/\/elcanillita.info\/press\/wp-json\/wp\/v2\/types\/post"}],"author":[{"embeddable":true,"href":"https:\/\/elcanillita.info\/press\/wp-json\/wp\/v2\/users\/1"}],"replies":[{"embeddable":true,"href":"https:\/\/elcanillita.info\/press\/wp-json\/wp\/v2\/comments?post=325"}],"version-history":[{"count":0,"href":"https:\/\/elcanillita.info\/press\/wp-json\/wp\/v2\/posts\/325\/revisions"}],"wp:attachment":[{"href":"https:\/\/elcanillita.info\/press\/wp-json\/wp\/v2\/media?parent=325"}],"wp:term":[{"taxonomy":"category","embeddable":true,"href":"https:\/\/elcanillita.info\/press\/wp-json\/wp\/v2\/categories?post=325"},{"taxonomy":"post_tag","embeddable":true,"href":"https:\/\/elcanillita.info\/press\/wp-json\/wp\/v2\/tags?post=325"}],"curies":[{"name":"wp","href":"https:\/\/api.w.org\/{rel}","templated":true}]}}