{"id":3241,"date":"2023-02-08T16:30:00","date_gmt":"2023-02-08T19:30:00","guid":{"rendered":"https:\/\/elcanillita.info\/press\/?p=3241"},"modified":"2023-04-07T08:21:34","modified_gmt":"2023-04-07T11:21:34","slug":"guerra-en-ucrania","status":"publish","type":"post","link":"https:\/\/elcanillita.info\/press\/2023\/02\/08\/guerra-en-ucrania\/","title":{"rendered":"Guerra en Ucrania"},"content":{"rendered":"\n<figure class=\"wp-block-image size-large\"><img decoding=\"async\" src=\"https:\/\/elcanillita.info\/press\/images\/2023\/02\/1zel_20230209.jpg\" alt=\"\"\/><figcaption class=\"wp-element-caption\"><small><center>ishi Sunak da un paso de salida a la lucha por conseguir los reactores de Zelensky<\/center><\/small><\/figcaption><\/figure>\n\n\n\n<p>Mi\u00e9rcoles, 08\/02\/2023<\/p>\n\n\n\n<p>En los \u00faltimos meses, el presidente Zelensky ha demostrado su capacidad para convencer a los pa\u00edses occidentales de que suministren a Kiev armas que antes se consideraban demasiado peligrosas para d\u00e1rselas a Ucrania.<\/p>\n\n\n\n<p>Gracias a sus esfuerzos, las tropas ucranianas se est\u00e1n entrenando con tanques occidentales mientras se preparan para una gran ofensiva rusa en primavera.<\/p>\n\n\n\n<p>Para completar la transformaci\u00f3n de las fuerzas armadas ucranianas en una fuerza de combate al estilo occidental, Zelensky necesita aviones.<\/p>\n\n\n\n<p>Rishi Sunak ha restado importancia a la posibilidad de enviar aviones de combate brit\u00e1nicos a Ucrania, afirmando que ello requerir\u00eda &#8220;meses, si no a\u00f1os&#8221; de entrenamiento.<\/p>\n\n\n\n<p>Dado que la RAF retirar\u00e1 24 Typhoon a mediados de la d\u00e9cada, hay un escuadr\u00f3n de aviones preparado que podr\u00eda utilizarse como contribuci\u00f3n brit\u00e1nica en cualquier paquete internacional. Sin embargo, dado que el Typhoon es fabricado conjuntamente por el Reino Unido, Alemania, Italia y Espa\u00f1a, las cuatro naciones tendr\u00edan que estar de acuerdo en transferir cualquier avi\u00f3n a Ucrania.<\/p>\n\n\n\n<p>Cuando recientemente se le pregunt\u00f3 a Ben Wallace, Secretario de Defensa, si Gran Breta\u00f1a podr\u00eda enviar aviones de combate a Ucrania, respondi\u00f3 &#8220;Una cosa que he aprendido en el \u00faltimo a\u00f1o es que no hay que descartar nada&#8221;.<\/p>\n\n\n\n<p>Zelensky no busca principalmente que Sunak done aviones de combate a Kiev, dado que los pilotos ucranianos no est\u00e1n familiarizados con los Typhoon. En su lugar, se centra en adquirir F-16 de fabricaci\u00f3n estadounidense o, posiblemente, Gripens de fabricaci\u00f3n sueca, y trata de conseguir que Sunak convenza a Estados Unidos y a otros aliados para que le entreguen los aviones.<\/p>\n\n\n\n<p>El Presidente Biden ya ha descartado el env\u00edo de F-16 a Ucrania. Pero al anunciar que Gran Breta\u00f1a entrenar\u00e1 a pilotos ucranianos en el manejo de cazas, Sunak parece haber dado el paso de salida a una ofensiva diplom\u00e1tica que podr\u00eda acabar armando a Kiev con aviones de combate.<\/p>\n\n\n\n<p>Los pilotos ucranianos que reciban formaci\u00f3n de la RAF no se limitar\u00e1n a pilotar Typhoons y podr\u00e1n manejar una gama de &#8220;sofisticados aviones de combate Nato-est\u00e1ndar&#8221;. Fuentes de Defensa subrayan que la formaci\u00f3n llevar\u00e1 un tiempo considerable y est\u00e1 destinada a desarrollar las capacidades de Ucrania a largo plazo.<\/p>\n\n\n\n<p>Lockheed Martin, el fabricante de los F-16, ha anunciado que est\u00e1 dispuesto a aumentar la producci\u00f3n de estos aviones. Estados Unidos a\u00fan podr\u00eda levantar su veto a la exportaci\u00f3n de F-16, lo que significa que otros pa\u00edses que operan con estos aviones de fabricaci\u00f3n estadounidense podr\u00edan enviar los suyos a Ucrania.<\/p>\n\n\n\n<p>Las lecciones del pasado reciente sugieren que los esfuerzos diplom\u00e1ticos ucranianos para presionar a favor de las armas occidentales rara vez fracasan. La administraci\u00f3n Biden se mostr\u00f3 inicialmente reacia a enviar sistemas de defensa antia\u00e9rea, veh\u00edculos blindados y tanques a Kiev, pero Zelensky termin\u00f3 obteniendo un poco de ayuda para defender su pueblo en nombre de la Europa.<br><br><small>\u00a92023 ElCanillita.info \/ SalaStampa.Eu &#8211; Derechos Reservados<\/small><\/p>\n","protected":false},"excerpt":{"rendered":"<p>Para completar la transformaci\u00f3n de las fuerzas armadas ucranianas en una fuerza de combate al estilo occidental, Zelensky necesita aviones.<\/p>\n","protected":false},"author":1,"featured_media":3242,"comment_status":"closed","ping_status":"closed","sticky":false,"template":"","format":"standard","meta":{"footnotes":"","_links_to":"","_links_to_target":""},"categories":[108,70,23,116],"tags":[58],"class_list":["post-3241","post","type-post","status-publish","format-standard","has-post-thumbnail","hentry","category-blogdiario","category-actualidad","category-politica","category-united-kingdom","tag-reino-unido","entry","double"],"yoast_head":"<!-- This site is optimized with the Yoast SEO plugin v27.4 - https:\/\/yoast.com\/product\/yoast-seo-wordpress\/ -->\n<title>Guerra en Ucrania - ElCanillita.Info<\/title>\n<meta name=\"description\" content=\"Para completar la transformaci\u00f3n de las fuerzas armadas ucranianas en una fuerza de combate al estilo occidental, Zelensky necesita aviones.\" \/>\n<meta name=\"robots\" content=\"index, follow, max-snippet:-1, max-image-preview:large, max-video-preview:-1\" \/>\n<link rel=\"canonical\" href=\"https:\/\/elcanillita.info\/press\/2023\/02\/08\/guerra-en-ucrania\/\" \/>\n<meta property=\"og:locale\" content=\"es_ES\" \/>\n<meta property=\"og:type\" content=\"article\" \/>\n<meta property=\"og:title\" content=\"Guerra en Ucrania - ElCanillita.Info\" \/>\n<meta property=\"og:description\" content=\"Para completar la transformaci\u00f3n de las fuerzas armadas ucranianas en una fuerza de combate al estilo occidental, Zelensky necesita aviones.\" \/>\n<meta property=\"og:url\" content=\"https:\/\/elcanillita.info\/press\/2023\/02\/08\/guerra-en-ucrania\/\" \/>\n<meta property=\"og:site_name\" content=\"ElCanillita.Info\" \/>\n<meta property=\"article:publisher\" content=\"https:\/\/ar-ar.facebook.com\/ElCanillitainfo-114249515285712\/\" \/>\n<meta property=\"article:published_time\" content=\"2023-02-08T19:30:00+00:00\" \/>\n<meta property=\"article:modified_time\" content=\"2023-04-07T11:21:34+00:00\" \/>\n<meta property=\"og:image\" content=\"https:\/\/elcanillita.info\/press\/images\/2023\/02\/4zel_20230209-1.jpg\" \/>\n\t<meta property=\"og:image:width\" content=\"600\" \/>\n\t<meta property=\"og:image:height\" content=\"401\" \/>\n\t<meta property=\"og:image:type\" content=\"image\/jpeg\" \/>\n<meta name=\"author\" content=\"SalaStampa.eu, world press service\" \/>\n<meta name=\"twitter:card\" content=\"summary_large_image\" \/>\n<meta name=\"twitter:label1\" content=\"Escrito por\" \/>\n\t<meta name=\"twitter:data1\" content=\"SalaStampa.eu, world press service\" \/>\n\t<meta name=\"twitter:label2\" content=\"Tiempo de lectura\" \/>\n\t<meta name=\"twitter:data2\" content=\"3 minutos\" \/>\n<script type=\"application\/ld+json\" class=\"yoast-schema-graph\">{\"@context\":\"https:\\\/\\\/schema.org\",\"@graph\":[{\"@type\":\"Article\",\"@id\":\"https:\\\/\\\/elcanillita.info\\\/press\\\/2023\\\/02\\\/08\\\/guerra-en-ucrania\\\/#article\",\"isPartOf\":{\"@id\":\"https:\\\/\\\/elcanillita.info\\\/press\\\/2023\\\/02\\\/08\\\/guerra-en-ucrania\\\/\"},\"author\":{\"name\":\"SalaStampa.eu, world press service\",\"@id\":\"https:\\\/\\\/elcanillita.info\\\/press\\\/#\\\/schema\\\/person\\\/7fcb79f38045700919f7da6d97e71ba0\"},\"headline\":\"Guerra en Ucrania\",\"datePublished\":\"2023-02-08T19:30:00+00:00\",\"dateModified\":\"2023-04-07T11:21:34+00:00\",\"mainEntityOfPage\":{\"@id\":\"https:\\\/\\\/elcanillita.info\\\/press\\\/2023\\\/02\\\/08\\\/guerra-en-ucrania\\\/\"},\"wordCount\":534,\"publisher\":{\"@id\":\"https:\\\/\\\/elcanillita.info\\\/press\\\/#organization\"},\"image\":{\"@id\":\"https:\\\/\\\/elcanillita.info\\\/press\\\/2023\\\/02\\\/08\\\/guerra-en-ucrania\\\/#primaryimage\"},\"thumbnailUrl\":\"https:\\\/\\\/elcanillita.info\\\/press\\\/images\\\/2023\\\/02\\\/4zel_20230209-1.jpg\",\"keywords\":[\"Reino Unido\"],\"articleSection\":[\".\",\"Actualidad\",\"Politica\",\"Reino Unido\"],\"inLanguage\":\"es-AR\"},{\"@type\":\"WebPage\",\"@id\":\"https:\\\/\\\/elcanillita.info\\\/press\\\/2023\\\/02\\\/08\\\/guerra-en-ucrania\\\/\",\"url\":\"https:\\\/\\\/elcanillita.info\\\/press\\\/2023\\\/02\\\/08\\\/guerra-en-ucrania\\\/\",\"name\":\"Guerra en Ucrania - ElCanillita.Info\",\"isPartOf\":{\"@id\":\"https:\\\/\\\/elcanillita.info\\\/press\\\/#website\"},\"primaryImageOfPage\":{\"@id\":\"https:\\\/\\\/elcanillita.info\\\/press\\\/2023\\\/02\\\/08\\\/guerra-en-ucrania\\\/#primaryimage\"},\"image\":{\"@id\":\"https:\\\/\\\/elcanillita.info\\\/press\\\/2023\\\/02\\\/08\\\/guerra-en-ucrania\\\/#primaryimage\"},\"thumbnailUrl\":\"https:\\\/\\\/elcanillita.info\\\/press\\\/images\\\/2023\\\/02\\\/4zel_20230209-1.jpg\",\"datePublished\":\"2023-02-08T19:30:00+00:00\",\"dateModified\":\"2023-04-07T11:21:34+00:00\",\"description\":\"Para completar la transformaci\u00f3n de las fuerzas armadas ucranianas en una fuerza de combate al estilo occidental, Zelensky necesita aviones.\",\"inLanguage\":\"es-AR\",\"potentialAction\":[{\"@type\":\"ReadAction\",\"target\":[\"https:\\\/\\\/elcanillita.info\\\/press\\\/2023\\\/02\\\/08\\\/guerra-en-ucrania\\\/\"]}]},{\"@type\":\"ImageObject\",\"inLanguage\":\"es-AR\",\"@id\":\"https:\\\/\\\/elcanillita.info\\\/press\\\/2023\\\/02\\\/08\\\/guerra-en-ucrania\\\/#primaryimage\",\"url\":\"https:\\\/\\\/elcanillita.info\\\/press\\\/images\\\/2023\\\/02\\\/4zel_20230209-1.jpg\",\"contentUrl\":\"https:\\\/\\\/elcanillita.info\\\/press\\\/images\\\/2023\\\/02\\\/4zel_20230209-1.jpg\",\"width\":600,\"height\":401},{\"@type\":\"WebSite\",\"@id\":\"https:\\\/\\\/elcanillita.info\\\/press\\\/#website\",\"url\":\"https:\\\/\\\/elcanillita.info\\\/press\\\/\",\"name\":\"ElCanillita.Info\",\"description\":\"desde los Apeninos a los Andes\",\"publisher\":{\"@id\":\"https:\\\/\\\/elcanillita.info\\\/press\\\/#organization\"},\"potentialAction\":[{\"@type\":\"SearchAction\",\"target\":{\"@type\":\"EntryPoint\",\"urlTemplate\":\"https:\\\/\\\/elcanillita.info\\\/press\\\/?s={search_term_string}\"},\"query-input\":{\"@type\":\"PropertyValueSpecification\",\"valueRequired\":true,\"valueName\":\"search_term_string\"}}],\"inLanguage\":\"es-AR\"},{\"@type\":\"Organization\",\"@id\":\"https:\\\/\\\/elcanillita.info\\\/press\\\/#organization\",\"name\":\"Guzzo Photos & Graphic Publications\",\"url\":\"https:\\\/\\\/elcanillita.info\\\/press\\\/\",\"logo\":{\"@type\":\"ImageObject\",\"inLanguage\":\"es-AR\",\"@id\":\"https:\\\/\\\/elcanillita.info\\\/press\\\/#\\\/schema\\\/logo\\\/image\\\/\",\"url\":\"https:\\\/\\\/elcanillita.info\\\/press\\\/images\\\/2020\\\/01\\\/cropped-cropped-cropped-elcanillitainfo.png\",\"contentUrl\":\"https:\\\/\\\/elcanillita.info\\\/press\\\/images\\\/2020\\\/01\\\/cropped-cropped-cropped-elcanillitainfo.png\",\"width\":460,\"height\":50,\"caption\":\"Guzzo Photos & Graphic Publications\"},\"image\":{\"@id\":\"https:\\\/\\\/elcanillita.info\\\/press\\\/#\\\/schema\\\/logo\\\/image\\\/\"},\"sameAs\":[\"https:\\\/\\\/ar-ar.facebook.com\\\/ElCanillitainfo-114249515285712\\\/\"]},{\"@type\":\"Person\",\"@id\":\"https:\\\/\\\/elcanillita.info\\\/press\\\/#\\\/schema\\\/person\\\/7fcb79f38045700919f7da6d97e71ba0\",\"name\":\"SalaStampa.eu, world press service\",\"image\":{\"@type\":\"ImageObject\",\"inLanguage\":\"es-AR\",\"@id\":\"https:\\\/\\\/secure.gravatar.com\\\/avatar\\\/c2f0e0d515a107624234994507816ca4724c7199cef73fc8bedebf6931d73888?s=96&d=mm&r=g\",\"url\":\"https:\\\/\\\/secure.gravatar.com\\\/avatar\\\/c2f0e0d515a107624234994507816ca4724c7199cef73fc8bedebf6931d73888?s=96&d=mm&r=g\",\"contentUrl\":\"https:\\\/\\\/secure.gravatar.com\\\/avatar\\\/c2f0e0d515a107624234994507816ca4724c7199cef73fc8bedebf6931d73888?s=96&d=mm&r=g\",\"caption\":\"SalaStampa.eu, world press service\"}}]}<\/script>\n<!-- \/ Yoast SEO plugin. -->","yoast_head_json":{"title":"Guerra en Ucrania - ElCanillita.Info","description":"Para completar la transformaci\u00f3n de las fuerzas armadas ucranianas en una fuerza de combate al estilo occidental, Zelensky necesita aviones.","robots":{"index":"index","follow":"follow","max-snippet":"max-snippet:-1","max-image-preview":"max-image-preview:large","max-video-preview":"max-video-preview:-1"},"canonical":"https:\/\/elcanillita.info\/press\/2023\/02\/08\/guerra-en-ucrania\/","og_locale":"es_ES","og_type":"article","og_title":"Guerra en Ucrania - ElCanillita.Info","og_description":"Para completar la transformaci\u00f3n de las fuerzas armadas ucranianas en una fuerza de combate al estilo occidental, Zelensky necesita aviones.","og_url":"https:\/\/elcanillita.info\/press\/2023\/02\/08\/guerra-en-ucrania\/","og_site_name":"ElCanillita.Info","article_publisher":"https:\/\/ar-ar.facebook.com\/ElCanillitainfo-114249515285712\/","article_published_time":"2023-02-08T19:30:00+00:00","article_modified_time":"2023-04-07T11:21:34+00:00","og_image":[{"width":600,"height":401,"url":"https:\/\/elcanillita.info\/press\/images\/2023\/02\/4zel_20230209-1.jpg","type":"image\/jpeg"}],"author":"SalaStampa.eu, world press service","twitter_card":"summary_large_image","twitter_misc":{"Escrito por":"SalaStampa.eu, world press service","Tiempo de lectura":"3 minutos"},"schema":{"@context":"https:\/\/schema.org","@graph":[{"@type":"Article","@id":"https:\/\/elcanillita.info\/press\/2023\/02\/08\/guerra-en-ucrania\/#article","isPartOf":{"@id":"https:\/\/elcanillita.info\/press\/2023\/02\/08\/guerra-en-ucrania\/"},"author":{"name":"SalaStampa.eu, world press service","@id":"https:\/\/elcanillita.info\/press\/#\/schema\/person\/7fcb79f38045700919f7da6d97e71ba0"},"headline":"Guerra en Ucrania","datePublished":"2023-02-08T19:30:00+00:00","dateModified":"2023-04-07T11:21:34+00:00","mainEntityOfPage":{"@id":"https:\/\/elcanillita.info\/press\/2023\/02\/08\/guerra-en-ucrania\/"},"wordCount":534,"publisher":{"@id":"https:\/\/elcanillita.info\/press\/#organization"},"image":{"@id":"https:\/\/elcanillita.info\/press\/2023\/02\/08\/guerra-en-ucrania\/#primaryimage"},"thumbnailUrl":"https:\/\/elcanillita.info\/press\/images\/2023\/02\/4zel_20230209-1.jpg","keywords":["Reino Unido"],"articleSection":[".","Actualidad","Politica","Reino Unido"],"inLanguage":"es-AR"},{"@type":"WebPage","@id":"https:\/\/elcanillita.info\/press\/2023\/02\/08\/guerra-en-ucrania\/","url":"https:\/\/elcanillita.info\/press\/2023\/02\/08\/guerra-en-ucrania\/","name":"Guerra en Ucrania - ElCanillita.Info","isPartOf":{"@id":"https:\/\/elcanillita.info\/press\/#website"},"primaryImageOfPage":{"@id":"https:\/\/elcanillita.info\/press\/2023\/02\/08\/guerra-en-ucrania\/#primaryimage"},"image":{"@id":"https:\/\/elcanillita.info\/press\/2023\/02\/08\/guerra-en-ucrania\/#primaryimage"},"thumbnailUrl":"https:\/\/elcanillita.info\/press\/images\/2023\/02\/4zel_20230209-1.jpg","datePublished":"2023-02-08T19:30:00+00:00","dateModified":"2023-04-07T11:21:34+00:00","description":"Para completar la transformaci\u00f3n de las fuerzas armadas ucranianas en una fuerza de combate al estilo occidental, Zelensky necesita aviones.","inLanguage":"es-AR","potentialAction":[{"@type":"ReadAction","target":["https:\/\/elcanillita.info\/press\/2023\/02\/08\/guerra-en-ucrania\/"]}]},{"@type":"ImageObject","inLanguage":"es-AR","@id":"https:\/\/elcanillita.info\/press\/2023\/02\/08\/guerra-en-ucrania\/#primaryimage","url":"https:\/\/elcanillita.info\/press\/images\/2023\/02\/4zel_20230209-1.jpg","contentUrl":"https:\/\/elcanillita.info\/press\/images\/2023\/02\/4zel_20230209-1.jpg","width":600,"height":401},{"@type":"WebSite","@id":"https:\/\/elcanillita.info\/press\/#website","url":"https:\/\/elcanillita.info\/press\/","name":"ElCanillita.Info","description":"desde los Apeninos a los Andes","publisher":{"@id":"https:\/\/elcanillita.info\/press\/#organization"},"potentialAction":[{"@type":"SearchAction","target":{"@type":"EntryPoint","urlTemplate":"https:\/\/elcanillita.info\/press\/?s={search_term_string}"},"query-input":{"@type":"PropertyValueSpecification","valueRequired":true,"valueName":"search_term_string"}}],"inLanguage":"es-AR"},{"@type":"Organization","@id":"https:\/\/elcanillita.info\/press\/#organization","name":"Guzzo Photos & Graphic Publications","url":"https:\/\/elcanillita.info\/press\/","logo":{"@type":"ImageObject","inLanguage":"es-AR","@id":"https:\/\/elcanillita.info\/press\/#\/schema\/logo\/image\/","url":"https:\/\/elcanillita.info\/press\/images\/2020\/01\/cropped-cropped-cropped-elcanillitainfo.png","contentUrl":"https:\/\/elcanillita.info\/press\/images\/2020\/01\/cropped-cropped-cropped-elcanillitainfo.png","width":460,"height":50,"caption":"Guzzo Photos & Graphic Publications"},"image":{"@id":"https:\/\/elcanillita.info\/press\/#\/schema\/logo\/image\/"},"sameAs":["https:\/\/ar-ar.facebook.com\/ElCanillitainfo-114249515285712\/"]},{"@type":"Person","@id":"https:\/\/elcanillita.info\/press\/#\/schema\/person\/7fcb79f38045700919f7da6d97e71ba0","name":"SalaStampa.eu, world press service","image":{"@type":"ImageObject","inLanguage":"es-AR","@id":"https:\/\/secure.gravatar.com\/avatar\/c2f0e0d515a107624234994507816ca4724c7199cef73fc8bedebf6931d73888?s=96&d=mm&r=g","url":"https:\/\/secure.gravatar.com\/avatar\/c2f0e0d515a107624234994507816ca4724c7199cef73fc8bedebf6931d73888?s=96&d=mm&r=g","contentUrl":"https:\/\/secure.gravatar.com\/avatar\/c2f0e0d515a107624234994507816ca4724c7199cef73fc8bedebf6931d73888?s=96&d=mm&r=g","caption":"SalaStampa.eu, world press service"}}]}},"views":446,"_links":{"self":[{"href":"https:\/\/elcanillita.info\/press\/wp-json\/wp\/v2\/posts\/3241","targetHints":{"allow":["GET"]}}],"collection":[{"href":"https:\/\/elcanillita.info\/press\/wp-json\/wp\/v2\/posts"}],"about":[{"href":"https:\/\/elcanillita.info\/press\/wp-json\/wp\/v2\/types\/post"}],"author":[{"embeddable":true,"href":"https:\/\/elcanillita.info\/press\/wp-json\/wp\/v2\/users\/1"}],"replies":[{"embeddable":true,"href":"https:\/\/elcanillita.info\/press\/wp-json\/wp\/v2\/comments?post=3241"}],"version-history":[{"count":0,"href":"https:\/\/elcanillita.info\/press\/wp-json\/wp\/v2\/posts\/3241\/revisions"}],"wp:featuredmedia":[{"embeddable":true,"href":"https:\/\/elcanillita.info\/press\/wp-json\/wp\/v2\/media\/3242"}],"wp:attachment":[{"href":"https:\/\/elcanillita.info\/press\/wp-json\/wp\/v2\/media?parent=3241"}],"wp:term":[{"taxonomy":"category","embeddable":true,"href":"https:\/\/elcanillita.info\/press\/wp-json\/wp\/v2\/categories?post=3241"},{"taxonomy":"post_tag","embeddable":true,"href":"https:\/\/elcanillita.info\/press\/wp-json\/wp\/v2\/tags?post=3241"}],"curies":[{"name":"wp","href":"https:\/\/api.w.org\/{rel}","templated":true}]}}