{"id":3237,"date":"2023-02-05T07:09:42","date_gmt":"2023-02-05T10:09:42","guid":{"rendered":"https:\/\/elcanillita.info\/press\/?p=3237"},"modified":"2023-02-05T07:09:44","modified_gmt":"2023-02-05T10:09:44","slug":"primer-globo-chino-derribado-frente-a-la-costa-de-ee-uu","status":"publish","type":"post","link":"https:\/\/elcanillita.info\/press\/2023\/02\/05\/primer-globo-chino-derribado-frente-a-la-costa-de-ee-uu\/","title":{"rendered":"Primer globo chino derribado frente a la costa de EE.UU."},"content":{"rendered":"\n<figure class=\"wp-block-image size-large\"><img decoding=\"async\" src=\"https:\/\/elcanillita.info\/press\/images\/2023\/02\/glch_20230205.jpg\" alt=\"\"\/><figcaption><small><center>El presunto globo esp\u00eda chino ha sido derribado frente a la costa de Carolina Cr\u00e9dito: Chad Fish<\/center><\/small><\/figcaption><\/figure>\n\n\n\n<p>Estados Unidos derrib\u00f3 el s\u00e1bado un globo esp\u00eda chino frente a la costa este de Am\u00e9rica, tres d\u00edas despu\u00e9s de que fuera visto por primera vez flotando sobre bases militares nucleares sensibles.<\/p>\n\n\n\n<p>En la r\u00e1pida operaci\u00f3n de las Fuerzas A\u00e9reas estadounidenses, un caza F22 dispar\u00f3 un misil AIM-9X que atraves\u00f3 el globo de helio, lo desinfl\u00f3 y envi\u00f3 la carga \u00fatil en picado hacia el oc\u00e9ano Atl\u00e1ntico.<\/p>\n\n\n\n<p>En aguas territoriales estadounidenses se est\u00e1 llevando a cabo una operaci\u00f3n para recuperar los restos del globo, entre los que se esperan encontrar instrumentos y sensores.<\/p>\n\n\n\n<p>Lo que se recupere se llevar\u00e1 a un laboratorio del FBI en Quantico (Virginia), seg\u00fan las autoridades.<\/p>\n\n\n\n<p>La presencia del globo, que hab\u00eda estado volando a unos 18.200 metros de alura y se calcula que tiene el tama\u00f1o aproximado de tres autobuses, se hizo p\u00fablica por primera vez el jueves, cuando sobrevolaba las instalaciones nucleares estadounidenses en Montana.<\/p>\n\n\n\n<p>El Ministerio de Asuntos Exteriores de China conden\u00f3 el domingo el ataque militar contra una nave que, seg\u00fan dijo, se utilizaba con fines meteorol\u00f3gicos y cient\u00edficos, y que se hab\u00eda adentrado en el espacio a\u00e9reo estadounidense &#8220;de forma totalmente accidental&#8221;.<\/p>\n\n\n\n<p>&#8220;China expresa su en\u00e9rgica insatisfacci\u00f3n y protesta por el uso de la fuerza por parte de Estados Unidos para atacar la aeronave civil no tripulada&#8221;, declar\u00f3 el Ministerio de Asuntos Exteriores en un comunicado, en el que a\u00f1adi\u00f3 que China se reservaba el derecho a responder de nuevo.<\/p>\n\n\n\n<p>&#8220;China hab\u00eda pedido claramente a EE.UU. que manejara el asunto con calma, profesionalidad y moderaci\u00f3n\u2026 EE.UU. hab\u00eda insistido en el uso de la fuerza, exagerando obviamente&#8221;, dijo el Ministerio.<\/p>\n\n\n\n<p>&#8220;China defender\u00e1 resueltamente los derechos e intereses leg\u00edtimos de la empresa (propietaria del globo) en cuesti\u00f3n y, al mismo tiempo, se reservar\u00e1 el derecho a tomar nuevas medidas en respuesta&#8221;.<\/p>\n\n\n\n<p>El s\u00e1bado, el presidente Joe Biden revel\u00f3 que hab\u00eda pedido a los militares que derribaran el globo un d\u00eda antes, pero le dijeron que el potencial de da\u00f1o para las personas en tierra era demasiado alto.<\/p>\n\n\n\n<p>El mi\u00e9rcoles, cuando me informaron sobre el globo, orden\u00e9 al Pent\u00e1gono que lo derribara\u2026 lo antes posible sin causar da\u00f1os a nadie en tierra&#8221;, dijo.<\/p>\n\n\n\n<p>&#8220;Decidieron que el mejor momento para hacerlo era cuando estuviera sobre el agua dentro de nuestro l\u00edmite de 12 millas. Lo derribaron con \u00e9xito y quiero felicitar a los aviadores que lo hicieron&#8221;, a\u00f1adi\u00f3 Biden.<\/p>\n\n\n\n<p><strong>Un segundo misterioso &#8220;dispositivo de vigilancia chino&#8221; ha sido avistado sobre Sudam\u00e9rica <\/strong><\/p>\n\n\n\n<p>Las im\u00e1genes de televisi\u00f3n mostraron una peque\u00f1a explosi\u00f3n, seguida del descenso del globo y su carga hacia el agua, donde los equipos de recuperaci\u00f3n estaban preparados y esperando.<\/p>\n\n\n\n<p>A primera hora del d\u00eda, China hab\u00eda instado a Estados Unidos a mantener la &#8220;cabeza fr\u00eda&#8221;, incluso cuando un segundo globo de este tipo fue avistado flotando sobre Venezuela y Colombia.<\/p>\n\n\n\n<p>China ha seguido afirmando que el globo no era m\u00e1s que una aeronave de investigaci\u00f3n meteorol\u00f3gica que se hab\u00eda desviado de su ruta. El Pent\u00e1gono lo rechaz\u00f3 de plano, as\u00ed como la afirmaci\u00f3n de China de que no se utilizaba para la vigilancia y s\u00f3lo ten\u00eda una capacidad de navegaci\u00f3n limitada.<\/p>\n\n\n\n<p>El incidente diplom\u00e1tico se ha convertido en un punto \u00e1lgido entre Washington y Pek\u00edn, provocando que el Secretario de Estado estadounidense, Anthony Blinken, cancelara un viaje oficial a la capital china que ten\u00eda previsto desde hac\u00eda tiempo.<\/p>\n\n\n\n<p>El Sr. Blinken calific\u00f3 la incursi\u00f3n del &#8220;activo de vigilancia&#8221; de &#8220;inaceptable&#8221; y &#8220;acto irresponsable&#8221;.<br><br><small>Copyright \u00a9 2023 SalaStampa.Eu \/ ElCanillita.info &#8211; Derechos Reservados<\/small><\/p>\n","protected":false},"excerpt":{"rendered":"<p>Un segundo misterioso &#8220;dispositivo de vigilancia chino&#8221; ha sido avistado sobre Sudam\u00e9rica.<\/p>\n","protected":false},"author":1,"featured_media":3238,"comment_status":"closed","ping_status":"closed","sticky":false,"template":"","format":"standard","meta":{"footnotes":"","_links_to":"","_links_to_target":""},"categories":[108,70,9,23],"tags":[34],"class_list":["post-3237","post","type-post","status-publish","format-standard","has-post-thumbnail","hentry","category-blogdiario","category-actualidad","category-america-del-norte","category-politica","tag-estados-unidos","entry","double"],"yoast_head":"<!-- This site is optimized with the Yoast SEO plugin v27.4 - https:\/\/yoast.com\/product\/yoast-seo-wordpress\/ -->\n<title>Primer globo chino derribado frente a la costa de EE.UU. - ElCanillita.Info<\/title>\n<meta name=\"description\" content=\"&quot;China defender\u00e1 resueltamente los derechos e intereses leg\u00edtimos de la empresa (propietaria del globo) en cuesti\u00f3n y, al mismo tiempo, se reservar\u00e1 el derecho a tomar nuevas medidas en respuesta&quot;\" \/>\n<meta name=\"robots\" content=\"index, follow, max-snippet:-1, max-image-preview:large, max-video-preview:-1\" \/>\n<link rel=\"canonical\" href=\"https:\/\/elcanillita.info\/press\/2023\/02\/05\/primer-globo-chino-derribado-frente-a-la-costa-de-ee-uu\/\" \/>\n<meta property=\"og:locale\" content=\"es_ES\" \/>\n<meta property=\"og:type\" content=\"article\" \/>\n<meta property=\"og:title\" content=\"Primer globo chino derribado frente a la costa de EE.UU. - ElCanillita.Info\" \/>\n<meta property=\"og:description\" content=\"&quot;China defender\u00e1 resueltamente los derechos e intereses leg\u00edtimos de la empresa (propietaria del globo) en cuesti\u00f3n y, al mismo tiempo, se reservar\u00e1 el derecho a tomar nuevas medidas en respuesta&quot;\" \/>\n<meta property=\"og:url\" content=\"https:\/\/elcanillita.info\/press\/2023\/02\/05\/primer-globo-chino-derribado-frente-a-la-costa-de-ee-uu\/\" \/>\n<meta property=\"og:site_name\" content=\"ElCanillita.Info\" \/>\n<meta property=\"article:publisher\" content=\"https:\/\/ar-ar.facebook.com\/ElCanillitainfo-114249515285712\/\" \/>\n<meta property=\"article:published_time\" content=\"2023-02-05T10:09:42+00:00\" \/>\n<meta property=\"article:modified_time\" content=\"2023-02-05T10:09:44+00:00\" \/>\n<meta property=\"og:image\" content=\"https:\/\/elcanillita.info\/press\/images\/2023\/02\/2glch_20230205-1.jpg\" \/>\n\t<meta property=\"og:image:width\" content=\"600\" \/>\n\t<meta property=\"og:image:height\" content=\"375\" \/>\n\t<meta property=\"og:image:type\" content=\"image\/jpeg\" \/>\n<meta name=\"author\" content=\"SalaStampa.eu, world press service\" \/>\n<meta name=\"twitter:card\" content=\"summary_large_image\" \/>\n<meta name=\"twitter:label1\" content=\"Escrito por\" \/>\n\t<meta name=\"twitter:data1\" content=\"SalaStampa.eu, world press service\" \/>\n\t<meta name=\"twitter:label2\" content=\"Tiempo de lectura\" \/>\n\t<meta name=\"twitter:data2\" content=\"3 minutos\" \/>\n<script type=\"application\/ld+json\" class=\"yoast-schema-graph\">{\"@context\":\"https:\\\/\\\/schema.org\",\"@graph\":[{\"@type\":\"Article\",\"@id\":\"https:\\\/\\\/elcanillita.info\\\/press\\\/2023\\\/02\\\/05\\\/primer-globo-chino-derribado-frente-a-la-costa-de-ee-uu\\\/#article\",\"isPartOf\":{\"@id\":\"https:\\\/\\\/elcanillita.info\\\/press\\\/2023\\\/02\\\/05\\\/primer-globo-chino-derribado-frente-a-la-costa-de-ee-uu\\\/\"},\"author\":{\"name\":\"SalaStampa.eu, world press service\",\"@id\":\"https:\\\/\\\/elcanillita.info\\\/press\\\/#\\\/schema\\\/person\\\/7fcb79f38045700919f7da6d97e71ba0\"},\"headline\":\"Primer globo chino derribado frente a la costa de EE.UU.\",\"datePublished\":\"2023-02-05T10:09:42+00:00\",\"dateModified\":\"2023-02-05T10:09:44+00:00\",\"mainEntityOfPage\":{\"@id\":\"https:\\\/\\\/elcanillita.info\\\/press\\\/2023\\\/02\\\/05\\\/primer-globo-chino-derribado-frente-a-la-costa-de-ee-uu\\\/\"},\"wordCount\":667,\"publisher\":{\"@id\":\"https:\\\/\\\/elcanillita.info\\\/press\\\/#organization\"},\"image\":{\"@id\":\"https:\\\/\\\/elcanillita.info\\\/press\\\/2023\\\/02\\\/05\\\/primer-globo-chino-derribado-frente-a-la-costa-de-ee-uu\\\/#primaryimage\"},\"thumbnailUrl\":\"https:\\\/\\\/elcanillita.info\\\/press\\\/images\\\/2023\\\/02\\\/2glch_20230205-1.jpg\",\"keywords\":[\"Estados Unidos\"],\"articleSection\":[\".\",\"Actualidad\",\"Am\u00e9rica del Norte\",\"Politica\"],\"inLanguage\":\"es-AR\"},{\"@type\":\"WebPage\",\"@id\":\"https:\\\/\\\/elcanillita.info\\\/press\\\/2023\\\/02\\\/05\\\/primer-globo-chino-derribado-frente-a-la-costa-de-ee-uu\\\/\",\"url\":\"https:\\\/\\\/elcanillita.info\\\/press\\\/2023\\\/02\\\/05\\\/primer-globo-chino-derribado-frente-a-la-costa-de-ee-uu\\\/\",\"name\":\"Primer globo chino derribado frente a la costa de EE.UU. - ElCanillita.Info\",\"isPartOf\":{\"@id\":\"https:\\\/\\\/elcanillita.info\\\/press\\\/#website\"},\"primaryImageOfPage\":{\"@id\":\"https:\\\/\\\/elcanillita.info\\\/press\\\/2023\\\/02\\\/05\\\/primer-globo-chino-derribado-frente-a-la-costa-de-ee-uu\\\/#primaryimage\"},\"image\":{\"@id\":\"https:\\\/\\\/elcanillita.info\\\/press\\\/2023\\\/02\\\/05\\\/primer-globo-chino-derribado-frente-a-la-costa-de-ee-uu\\\/#primaryimage\"},\"thumbnailUrl\":\"https:\\\/\\\/elcanillita.info\\\/press\\\/images\\\/2023\\\/02\\\/2glch_20230205-1.jpg\",\"datePublished\":\"2023-02-05T10:09:42+00:00\",\"dateModified\":\"2023-02-05T10:09:44+00:00\",\"description\":\"\\\"China defender\u00e1 resueltamente los derechos e intereses leg\u00edtimos de la empresa (propietaria del globo) en cuesti\u00f3n y, al mismo tiempo, se reservar\u00e1 el derecho a tomar nuevas medidas en respuesta\\\"\",\"inLanguage\":\"es-AR\",\"potentialAction\":[{\"@type\":\"ReadAction\",\"target\":[\"https:\\\/\\\/elcanillita.info\\\/press\\\/2023\\\/02\\\/05\\\/primer-globo-chino-derribado-frente-a-la-costa-de-ee-uu\\\/\"]}]},{\"@type\":\"ImageObject\",\"inLanguage\":\"es-AR\",\"@id\":\"https:\\\/\\\/elcanillita.info\\\/press\\\/2023\\\/02\\\/05\\\/primer-globo-chino-derribado-frente-a-la-costa-de-ee-uu\\\/#primaryimage\",\"url\":\"https:\\\/\\\/elcanillita.info\\\/press\\\/images\\\/2023\\\/02\\\/2glch_20230205-1.jpg\",\"contentUrl\":\"https:\\\/\\\/elcanillita.info\\\/press\\\/images\\\/2023\\\/02\\\/2glch_20230205-1.jpg\",\"width\":600,\"height\":375},{\"@type\":\"WebSite\",\"@id\":\"https:\\\/\\\/elcanillita.info\\\/press\\\/#website\",\"url\":\"https:\\\/\\\/elcanillita.info\\\/press\\\/\",\"name\":\"ElCanillita.Info\",\"description\":\"desde los Apeninos a los Andes\",\"publisher\":{\"@id\":\"https:\\\/\\\/elcanillita.info\\\/press\\\/#organization\"},\"potentialAction\":[{\"@type\":\"SearchAction\",\"target\":{\"@type\":\"EntryPoint\",\"urlTemplate\":\"https:\\\/\\\/elcanillita.info\\\/press\\\/?s={search_term_string}\"},\"query-input\":{\"@type\":\"PropertyValueSpecification\",\"valueRequired\":true,\"valueName\":\"search_term_string\"}}],\"inLanguage\":\"es-AR\"},{\"@type\":\"Organization\",\"@id\":\"https:\\\/\\\/elcanillita.info\\\/press\\\/#organization\",\"name\":\"Guzzo Photos & Graphic Publications\",\"url\":\"https:\\\/\\\/elcanillita.info\\\/press\\\/\",\"logo\":{\"@type\":\"ImageObject\",\"inLanguage\":\"es-AR\",\"@id\":\"https:\\\/\\\/elcanillita.info\\\/press\\\/#\\\/schema\\\/logo\\\/image\\\/\",\"url\":\"https:\\\/\\\/elcanillita.info\\\/press\\\/images\\\/2020\\\/01\\\/cropped-cropped-cropped-elcanillitainfo.png\",\"contentUrl\":\"https:\\\/\\\/elcanillita.info\\\/press\\\/images\\\/2020\\\/01\\\/cropped-cropped-cropped-elcanillitainfo.png\",\"width\":460,\"height\":50,\"caption\":\"Guzzo Photos & Graphic Publications\"},\"image\":{\"@id\":\"https:\\\/\\\/elcanillita.info\\\/press\\\/#\\\/schema\\\/logo\\\/image\\\/\"},\"sameAs\":[\"https:\\\/\\\/ar-ar.facebook.com\\\/ElCanillitainfo-114249515285712\\\/\"]},{\"@type\":\"Person\",\"@id\":\"https:\\\/\\\/elcanillita.info\\\/press\\\/#\\\/schema\\\/person\\\/7fcb79f38045700919f7da6d97e71ba0\",\"name\":\"SalaStampa.eu, world press service\",\"image\":{\"@type\":\"ImageObject\",\"inLanguage\":\"es-AR\",\"@id\":\"https:\\\/\\\/secure.gravatar.com\\\/avatar\\\/c2f0e0d515a107624234994507816ca4724c7199cef73fc8bedebf6931d73888?s=96&d=mm&r=g\",\"url\":\"https:\\\/\\\/secure.gravatar.com\\\/avatar\\\/c2f0e0d515a107624234994507816ca4724c7199cef73fc8bedebf6931d73888?s=96&d=mm&r=g\",\"contentUrl\":\"https:\\\/\\\/secure.gravatar.com\\\/avatar\\\/c2f0e0d515a107624234994507816ca4724c7199cef73fc8bedebf6931d73888?s=96&d=mm&r=g\",\"caption\":\"SalaStampa.eu, world press service\"}}]}<\/script>\n<!-- \/ Yoast SEO plugin. -->","yoast_head_json":{"title":"Primer globo chino derribado frente a la costa de EE.UU. - ElCanillita.Info","description":"\"China defender\u00e1 resueltamente los derechos e intereses leg\u00edtimos de la empresa (propietaria del globo) en cuesti\u00f3n y, al mismo tiempo, se reservar\u00e1 el derecho a tomar nuevas medidas en respuesta\"","robots":{"index":"index","follow":"follow","max-snippet":"max-snippet:-1","max-image-preview":"max-image-preview:large","max-video-preview":"max-video-preview:-1"},"canonical":"https:\/\/elcanillita.info\/press\/2023\/02\/05\/primer-globo-chino-derribado-frente-a-la-costa-de-ee-uu\/","og_locale":"es_ES","og_type":"article","og_title":"Primer globo chino derribado frente a la costa de EE.UU. - ElCanillita.Info","og_description":"\"China defender\u00e1 resueltamente los derechos e intereses leg\u00edtimos de la empresa (propietaria del globo) en cuesti\u00f3n y, al mismo tiempo, se reservar\u00e1 el derecho a tomar nuevas medidas en respuesta\"","og_url":"https:\/\/elcanillita.info\/press\/2023\/02\/05\/primer-globo-chino-derribado-frente-a-la-costa-de-ee-uu\/","og_site_name":"ElCanillita.Info","article_publisher":"https:\/\/ar-ar.facebook.com\/ElCanillitainfo-114249515285712\/","article_published_time":"2023-02-05T10:09:42+00:00","article_modified_time":"2023-02-05T10:09:44+00:00","og_image":[{"width":600,"height":375,"url":"https:\/\/elcanillita.info\/press\/images\/2023\/02\/2glch_20230205-1.jpg","type":"image\/jpeg"}],"author":"SalaStampa.eu, world press service","twitter_card":"summary_large_image","twitter_misc":{"Escrito por":"SalaStampa.eu, world press service","Tiempo de lectura":"3 minutos"},"schema":{"@context":"https:\/\/schema.org","@graph":[{"@type":"Article","@id":"https:\/\/elcanillita.info\/press\/2023\/02\/05\/primer-globo-chino-derribado-frente-a-la-costa-de-ee-uu\/#article","isPartOf":{"@id":"https:\/\/elcanillita.info\/press\/2023\/02\/05\/primer-globo-chino-derribado-frente-a-la-costa-de-ee-uu\/"},"author":{"name":"SalaStampa.eu, world press service","@id":"https:\/\/elcanillita.info\/press\/#\/schema\/person\/7fcb79f38045700919f7da6d97e71ba0"},"headline":"Primer globo chino derribado frente a la costa de EE.UU.","datePublished":"2023-02-05T10:09:42+00:00","dateModified":"2023-02-05T10:09:44+00:00","mainEntityOfPage":{"@id":"https:\/\/elcanillita.info\/press\/2023\/02\/05\/primer-globo-chino-derribado-frente-a-la-costa-de-ee-uu\/"},"wordCount":667,"publisher":{"@id":"https:\/\/elcanillita.info\/press\/#organization"},"image":{"@id":"https:\/\/elcanillita.info\/press\/2023\/02\/05\/primer-globo-chino-derribado-frente-a-la-costa-de-ee-uu\/#primaryimage"},"thumbnailUrl":"https:\/\/elcanillita.info\/press\/images\/2023\/02\/2glch_20230205-1.jpg","keywords":["Estados Unidos"],"articleSection":[".","Actualidad","Am\u00e9rica del Norte","Politica"],"inLanguage":"es-AR"},{"@type":"WebPage","@id":"https:\/\/elcanillita.info\/press\/2023\/02\/05\/primer-globo-chino-derribado-frente-a-la-costa-de-ee-uu\/","url":"https:\/\/elcanillita.info\/press\/2023\/02\/05\/primer-globo-chino-derribado-frente-a-la-costa-de-ee-uu\/","name":"Primer globo chino derribado frente a la costa de EE.UU. - ElCanillita.Info","isPartOf":{"@id":"https:\/\/elcanillita.info\/press\/#website"},"primaryImageOfPage":{"@id":"https:\/\/elcanillita.info\/press\/2023\/02\/05\/primer-globo-chino-derribado-frente-a-la-costa-de-ee-uu\/#primaryimage"},"image":{"@id":"https:\/\/elcanillita.info\/press\/2023\/02\/05\/primer-globo-chino-derribado-frente-a-la-costa-de-ee-uu\/#primaryimage"},"thumbnailUrl":"https:\/\/elcanillita.info\/press\/images\/2023\/02\/2glch_20230205-1.jpg","datePublished":"2023-02-05T10:09:42+00:00","dateModified":"2023-02-05T10:09:44+00:00","description":"\"China defender\u00e1 resueltamente los derechos e intereses leg\u00edtimos de la empresa (propietaria del globo) en cuesti\u00f3n y, al mismo tiempo, se reservar\u00e1 el derecho a tomar nuevas medidas en respuesta\"","inLanguage":"es-AR","potentialAction":[{"@type":"ReadAction","target":["https:\/\/elcanillita.info\/press\/2023\/02\/05\/primer-globo-chino-derribado-frente-a-la-costa-de-ee-uu\/"]}]},{"@type":"ImageObject","inLanguage":"es-AR","@id":"https:\/\/elcanillita.info\/press\/2023\/02\/05\/primer-globo-chino-derribado-frente-a-la-costa-de-ee-uu\/#primaryimage","url":"https:\/\/elcanillita.info\/press\/images\/2023\/02\/2glch_20230205-1.jpg","contentUrl":"https:\/\/elcanillita.info\/press\/images\/2023\/02\/2glch_20230205-1.jpg","width":600,"height":375},{"@type":"WebSite","@id":"https:\/\/elcanillita.info\/press\/#website","url":"https:\/\/elcanillita.info\/press\/","name":"ElCanillita.Info","description":"desde los Apeninos a los Andes","publisher":{"@id":"https:\/\/elcanillita.info\/press\/#organization"},"potentialAction":[{"@type":"SearchAction","target":{"@type":"EntryPoint","urlTemplate":"https:\/\/elcanillita.info\/press\/?s={search_term_string}"},"query-input":{"@type":"PropertyValueSpecification","valueRequired":true,"valueName":"search_term_string"}}],"inLanguage":"es-AR"},{"@type":"Organization","@id":"https:\/\/elcanillita.info\/press\/#organization","name":"Guzzo Photos & Graphic Publications","url":"https:\/\/elcanillita.info\/press\/","logo":{"@type":"ImageObject","inLanguage":"es-AR","@id":"https:\/\/elcanillita.info\/press\/#\/schema\/logo\/image\/","url":"https:\/\/elcanillita.info\/press\/images\/2020\/01\/cropped-cropped-cropped-elcanillitainfo.png","contentUrl":"https:\/\/elcanillita.info\/press\/images\/2020\/01\/cropped-cropped-cropped-elcanillitainfo.png","width":460,"height":50,"caption":"Guzzo Photos & Graphic Publications"},"image":{"@id":"https:\/\/elcanillita.info\/press\/#\/schema\/logo\/image\/"},"sameAs":["https:\/\/ar-ar.facebook.com\/ElCanillitainfo-114249515285712\/"]},{"@type":"Person","@id":"https:\/\/elcanillita.info\/press\/#\/schema\/person\/7fcb79f38045700919f7da6d97e71ba0","name":"SalaStampa.eu, world press service","image":{"@type":"ImageObject","inLanguage":"es-AR","@id":"https:\/\/secure.gravatar.com\/avatar\/c2f0e0d515a107624234994507816ca4724c7199cef73fc8bedebf6931d73888?s=96&d=mm&r=g","url":"https:\/\/secure.gravatar.com\/avatar\/c2f0e0d515a107624234994507816ca4724c7199cef73fc8bedebf6931d73888?s=96&d=mm&r=g","contentUrl":"https:\/\/secure.gravatar.com\/avatar\/c2f0e0d515a107624234994507816ca4724c7199cef73fc8bedebf6931d73888?s=96&d=mm&r=g","caption":"SalaStampa.eu, world press service"}}]}},"views":355,"_links":{"self":[{"href":"https:\/\/elcanillita.info\/press\/wp-json\/wp\/v2\/posts\/3237","targetHints":{"allow":["GET"]}}],"collection":[{"href":"https:\/\/elcanillita.info\/press\/wp-json\/wp\/v2\/posts"}],"about":[{"href":"https:\/\/elcanillita.info\/press\/wp-json\/wp\/v2\/types\/post"}],"author":[{"embeddable":true,"href":"https:\/\/elcanillita.info\/press\/wp-json\/wp\/v2\/users\/1"}],"replies":[{"embeddable":true,"href":"https:\/\/elcanillita.info\/press\/wp-json\/wp\/v2\/comments?post=3237"}],"version-history":[{"count":0,"href":"https:\/\/elcanillita.info\/press\/wp-json\/wp\/v2\/posts\/3237\/revisions"}],"wp:featuredmedia":[{"embeddable":true,"href":"https:\/\/elcanillita.info\/press\/wp-json\/wp\/v2\/media\/3238"}],"wp:attachment":[{"href":"https:\/\/elcanillita.info\/press\/wp-json\/wp\/v2\/media?parent=3237"}],"wp:term":[{"taxonomy":"category","embeddable":true,"href":"https:\/\/elcanillita.info\/press\/wp-json\/wp\/v2\/categories?post=3237"},{"taxonomy":"post_tag","embeddable":true,"href":"https:\/\/elcanillita.info\/press\/wp-json\/wp\/v2\/tags?post=3237"}],"curies":[{"name":"wp","href":"https:\/\/api.w.org\/{rel}","templated":true}]}}