{"id":3235,"date":"2023-02-04T12:09:12","date_gmt":"2023-02-04T15:09:12","guid":{"rendered":"https:\/\/elcanillita.info\/press\/?p=3235"},"modified":"2023-05-01T08:53:57","modified_gmt":"2023-05-01T11:53:57","slug":"tira-la-renuncia-alberto","status":"publish","type":"post","link":"https:\/\/elcanillita.info\/press\/2023\/02\/04\/tira-la-renuncia-alberto\/","title":{"rendered":"\u00a1Tira la renuncia, Alberto!"},"content":{"rendered":"\n<p><small>por Enrique Guillermo Avogadro <\/small><br><small>\u201cNo hay mayor desgraciado que el que cambia su forma de pensar para complacer al resto\u201d. <\/small> <small>Donatien, Marqu\u00e9s de Sade<\/small><\/p>\n\n\n<div class=\"wp-block-image\">\n<figure class=\"alignleft size-full\"><img loading=\"lazy\" decoding=\"async\" width=\"600\" height=\"553\" src=\"https:\/\/elcanillita.info\/press\/images\/2021\/11\/cristina-fernandez_.jpg\" alt=\"\" class=\"wp-image-2088\" srcset=\"https:\/\/elcanillita.info\/press\/images\/2021\/11\/cristina-fernandez_.jpg 600w, https:\/\/elcanillita.info\/press\/images\/2021\/11\/cristina-fernandez_-300x277.jpg 300w\" sizes=\"auto, (max-width: 600px) 100vw, 600px\" \/><\/figure>\n<\/div>\n\n\n<p>El baboso y arrastrado individuo que hoy ejerce de Presidente comenz\u00f3 la presente saga cuando dej\u00f3 de ser, en 2008, Jefe de Gabinete de Cristina Fern\u00e1ndez y se transform\u00f3 en el principal detractor de la emperatriz hotelera, a quien acus\u00f3 durante una d\u00e9cada de las peores cosas y de innumerables delitos. Al ser designado por un tuit de su v\u00edctima para encabezar la f\u00f3rmula en 2019, crey\u00f3 que la ya condenada por ladrona hab\u00eda hecho de la necesidad virtud y, por ser su \u00fanica posibilidad de su retorno, hab\u00eda perdonado tantos agravios.<\/p>\n\n\n\n<p>El sexo femenino se caracteriza por su infinita memoria, que impide que algo prescriba. Ahora, con el indudable fracaso de una gesti\u00f3n de la cual pretende in\u00fatilmente despegarse, esos recuerdos afloran y, desde los bastiones de La C\u00e1mpora, ella lo somete a humillaciones y desprecios que nadie, a\u00fan careciendo de principios morales, podr\u00eda soportar. El \u00faltimo, y tal vez el m\u00e1s grave, estuvo a cargo de la nueva trifecta formada por Axel Kiciloff, M\u00e1ximo Kirchner y Sergio <em>Aceitoso <\/em>Massa para bloquear a Alberto Fern\u00e1ndezla intenci\u00f3n de reelecci\u00f3n.<\/p>\n\n\n\n<p>Si, al menos, tuviera alg\u00fan resabio de dignidad y ning\u00fan miedo a los carpetazos, el <em>Caracol <\/em>deber\u00eda renunciar ya mismo y tirarle el Gobierno por la cabeza a la abogada exitosa. Al hacerlo, la pondr\u00eda ante una terrible disyuntiva: asumir la Presidencia o renunciar, con todos los riesgos personales que implicar\u00eda esto \u00faltimo para su situaci\u00f3n ante la Justicia penal. Si decidiera cumplir el mandato y asentar sus posaderas en el sill\u00f3n de Rivadavia, quedar\u00eda nuevamente al frente de una crisis terminal que, por lo corto de la mecha, esta vez seguramente le explotar\u00eda en las manos impidiendo, como en 2015, pasarla intacta a un m\u00e1s que inocente sucesor.<\/p>\n\n\n\n<p>Si se calzara la banda, y a\u00fan cuando los adelantos de las elecciones provinciales muestren hasta qu\u00e9 punto los se\u00f1ores feudales descreen de cualquier probabilidad exitosa en los comicios nacionales, se beneficiar\u00eda con el fin de la interna salvaje que hoy destruye al Frente para Todos, ya que su dedo recuperar\u00eda algunas facultades decisorias. Pero tambi\u00e9n acercar\u00eda el horizonte de violencia que, preveo, ser\u00e1 su \u00faltimo recurso para intentar salir impune de sus delitos, porque, con seguridad, los actuales conflictos institucionales, pero sumando a otros importantes actores, se exacerbar\u00edan y la sociedad civil, al final, se ver\u00eda obligada a salir de su tradicional abulia para resistir en la calle.<\/p>\n\n\n\n<p>Amerita un p\u00e1rrafo la divulgaci\u00f3n tan tard\u00eda de los datos provisionales del censo de 2022, en la medida en que prueba que, tambi\u00e9n en ese aspecto, Cristina Fern\u00e1ndez rob\u00f3 para sostener su reinado sobre la Provincia de Buenos Aires, en la cual La Matanza resulta esencial. Para lograr inclinar tanto la cancha a favor de ese paup\u00e9rrimo feudo con enorme cantidad de dinero -$ 85.000 millones en doce a\u00f1os-, no dud\u00f3 en inflar descaradamente, en el censo de 2010, las cifras de su poblaci\u00f3n en detrimento de los restantes municipios, ya que los recursos coparticipables se distribuyen en funci\u00f3n de la cantidad de habitantes.<\/p>\n\n\n\n<p>En medio del ruido \u2013s\u00f3lo importa a los m\u00e1s informados, como prob\u00f3 la escu\u00e1lida asistencia a la protesta del mi\u00e9rcoles ante el Palacio de Justicia- que genera el juicio pol\u00edtico a la Corte Suprema, el kirchnerismo, con su mezcla pest\u00edfera de ideolog\u00eda y vana ilusi\u00f3n de financiamiento, sigue avanzando en la entrega de territorio nacional a China; comenz\u00f3 a recorrer esa penosa deriva durante la Presidencia de la arquitecta egipcia con la concesi\u00f3n para la construcci\u00f3n de las represas &#8211; no prioritarias para el pa\u00eds- sobre el r\u00edo Santa Cruz y, sobre todo, con la cesi\u00f3n de soberan\u00eda para una base militar en Bajada del Agrio, Provincia de Neuqu\u00e9n, con capacidad de intervenir en una eventual futura guerra espacial.<\/p>\n\n\n\n<p>Ahora, a trav\u00e9s del militante Gobernador de Tierra del Fuego, Gustavo Melella, pretende permitir que Xi Jinping erija un puerto de apoyo log\u00edstico para las depredadoras flotas pesqueras chinas y, claro, militar. As\u00ed, no s\u00f3lo perderemos m\u00e1s territorio sino que se comprometer\u00e1n nuestros derechos en la pr\u00f3xima renegociaci\u00f3n del Tratado Ant\u00e1rtico, am\u00e9n de convertir a la Argentina en un objetivo b\u00e9lico si se desatara un conflicto armado entre las grandes potencias, algo que no parece imposible si se observa qu\u00e9 est\u00e1 pasando en el Pac\u00edfico sur, principalmente alrededor de Taiwan.<\/p>\n\n\n\n<p>Por lo dem\u00e1s, la experiencia mundial en la materia se\u00f1ala que la tan mentada \u201cRuta de la Seda\u201d es, en realidad, una campa\u00f1a de conquista armada con pr\u00e9stamos chinos impagables para puertos, represas, energ\u00eda, puentes y autopistas, garantizados por verdaderas hipotecas sobre cada activo que, adem\u00e1s, ya muestra defectos graves de construcci\u00f3n que ponen en peligro su sobrevida, tal como sucede en Ecuador, Angola o Montenegro.<\/p>\n\n\n\n<p>Simult\u00e1neamente, el Gobierno entrega a los falsos mapuches enormes extensiones de tierra en Mendoza que -s\u00f3lo por casualidad, claro- est\u00e1n sobre yacimientos de petr\u00f3leo (20 pozos), mientras forma mesas de di\u00e1logo con estos usurpadores violentos y terroristas, pero se abstiene de convocar siquiera a los damnificados directos. Y env\u00eda a energ\u00famenosrentados, encabezados por el asesino montonero Julio C\u00e9sar Urien (que se suma a sus colegas Roberto Perd\u00eda y Fernando Vaca Narvaja, ya presentes) a provocar nuevos conflictos en el sur del pa\u00eds con invasiones a propiedades privadas.<\/p>\n\n\n\n<p><small>Buenos Aires, 4 Febrero 2023<\/small><br><small>Copyright \u00a9 2022 ElCanillita.info \/ SalaStampa.Eu \u2013 Derechos Reservados<\/small><\/p>\n","protected":false},"excerpt":{"rendered":"<p>El individuo que hoy ejerce de Presidente comenz\u00f3 la presente saga cuando dej\u00f3 de ser, en 2008, Jefe de Gabinete de Cristina Fern\u00e1ndez y se transform\u00f3 en el principal detractor de la emperatriz hotelera.<\/p>\n","protected":false},"author":1,"featured_media":2089,"comment_status":"closed","ping_status":"closed","sticky":false,"template":"","format":"standard","meta":{"footnotes":"","_links_to":"","_links_to_target":""},"categories":[108,70,11,23,25],"tags":[29],"class_list":["post-3235","post","type-post","status-publish","format-standard","has-post-thumbnail","hentry","category-blogdiario","category-actualidad","category-america-del-sur","category-politica","category-sociedad","tag-argentina","entry","double"],"yoast_head":"<!-- This site is optimized with the Yoast SEO plugin v27.4 - https:\/\/yoast.com\/product\/yoast-seo-wordpress\/ -->\n<title>\u00a1Tira la renuncia, Alberto! - ElCanillita.Info<\/title>\n<meta name=\"description\" content=\"El individuo que hoy ejerce de Presidente comenz\u00f3 la presente saga cuando dej\u00f3 de ser, en 2008, Jefe de Gabinete de Cristina Fern\u00e1ndez y se transform\u00f3 en el principal detractor de la emperatriz hotelera.\" \/>\n<meta name=\"robots\" content=\"index, follow, max-snippet:-1, max-image-preview:large, max-video-preview:-1\" \/>\n<link rel=\"canonical\" href=\"https:\/\/elcanillita.info\/press\/2023\/02\/04\/tira-la-renuncia-alberto\/\" \/>\n<meta property=\"og:locale\" content=\"es_ES\" \/>\n<meta property=\"og:type\" content=\"article\" \/>\n<meta property=\"og:title\" content=\"\u00a1Tira la renuncia, Alberto! - ElCanillita.Info\" \/>\n<meta property=\"og:description\" content=\"El individuo que hoy ejerce de Presidente comenz\u00f3 la presente saga cuando dej\u00f3 de ser, en 2008, Jefe de Gabinete de Cristina Fern\u00e1ndez y se transform\u00f3 en el principal detractor de la emperatriz hotelera.\" \/>\n<meta property=\"og:url\" content=\"https:\/\/elcanillita.info\/press\/2023\/02\/04\/tira-la-renuncia-alberto\/\" \/>\n<meta property=\"og:site_name\" content=\"ElCanillita.Info\" \/>\n<meta property=\"article:publisher\" content=\"https:\/\/ar-ar.facebook.com\/ElCanillitainfo-114249515285712\/\" \/>\n<meta property=\"article:published_time\" content=\"2023-02-04T15:09:12+00:00\" \/>\n<meta property=\"article:modified_time\" content=\"2023-05-01T11:53:57+00:00\" \/>\n<meta property=\"og:image\" content=\"https:\/\/elcanillita.info\/press\/images\/2021\/11\/cristina-fernandez2_.jpg\" \/>\n\t<meta property=\"og:image:width\" content=\"600\" \/>\n\t<meta property=\"og:image:height\" content=\"400\" \/>\n\t<meta property=\"og:image:type\" content=\"image\/jpeg\" \/>\n<meta name=\"author\" content=\"SalaStampa.eu, world press service\" \/>\n<meta name=\"twitter:card\" content=\"summary_large_image\" \/>\n<meta name=\"twitter:label1\" content=\"Escrito por\" \/>\n\t<meta name=\"twitter:data1\" content=\"SalaStampa.eu, world press service\" \/>\n\t<meta name=\"twitter:label2\" content=\"Tiempo de lectura\" \/>\n\t<meta name=\"twitter:data2\" content=\"5 minutos\" \/>\n<script type=\"application\/ld+json\" class=\"yoast-schema-graph\">{\"@context\":\"https:\\\/\\\/schema.org\",\"@graph\":[{\"@type\":\"Article\",\"@id\":\"https:\\\/\\\/elcanillita.info\\\/press\\\/2023\\\/02\\\/04\\\/tira-la-renuncia-alberto\\\/#article\",\"isPartOf\":{\"@id\":\"https:\\\/\\\/elcanillita.info\\\/press\\\/2023\\\/02\\\/04\\\/tira-la-renuncia-alberto\\\/\"},\"author\":{\"name\":\"SalaStampa.eu, world press service\",\"@id\":\"https:\\\/\\\/elcanillita.info\\\/press\\\/#\\\/schema\\\/person\\\/7fcb79f38045700919f7da6d97e71ba0\"},\"headline\":\"\u00a1Tira la renuncia, Alberto!\",\"datePublished\":\"2023-02-04T15:09:12+00:00\",\"dateModified\":\"2023-05-01T11:53:57+00:00\",\"mainEntityOfPage\":{\"@id\":\"https:\\\/\\\/elcanillita.info\\\/press\\\/2023\\\/02\\\/04\\\/tira-la-renuncia-alberto\\\/\"},\"wordCount\":981,\"publisher\":{\"@id\":\"https:\\\/\\\/elcanillita.info\\\/press\\\/#organization\"},\"image\":{\"@id\":\"https:\\\/\\\/elcanillita.info\\\/press\\\/2023\\\/02\\\/04\\\/tira-la-renuncia-alberto\\\/#primaryimage\"},\"thumbnailUrl\":\"https:\\\/\\\/elcanillita.info\\\/press\\\/images\\\/2021\\\/11\\\/cristina-fernandez2_.jpg\",\"keywords\":[\"Argentina\"],\"articleSection\":[\".\",\"Actualidad\",\"Am\u00e9rica del Sur\",\"Politica\",\"Sociedad\"],\"inLanguage\":\"es-AR\"},{\"@type\":\"WebPage\",\"@id\":\"https:\\\/\\\/elcanillita.info\\\/press\\\/2023\\\/02\\\/04\\\/tira-la-renuncia-alberto\\\/\",\"url\":\"https:\\\/\\\/elcanillita.info\\\/press\\\/2023\\\/02\\\/04\\\/tira-la-renuncia-alberto\\\/\",\"name\":\"\u00a1Tira la renuncia, Alberto! - ElCanillita.Info\",\"isPartOf\":{\"@id\":\"https:\\\/\\\/elcanillita.info\\\/press\\\/#website\"},\"primaryImageOfPage\":{\"@id\":\"https:\\\/\\\/elcanillita.info\\\/press\\\/2023\\\/02\\\/04\\\/tira-la-renuncia-alberto\\\/#primaryimage\"},\"image\":{\"@id\":\"https:\\\/\\\/elcanillita.info\\\/press\\\/2023\\\/02\\\/04\\\/tira-la-renuncia-alberto\\\/#primaryimage\"},\"thumbnailUrl\":\"https:\\\/\\\/elcanillita.info\\\/press\\\/images\\\/2021\\\/11\\\/cristina-fernandez2_.jpg\",\"datePublished\":\"2023-02-04T15:09:12+00:00\",\"dateModified\":\"2023-05-01T11:53:57+00:00\",\"description\":\"El individuo que hoy ejerce de Presidente comenz\u00f3 la presente saga cuando dej\u00f3 de ser, en 2008, Jefe de Gabinete de Cristina Fern\u00e1ndez y se transform\u00f3 en el principal detractor de la emperatriz hotelera.\",\"inLanguage\":\"es-AR\",\"potentialAction\":[{\"@type\":\"ReadAction\",\"target\":[\"https:\\\/\\\/elcanillita.info\\\/press\\\/2023\\\/02\\\/04\\\/tira-la-renuncia-alberto\\\/\"]}]},{\"@type\":\"ImageObject\",\"inLanguage\":\"es-AR\",\"@id\":\"https:\\\/\\\/elcanillita.info\\\/press\\\/2023\\\/02\\\/04\\\/tira-la-renuncia-alberto\\\/#primaryimage\",\"url\":\"https:\\\/\\\/elcanillita.info\\\/press\\\/images\\\/2021\\\/11\\\/cristina-fernandez2_.jpg\",\"contentUrl\":\"https:\\\/\\\/elcanillita.info\\\/press\\\/images\\\/2021\\\/11\\\/cristina-fernandez2_.jpg\",\"width\":600,\"height\":400},{\"@type\":\"WebSite\",\"@id\":\"https:\\\/\\\/elcanillita.info\\\/press\\\/#website\",\"url\":\"https:\\\/\\\/elcanillita.info\\\/press\\\/\",\"name\":\"ElCanillita.Info\",\"description\":\"desde los Apeninos a los Andes\",\"publisher\":{\"@id\":\"https:\\\/\\\/elcanillita.info\\\/press\\\/#organization\"},\"potentialAction\":[{\"@type\":\"SearchAction\",\"target\":{\"@type\":\"EntryPoint\",\"urlTemplate\":\"https:\\\/\\\/elcanillita.info\\\/press\\\/?s={search_term_string}\"},\"query-input\":{\"@type\":\"PropertyValueSpecification\",\"valueRequired\":true,\"valueName\":\"search_term_string\"}}],\"inLanguage\":\"es-AR\"},{\"@type\":\"Organization\",\"@id\":\"https:\\\/\\\/elcanillita.info\\\/press\\\/#organization\",\"name\":\"Guzzo Photos & Graphic Publications\",\"url\":\"https:\\\/\\\/elcanillita.info\\\/press\\\/\",\"logo\":{\"@type\":\"ImageObject\",\"inLanguage\":\"es-AR\",\"@id\":\"https:\\\/\\\/elcanillita.info\\\/press\\\/#\\\/schema\\\/logo\\\/image\\\/\",\"url\":\"https:\\\/\\\/elcanillita.info\\\/press\\\/images\\\/2020\\\/01\\\/cropped-cropped-cropped-elcanillitainfo.png\",\"contentUrl\":\"https:\\\/\\\/elcanillita.info\\\/press\\\/images\\\/2020\\\/01\\\/cropped-cropped-cropped-elcanillitainfo.png\",\"width\":460,\"height\":50,\"caption\":\"Guzzo Photos & Graphic Publications\"},\"image\":{\"@id\":\"https:\\\/\\\/elcanillita.info\\\/press\\\/#\\\/schema\\\/logo\\\/image\\\/\"},\"sameAs\":[\"https:\\\/\\\/ar-ar.facebook.com\\\/ElCanillitainfo-114249515285712\\\/\"]},{\"@type\":\"Person\",\"@id\":\"https:\\\/\\\/elcanillita.info\\\/press\\\/#\\\/schema\\\/person\\\/7fcb79f38045700919f7da6d97e71ba0\",\"name\":\"SalaStampa.eu, world press service\",\"image\":{\"@type\":\"ImageObject\",\"inLanguage\":\"es-AR\",\"@id\":\"https:\\\/\\\/secure.gravatar.com\\\/avatar\\\/c2f0e0d515a107624234994507816ca4724c7199cef73fc8bedebf6931d73888?s=96&d=mm&r=g\",\"url\":\"https:\\\/\\\/secure.gravatar.com\\\/avatar\\\/c2f0e0d515a107624234994507816ca4724c7199cef73fc8bedebf6931d73888?s=96&d=mm&r=g\",\"contentUrl\":\"https:\\\/\\\/secure.gravatar.com\\\/avatar\\\/c2f0e0d515a107624234994507816ca4724c7199cef73fc8bedebf6931d73888?s=96&d=mm&r=g\",\"caption\":\"SalaStampa.eu, world press service\"}}]}<\/script>\n<!-- \/ Yoast SEO plugin. -->","yoast_head_json":{"title":"\u00a1Tira la renuncia, Alberto! - ElCanillita.Info","description":"El individuo que hoy ejerce de Presidente comenz\u00f3 la presente saga cuando dej\u00f3 de ser, en 2008, Jefe de Gabinete de Cristina Fern\u00e1ndez y se transform\u00f3 en el principal detractor de la emperatriz hotelera.","robots":{"index":"index","follow":"follow","max-snippet":"max-snippet:-1","max-image-preview":"max-image-preview:large","max-video-preview":"max-video-preview:-1"},"canonical":"https:\/\/elcanillita.info\/press\/2023\/02\/04\/tira-la-renuncia-alberto\/","og_locale":"es_ES","og_type":"article","og_title":"\u00a1Tira la renuncia, Alberto! - ElCanillita.Info","og_description":"El individuo que hoy ejerce de Presidente comenz\u00f3 la presente saga cuando dej\u00f3 de ser, en 2008, Jefe de Gabinete de Cristina Fern\u00e1ndez y se transform\u00f3 en el principal detractor de la emperatriz hotelera.","og_url":"https:\/\/elcanillita.info\/press\/2023\/02\/04\/tira-la-renuncia-alberto\/","og_site_name":"ElCanillita.Info","article_publisher":"https:\/\/ar-ar.facebook.com\/ElCanillitainfo-114249515285712\/","article_published_time":"2023-02-04T15:09:12+00:00","article_modified_time":"2023-05-01T11:53:57+00:00","og_image":[{"width":600,"height":400,"url":"https:\/\/elcanillita.info\/press\/images\/2021\/11\/cristina-fernandez2_.jpg","type":"image\/jpeg"}],"author":"SalaStampa.eu, world press service","twitter_card":"summary_large_image","twitter_misc":{"Escrito por":"SalaStampa.eu, world press service","Tiempo de lectura":"5 minutos"},"schema":{"@context":"https:\/\/schema.org","@graph":[{"@type":"Article","@id":"https:\/\/elcanillita.info\/press\/2023\/02\/04\/tira-la-renuncia-alberto\/#article","isPartOf":{"@id":"https:\/\/elcanillita.info\/press\/2023\/02\/04\/tira-la-renuncia-alberto\/"},"author":{"name":"SalaStampa.eu, world press service","@id":"https:\/\/elcanillita.info\/press\/#\/schema\/person\/7fcb79f38045700919f7da6d97e71ba0"},"headline":"\u00a1Tira la renuncia, Alberto!","datePublished":"2023-02-04T15:09:12+00:00","dateModified":"2023-05-01T11:53:57+00:00","mainEntityOfPage":{"@id":"https:\/\/elcanillita.info\/press\/2023\/02\/04\/tira-la-renuncia-alberto\/"},"wordCount":981,"publisher":{"@id":"https:\/\/elcanillita.info\/press\/#organization"},"image":{"@id":"https:\/\/elcanillita.info\/press\/2023\/02\/04\/tira-la-renuncia-alberto\/#primaryimage"},"thumbnailUrl":"https:\/\/elcanillita.info\/press\/images\/2021\/11\/cristina-fernandez2_.jpg","keywords":["Argentina"],"articleSection":[".","Actualidad","Am\u00e9rica del Sur","Politica","Sociedad"],"inLanguage":"es-AR"},{"@type":"WebPage","@id":"https:\/\/elcanillita.info\/press\/2023\/02\/04\/tira-la-renuncia-alberto\/","url":"https:\/\/elcanillita.info\/press\/2023\/02\/04\/tira-la-renuncia-alberto\/","name":"\u00a1Tira la renuncia, Alberto! - ElCanillita.Info","isPartOf":{"@id":"https:\/\/elcanillita.info\/press\/#website"},"primaryImageOfPage":{"@id":"https:\/\/elcanillita.info\/press\/2023\/02\/04\/tira-la-renuncia-alberto\/#primaryimage"},"image":{"@id":"https:\/\/elcanillita.info\/press\/2023\/02\/04\/tira-la-renuncia-alberto\/#primaryimage"},"thumbnailUrl":"https:\/\/elcanillita.info\/press\/images\/2021\/11\/cristina-fernandez2_.jpg","datePublished":"2023-02-04T15:09:12+00:00","dateModified":"2023-05-01T11:53:57+00:00","description":"El individuo que hoy ejerce de Presidente comenz\u00f3 la presente saga cuando dej\u00f3 de ser, en 2008, Jefe de Gabinete de Cristina Fern\u00e1ndez y se transform\u00f3 en el principal detractor de la emperatriz hotelera.","inLanguage":"es-AR","potentialAction":[{"@type":"ReadAction","target":["https:\/\/elcanillita.info\/press\/2023\/02\/04\/tira-la-renuncia-alberto\/"]}]},{"@type":"ImageObject","inLanguage":"es-AR","@id":"https:\/\/elcanillita.info\/press\/2023\/02\/04\/tira-la-renuncia-alberto\/#primaryimage","url":"https:\/\/elcanillita.info\/press\/images\/2021\/11\/cristina-fernandez2_.jpg","contentUrl":"https:\/\/elcanillita.info\/press\/images\/2021\/11\/cristina-fernandez2_.jpg","width":600,"height":400},{"@type":"WebSite","@id":"https:\/\/elcanillita.info\/press\/#website","url":"https:\/\/elcanillita.info\/press\/","name":"ElCanillita.Info","description":"desde los Apeninos a los Andes","publisher":{"@id":"https:\/\/elcanillita.info\/press\/#organization"},"potentialAction":[{"@type":"SearchAction","target":{"@type":"EntryPoint","urlTemplate":"https:\/\/elcanillita.info\/press\/?s={search_term_string}"},"query-input":{"@type":"PropertyValueSpecification","valueRequired":true,"valueName":"search_term_string"}}],"inLanguage":"es-AR"},{"@type":"Organization","@id":"https:\/\/elcanillita.info\/press\/#organization","name":"Guzzo Photos & Graphic Publications","url":"https:\/\/elcanillita.info\/press\/","logo":{"@type":"ImageObject","inLanguage":"es-AR","@id":"https:\/\/elcanillita.info\/press\/#\/schema\/logo\/image\/","url":"https:\/\/elcanillita.info\/press\/images\/2020\/01\/cropped-cropped-cropped-elcanillitainfo.png","contentUrl":"https:\/\/elcanillita.info\/press\/images\/2020\/01\/cropped-cropped-cropped-elcanillitainfo.png","width":460,"height":50,"caption":"Guzzo Photos & Graphic Publications"},"image":{"@id":"https:\/\/elcanillita.info\/press\/#\/schema\/logo\/image\/"},"sameAs":["https:\/\/ar-ar.facebook.com\/ElCanillitainfo-114249515285712\/"]},{"@type":"Person","@id":"https:\/\/elcanillita.info\/press\/#\/schema\/person\/7fcb79f38045700919f7da6d97e71ba0","name":"SalaStampa.eu, world press service","image":{"@type":"ImageObject","inLanguage":"es-AR","@id":"https:\/\/secure.gravatar.com\/avatar\/c2f0e0d515a107624234994507816ca4724c7199cef73fc8bedebf6931d73888?s=96&d=mm&r=g","url":"https:\/\/secure.gravatar.com\/avatar\/c2f0e0d515a107624234994507816ca4724c7199cef73fc8bedebf6931d73888?s=96&d=mm&r=g","contentUrl":"https:\/\/secure.gravatar.com\/avatar\/c2f0e0d515a107624234994507816ca4724c7199cef73fc8bedebf6931d73888?s=96&d=mm&r=g","caption":"SalaStampa.eu, world press service"}}]}},"views":419,"_links":{"self":[{"href":"https:\/\/elcanillita.info\/press\/wp-json\/wp\/v2\/posts\/3235","targetHints":{"allow":["GET"]}}],"collection":[{"href":"https:\/\/elcanillita.info\/press\/wp-json\/wp\/v2\/posts"}],"about":[{"href":"https:\/\/elcanillita.info\/press\/wp-json\/wp\/v2\/types\/post"}],"author":[{"embeddable":true,"href":"https:\/\/elcanillita.info\/press\/wp-json\/wp\/v2\/users\/1"}],"replies":[{"embeddable":true,"href":"https:\/\/elcanillita.info\/press\/wp-json\/wp\/v2\/comments?post=3235"}],"version-history":[{"count":0,"href":"https:\/\/elcanillita.info\/press\/wp-json\/wp\/v2\/posts\/3235\/revisions"}],"wp:featuredmedia":[{"embeddable":true,"href":"https:\/\/elcanillita.info\/press\/wp-json\/wp\/v2\/media\/2089"}],"wp:attachment":[{"href":"https:\/\/elcanillita.info\/press\/wp-json\/wp\/v2\/media?parent=3235"}],"wp:term":[{"taxonomy":"category","embeddable":true,"href":"https:\/\/elcanillita.info\/press\/wp-json\/wp\/v2\/categories?post=3235"},{"taxonomy":"post_tag","embeddable":true,"href":"https:\/\/elcanillita.info\/press\/wp-json\/wp\/v2\/tags?post=3235"}],"curies":[{"name":"wp","href":"https:\/\/api.w.org\/{rel}","templated":true}]}}