{"id":3232,"date":"2023-01-29T15:13:01","date_gmt":"2023-01-29T18:13:01","guid":{"rendered":"https:\/\/elcanillita.info\/press\/?p=3232"},"modified":"2023-01-29T15:13:03","modified_gmt":"2023-01-29T18:13:03","slug":"atacaron-las-instalaciones-militares-del-ministerio-de-defensa-irani","status":"publish","type":"post","link":"https:\/\/elcanillita.info\/press\/2023\/01\/29\/atacaron-las-instalaciones-militares-del-ministerio-de-defensa-irani\/","title":{"rendered":"Drones contra una base militar en Ir\u00e1n"},"content":{"rendered":"\n<figure class=\"wp-block-image size-large\"><img decoding=\"async\" src=\"https:\/\/elcanillita.info\/press\/images\/2023\/01\/iran_20230129.jpg\" alt=\"\"\/><\/figure>\n\n\n\n<p>&#8216;Se frustr\u00f3 un ataque fallido con drones contra uno de los complejos de talleres del Ministerio de Defensa en la ciudad de Isfahan, en el centro de Ir\u00e1n&#8217;, anunci\u00f3 el mismo ministerio en un comunicado, a\u00f1adiendo que uno de los drones fue alcanzado por el sistema de defensa antia\u00e9rea del complejo y otros dos explotaron.<\/p>\n\n\n\n<p>Seg\u00fan los informes, la redada de anoche (20.00 GMT) s\u00f3lo da\u00f1\u00f3 parte del tejado de un taller y no caus\u00f3 v\u00edctimas ni da\u00f1os materiales.<\/p>\n\n\n\n<p>Las actividades del taller contin\u00faan, seg\u00fan el ministerio citado por la agencia de noticias IRNA.<\/p>\n\n\n\n<p>Los v\u00eddeos difundidos anoche en las redes sociales mostraban explosiones en un dep\u00f3sito de municiones al norte de la ciudad de Ispah\u00e1n, y se enviaron unidades de emergencia al lugar de los hechos. Los testigos informaron de tres o cuatro explosiones.<\/p>\n\n\n\n<p>Citando fuentes oficiales, la televisi\u00f3n estatal iran\u00ed Irib inform\u00f3 de que no hubo heridos. Se registraron da\u00f1os en el tejado del edificio. &#8220;La explosi\u00f3n tuvo lugar en una instalaci\u00f3n de fabricaci\u00f3n de municiones del Ministerio de Defensa, y seg\u00fan el vicegobernador de Ispah\u00e1n no hay v\u00edctimas&#8221;, dijo Irib.<\/p>\n\n\n\n<p>Seg\u00fan el ministerio iran\u00ed, uno de los drones fue destruido por el sistema de defensa antia\u00e9rea del lugar, mientras que los otros dos explotaron. Un v\u00eddeo ampliamente difundido en las redes sociales, cuya autenticidad no ha podido ser verificada por Afp, muestra una gran explosi\u00f3n en el lugar e im\u00e1genes de veh\u00edculos de emergencia dirigi\u00e9ndose a la zona.<\/p>\n\n\n\n<p>Al comentar el atentado frustrado, el asesor presidencial ucraniano Mikhaylo Podolyak habla de una &#8220;noche explosiva en Ir\u00e1n&#8221;, recordando la &#8220;producci\u00f3n de drones y misiles&#8221; y las &#8220;refiner\u00edas de petr\u00f3leo&#8221;. En su tuit, Podolyak subraya que &#8220;la l\u00f3gica de la guerra es inexorable y asesina&#8221; y &#8220;pasa rigurosamente la factura a los autores y c\u00f3mplices&#8221;.<\/p>\n\n\n\n<p>La Fuerza A\u00e9rea de Estados Unidos y &#8220;otro pa\u00eds&#8221; atacaron las instalaciones militares del Ministerio de Defensa iran\u00ed en la ciudad de Isfahan utilizando aviones no tripulados, inform\u00f3 la televisi\u00f3n Al-Arabiya citando fuentes, seg\u00fan informa Tass. Seg\u00fan el canal de televisi\u00f3n Al Hadath, Israel no participa en la operaci\u00f3n, informa tambi\u00e9n Tass.<\/p>\n\n\n\n<p><strong>EL PROGRAMA NUCLEAR<\/strong><br>Ir\u00e1n cuenta con varios centros de investigaci\u00f3n nuclear bien conocidos en la regi\u00f3n de Isfahan, incluida una planta de conversi\u00f3n de uranio. En abril de 2022, Teher\u00e1n anunci\u00f3 que hab\u00eda empezado a producir uranio enriquecido al 60% en las instalaciones de Natanz, acerc\u00e1ndose al 90% necesario para una bomba at\u00f3mica.<\/p>\n\n\n\n<p>Las negociaciones para reactivar el acuerdo nuclear internacional con Ir\u00e1n, conocido por sus siglas en ingl\u00e9s Jcpoa y cerrado en 2015 entre Ir\u00e1n, por un lado, la Uni\u00f3n Europea y las seis grandes potencias, por otro, est\u00e1n estancadas desde la salida unilateral de Estados Unidos en 2018. Este acuerdo pretend\u00eda impedir que Teher\u00e1n adquiriera armas at\u00f3micas, un objetivo que Ir\u00e1n siempre ha negado perseguir. El programa nuclear iran\u00ed ha sido objeto de numerosas campa\u00f1as de ciberataques, sabotajes y asesinatos selectivos de cient\u00edficos.<\/p>\n\n\n\n<p><strong>EL MOVIMIENTO DE PROTESTA<\/strong><br>El anuncio del ataque se produce cuando Ir\u00e1n no s\u00f3lo se tambalea por los desacuerdos sobre la cuesti\u00f3n nuclear y las acusaciones de algunos pa\u00edses de que Teher\u00e1n est\u00e1 suministrando drones al ej\u00e9rcito ruso para la guerra de Ucrania. Pero tambi\u00e9n por el movimiento de protesta desencadenado a mediados de septiembre tras la muerte de Mahsa Amini, la mujer kurdo-iran\u00ed de 22 a\u00f1os que muri\u00f3 mientras estaba bajo custodia de la polic\u00eda moral por no llevar correctamente el pa\u00f1uelo en la cabeza. Hoy mismo, el presidente franc\u00e9s, Emmanuel Macron, ha elogiado la &#8220;lucha&#8221; de la ni\u00f1a, &#8220;asesinada como una m\u00e1rtir&#8221; por no llevar el pa\u00f1uelo, al anunciar los 14 ganadores de la iniciativa Marianne, lanzada en 2022, que premia a personas comprometidas con la defensa de los derechos humanos y sociales o la protecci\u00f3n del medio ambiente.<\/p>\n\n\n\n<p>&#8220;Las represiones se multiplican en los cuatro rincones del mundo (&#8230;) Como a menudo las primeras v\u00edctimas de estas opresiones, son las mujeres y las ni\u00f1as&#8221;, subray\u00f3 el Jefe del Estado franc\u00e9s en un v\u00eddeo publicado en su cuenta de Twitter. &#8220;Si Mahsa Amini, asesinada como una m\u00e1rtir, se ha convertido hoy en un s\u00edmbolo para todos nosotros, su lucha nos obliga a la responsabilidad y a la acci\u00f3n&#8221;, a\u00f1adi\u00f3 Macron.<br><br><small>Copyright \u00a9 2023 ElCanillita.info \/ SalaStampa.Eu &#8211; Derechos Reservados<\/small><\/p>\n","protected":false},"excerpt":{"rendered":"<p>La Fuerza A\u00e9rea de Estados Unidos y &#8220;otro pa\u00eds&#8221; atacaron las instalaciones militares del Ministerio de Defensa iran\u00ed en la ciudad de Isfahan utilizando aviones no tripulados, inform\u00f3 la televisi\u00f3n Al-Arabiya citando fuentes, seg\u00fan informa Tass<\/p>\n","protected":false},"author":1,"featured_media":3233,"comment_status":"closed","ping_status":"closed","sticky":false,"template":"","format":"standard","meta":{"footnotes":"","_links_to":"","_links_to_target":""},"categories":[108,70,15,23],"tags":[111],"class_list":["post-3232","post","type-post","status-publish","format-standard","has-post-thumbnail","hentry","category-blogdiario","category-actualidad","category-medio-oriente","category-politica","tag-iran-2","entry","double"],"yoast_head":"<!-- This site is optimized with the Yoast SEO plugin v27.4 - https:\/\/yoast.com\/product\/yoast-seo-wordpress\/ -->\n<title>Drones contra una base militar en Ir\u00e1n - ElCanillita.Info<\/title>\n<meta name=\"description\" content=\"La Fuerza A\u00e9rea de Estados Unidos y &quot;otro pa\u00eds&quot; atacaron las instalaciones militares del Ministerio de Defensa iran\u00ed en la ciudad de Isfahan utilizando aviones no tripulados, inform\u00f3 la televisi\u00f3n Al-Arabiya citando fuentes, seg\u00fan informa Tass\" \/>\n<meta name=\"robots\" content=\"index, follow, max-snippet:-1, max-image-preview:large, max-video-preview:-1\" \/>\n<link rel=\"canonical\" href=\"https:\/\/elcanillita.info\/press\/2023\/01\/29\/atacaron-las-instalaciones-militares-del-ministerio-de-defensa-irani\/\" \/>\n<meta property=\"og:locale\" content=\"es_ES\" \/>\n<meta property=\"og:type\" content=\"article\" \/>\n<meta property=\"og:title\" content=\"Drones contra una base militar en Ir\u00e1n - ElCanillita.Info\" \/>\n<meta property=\"og:description\" content=\"La Fuerza A\u00e9rea de Estados Unidos y &quot;otro pa\u00eds&quot; atacaron las instalaciones militares del Ministerio de Defensa iran\u00ed en la ciudad de Isfahan utilizando aviones no tripulados, inform\u00f3 la televisi\u00f3n Al-Arabiya citando fuentes, seg\u00fan informa Tass\" \/>\n<meta property=\"og:url\" content=\"https:\/\/elcanillita.info\/press\/2023\/01\/29\/atacaron-las-instalaciones-militares-del-ministerio-de-defensa-irani\/\" \/>\n<meta property=\"og:site_name\" content=\"ElCanillita.Info\" \/>\n<meta property=\"article:publisher\" content=\"https:\/\/ar-ar.facebook.com\/ElCanillitainfo-114249515285712\/\" \/>\n<meta property=\"article:published_time\" content=\"2023-01-29T18:13:01+00:00\" \/>\n<meta property=\"article:modified_time\" content=\"2023-01-29T18:13:03+00:00\" \/>\n<meta property=\"og:image\" content=\"https:\/\/elcanillita.info\/press\/images\/2023\/01\/2iran_20230129-1.jpg\" \/>\n\t<meta property=\"og:image:width\" content=\"600\" \/>\n\t<meta property=\"og:image:height\" content=\"400\" \/>\n\t<meta property=\"og:image:type\" content=\"image\/jpeg\" \/>\n<meta name=\"author\" content=\"SalaStampa.eu, world press service\" \/>\n<meta name=\"twitter:card\" content=\"summary_large_image\" \/>\n<meta name=\"twitter:label1\" content=\"Escrito por\" \/>\n\t<meta name=\"twitter:data1\" content=\"SalaStampa.eu, world press service\" \/>\n\t<meta name=\"twitter:label2\" content=\"Tiempo de lectura\" \/>\n\t<meta name=\"twitter:data2\" content=\"4 minutos\" \/>\n<script type=\"application\/ld+json\" class=\"yoast-schema-graph\">{\"@context\":\"https:\\\/\\\/schema.org\",\"@graph\":[{\"@type\":\"Article\",\"@id\":\"https:\\\/\\\/elcanillita.info\\\/press\\\/2023\\\/01\\\/29\\\/atacaron-las-instalaciones-militares-del-ministerio-de-defensa-irani\\\/#article\",\"isPartOf\":{\"@id\":\"https:\\\/\\\/elcanillita.info\\\/press\\\/2023\\\/01\\\/29\\\/atacaron-las-instalaciones-militares-del-ministerio-de-defensa-irani\\\/\"},\"author\":{\"name\":\"SalaStampa.eu, world press service\",\"@id\":\"https:\\\/\\\/elcanillita.info\\\/press\\\/#\\\/schema\\\/person\\\/7fcb79f38045700919f7da6d97e71ba0\"},\"headline\":\"Drones contra una base militar en Ir\u00e1n\",\"datePublished\":\"2023-01-29T18:13:01+00:00\",\"dateModified\":\"2023-01-29T18:13:03+00:00\",\"mainEntityOfPage\":{\"@id\":\"https:\\\/\\\/elcanillita.info\\\/press\\\/2023\\\/01\\\/29\\\/atacaron-las-instalaciones-militares-del-ministerio-de-defensa-irani\\\/\"},\"wordCount\":784,\"publisher\":{\"@id\":\"https:\\\/\\\/elcanillita.info\\\/press\\\/#organization\"},\"image\":{\"@id\":\"https:\\\/\\\/elcanillita.info\\\/press\\\/2023\\\/01\\\/29\\\/atacaron-las-instalaciones-militares-del-ministerio-de-defensa-irani\\\/#primaryimage\"},\"thumbnailUrl\":\"https:\\\/\\\/elcanillita.info\\\/press\\\/images\\\/2023\\\/01\\\/2iran_20230129-1.jpg\",\"keywords\":[\"Iran\"],\"articleSection\":[\".\",\"Actualidad\",\"Medio Oriente\",\"Politica\"],\"inLanguage\":\"es-AR\"},{\"@type\":\"WebPage\",\"@id\":\"https:\\\/\\\/elcanillita.info\\\/press\\\/2023\\\/01\\\/29\\\/atacaron-las-instalaciones-militares-del-ministerio-de-defensa-irani\\\/\",\"url\":\"https:\\\/\\\/elcanillita.info\\\/press\\\/2023\\\/01\\\/29\\\/atacaron-las-instalaciones-militares-del-ministerio-de-defensa-irani\\\/\",\"name\":\"Drones contra una base militar en Ir\u00e1n - ElCanillita.Info\",\"isPartOf\":{\"@id\":\"https:\\\/\\\/elcanillita.info\\\/press\\\/#website\"},\"primaryImageOfPage\":{\"@id\":\"https:\\\/\\\/elcanillita.info\\\/press\\\/2023\\\/01\\\/29\\\/atacaron-las-instalaciones-militares-del-ministerio-de-defensa-irani\\\/#primaryimage\"},\"image\":{\"@id\":\"https:\\\/\\\/elcanillita.info\\\/press\\\/2023\\\/01\\\/29\\\/atacaron-las-instalaciones-militares-del-ministerio-de-defensa-irani\\\/#primaryimage\"},\"thumbnailUrl\":\"https:\\\/\\\/elcanillita.info\\\/press\\\/images\\\/2023\\\/01\\\/2iran_20230129-1.jpg\",\"datePublished\":\"2023-01-29T18:13:01+00:00\",\"dateModified\":\"2023-01-29T18:13:03+00:00\",\"description\":\"La Fuerza A\u00e9rea de Estados Unidos y \\\"otro pa\u00eds\\\" atacaron las instalaciones militares del Ministerio de Defensa iran\u00ed en la ciudad de Isfahan utilizando aviones no tripulados, inform\u00f3 la televisi\u00f3n Al-Arabiya citando fuentes, seg\u00fan informa Tass\",\"inLanguage\":\"es-AR\",\"potentialAction\":[{\"@type\":\"ReadAction\",\"target\":[\"https:\\\/\\\/elcanillita.info\\\/press\\\/2023\\\/01\\\/29\\\/atacaron-las-instalaciones-militares-del-ministerio-de-defensa-irani\\\/\"]}]},{\"@type\":\"ImageObject\",\"inLanguage\":\"es-AR\",\"@id\":\"https:\\\/\\\/elcanillita.info\\\/press\\\/2023\\\/01\\\/29\\\/atacaron-las-instalaciones-militares-del-ministerio-de-defensa-irani\\\/#primaryimage\",\"url\":\"https:\\\/\\\/elcanillita.info\\\/press\\\/images\\\/2023\\\/01\\\/2iran_20230129-1.jpg\",\"contentUrl\":\"https:\\\/\\\/elcanillita.info\\\/press\\\/images\\\/2023\\\/01\\\/2iran_20230129-1.jpg\",\"width\":600,\"height\":400},{\"@type\":\"WebSite\",\"@id\":\"https:\\\/\\\/elcanillita.info\\\/press\\\/#website\",\"url\":\"https:\\\/\\\/elcanillita.info\\\/press\\\/\",\"name\":\"ElCanillita.Info\",\"description\":\"desde los Apeninos a los Andes\",\"publisher\":{\"@id\":\"https:\\\/\\\/elcanillita.info\\\/press\\\/#organization\"},\"potentialAction\":[{\"@type\":\"SearchAction\",\"target\":{\"@type\":\"EntryPoint\",\"urlTemplate\":\"https:\\\/\\\/elcanillita.info\\\/press\\\/?s={search_term_string}\"},\"query-input\":{\"@type\":\"PropertyValueSpecification\",\"valueRequired\":true,\"valueName\":\"search_term_string\"}}],\"inLanguage\":\"es-AR\"},{\"@type\":\"Organization\",\"@id\":\"https:\\\/\\\/elcanillita.info\\\/press\\\/#organization\",\"name\":\"Guzzo Photos & Graphic Publications\",\"url\":\"https:\\\/\\\/elcanillita.info\\\/press\\\/\",\"logo\":{\"@type\":\"ImageObject\",\"inLanguage\":\"es-AR\",\"@id\":\"https:\\\/\\\/elcanillita.info\\\/press\\\/#\\\/schema\\\/logo\\\/image\\\/\",\"url\":\"https:\\\/\\\/elcanillita.info\\\/press\\\/images\\\/2020\\\/01\\\/cropped-cropped-cropped-elcanillitainfo.png\",\"contentUrl\":\"https:\\\/\\\/elcanillita.info\\\/press\\\/images\\\/2020\\\/01\\\/cropped-cropped-cropped-elcanillitainfo.png\",\"width\":460,\"height\":50,\"caption\":\"Guzzo Photos & Graphic Publications\"},\"image\":{\"@id\":\"https:\\\/\\\/elcanillita.info\\\/press\\\/#\\\/schema\\\/logo\\\/image\\\/\"},\"sameAs\":[\"https:\\\/\\\/ar-ar.facebook.com\\\/ElCanillitainfo-114249515285712\\\/\"]},{\"@type\":\"Person\",\"@id\":\"https:\\\/\\\/elcanillita.info\\\/press\\\/#\\\/schema\\\/person\\\/7fcb79f38045700919f7da6d97e71ba0\",\"name\":\"SalaStampa.eu, world press service\",\"image\":{\"@type\":\"ImageObject\",\"inLanguage\":\"es-AR\",\"@id\":\"https:\\\/\\\/secure.gravatar.com\\\/avatar\\\/c2f0e0d515a107624234994507816ca4724c7199cef73fc8bedebf6931d73888?s=96&d=mm&r=g\",\"url\":\"https:\\\/\\\/secure.gravatar.com\\\/avatar\\\/c2f0e0d515a107624234994507816ca4724c7199cef73fc8bedebf6931d73888?s=96&d=mm&r=g\",\"contentUrl\":\"https:\\\/\\\/secure.gravatar.com\\\/avatar\\\/c2f0e0d515a107624234994507816ca4724c7199cef73fc8bedebf6931d73888?s=96&d=mm&r=g\",\"caption\":\"SalaStampa.eu, world press service\"}}]}<\/script>\n<!-- \/ Yoast SEO plugin. -->","yoast_head_json":{"title":"Drones contra una base militar en Ir\u00e1n - ElCanillita.Info","description":"La Fuerza A\u00e9rea de Estados Unidos y \"otro pa\u00eds\" atacaron las instalaciones militares del Ministerio de Defensa iran\u00ed en la ciudad de Isfahan utilizando aviones no tripulados, inform\u00f3 la televisi\u00f3n Al-Arabiya citando fuentes, seg\u00fan informa Tass","robots":{"index":"index","follow":"follow","max-snippet":"max-snippet:-1","max-image-preview":"max-image-preview:large","max-video-preview":"max-video-preview:-1"},"canonical":"https:\/\/elcanillita.info\/press\/2023\/01\/29\/atacaron-las-instalaciones-militares-del-ministerio-de-defensa-irani\/","og_locale":"es_ES","og_type":"article","og_title":"Drones contra una base militar en Ir\u00e1n - ElCanillita.Info","og_description":"La Fuerza A\u00e9rea de Estados Unidos y \"otro pa\u00eds\" atacaron las instalaciones militares del Ministerio de Defensa iran\u00ed en la ciudad de Isfahan utilizando aviones no tripulados, inform\u00f3 la televisi\u00f3n Al-Arabiya citando fuentes, seg\u00fan informa Tass","og_url":"https:\/\/elcanillita.info\/press\/2023\/01\/29\/atacaron-las-instalaciones-militares-del-ministerio-de-defensa-irani\/","og_site_name":"ElCanillita.Info","article_publisher":"https:\/\/ar-ar.facebook.com\/ElCanillitainfo-114249515285712\/","article_published_time":"2023-01-29T18:13:01+00:00","article_modified_time":"2023-01-29T18:13:03+00:00","og_image":[{"width":600,"height":400,"url":"https:\/\/elcanillita.info\/press\/images\/2023\/01\/2iran_20230129-1.jpg","type":"image\/jpeg"}],"author":"SalaStampa.eu, world press service","twitter_card":"summary_large_image","twitter_misc":{"Escrito por":"SalaStampa.eu, world press service","Tiempo de lectura":"4 minutos"},"schema":{"@context":"https:\/\/schema.org","@graph":[{"@type":"Article","@id":"https:\/\/elcanillita.info\/press\/2023\/01\/29\/atacaron-las-instalaciones-militares-del-ministerio-de-defensa-irani\/#article","isPartOf":{"@id":"https:\/\/elcanillita.info\/press\/2023\/01\/29\/atacaron-las-instalaciones-militares-del-ministerio-de-defensa-irani\/"},"author":{"name":"SalaStampa.eu, world press service","@id":"https:\/\/elcanillita.info\/press\/#\/schema\/person\/7fcb79f38045700919f7da6d97e71ba0"},"headline":"Drones contra una base militar en Ir\u00e1n","datePublished":"2023-01-29T18:13:01+00:00","dateModified":"2023-01-29T18:13:03+00:00","mainEntityOfPage":{"@id":"https:\/\/elcanillita.info\/press\/2023\/01\/29\/atacaron-las-instalaciones-militares-del-ministerio-de-defensa-irani\/"},"wordCount":784,"publisher":{"@id":"https:\/\/elcanillita.info\/press\/#organization"},"image":{"@id":"https:\/\/elcanillita.info\/press\/2023\/01\/29\/atacaron-las-instalaciones-militares-del-ministerio-de-defensa-irani\/#primaryimage"},"thumbnailUrl":"https:\/\/elcanillita.info\/press\/images\/2023\/01\/2iran_20230129-1.jpg","keywords":["Iran"],"articleSection":[".","Actualidad","Medio Oriente","Politica"],"inLanguage":"es-AR"},{"@type":"WebPage","@id":"https:\/\/elcanillita.info\/press\/2023\/01\/29\/atacaron-las-instalaciones-militares-del-ministerio-de-defensa-irani\/","url":"https:\/\/elcanillita.info\/press\/2023\/01\/29\/atacaron-las-instalaciones-militares-del-ministerio-de-defensa-irani\/","name":"Drones contra una base militar en Ir\u00e1n - ElCanillita.Info","isPartOf":{"@id":"https:\/\/elcanillita.info\/press\/#website"},"primaryImageOfPage":{"@id":"https:\/\/elcanillita.info\/press\/2023\/01\/29\/atacaron-las-instalaciones-militares-del-ministerio-de-defensa-irani\/#primaryimage"},"image":{"@id":"https:\/\/elcanillita.info\/press\/2023\/01\/29\/atacaron-las-instalaciones-militares-del-ministerio-de-defensa-irani\/#primaryimage"},"thumbnailUrl":"https:\/\/elcanillita.info\/press\/images\/2023\/01\/2iran_20230129-1.jpg","datePublished":"2023-01-29T18:13:01+00:00","dateModified":"2023-01-29T18:13:03+00:00","description":"La Fuerza A\u00e9rea de Estados Unidos y \"otro pa\u00eds\" atacaron las instalaciones militares del Ministerio de Defensa iran\u00ed en la ciudad de Isfahan utilizando aviones no tripulados, inform\u00f3 la televisi\u00f3n Al-Arabiya citando fuentes, seg\u00fan informa Tass","inLanguage":"es-AR","potentialAction":[{"@type":"ReadAction","target":["https:\/\/elcanillita.info\/press\/2023\/01\/29\/atacaron-las-instalaciones-militares-del-ministerio-de-defensa-irani\/"]}]},{"@type":"ImageObject","inLanguage":"es-AR","@id":"https:\/\/elcanillita.info\/press\/2023\/01\/29\/atacaron-las-instalaciones-militares-del-ministerio-de-defensa-irani\/#primaryimage","url":"https:\/\/elcanillita.info\/press\/images\/2023\/01\/2iran_20230129-1.jpg","contentUrl":"https:\/\/elcanillita.info\/press\/images\/2023\/01\/2iran_20230129-1.jpg","width":600,"height":400},{"@type":"WebSite","@id":"https:\/\/elcanillita.info\/press\/#website","url":"https:\/\/elcanillita.info\/press\/","name":"ElCanillita.Info","description":"desde los Apeninos a los Andes","publisher":{"@id":"https:\/\/elcanillita.info\/press\/#organization"},"potentialAction":[{"@type":"SearchAction","target":{"@type":"EntryPoint","urlTemplate":"https:\/\/elcanillita.info\/press\/?s={search_term_string}"},"query-input":{"@type":"PropertyValueSpecification","valueRequired":true,"valueName":"search_term_string"}}],"inLanguage":"es-AR"},{"@type":"Organization","@id":"https:\/\/elcanillita.info\/press\/#organization","name":"Guzzo Photos & Graphic Publications","url":"https:\/\/elcanillita.info\/press\/","logo":{"@type":"ImageObject","inLanguage":"es-AR","@id":"https:\/\/elcanillita.info\/press\/#\/schema\/logo\/image\/","url":"https:\/\/elcanillita.info\/press\/images\/2020\/01\/cropped-cropped-cropped-elcanillitainfo.png","contentUrl":"https:\/\/elcanillita.info\/press\/images\/2020\/01\/cropped-cropped-cropped-elcanillitainfo.png","width":460,"height":50,"caption":"Guzzo Photos & Graphic Publications"},"image":{"@id":"https:\/\/elcanillita.info\/press\/#\/schema\/logo\/image\/"},"sameAs":["https:\/\/ar-ar.facebook.com\/ElCanillitainfo-114249515285712\/"]},{"@type":"Person","@id":"https:\/\/elcanillita.info\/press\/#\/schema\/person\/7fcb79f38045700919f7da6d97e71ba0","name":"SalaStampa.eu, world press service","image":{"@type":"ImageObject","inLanguage":"es-AR","@id":"https:\/\/secure.gravatar.com\/avatar\/c2f0e0d515a107624234994507816ca4724c7199cef73fc8bedebf6931d73888?s=96&d=mm&r=g","url":"https:\/\/secure.gravatar.com\/avatar\/c2f0e0d515a107624234994507816ca4724c7199cef73fc8bedebf6931d73888?s=96&d=mm&r=g","contentUrl":"https:\/\/secure.gravatar.com\/avatar\/c2f0e0d515a107624234994507816ca4724c7199cef73fc8bedebf6931d73888?s=96&d=mm&r=g","caption":"SalaStampa.eu, world press service"}}]}},"views":441,"_links":{"self":[{"href":"https:\/\/elcanillita.info\/press\/wp-json\/wp\/v2\/posts\/3232","targetHints":{"allow":["GET"]}}],"collection":[{"href":"https:\/\/elcanillita.info\/press\/wp-json\/wp\/v2\/posts"}],"about":[{"href":"https:\/\/elcanillita.info\/press\/wp-json\/wp\/v2\/types\/post"}],"author":[{"embeddable":true,"href":"https:\/\/elcanillita.info\/press\/wp-json\/wp\/v2\/users\/1"}],"replies":[{"embeddable":true,"href":"https:\/\/elcanillita.info\/press\/wp-json\/wp\/v2\/comments?post=3232"}],"version-history":[{"count":0,"href":"https:\/\/elcanillita.info\/press\/wp-json\/wp\/v2\/posts\/3232\/revisions"}],"wp:featuredmedia":[{"embeddable":true,"href":"https:\/\/elcanillita.info\/press\/wp-json\/wp\/v2\/media\/3233"}],"wp:attachment":[{"href":"https:\/\/elcanillita.info\/press\/wp-json\/wp\/v2\/media?parent=3232"}],"wp:term":[{"taxonomy":"category","embeddable":true,"href":"https:\/\/elcanillita.info\/press\/wp-json\/wp\/v2\/categories?post=3232"},{"taxonomy":"post_tag","embeddable":true,"href":"https:\/\/elcanillita.info\/press\/wp-json\/wp\/v2\/tags?post=3232"}],"curies":[{"name":"wp","href":"https:\/\/api.w.org\/{rel}","templated":true}]}}