{"id":3227,"date":"2023-01-29T08:23:27","date_gmt":"2023-01-29T11:23:27","guid":{"rendered":"https:\/\/elcanillita.info\/press\/?p=3227"},"modified":"2023-01-29T14:15:41","modified_gmt":"2023-01-29T17:15:41","slug":"entre-patetico-y-ridiculo-para-que-elegir","status":"publish","type":"post","link":"https:\/\/elcanillita.info\/press\/2023\/01\/29\/entre-patetico-y-ridiculo-para-que-elegir\/","title":{"rendered":"Entre pat\u00e9tico y rid\u00edculo, \u00bfpara qu\u00e9 elegir?"},"content":{"rendered":"\n<p><small><strong>por Enrique Guillermo Avogadro<\/strong><\/small><br><br><small><strong>Siempre hacen m\u00e1s ruido las latas vac\u00edas que las llenas.  Lo mismo ocurre con los cerebros.<br>Truman Capote<\/strong><\/small><br><br>Hace tres a\u00f1os, desde que acept\u00f3 encabezar la f\u00f3rmula presidencial anunciada con un tuit de Cristina Kirchner, me pregunto qu\u00e9 pasar\u00e1 en la cabeza de Alberto Fern\u00e1ndez. Porque, a\u00fan en medio de su ajetreada agenda \u2013inaugura canchas deportivas, canta y compone, hace fiestas clandestinas, protagoniza papelones, funge de padre, estatiza la marihuana y se esmera en contradecirse- no puede ignorar el desprecio, no s\u00f3lo de sus cotidianas v\u00edctimas, sino hasta de su \u00bfpropio? espacio pol\u00edtico, comenzando por la misma emperatriz, tan hortera y condenada por ladrona, que lo entroniz\u00f3.<\/p>\n\n\n\n<p>El \u00faltimo ultraje se lo propin\u00f3 el inefable Eduardo <em>Wado <\/em>de Pedro, nada menos que su Ministro del Interior, que lo insult\u00f3 p\u00fablicamente por no haber sido invitado a participar de la reuni\u00f3n que mantuvo con Luiz In\u00e1cio Lula da Silva en ocasi\u00f3n de la reuni\u00f3n de la CELAC; que no presentara su renuncia ni fuera fulminado de inmediato con el despido, acredita tanto la nula relevancia que tiene quien hoy se auto-percibe Presidente de la Rep\u00fablica, cu\u00e1nto cu\u00e1l es la verdadera jefatura a la que responde el ofendido funcionario, una que jam\u00e1s resigna casilleros de poder.<\/p>\n\n\n\n<p>&nbsp;Adem\u00e1s de los sopapos que recibi\u00f3 de Luis Lacalle Pou (Uruguay) y de Mario Abdo (Paraguay), previsibles, el m\u00e1s fuerte provino de Gabriel Boric (Chile), de izquierda, que conden\u00f3 sin sutilezas a Venezuela, Nicaragua y Cuba por las violaciones a los derechos humanos, la pol\u00edtica que el Foro de S\u00e3o Paulo pretende extender a toda la cacareada Patria Grande. Tampoco logr\u00f3 ser reelegido como Presidente pro tempore del conglomerado, cargo que qued\u00f3 en manos del lacayo granadino del castro-chavismo.<\/p>\n\n\n\n<p>Y su tan sobado colega, que dice quererlo pero no come vidrio, quit\u00f3 la red bajo el trapecio desde el cual el <em>Caracol <\/em>y el <em>Aceitoso<\/em> anunciaron una moneda com\u00fan con Brasil y el financiamiento del BNDeS al futuro gasoducto \u2013cu\u00e1ndo no- N\u00e9stor Kirchner, que seguir\u00e1 durmiendo el sue\u00f1o eterno, al menos hasta que cambie el gobierno de la Argentina. Con Lula, tampoco le fue mejor a la mandam\u00e1s de la banda, que pretend\u00eda una reuni\u00f3n en su madriguera del Senado; fue abortada con una excusa tan fr\u00e1gil que fue desmentida, al d\u00eda siguiente, con la visita privada a Jos\u00e9 <em>Pepe <\/em>Mugica en su chacra que realiz\u00f3 el Presidente de Brasil; es claro que no pod\u00eda aparecer en una foto con alguien que, como \u00e9l mismo, ha sido condenado por corrupci\u00f3n.<\/p>\n\n\n\n<p>La vocera Gabriela Cerruti insisti\u00f3 en el rid\u00edculo cuando, hablando del duro comentario de SS Francisco a la situaci\u00f3n econ\u00f3mico-social, atribuy\u00f3 la cat\u00e1strofe exclusivamente a la gesti\u00f3n de Mauricio Macri, que fue la excepci\u00f3n de cuatro a\u00f1os en los diecis\u00e9is del kirchnerismo en el poder.<\/p>\n\n\n\n<p>Por su parte, Sergio <em>Aceitoso <\/em>Massa parece haber perdido las dotes de mago que el empresariado \u201cexperto en mercados regulados\u201d le atribu\u00eda y a las cuales los Fern\u00e1ndez\u00b2, muy a desgano, rogaban por su sobrevida pol\u00edtica. La anunciada recompra de deuda externa, adem\u00e1s de inexplicable e injustificable, no tuvo el efecto depresivo sobre las cotizaciones del d\u00f3lar que esperaba y tampoco influy\u00f3 en los mercados voluntarios de cr\u00e9dito, que siguen inalcanzables para la Argentina. Hay que sumar el claro error que cometi\u00f3 al jurar que, en abril, la inflaci\u00f3n habr\u00eda descendido al 3%; el \u00edndice de enero y los nuevos aumentos que seguir\u00e1n en carne, prepagas, colegios, comunicaciones, energ\u00eda, etc., garantizan la derrota de este audaz y fantasioso Mandrake. Es joven, y podr\u00e1 reservarse para otra oportunidad, por lo cual no creo que se presente como candidato este a\u00f1o, a\u00fan cuando todos sus muchos \u201camigos\/c\u00f3mplices de negocios\u201d insistan en convencerlo.<\/p>\n\n\n\n<p>El <em>Caracol <\/em>sigue actuando como mascar\u00f3n de proa del kirchnerismo, \u00e1vido de impunidad para su jefa. Al mamarracho del juicio pol\u00edtico a los miembros de la Corte Suprema, que sabe de antemano condenado al fracaso, le sum\u00f3 un enorme bochorno: por su orden, envi\u00f3 al Secretario de Derechos Humanos, Horacio Pietragalla Corti, a denunciar a la Argentina ante la Comisi\u00f3n competente de las Naciones Unidas. El funcionario, hijo de terroristas y caudalosamente indemnizado, fue en avi\u00f3n a Ginebra y volvi\u00f3 en cachetada; lo \u00fanico que obtuvo fue un fuerte reclamo contra su propio Gobierno por sus ataques a la Justicia que, a criterio del organismo, atentan contra la divisi\u00f3n de poderes y tienden a consagrar el autoritarismo.<\/p>\n\n\n\n<p>Claramente, a Cristina Kirchner se le est\u00e1n quemando los \u00faltimos papeles. No s\u00f3lo no puede esperar tener \u00e9xito en su inmunda embestida contra el Poder Judicial, sino que \u00e9ste la espera con peores noticias a partir de febrero, cuando reinicie su actividad. Emitir\u00e1 fallos complicados para ella en las causas del memor\u00e1ndum con Ir\u00e1n y en la de Hotesur-Los Sauces (la peor, porque alcanza a sus hijos) y avanzar\u00e1 con velocidad en la causa Cuadernos, en la que est\u00e1 probadamente pegada. Y la formaci\u00f3n del eje Juan Schiaretti-Juan Manuel Urtubey-Florencio Randazzo sumar\u00e1 penas a su Frente, que ya perdi\u00f3 cuatro millones de votos en 2021.<\/p>\n\n\n\n<p>En los pr\u00f3ximos d\u00edas ser\u00e1n dictadas las sentencias contra la patota que asesin\u00f3 a patadas a Fernando B\u00e1ez Sosa y contra la pareja de lesbianas \u2013la madre y su novia- que torturaron hasta la muerte, con inusitado ensa\u00f1amiento, a Lucio Dupuy, de cinco a\u00f1os. Confieso mi indignaci\u00f3n y mi repugnancia ante la diferente cobertura que han dado los medios (todos ellos) a ambos cr\u00edmenes, invisibilizando al segundo; atribuyo la responsabilidad al fuerte lobby LBGTI, un colectivo que calla sobre la homofobia en Rusia o Cuba, protege inicuamente a sus miembros y, en el camino, destruye todos los valores de la sociedad en el mundo entero.<\/p>\n\n\n\n<p>Buenos Aires, 28\/01\/2023<br><br><small>Copyright \u00a9 2023 SalaStampa.Eu &#8211; ElCanillita.info &#8211; &#8220;Leer puede causar Independencia&#8221;<\/small><\/p>\n","protected":false},"excerpt":{"rendered":"<p>La vocera Gabriela Cerruti insisti\u00f3 en el rid\u00edculo cuando, hablando del duro comentario de SS Francisco a la situaci\u00f3n econ\u00f3mico-social, atribuy\u00f3 la cat\u00e1strofe exclusivamente a la gesti\u00f3n de Mauricio Macri, que fue la excepci\u00f3n de cuatro a\u00f1os en los diecis\u00e9is del kirchnerismo en el poder.<\/p>\n","protected":false},"author":1,"featured_media":3228,"comment_status":"closed","ping_status":"closed","sticky":false,"template":"","format":"standard","meta":{"footnotes":"","_links_to":"","_links_to_target":""},"categories":[108,70,11,23],"tags":[29],"class_list":["post-3227","post","type-post","status-publish","format-standard","has-post-thumbnail","hentry","category-blogdiario","category-actualidad","category-america-del-sur","category-politica","tag-argentina","entry","double"],"yoast_head":"<!-- This site is optimized with the Yoast SEO plugin v27.4 - https:\/\/yoast.com\/product\/yoast-seo-wordpress\/ -->\n<title>Entre pat\u00e9tico y rid\u00edculo, \u00bfpara qu\u00e9 elegir? - ElCanillita.Info<\/title>\n<meta name=\"description\" content=\"La vocera Gabriela Cerruti insisti\u00f3 en el rid\u00edculo cuando, hablando del duro comentario de SS Francisco a la situaci\u00f3n econ\u00f3mico-social, atribuy\u00f3 la cat\u00e1strofe exclusivamente a la gesti\u00f3n de Mauricio Macri, que fue la excepci\u00f3n de cuatro a\u00f1os en los diecis\u00e9is del kirchnerismo en el poder.\" \/>\n<meta name=\"robots\" content=\"index, follow, max-snippet:-1, max-image-preview:large, max-video-preview:-1\" \/>\n<link rel=\"canonical\" href=\"https:\/\/elcanillita.info\/press\/2023\/01\/29\/entre-patetico-y-ridiculo-para-que-elegir\/\" \/>\n<meta property=\"og:locale\" content=\"es_ES\" \/>\n<meta property=\"og:type\" content=\"article\" \/>\n<meta property=\"og:title\" content=\"Entre pat\u00e9tico y rid\u00edculo, \u00bfpara qu\u00e9 elegir? - ElCanillita.Info\" \/>\n<meta property=\"og:description\" content=\"La vocera Gabriela Cerruti insisti\u00f3 en el rid\u00edculo cuando, hablando del duro comentario de SS Francisco a la situaci\u00f3n econ\u00f3mico-social, atribuy\u00f3 la cat\u00e1strofe exclusivamente a la gesti\u00f3n de Mauricio Macri, que fue la excepci\u00f3n de cuatro a\u00f1os en los diecis\u00e9is del kirchnerismo en el poder.\" \/>\n<meta property=\"og:url\" content=\"https:\/\/elcanillita.info\/press\/2023\/01\/29\/entre-patetico-y-ridiculo-para-que-elegir\/\" \/>\n<meta property=\"og:site_name\" content=\"ElCanillita.Info\" \/>\n<meta property=\"article:publisher\" content=\"https:\/\/ar-ar.facebook.com\/ElCanillitainfo-114249515285712\/\" \/>\n<meta property=\"article:published_time\" content=\"2023-01-29T11:23:27+00:00\" \/>\n<meta property=\"article:modified_time\" content=\"2023-01-29T17:15:41+00:00\" \/>\n<meta property=\"og:image\" content=\"https:\/\/elcanillita.info\/press\/images\/2023\/01\/ferar20210129.jpg\" \/>\n\t<meta property=\"og:image:width\" content=\"600\" \/>\n\t<meta property=\"og:image:height\" content=\"400\" \/>\n\t<meta property=\"og:image:type\" content=\"image\/jpeg\" \/>\n<meta name=\"author\" content=\"SalaStampa.eu, world press service\" \/>\n<meta name=\"twitter:card\" content=\"summary_large_image\" \/>\n<meta name=\"twitter:label1\" content=\"Escrito por\" \/>\n\t<meta name=\"twitter:data1\" content=\"SalaStampa.eu, world press service\" \/>\n\t<meta name=\"twitter:label2\" content=\"Tiempo de lectura\" \/>\n\t<meta name=\"twitter:data2\" content=\"5 minutos\" \/>\n<script type=\"application\/ld+json\" class=\"yoast-schema-graph\">{\"@context\":\"https:\\\/\\\/schema.org\",\"@graph\":[{\"@type\":\"Article\",\"@id\":\"https:\\\/\\\/elcanillita.info\\\/press\\\/2023\\\/01\\\/29\\\/entre-patetico-y-ridiculo-para-que-elegir\\\/#article\",\"isPartOf\":{\"@id\":\"https:\\\/\\\/elcanillita.info\\\/press\\\/2023\\\/01\\\/29\\\/entre-patetico-y-ridiculo-para-que-elegir\\\/\"},\"author\":{\"name\":\"SalaStampa.eu, world press service\",\"@id\":\"https:\\\/\\\/elcanillita.info\\\/press\\\/#\\\/schema\\\/person\\\/7fcb79f38045700919f7da6d97e71ba0\"},\"headline\":\"Entre pat\u00e9tico y rid\u00edculo, \u00bfpara qu\u00e9 elegir?\",\"datePublished\":\"2023-01-29T11:23:27+00:00\",\"dateModified\":\"2023-01-29T17:15:41+00:00\",\"mainEntityOfPage\":{\"@id\":\"https:\\\/\\\/elcanillita.info\\\/press\\\/2023\\\/01\\\/29\\\/entre-patetico-y-ridiculo-para-que-elegir\\\/\"},\"wordCount\":1034,\"publisher\":{\"@id\":\"https:\\\/\\\/elcanillita.info\\\/press\\\/#organization\"},\"image\":{\"@id\":\"https:\\\/\\\/elcanillita.info\\\/press\\\/2023\\\/01\\\/29\\\/entre-patetico-y-ridiculo-para-que-elegir\\\/#primaryimage\"},\"thumbnailUrl\":\"https:\\\/\\\/elcanillita.info\\\/press\\\/images\\\/2023\\\/01\\\/ferar20210129.jpg\",\"keywords\":[\"Argentina\"],\"articleSection\":[\".\",\"Actualidad\",\"Am\u00e9rica del Sur\",\"Politica\"],\"inLanguage\":\"es-AR\"},{\"@type\":\"WebPage\",\"@id\":\"https:\\\/\\\/elcanillita.info\\\/press\\\/2023\\\/01\\\/29\\\/entre-patetico-y-ridiculo-para-que-elegir\\\/\",\"url\":\"https:\\\/\\\/elcanillita.info\\\/press\\\/2023\\\/01\\\/29\\\/entre-patetico-y-ridiculo-para-que-elegir\\\/\",\"name\":\"Entre pat\u00e9tico y rid\u00edculo, \u00bfpara qu\u00e9 elegir? - ElCanillita.Info\",\"isPartOf\":{\"@id\":\"https:\\\/\\\/elcanillita.info\\\/press\\\/#website\"},\"primaryImageOfPage\":{\"@id\":\"https:\\\/\\\/elcanillita.info\\\/press\\\/2023\\\/01\\\/29\\\/entre-patetico-y-ridiculo-para-que-elegir\\\/#primaryimage\"},\"image\":{\"@id\":\"https:\\\/\\\/elcanillita.info\\\/press\\\/2023\\\/01\\\/29\\\/entre-patetico-y-ridiculo-para-que-elegir\\\/#primaryimage\"},\"thumbnailUrl\":\"https:\\\/\\\/elcanillita.info\\\/press\\\/images\\\/2023\\\/01\\\/ferar20210129.jpg\",\"datePublished\":\"2023-01-29T11:23:27+00:00\",\"dateModified\":\"2023-01-29T17:15:41+00:00\",\"description\":\"La vocera Gabriela Cerruti insisti\u00f3 en el rid\u00edculo cuando, hablando del duro comentario de SS Francisco a la situaci\u00f3n econ\u00f3mico-social, atribuy\u00f3 la cat\u00e1strofe exclusivamente a la gesti\u00f3n de Mauricio Macri, que fue la excepci\u00f3n de cuatro a\u00f1os en los diecis\u00e9is del kirchnerismo en el poder.\",\"inLanguage\":\"es-AR\",\"potentialAction\":[{\"@type\":\"ReadAction\",\"target\":[\"https:\\\/\\\/elcanillita.info\\\/press\\\/2023\\\/01\\\/29\\\/entre-patetico-y-ridiculo-para-que-elegir\\\/\"]}]},{\"@type\":\"ImageObject\",\"inLanguage\":\"es-AR\",\"@id\":\"https:\\\/\\\/elcanillita.info\\\/press\\\/2023\\\/01\\\/29\\\/entre-patetico-y-ridiculo-para-que-elegir\\\/#primaryimage\",\"url\":\"https:\\\/\\\/elcanillita.info\\\/press\\\/images\\\/2023\\\/01\\\/ferar20210129.jpg\",\"contentUrl\":\"https:\\\/\\\/elcanillita.info\\\/press\\\/images\\\/2023\\\/01\\\/ferar20210129.jpg\",\"width\":600,\"height\":400},{\"@type\":\"WebSite\",\"@id\":\"https:\\\/\\\/elcanillita.info\\\/press\\\/#website\",\"url\":\"https:\\\/\\\/elcanillita.info\\\/press\\\/\",\"name\":\"ElCanillita.Info\",\"description\":\"desde los Apeninos a los Andes\",\"publisher\":{\"@id\":\"https:\\\/\\\/elcanillita.info\\\/press\\\/#organization\"},\"potentialAction\":[{\"@type\":\"SearchAction\",\"target\":{\"@type\":\"EntryPoint\",\"urlTemplate\":\"https:\\\/\\\/elcanillita.info\\\/press\\\/?s={search_term_string}\"},\"query-input\":{\"@type\":\"PropertyValueSpecification\",\"valueRequired\":true,\"valueName\":\"search_term_string\"}}],\"inLanguage\":\"es-AR\"},{\"@type\":\"Organization\",\"@id\":\"https:\\\/\\\/elcanillita.info\\\/press\\\/#organization\",\"name\":\"Guzzo Photos & Graphic Publications\",\"url\":\"https:\\\/\\\/elcanillita.info\\\/press\\\/\",\"logo\":{\"@type\":\"ImageObject\",\"inLanguage\":\"es-AR\",\"@id\":\"https:\\\/\\\/elcanillita.info\\\/press\\\/#\\\/schema\\\/logo\\\/image\\\/\",\"url\":\"https:\\\/\\\/elcanillita.info\\\/press\\\/images\\\/2020\\\/01\\\/cropped-cropped-cropped-elcanillitainfo.png\",\"contentUrl\":\"https:\\\/\\\/elcanillita.info\\\/press\\\/images\\\/2020\\\/01\\\/cropped-cropped-cropped-elcanillitainfo.png\",\"width\":460,\"height\":50,\"caption\":\"Guzzo Photos & Graphic Publications\"},\"image\":{\"@id\":\"https:\\\/\\\/elcanillita.info\\\/press\\\/#\\\/schema\\\/logo\\\/image\\\/\"},\"sameAs\":[\"https:\\\/\\\/ar-ar.facebook.com\\\/ElCanillitainfo-114249515285712\\\/\"]},{\"@type\":\"Person\",\"@id\":\"https:\\\/\\\/elcanillita.info\\\/press\\\/#\\\/schema\\\/person\\\/7fcb79f38045700919f7da6d97e71ba0\",\"name\":\"SalaStampa.eu, world press service\",\"image\":{\"@type\":\"ImageObject\",\"inLanguage\":\"es-AR\",\"@id\":\"https:\\\/\\\/secure.gravatar.com\\\/avatar\\\/c2f0e0d515a107624234994507816ca4724c7199cef73fc8bedebf6931d73888?s=96&d=mm&r=g\",\"url\":\"https:\\\/\\\/secure.gravatar.com\\\/avatar\\\/c2f0e0d515a107624234994507816ca4724c7199cef73fc8bedebf6931d73888?s=96&d=mm&r=g\",\"contentUrl\":\"https:\\\/\\\/secure.gravatar.com\\\/avatar\\\/c2f0e0d515a107624234994507816ca4724c7199cef73fc8bedebf6931d73888?s=96&d=mm&r=g\",\"caption\":\"SalaStampa.eu, world press service\"}}]}<\/script>\n<!-- \/ Yoast SEO plugin. -->","yoast_head_json":{"title":"Entre pat\u00e9tico y rid\u00edculo, \u00bfpara qu\u00e9 elegir? - ElCanillita.Info","description":"La vocera Gabriela Cerruti insisti\u00f3 en el rid\u00edculo cuando, hablando del duro comentario de SS Francisco a la situaci\u00f3n econ\u00f3mico-social, atribuy\u00f3 la cat\u00e1strofe exclusivamente a la gesti\u00f3n de Mauricio Macri, que fue la excepci\u00f3n de cuatro a\u00f1os en los diecis\u00e9is del kirchnerismo en el poder.","robots":{"index":"index","follow":"follow","max-snippet":"max-snippet:-1","max-image-preview":"max-image-preview:large","max-video-preview":"max-video-preview:-1"},"canonical":"https:\/\/elcanillita.info\/press\/2023\/01\/29\/entre-patetico-y-ridiculo-para-que-elegir\/","og_locale":"es_ES","og_type":"article","og_title":"Entre pat\u00e9tico y rid\u00edculo, \u00bfpara qu\u00e9 elegir? - ElCanillita.Info","og_description":"La vocera Gabriela Cerruti insisti\u00f3 en el rid\u00edculo cuando, hablando del duro comentario de SS Francisco a la situaci\u00f3n econ\u00f3mico-social, atribuy\u00f3 la cat\u00e1strofe exclusivamente a la gesti\u00f3n de Mauricio Macri, que fue la excepci\u00f3n de cuatro a\u00f1os en los diecis\u00e9is del kirchnerismo en el poder.","og_url":"https:\/\/elcanillita.info\/press\/2023\/01\/29\/entre-patetico-y-ridiculo-para-que-elegir\/","og_site_name":"ElCanillita.Info","article_publisher":"https:\/\/ar-ar.facebook.com\/ElCanillitainfo-114249515285712\/","article_published_time":"2023-01-29T11:23:27+00:00","article_modified_time":"2023-01-29T17:15:41+00:00","og_image":[{"width":600,"height":400,"url":"https:\/\/elcanillita.info\/press\/images\/2023\/01\/ferar20210129.jpg","type":"image\/jpeg"}],"author":"SalaStampa.eu, world press service","twitter_card":"summary_large_image","twitter_misc":{"Escrito por":"SalaStampa.eu, world press service","Tiempo de lectura":"5 minutos"},"schema":{"@context":"https:\/\/schema.org","@graph":[{"@type":"Article","@id":"https:\/\/elcanillita.info\/press\/2023\/01\/29\/entre-patetico-y-ridiculo-para-que-elegir\/#article","isPartOf":{"@id":"https:\/\/elcanillita.info\/press\/2023\/01\/29\/entre-patetico-y-ridiculo-para-que-elegir\/"},"author":{"name":"SalaStampa.eu, world press service","@id":"https:\/\/elcanillita.info\/press\/#\/schema\/person\/7fcb79f38045700919f7da6d97e71ba0"},"headline":"Entre pat\u00e9tico y rid\u00edculo, \u00bfpara qu\u00e9 elegir?","datePublished":"2023-01-29T11:23:27+00:00","dateModified":"2023-01-29T17:15:41+00:00","mainEntityOfPage":{"@id":"https:\/\/elcanillita.info\/press\/2023\/01\/29\/entre-patetico-y-ridiculo-para-que-elegir\/"},"wordCount":1034,"publisher":{"@id":"https:\/\/elcanillita.info\/press\/#organization"},"image":{"@id":"https:\/\/elcanillita.info\/press\/2023\/01\/29\/entre-patetico-y-ridiculo-para-que-elegir\/#primaryimage"},"thumbnailUrl":"https:\/\/elcanillita.info\/press\/images\/2023\/01\/ferar20210129.jpg","keywords":["Argentina"],"articleSection":[".","Actualidad","Am\u00e9rica del Sur","Politica"],"inLanguage":"es-AR"},{"@type":"WebPage","@id":"https:\/\/elcanillita.info\/press\/2023\/01\/29\/entre-patetico-y-ridiculo-para-que-elegir\/","url":"https:\/\/elcanillita.info\/press\/2023\/01\/29\/entre-patetico-y-ridiculo-para-que-elegir\/","name":"Entre pat\u00e9tico y rid\u00edculo, \u00bfpara qu\u00e9 elegir? - ElCanillita.Info","isPartOf":{"@id":"https:\/\/elcanillita.info\/press\/#website"},"primaryImageOfPage":{"@id":"https:\/\/elcanillita.info\/press\/2023\/01\/29\/entre-patetico-y-ridiculo-para-que-elegir\/#primaryimage"},"image":{"@id":"https:\/\/elcanillita.info\/press\/2023\/01\/29\/entre-patetico-y-ridiculo-para-que-elegir\/#primaryimage"},"thumbnailUrl":"https:\/\/elcanillita.info\/press\/images\/2023\/01\/ferar20210129.jpg","datePublished":"2023-01-29T11:23:27+00:00","dateModified":"2023-01-29T17:15:41+00:00","description":"La vocera Gabriela Cerruti insisti\u00f3 en el rid\u00edculo cuando, hablando del duro comentario de SS Francisco a la situaci\u00f3n econ\u00f3mico-social, atribuy\u00f3 la cat\u00e1strofe exclusivamente a la gesti\u00f3n de Mauricio Macri, que fue la excepci\u00f3n de cuatro a\u00f1os en los diecis\u00e9is del kirchnerismo en el poder.","inLanguage":"es-AR","potentialAction":[{"@type":"ReadAction","target":["https:\/\/elcanillita.info\/press\/2023\/01\/29\/entre-patetico-y-ridiculo-para-que-elegir\/"]}]},{"@type":"ImageObject","inLanguage":"es-AR","@id":"https:\/\/elcanillita.info\/press\/2023\/01\/29\/entre-patetico-y-ridiculo-para-que-elegir\/#primaryimage","url":"https:\/\/elcanillita.info\/press\/images\/2023\/01\/ferar20210129.jpg","contentUrl":"https:\/\/elcanillita.info\/press\/images\/2023\/01\/ferar20210129.jpg","width":600,"height":400},{"@type":"WebSite","@id":"https:\/\/elcanillita.info\/press\/#website","url":"https:\/\/elcanillita.info\/press\/","name":"ElCanillita.Info","description":"desde los Apeninos a los Andes","publisher":{"@id":"https:\/\/elcanillita.info\/press\/#organization"},"potentialAction":[{"@type":"SearchAction","target":{"@type":"EntryPoint","urlTemplate":"https:\/\/elcanillita.info\/press\/?s={search_term_string}"},"query-input":{"@type":"PropertyValueSpecification","valueRequired":true,"valueName":"search_term_string"}}],"inLanguage":"es-AR"},{"@type":"Organization","@id":"https:\/\/elcanillita.info\/press\/#organization","name":"Guzzo Photos & Graphic Publications","url":"https:\/\/elcanillita.info\/press\/","logo":{"@type":"ImageObject","inLanguage":"es-AR","@id":"https:\/\/elcanillita.info\/press\/#\/schema\/logo\/image\/","url":"https:\/\/elcanillita.info\/press\/images\/2020\/01\/cropped-cropped-cropped-elcanillitainfo.png","contentUrl":"https:\/\/elcanillita.info\/press\/images\/2020\/01\/cropped-cropped-cropped-elcanillitainfo.png","width":460,"height":50,"caption":"Guzzo Photos & Graphic Publications"},"image":{"@id":"https:\/\/elcanillita.info\/press\/#\/schema\/logo\/image\/"},"sameAs":["https:\/\/ar-ar.facebook.com\/ElCanillitainfo-114249515285712\/"]},{"@type":"Person","@id":"https:\/\/elcanillita.info\/press\/#\/schema\/person\/7fcb79f38045700919f7da6d97e71ba0","name":"SalaStampa.eu, world press service","image":{"@type":"ImageObject","inLanguage":"es-AR","@id":"https:\/\/secure.gravatar.com\/avatar\/c2f0e0d515a107624234994507816ca4724c7199cef73fc8bedebf6931d73888?s=96&d=mm&r=g","url":"https:\/\/secure.gravatar.com\/avatar\/c2f0e0d515a107624234994507816ca4724c7199cef73fc8bedebf6931d73888?s=96&d=mm&r=g","contentUrl":"https:\/\/secure.gravatar.com\/avatar\/c2f0e0d515a107624234994507816ca4724c7199cef73fc8bedebf6931d73888?s=96&d=mm&r=g","caption":"SalaStampa.eu, world press service"}}]}},"views":360,"_links":{"self":[{"href":"https:\/\/elcanillita.info\/press\/wp-json\/wp\/v2\/posts\/3227","targetHints":{"allow":["GET"]}}],"collection":[{"href":"https:\/\/elcanillita.info\/press\/wp-json\/wp\/v2\/posts"}],"about":[{"href":"https:\/\/elcanillita.info\/press\/wp-json\/wp\/v2\/types\/post"}],"author":[{"embeddable":true,"href":"https:\/\/elcanillita.info\/press\/wp-json\/wp\/v2\/users\/1"}],"replies":[{"embeddable":true,"href":"https:\/\/elcanillita.info\/press\/wp-json\/wp\/v2\/comments?post=3227"}],"version-history":[{"count":0,"href":"https:\/\/elcanillita.info\/press\/wp-json\/wp\/v2\/posts\/3227\/revisions"}],"wp:featuredmedia":[{"embeddable":true,"href":"https:\/\/elcanillita.info\/press\/wp-json\/wp\/v2\/media\/3228"}],"wp:attachment":[{"href":"https:\/\/elcanillita.info\/press\/wp-json\/wp\/v2\/media?parent=3227"}],"wp:term":[{"taxonomy":"category","embeddable":true,"href":"https:\/\/elcanillita.info\/press\/wp-json\/wp\/v2\/categories?post=3227"},{"taxonomy":"post_tag","embeddable":true,"href":"https:\/\/elcanillita.info\/press\/wp-json\/wp\/v2\/tags?post=3227"}],"curies":[{"name":"wp","href":"https:\/\/api.w.org\/{rel}","templated":true}]}}