{"id":3223,"date":"2023-01-22T11:44:16","date_gmt":"2023-01-22T14:44:16","guid":{"rendered":"https:\/\/elcanillita.info\/press\/?p=3223"},"modified":"2023-04-07T06:47:07","modified_gmt":"2023-04-07T09:47:07","slug":"el-famoso-cartel-de-cocaina-de-colombia-paso-a-la-clandestinidad-en-el-reino-unido","status":"publish","type":"post","link":"https:\/\/elcanillita.info\/press\/2023\/01\/22\/el-famoso-cartel-de-cocaina-de-colombia-paso-a-la-clandestinidad-en-el-reino-unido\/","title":{"rendered":"El famoso c\u00e1rtel de coca\u00edna de Colombia pas\u00f3 a la clandestinidad en el Reino Unido"},"content":{"rendered":"\n<figure class=\"wp-block-image size-large\"><img decoding=\"async\" src=\"https:\/\/elcanillita.info\/press\/images\/2023\/01\/cal_7_20230122.jpg\" alt=\"\"\/><figcaption><small>Fuerzas del orden luego del tiroteo cerca de la estaci\u00f3n de Euston<\/small><\/figcaption><\/figure>\n\n\n\n<p>Londres, 22 enero 2023<br>El tiroteo durante un funeral en Londres la semanapasada, es una se\u00f1al de lucha armada que va en aumento en gran parte del Reino Unido.<\/p>\n\n\n\n<p>La sensaci\u00f3n de alarma en la capital creci\u00f3 a\u00fan m\u00e1s cuando se supo que las dos mujeres homenajeadas estaban relacionadas con un miembro del cartel de la droga de Cali, en Colombia.<\/p>\n\n\n\n<p>La Polic\u00eda Metropolitana se apresur\u00f3 a acallar las especulaciones de que los capos sudamericanos de la droga pudieran estar implicados en guerras territoriales en Gran Breta\u00f1a. Y si es cierto que son clanes albaneses, y no colombianos quienes dominan el creciente tr\u00e1fico de coca\u00edna que asola el pa\u00eds, quedan evidenciados rastros del c\u00e9lebre cartel de Cali, que hacen de &#8220;palo&#8221; y son apreciados. Sus servicios son solicitados por narcotraficantes, traficantes de personas y de armas.<\/p>\n\n\n\n<p>Los investigadores creen que algunos llevan m\u00e1s de 20 a\u00f1os operando en la sombra, comerciando con conocimientos m\u00e1s que con drogas o violencia, y manteni\u00e9ndose lejos de la primera l\u00ednea de la guerra contra el narcotr\u00e1fico, donde corren riesgo de quedar expuestos a la polic\u00eda, a sus rivales o a ambos.<br><br>Seg\u00fan un experto de renombre internacional en materia de delincuencia organizada, el tiroteo de Euston deber\u00eda servir de &#8220;alerta roja&#8221; a Scotland Yard, sobre la posibilidad de que una oleada de violencia armada est\u00e9 a punto de desatarse en la capital.<\/p>\n\n\n\n<figure class=\"wp-block-image size-large\"><img decoding=\"async\" src=\"https:\/\/elcanillita.info\/press\/images\/2023\/01\/cal_3_20230122.jpg\" alt=\"\"\/><figcaption><small>Carlos Arturo S\u00e1nchez-Coronado y su hija Sara &#8211; Cr\u00e9dito: Facebook<\/small><\/figcaption><\/figure>\n\n\n\n<p>Fue en 2009 cuando el blanqueador de dinero del c\u00e1rtel de Cali en el Reino Unido, Carlos Arturo S\u00e1nchez-Coronado, qued\u00f3 al descubierto, tras ser extraditado de Colombia al Reino Unido, y se declar\u00f3 culpable de cargos relacionados con la falsificaci\u00f3n de documentos y el blanqueo de dinero. Muri\u00f3 el a\u00f1o pasado y meses despu\u00e9s su viuda, Fresia Calder\u00f3n, falleci\u00f3 de trombosis tras volar a Londres desde Colombia, donde hab\u00eda estado visitando a la familia de su difunto marido. Su hija Sara S\u00e1nchez muri\u00f3 tres semanas m\u00e1s tarde de leucemia.<\/p>\n\n\n\n<p>El s\u00e1bado de la semana pasada, durante una misa en memoria de las dos mujeres en la iglesia cat\u00f3lica romana de St Aloysius, cerca de la estaci\u00f3n de Euston, un hombre armado dispar\u00f3 contra la multitud de dolientes desde un Toyota negro que pasaba por all\u00ed a las 13.30 horas. Cuatro mujeres y dos ni\u00f1as fueron alcanzadas por los disparos; la m\u00e1s afectada fue una ni\u00f1a de siete a\u00f1os que permanece hospitalizada con heridas &#8220;graves&#8221;.<\/p>\n\n\n\n<figure class=\"wp-block-image size-large\"><img decoding=\"async\" src=\"https:\/\/elcanillita.info\/press\/images\/2023\/01\/cal_5_20230122.jpg\" alt=\"\"\/><figcaption><small>Traslado de heridos luego del atentado contra fieles de iglesia cat\u00f3lica romana de St Aloysius, Euston<\/small><\/figcaption><\/figure>\n\n\n\n<p>Scotland Yard ha declarado que sigue intentando determinar qui\u00e9n era el objetivo del ataque. Un hombre de 22 a\u00f1os fue detenido y posteriormente puesto en libertad bajo fianza por la polic\u00eda, cuyas investigaciones contin\u00faan.<\/p>\n\n\n\n<p> Sea cual sea el resultado de las pesquisas de la Yard, el tiroteo ha vuelto a sacar a la superficie el nombre dormido del c\u00e1rtel de Cali.<\/p>\n\n\n\n<p>Llamado as\u00ed por la ciudad colombiana en la que tiene su sede el cartel de Cali, lleg\u00f3 a controlar m\u00e1s del 90% del mercado mundial de coca\u00edna a mediados de los a\u00f1os noventa, antes de que la Agencia Antidroga estadounidense (DEA) y la polic\u00eda colombiana consiguieran acorralar a sus l\u00edderes en una serie de redadas realizadas en el arco de dos meses.<\/p>\n\n\n\n<p>El cartel controlaba una parte enorme de la oferta de drogas en el Reino Unido que, cuando fue desmantelado, el precio de la coca\u00edna aument\u00f3 un 50%.<\/p>\n\n\n\n<p>Seg\u00fan Martin Verrier, investigador del Royal United Services Institute, algunos de sus miembros restantes se unieron al cartel del Norte del Valle, en la cercana Buenaventura, pero otros, abandonados en Europa, se reinventaron a s\u00ed mismos como reparadores aut\u00f3nomos para otras bandas del crimen organizado.<\/p>\n\n\n\n<p>&#8220;Varios individuos que estuvieron implicados en el c\u00e1rtel de Cali en el Reino Unido, siguen operando, pero trabajan por cuenta propia&#8221;, afirma. Las bandas albanesas controlan el tr\u00e1fico de drogas en Gran Breta\u00f1a -desde la cadena de suministro a trav\u00e9s del Atl\u00e1ntico hasta los traficantes de los condados-, pero para importar coca\u00edna necesitan un intermediario local, alguien que conozca a la gente adecuada&#8221;.<\/p>\n\n\n\n<p>Estos &#8220;residentes&#8221; son cruciales para las bandas, porque sin ellos ser\u00eda muy dif\u00edcil acceder r\u00e1pidamente a todos los servicios criminales que necesitan: documentos falsos, lavado de dinero, empresas fachada.<\/p>\n\n\n\n<p>&#8220;Entre ellos hay antiguos miembros del cartel de Cali, muy respetados porque el cartel era m\u00e1s sofisticado que sus rivales. Se les conoc\u00eda como el KGB de los c\u00e1rteles colombianos&#8221;.<\/p>\n\n\n\n<p>Al igual que el IRA durante los conflictos, el c\u00e1rtel de Cali operaba en c\u00e9lulas independientes, cada una de las cuales desconoc\u00eda a la siguiente. Sus l\u00edderes eran conocidos como los &#8220;Caballeros de Cali&#8221; porque pertenec\u00edan a clase media y ten\u00edan mejor educaci\u00f3n que sus rivales.<\/p>\n\n\n\n<p>Una fuente policial brit\u00e1nica de alto nivel confirm\u00f3 que, aunque los sudamericanos no tienen una presencia significativa en los grupos de delincuencia organizada del Reino Unido, mantienen inter\u00e9s en la participaci\u00f3n.<\/p>\n\n\n\n<p>&#8220;La mayor\u00eda de los grupos delictivos de Gran Breta\u00f1a son aut\u00f3ctonos, pero hay grupos de otros pa\u00edses, sobre todo de Albania, Ruman\u00eda, Rusia y Vietnam&#8221;, afirma la fuente.<\/p>\n\n\n\n<p>&#8220;Se dedican principalmente al suministro y la distribuci\u00f3n de drogas, y ah\u00ed es donde entra en juego el v\u00ednculo con Sudam\u00e9rica y Centroam\u00e9rica. Dado que gran parte de la coca\u00edna mundial procede de esa regi\u00f3n, con el gesto c\u00f3mplice com\u00fan de varios gobiernos y el apoyo de personas en el Reino Unido que trabajan como enlaces con otros grupos de delincuencia organizada. Obviamente necesitan tener presencia en el Reino Unido para garantizar que las operaciones de blanqueo de dinero se desarrollen sin problemas.<\/p>\n\n\n\n<p>&#8220;Esa es la raz\u00f3n por la cual los grupos de delincuencia organizada m\u00e1s despiadados, intentan pasar desapercibidos. La violencia y el caos son malos para los negocios. Llama la atenci\u00f3n de las autoridades y perturba el comercio. Por eso, aunque los c\u00e1rteles operan en el Reino Unido, es raro que llamen la atenci\u00f3n del p\u00fablico&#8221;.<\/p>\n\n\n\n<p>Curiosamente, seg\u00fan Verrier, los tiroteos en ceremonias religiosas son un rasgo distintivo de las bandas sudamericanas.<\/p>\n\n\n\n<p>&#8220;La religi\u00f3n es muy importante en la cultura de los c\u00e1rteles sudamericanos&#8221;, afirma. &#8220;No es raro que los ataques se produzcan en funerales y actos religiosos. La cantidad de gente que acude a ellos es una demostraci\u00f3n de fuerza por parte de un bando, y por eso se convierten en objetivos prioritarios para el otro&#8221;.<\/p>\n\n\n\n<p>Verrier afirma que los tiroteos de Euston deber\u00edan servir de advertencia a la polic\u00eda de que pueden avecinarse m\u00e1s actos violentos.<\/p>\n\n\n\n<p>&#8220;El Reino Unido es uno de los mercados de coca\u00edna m\u00e1s desarrollados del mundo&#8221;, afirma. &#8220;Tiene una de las coca\u00ednas m\u00e1s puras y baratas de Europa, lo que da idea del enorme volumen de coca\u00edna que entra en Gran Breta\u00f1a en estos momentos&#8221;.<\/p>\n\n\n\n<p>&#8220;Cuando se da este tipo de situaci\u00f3n, tarde o temprano aparece la violencia. Lo hemos visto en otros pa\u00edses como Holanda y B\u00e9lgica, desde que el norte de Europa super\u00f3 al sur como principal punto de entrada, y si las bandas creen que pueden aumentar su cuota de mercado utilizando la violencia, lo har\u00e1n&#8221;.<\/p>\n\n\n\n<p>En 2010, Espa\u00f1a era el principal punto de entrada de la coca\u00edna que llegaba a Europa desde Sudam\u00e9rica. Una d\u00e9cada despu\u00e9s, los puertos belgas manipulaban el doble de toneladas de coca\u00edna que Espa\u00f1a. Las incautaciones de coca\u00edna en B\u00e9lgica ascendieron a 70,2 toneladas en 2020, frente a 36,9 toneladas en Espa\u00f1a, mientras que en los Pa\u00edses Bajos se incautaron 48,9 toneladas.<\/p>\n\n\n\n<p>Los puertos de Amberes y Rotterdam son ahora los preferidos por las bandas, porque acercan la droga a los principales mercados, sobre todo Gran Breta\u00f1a. En 2021, las incautaciones de coca\u00edna s\u00f3lo en Amberes ascend\u00edan a 90 toneladas, con un valor en la calle de 11.000 millones de libras.<\/p>\n\n\n\n<p>La droga llega en portacontenedores, en cruceros e incluso atada a los cascos de buques mercantes, que tienen que ser revisados por buzos en busca de paquetes bajo la l\u00ednea de flotaci\u00f3n. Por mucho que se incaute, la droga llega en abundancia, y las p\u00e9rdidas se compensan r\u00e1pidamente aumentando el precio para los siempre \u00e1vidos consumidores.<\/p>\n\n\n\n<p>Los albaneses han conseguido arrebatar el control de las rutas de la droga a los c\u00e1rteles y a la mafia, no s\u00f3lo por ser los m\u00e1s despiadadamente violentos, sino en gran medida por ser m\u00e1s profesionales que sus rivales, a menudo ca\u00f3ticos.<\/p>\n\n\n\n<p>Aplicando m\u00e9todos empresariales al tr\u00e1fico de drogas, rebajando a sus rivales y haciendo que sus operaciones sean m\u00e1s eficientes, pueden ofrecer un mejor precio a los productores y redes de Colombia y Ecuador. Una vez que la coca\u00edna sale de las f\u00e1bricas, los albaneses se encargan de todo, desde la preparaci\u00f3n de los cargamentos hasta la distribuci\u00f3n en las manos de los clientes. Tambi\u00e9n prefieren evitar la violencia, porque atrae una atenci\u00f3n no deseada; a menudo les bastan las amenazas.<\/p>\n\n\n\n<p>La delincuencia armada en Londres se ha reducido a la mitad en la \u00faltima d\u00e9cada, pero en la mayor\u00eda de las dem\u00e1s zonas de Inglaterra y Gales va en aumento, en gran parte debido a las bandas de narcotraficantes de las l\u00edneas comarcales.<\/p>\n\n\n\n<p>Seg\u00fan el informe &#8220;2020 review of the illegal drugs trade&#8221; de Dame Carol Black, encargado por el Ministerio del Interior y el Departamento de Sanidad y Asistencia Social, el mercado de la coca\u00edna en Inglaterra y Gales mueve unos 2.000 millones de libras al a\u00f1o, con casi un mill\u00f3n de consumidores activos.<\/p>\n\n\n\n<p>Los tiroteos relacionados con las drogas siguen siendo comparativamente raros: las \u00faltimas cifras del Ministerio del Interior muestran 35 homicidios con armas de fuego en Inglaterra y Gales en 2020\/21, en comparaci\u00f3n con 61 en 2011. Colombia, con una poblaci\u00f3n menor que la del Reino Unido, registra m\u00e1s de 13.000 muertes por arma de fuego al a\u00f1o.<\/p>\n\n\n\n<p>El verdadero peaje del tr\u00e1fico de drogas, por supuesto, s\u00f3lo puede medirse cuando se tiene en cuenta el n\u00famero de muertes entre los consumidores.<\/p>\n\n\n\n<p>Las muertes por coca\u00edna han aumentado cada a\u00f1o durante la \u00faltima d\u00e9cada. En 2011, se produjeron 112 muertes por coca\u00edna en Inglaterra y Gales. En 2021, esa cifra hab\u00eda aumentado a 840. Independientemente de que sus drogas fueran manipuladas por colombianos o albaneses, el dolor que sentir\u00e1n sus familias ser\u00e1 el mismo.<br><br><small>Copyright \u00a9 2023 SalaStampa.Eu &#8211; ElCanillita.info &#8211; &#8220;Leer puede causar Independencia&#8221; &#8211; rmag<\/small><\/p>\n","protected":false},"excerpt":{"rendered":"<p>El Reino Unido es uno de los mercados de coca\u00edna m\u00e1s desarrollados del mundo.<\/p>\n","protected":false},"author":1,"featured_media":3224,"comment_status":"closed","ping_status":"closed","sticky":false,"template":"","format":"standard","meta":{"footnotes":"","_links_to":"","_links_to_target":""},"categories":[108,70,22,116,25],"tags":[58],"class_list":["post-3223","post","type-post","status-publish","format-standard","has-post-thumbnail","hentry","category-blogdiario","category-actualidad","category-justicia","category-united-kingdom","category-sociedad","tag-reino-unido","entry","double"],"yoast_head":"<!-- This site is optimized with the Yoast SEO plugin v27.5 - https:\/\/yoast.com\/product\/yoast-seo-wordpress\/ -->\n<title>El famoso c\u00e1rtel de coca\u00edna de Colombia pas\u00f3 a la clandestinidad en el Reino Unido - ElCanillita.Info<\/title>\n<meta name=\"description\" content=\"El cartel de Cali, lleg\u00f3 a controlar m\u00e1s del 90% del mercado mundial de coca\u00edna a mediados de los a\u00f1os noventa, antes de que la Agencia Antidroga estadounidense (DEA) y la polic\u00eda colombiana consiguieran acorralar a sus l\u00edderes en una serie de redadas realizadas en el arco de dos meses.\" \/>\n<meta name=\"robots\" content=\"index, follow, max-snippet:-1, max-image-preview:large, max-video-preview:-1\" \/>\n<link rel=\"canonical\" href=\"https:\/\/elcanillita.info\/press\/2023\/01\/22\/el-famoso-cartel-de-cocaina-de-colombia-paso-a-la-clandestinidad-en-el-reino-unido\/\" \/>\n<meta property=\"og:locale\" content=\"es_ES\" \/>\n<meta property=\"og:type\" content=\"article\" \/>\n<meta property=\"og:title\" content=\"El famoso c\u00e1rtel de coca\u00edna de Colombia pas\u00f3 a la clandestinidad en el Reino Unido - ElCanillita.Info\" \/>\n<meta property=\"og:description\" content=\"El cartel de Cali, lleg\u00f3 a controlar m\u00e1s del 90% del mercado mundial de coca\u00edna a mediados de los a\u00f1os noventa, antes de que la Agencia Antidroga estadounidense (DEA) y la polic\u00eda colombiana consiguieran acorralar a sus l\u00edderes en una serie de redadas realizadas en el arco de dos meses.\" \/>\n<meta property=\"og:url\" content=\"https:\/\/elcanillita.info\/press\/2023\/01\/22\/el-famoso-cartel-de-cocaina-de-colombia-paso-a-la-clandestinidad-en-el-reino-unido\/\" \/>\n<meta property=\"og:site_name\" content=\"ElCanillita.Info\" \/>\n<meta property=\"article:publisher\" content=\"https:\/\/ar-ar.facebook.com\/ElCanillitainfo-114249515285712\/\" \/>\n<meta property=\"article:published_time\" content=\"2023-01-22T14:44:16+00:00\" \/>\n<meta property=\"article:modified_time\" content=\"2023-04-07T09:47:07+00:00\" \/>\n<meta property=\"og:image\" content=\"https:\/\/elcanillita.info\/press\/images\/2023\/01\/cal_1_20230122-1.jpg\" \/>\n\t<meta property=\"og:image:width\" content=\"600\" \/>\n\t<meta property=\"og:image:height\" content=\"400\" \/>\n\t<meta property=\"og:image:type\" content=\"image\/jpeg\" \/>\n<meta name=\"author\" content=\"SalaStampa.eu, world press service\" \/>\n<meta name=\"twitter:card\" content=\"summary_large_image\" \/>\n<meta name=\"twitter:label1\" content=\"Escrito por\" \/>\n\t<meta name=\"twitter:data1\" content=\"SalaStampa.eu, world press service\" \/>\n\t<meta name=\"twitter:label2\" content=\"Tiempo de lectura\" \/>\n\t<meta name=\"twitter:data2\" content=\"9 minutos\" \/>\n<script type=\"application\/ld+json\" class=\"yoast-schema-graph\">{\"@context\":\"https:\\\/\\\/schema.org\",\"@graph\":[{\"@type\":\"Article\",\"@id\":\"https:\\\/\\\/elcanillita.info\\\/press\\\/2023\\\/01\\\/22\\\/el-famoso-cartel-de-cocaina-de-colombia-paso-a-la-clandestinidad-en-el-reino-unido\\\/#article\",\"isPartOf\":{\"@id\":\"https:\\\/\\\/elcanillita.info\\\/press\\\/2023\\\/01\\\/22\\\/el-famoso-cartel-de-cocaina-de-colombia-paso-a-la-clandestinidad-en-el-reino-unido\\\/\"},\"author\":{\"name\":\"SalaStampa.eu, world press service\",\"@id\":\"https:\\\/\\\/elcanillita.info\\\/press\\\/#\\\/schema\\\/person\\\/7fcb79f38045700919f7da6d97e71ba0\"},\"headline\":\"El famoso c\u00e1rtel de coca\u00edna de Colombia pas\u00f3 a la clandestinidad en el Reino Unido\",\"datePublished\":\"2023-01-22T14:44:16+00:00\",\"dateModified\":\"2023-04-07T09:47:07+00:00\",\"mainEntityOfPage\":{\"@id\":\"https:\\\/\\\/elcanillita.info\\\/press\\\/2023\\\/01\\\/22\\\/el-famoso-cartel-de-cocaina-de-colombia-paso-a-la-clandestinidad-en-el-reino-unido\\\/\"},\"wordCount\":1862,\"publisher\":{\"@id\":\"https:\\\/\\\/elcanillita.info\\\/press\\\/#organization\"},\"image\":{\"@id\":\"https:\\\/\\\/elcanillita.info\\\/press\\\/2023\\\/01\\\/22\\\/el-famoso-cartel-de-cocaina-de-colombia-paso-a-la-clandestinidad-en-el-reino-unido\\\/#primaryimage\"},\"thumbnailUrl\":\"https:\\\/\\\/elcanillita.info\\\/press\\\/images\\\/2023\\\/01\\\/cal_1_20230122-1.jpg\",\"keywords\":[\"Reino Unido\"],\"articleSection\":[\".\",\"Actualidad\",\"Justicia\",\"Reino Unido\",\"Sociedad\"],\"inLanguage\":\"es-AR\"},{\"@type\":\"WebPage\",\"@id\":\"https:\\\/\\\/elcanillita.info\\\/press\\\/2023\\\/01\\\/22\\\/el-famoso-cartel-de-cocaina-de-colombia-paso-a-la-clandestinidad-en-el-reino-unido\\\/\",\"url\":\"https:\\\/\\\/elcanillita.info\\\/press\\\/2023\\\/01\\\/22\\\/el-famoso-cartel-de-cocaina-de-colombia-paso-a-la-clandestinidad-en-el-reino-unido\\\/\",\"name\":\"El famoso c\u00e1rtel de coca\u00edna de Colombia pas\u00f3 a la clandestinidad en el Reino Unido - ElCanillita.Info\",\"isPartOf\":{\"@id\":\"https:\\\/\\\/elcanillita.info\\\/press\\\/#website\"},\"primaryImageOfPage\":{\"@id\":\"https:\\\/\\\/elcanillita.info\\\/press\\\/2023\\\/01\\\/22\\\/el-famoso-cartel-de-cocaina-de-colombia-paso-a-la-clandestinidad-en-el-reino-unido\\\/#primaryimage\"},\"image\":{\"@id\":\"https:\\\/\\\/elcanillita.info\\\/press\\\/2023\\\/01\\\/22\\\/el-famoso-cartel-de-cocaina-de-colombia-paso-a-la-clandestinidad-en-el-reino-unido\\\/#primaryimage\"},\"thumbnailUrl\":\"https:\\\/\\\/elcanillita.info\\\/press\\\/images\\\/2023\\\/01\\\/cal_1_20230122-1.jpg\",\"datePublished\":\"2023-01-22T14:44:16+00:00\",\"dateModified\":\"2023-04-07T09:47:07+00:00\",\"description\":\"El cartel de Cali, lleg\u00f3 a controlar m\u00e1s del 90% del mercado mundial de coca\u00edna a mediados de los a\u00f1os noventa, antes de que la Agencia Antidroga estadounidense (DEA) y la polic\u00eda colombiana consiguieran acorralar a sus l\u00edderes en una serie de redadas realizadas en el arco de dos meses.\",\"inLanguage\":\"es-AR\",\"potentialAction\":[{\"@type\":\"ReadAction\",\"target\":[\"https:\\\/\\\/elcanillita.info\\\/press\\\/2023\\\/01\\\/22\\\/el-famoso-cartel-de-cocaina-de-colombia-paso-a-la-clandestinidad-en-el-reino-unido\\\/\"]}]},{\"@type\":\"ImageObject\",\"inLanguage\":\"es-AR\",\"@id\":\"https:\\\/\\\/elcanillita.info\\\/press\\\/2023\\\/01\\\/22\\\/el-famoso-cartel-de-cocaina-de-colombia-paso-a-la-clandestinidad-en-el-reino-unido\\\/#primaryimage\",\"url\":\"https:\\\/\\\/elcanillita.info\\\/press\\\/images\\\/2023\\\/01\\\/cal_1_20230122-1.jpg\",\"contentUrl\":\"https:\\\/\\\/elcanillita.info\\\/press\\\/images\\\/2023\\\/01\\\/cal_1_20230122-1.jpg\",\"width\":600,\"height\":400},{\"@type\":\"WebSite\",\"@id\":\"https:\\\/\\\/elcanillita.info\\\/press\\\/#website\",\"url\":\"https:\\\/\\\/elcanillita.info\\\/press\\\/\",\"name\":\"ElCanillita.Info\",\"description\":\"desde los Apeninos a los Andes\",\"publisher\":{\"@id\":\"https:\\\/\\\/elcanillita.info\\\/press\\\/#organization\"},\"potentialAction\":[{\"@type\":\"SearchAction\",\"target\":{\"@type\":\"EntryPoint\",\"urlTemplate\":\"https:\\\/\\\/elcanillita.info\\\/press\\\/?s={search_term_string}\"},\"query-input\":{\"@type\":\"PropertyValueSpecification\",\"valueRequired\":true,\"valueName\":\"search_term_string\"}}],\"inLanguage\":\"es-AR\"},{\"@type\":\"Organization\",\"@id\":\"https:\\\/\\\/elcanillita.info\\\/press\\\/#organization\",\"name\":\"Guzzo Photos & Graphic Publications\",\"url\":\"https:\\\/\\\/elcanillita.info\\\/press\\\/\",\"logo\":{\"@type\":\"ImageObject\",\"inLanguage\":\"es-AR\",\"@id\":\"https:\\\/\\\/elcanillita.info\\\/press\\\/#\\\/schema\\\/logo\\\/image\\\/\",\"url\":\"https:\\\/\\\/elcanillita.info\\\/press\\\/images\\\/2020\\\/01\\\/cropped-cropped-cropped-elcanillitainfo.png\",\"contentUrl\":\"https:\\\/\\\/elcanillita.info\\\/press\\\/images\\\/2020\\\/01\\\/cropped-cropped-cropped-elcanillitainfo.png\",\"width\":460,\"height\":50,\"caption\":\"Guzzo Photos & Graphic Publications\"},\"image\":{\"@id\":\"https:\\\/\\\/elcanillita.info\\\/press\\\/#\\\/schema\\\/logo\\\/image\\\/\"},\"sameAs\":[\"https:\\\/\\\/ar-ar.facebook.com\\\/ElCanillitainfo-114249515285712\\\/\"]},{\"@type\":\"Person\",\"@id\":\"https:\\\/\\\/elcanillita.info\\\/press\\\/#\\\/schema\\\/person\\\/7fcb79f38045700919f7da6d97e71ba0\",\"name\":\"SalaStampa.eu, world press service\",\"image\":{\"@type\":\"ImageObject\",\"inLanguage\":\"es-AR\",\"@id\":\"https:\\\/\\\/secure.gravatar.com\\\/avatar\\\/c2f0e0d515a107624234994507816ca4724c7199cef73fc8bedebf6931d73888?s=96&d=mm&r=g\",\"url\":\"https:\\\/\\\/secure.gravatar.com\\\/avatar\\\/c2f0e0d515a107624234994507816ca4724c7199cef73fc8bedebf6931d73888?s=96&d=mm&r=g\",\"contentUrl\":\"https:\\\/\\\/secure.gravatar.com\\\/avatar\\\/c2f0e0d515a107624234994507816ca4724c7199cef73fc8bedebf6931d73888?s=96&d=mm&r=g\",\"caption\":\"SalaStampa.eu, world press service\"}}]}<\/script>\n<!-- \/ Yoast SEO plugin. -->","yoast_head_json":{"title":"El famoso c\u00e1rtel de coca\u00edna de Colombia pas\u00f3 a la clandestinidad en el Reino Unido - ElCanillita.Info","description":"El cartel de Cali, lleg\u00f3 a controlar m\u00e1s del 90% del mercado mundial de coca\u00edna a mediados de los a\u00f1os noventa, antes de que la Agencia Antidroga estadounidense (DEA) y la polic\u00eda colombiana consiguieran acorralar a sus l\u00edderes en una serie de redadas realizadas en el arco de dos meses.","robots":{"index":"index","follow":"follow","max-snippet":"max-snippet:-1","max-image-preview":"max-image-preview:large","max-video-preview":"max-video-preview:-1"},"canonical":"https:\/\/elcanillita.info\/press\/2023\/01\/22\/el-famoso-cartel-de-cocaina-de-colombia-paso-a-la-clandestinidad-en-el-reino-unido\/","og_locale":"es_ES","og_type":"article","og_title":"El famoso c\u00e1rtel de coca\u00edna de Colombia pas\u00f3 a la clandestinidad en el Reino Unido - ElCanillita.Info","og_description":"El cartel de Cali, lleg\u00f3 a controlar m\u00e1s del 90% del mercado mundial de coca\u00edna a mediados de los a\u00f1os noventa, antes de que la Agencia Antidroga estadounidense (DEA) y la polic\u00eda colombiana consiguieran acorralar a sus l\u00edderes en una serie de redadas realizadas en el arco de dos meses.","og_url":"https:\/\/elcanillita.info\/press\/2023\/01\/22\/el-famoso-cartel-de-cocaina-de-colombia-paso-a-la-clandestinidad-en-el-reino-unido\/","og_site_name":"ElCanillita.Info","article_publisher":"https:\/\/ar-ar.facebook.com\/ElCanillitainfo-114249515285712\/","article_published_time":"2023-01-22T14:44:16+00:00","article_modified_time":"2023-04-07T09:47:07+00:00","og_image":[{"width":600,"height":400,"url":"https:\/\/elcanillita.info\/press\/images\/2023\/01\/cal_1_20230122-1.jpg","type":"image\/jpeg"}],"author":"SalaStampa.eu, world press service","twitter_card":"summary_large_image","twitter_misc":{"Escrito por":"SalaStampa.eu, world press service","Tiempo de lectura":"9 minutos"},"schema":{"@context":"https:\/\/schema.org","@graph":[{"@type":"Article","@id":"https:\/\/elcanillita.info\/press\/2023\/01\/22\/el-famoso-cartel-de-cocaina-de-colombia-paso-a-la-clandestinidad-en-el-reino-unido\/#article","isPartOf":{"@id":"https:\/\/elcanillita.info\/press\/2023\/01\/22\/el-famoso-cartel-de-cocaina-de-colombia-paso-a-la-clandestinidad-en-el-reino-unido\/"},"author":{"name":"SalaStampa.eu, world press service","@id":"https:\/\/elcanillita.info\/press\/#\/schema\/person\/7fcb79f38045700919f7da6d97e71ba0"},"headline":"El famoso c\u00e1rtel de coca\u00edna de Colombia pas\u00f3 a la clandestinidad en el Reino Unido","datePublished":"2023-01-22T14:44:16+00:00","dateModified":"2023-04-07T09:47:07+00:00","mainEntityOfPage":{"@id":"https:\/\/elcanillita.info\/press\/2023\/01\/22\/el-famoso-cartel-de-cocaina-de-colombia-paso-a-la-clandestinidad-en-el-reino-unido\/"},"wordCount":1862,"publisher":{"@id":"https:\/\/elcanillita.info\/press\/#organization"},"image":{"@id":"https:\/\/elcanillita.info\/press\/2023\/01\/22\/el-famoso-cartel-de-cocaina-de-colombia-paso-a-la-clandestinidad-en-el-reino-unido\/#primaryimage"},"thumbnailUrl":"https:\/\/elcanillita.info\/press\/images\/2023\/01\/cal_1_20230122-1.jpg","keywords":["Reino Unido"],"articleSection":[".","Actualidad","Justicia","Reino Unido","Sociedad"],"inLanguage":"es-AR"},{"@type":"WebPage","@id":"https:\/\/elcanillita.info\/press\/2023\/01\/22\/el-famoso-cartel-de-cocaina-de-colombia-paso-a-la-clandestinidad-en-el-reino-unido\/","url":"https:\/\/elcanillita.info\/press\/2023\/01\/22\/el-famoso-cartel-de-cocaina-de-colombia-paso-a-la-clandestinidad-en-el-reino-unido\/","name":"El famoso c\u00e1rtel de coca\u00edna de Colombia pas\u00f3 a la clandestinidad en el Reino Unido - ElCanillita.Info","isPartOf":{"@id":"https:\/\/elcanillita.info\/press\/#website"},"primaryImageOfPage":{"@id":"https:\/\/elcanillita.info\/press\/2023\/01\/22\/el-famoso-cartel-de-cocaina-de-colombia-paso-a-la-clandestinidad-en-el-reino-unido\/#primaryimage"},"image":{"@id":"https:\/\/elcanillita.info\/press\/2023\/01\/22\/el-famoso-cartel-de-cocaina-de-colombia-paso-a-la-clandestinidad-en-el-reino-unido\/#primaryimage"},"thumbnailUrl":"https:\/\/elcanillita.info\/press\/images\/2023\/01\/cal_1_20230122-1.jpg","datePublished":"2023-01-22T14:44:16+00:00","dateModified":"2023-04-07T09:47:07+00:00","description":"El cartel de Cali, lleg\u00f3 a controlar m\u00e1s del 90% del mercado mundial de coca\u00edna a mediados de los a\u00f1os noventa, antes de que la Agencia Antidroga estadounidense (DEA) y la polic\u00eda colombiana consiguieran acorralar a sus l\u00edderes en una serie de redadas realizadas en el arco de dos meses.","inLanguage":"es-AR","potentialAction":[{"@type":"ReadAction","target":["https:\/\/elcanillita.info\/press\/2023\/01\/22\/el-famoso-cartel-de-cocaina-de-colombia-paso-a-la-clandestinidad-en-el-reino-unido\/"]}]},{"@type":"ImageObject","inLanguage":"es-AR","@id":"https:\/\/elcanillita.info\/press\/2023\/01\/22\/el-famoso-cartel-de-cocaina-de-colombia-paso-a-la-clandestinidad-en-el-reino-unido\/#primaryimage","url":"https:\/\/elcanillita.info\/press\/images\/2023\/01\/cal_1_20230122-1.jpg","contentUrl":"https:\/\/elcanillita.info\/press\/images\/2023\/01\/cal_1_20230122-1.jpg","width":600,"height":400},{"@type":"WebSite","@id":"https:\/\/elcanillita.info\/press\/#website","url":"https:\/\/elcanillita.info\/press\/","name":"ElCanillita.Info","description":"desde los Apeninos a los Andes","publisher":{"@id":"https:\/\/elcanillita.info\/press\/#organization"},"potentialAction":[{"@type":"SearchAction","target":{"@type":"EntryPoint","urlTemplate":"https:\/\/elcanillita.info\/press\/?s={search_term_string}"},"query-input":{"@type":"PropertyValueSpecification","valueRequired":true,"valueName":"search_term_string"}}],"inLanguage":"es-AR"},{"@type":"Organization","@id":"https:\/\/elcanillita.info\/press\/#organization","name":"Guzzo Photos & Graphic Publications","url":"https:\/\/elcanillita.info\/press\/","logo":{"@type":"ImageObject","inLanguage":"es-AR","@id":"https:\/\/elcanillita.info\/press\/#\/schema\/logo\/image\/","url":"https:\/\/elcanillita.info\/press\/images\/2020\/01\/cropped-cropped-cropped-elcanillitainfo.png","contentUrl":"https:\/\/elcanillita.info\/press\/images\/2020\/01\/cropped-cropped-cropped-elcanillitainfo.png","width":460,"height":50,"caption":"Guzzo Photos & Graphic Publications"},"image":{"@id":"https:\/\/elcanillita.info\/press\/#\/schema\/logo\/image\/"},"sameAs":["https:\/\/ar-ar.facebook.com\/ElCanillitainfo-114249515285712\/"]},{"@type":"Person","@id":"https:\/\/elcanillita.info\/press\/#\/schema\/person\/7fcb79f38045700919f7da6d97e71ba0","name":"SalaStampa.eu, world press service","image":{"@type":"ImageObject","inLanguage":"es-AR","@id":"https:\/\/secure.gravatar.com\/avatar\/c2f0e0d515a107624234994507816ca4724c7199cef73fc8bedebf6931d73888?s=96&d=mm&r=g","url":"https:\/\/secure.gravatar.com\/avatar\/c2f0e0d515a107624234994507816ca4724c7199cef73fc8bedebf6931d73888?s=96&d=mm&r=g","contentUrl":"https:\/\/secure.gravatar.com\/avatar\/c2f0e0d515a107624234994507816ca4724c7199cef73fc8bedebf6931d73888?s=96&d=mm&r=g","caption":"SalaStampa.eu, world press service"}}]}},"views":462,"_links":{"self":[{"href":"https:\/\/elcanillita.info\/press\/wp-json\/wp\/v2\/posts\/3223","targetHints":{"allow":["GET"]}}],"collection":[{"href":"https:\/\/elcanillita.info\/press\/wp-json\/wp\/v2\/posts"}],"about":[{"href":"https:\/\/elcanillita.info\/press\/wp-json\/wp\/v2\/types\/post"}],"author":[{"embeddable":true,"href":"https:\/\/elcanillita.info\/press\/wp-json\/wp\/v2\/users\/1"}],"replies":[{"embeddable":true,"href":"https:\/\/elcanillita.info\/press\/wp-json\/wp\/v2\/comments?post=3223"}],"version-history":[{"count":0,"href":"https:\/\/elcanillita.info\/press\/wp-json\/wp\/v2\/posts\/3223\/revisions"}],"wp:featuredmedia":[{"embeddable":true,"href":"https:\/\/elcanillita.info\/press\/wp-json\/wp\/v2\/media\/3224"}],"wp:attachment":[{"href":"https:\/\/elcanillita.info\/press\/wp-json\/wp\/v2\/media?parent=3223"}],"wp:term":[{"taxonomy":"category","embeddable":true,"href":"https:\/\/elcanillita.info\/press\/wp-json\/wp\/v2\/categories?post=3223"},{"taxonomy":"post_tag","embeddable":true,"href":"https:\/\/elcanillita.info\/press\/wp-json\/wp\/v2\/tags?post=3223"}],"curies":[{"name":"wp","href":"https:\/\/api.w.org\/{rel}","templated":true}]}}