{"id":3217,"date":"2023-01-21T08:42:24","date_gmt":"2023-01-21T11:42:24","guid":{"rendered":"https:\/\/elcanillita.info\/press\/?p=3217"},"modified":"2023-02-06T17:24:12","modified_gmt":"2023-02-06T20:24:12","slug":"que-hiciste-mientras-la-argentina-moria","status":"publish","type":"post","link":"https:\/\/elcanillita.info\/press\/2023\/01\/21\/que-hiciste-mientras-la-argentina-moria\/","title":{"rendered":"\u00bfQu\u00e9 hiciste mientras la Argentina mor\u00eda?"},"content":{"rendered":"\n<p><strong><small>por Enrique Guillermo Avogadro<\/small><\/strong><small><br><br><strong><em>\u201cLa tolerancia es un crimen cuando lo que se tolera es la maldad\u201d.<\/em><\/strong><br><strong><em>&nbsp;Thomas Mann<\/em><\/strong><\/small><\/p>\n\n\n\n<p>Esa pregunta, estoy seguro, nos la har\u00e1n nietos cuando nuestro pa\u00eds haya dejado de existir como tal y s\u00f3lo sea una m\u00e1s entre aqu\u00e9llas naciones que cayeron en ese monumental plan criminal denominado \u201csocialismo del siglo XXI\u201d, y creo que ha llegado el momento en que todos, todos nos comprometamos para evitar ese futuro, ya casi inexorable. Tal vez, resulte oportuno repetirnos la despedida de Le\u00f3nidas en las Term\u00f3pilas: <em>\u201cGuerrero, ve a Esparta y dile que aqu\u00ed hemos muerto por defender sus leyes\u201d<\/em>.&nbsp;<\/p>\n\n\n\n<p>De una semana a otra, la situaci\u00f3n institucional de la Argentina contin\u00faa deterior\u00e1ndose por obra y gracia de la trifecta que nos gobierna. Cristina Fern\u00e1ndez, m\u00e1s all\u00e1 de los stands up a los que nos somete con cierta regularidad, se mantiene callada, pero Alberto Fern\u00e1ndez y Sergio Massa compiten para lograr el favor de la condenada emperatriz hotelera e, intentando llevar a su altar la ofrenda m\u00e1s preciado -la impunidad de su corrupci\u00f3n-, est\u00e1n demoliendo la Rep\u00fablica, la Constituci\u00f3n y las instituciones. Un inexorable destino carcelario alcanzar\u00e1, tarde o temprano, al <em>Caracol<\/em>, a Jorge Capitanich y a otros gobernadores y diputados que se alzaron contra la Corte Suprema, ejecutando un claro golpe de Estado.<\/p>\n\n\n\n<p>Es preciso leer cuanto aqu\u00ed sucede insert\u00e1ndolo en un marco regional en el que el Foro de S\u00e3o Paulo ha tomado nuevo vuelo y, generando conflictos violentos en todos los pa\u00edses, ha puesto bajo fuego graneado a sus fr\u00e1giles democracias, empuj\u00e1ndolas hacia reg\u00edmenes autoritarios de izquierda, comprobadamente corruptos, asesinos y violadores seriales de derechos humanos. Las naciones donde ya lo han logrado son aliadas de las dictaduras de Rusia, China e Ir\u00e1n, recreando una guerra fr\u00eda focalizada fuera de los territorios de las grandes potencias, similar a la que llev\u00f3 a Am\u00e9rica Latina a un ba\u00f1o de sangre en la segunda mitad del siglo XX.<\/p>\n\n\n\n<p>Hoy el castro-chavismo exporta la misma subversi\u00f3n, financiada, armada y entrenada por aquellas agresivas dictaduras terroristas y lo hace en una mesa donde hay un comensal que no estaba invitado en los 70\u2019s: los grandes carteles de las drogas, que act\u00faan tanto en los pa\u00edses productores cuanto en los distribuidores y consumidores, con verdaderos ej\u00e9rcitos criminales que disponen de una enorme cantidad de dinero y equipamiento militar de \u00faltima generaci\u00f3n. Utiliza, adem\u00e1s, a movimientos indigenistas cooptados con promesas de acceso a la propiedad de tierras ricas en recursos naturales, que nunca ser\u00e1n cumplidas.<\/p>\n\n\n\n<p>Colombia y Chile sufrieron ese embate en sus calles y la violencia desplegada llev\u00f3 al triunfo, respectivamente, a Gustavo Petro y Gabriel Boric, candidatos de izquierda. El primero se adecu\u00f3 a los mandatos del Foro y reanud\u00f3 el v\u00ednculo con Venezuela; el otro, en cambio, fue fiel a sus principios, conden\u00f3 al dictador Nicol\u00e1s Maduro y lo est\u00e1 pagando con la violenta guerrilla mapuche instalada en el sur. Se intent\u00f3 algo parecido en Ecuador cuando Len\u00edn Moreno sucedi\u00f3 al pr\u00f3fugo Rafael Correa y todav\u00eda se insiste contra el actual mandatario, Guillermo Lasso, y la agitaci\u00f3n contin\u00faa. Sobre los recientes hechos en Brasil, ya me expres\u00e9 la semana pasada cuando dije que no constituy\u00f3 un golpe de Estado y que el \u00fanico beneficiado de lo sucedido fue Lula da Silva, fundador de la catal\u00e9ptica UNASUR, del Foro de S\u00e3o Paulo, del Grupo de Puebla y tambi\u00e9n de la CELAC.&nbsp;<\/p>\n\n\n\n<p>El MAS volvi\u00f3 al poder con el Presidente Luis Arce Catacora mediante un monumental fraude electoral que cambi\u00f3 los determinantes resultados de la opulenta regi\u00f3n oriental del pa\u00eds, encarcel\u00f3 a la anterior Presidente, Jeanine A\u00f1ez, y al l\u00edder de la oposici\u00f3n, Luis Camacho Vaca, Gobernador de Santa Cruz de la Sierra, y permiti\u00f3 que Evo Morales, su verdadero jefe y gran narcotraficante, convirtiera a Bolivia en la base del terrorismo continental que est\u00e1 detr\u00e1s de las protestas que asuelan al vecino Per\u00fa.<\/p>\n\n\n\n<figure class=\"wp-block-image size-large\"><img decoding=\"async\" src=\"https:\/\/elcanillita.info\/press\/images\/2023\/01\/Lim_1_20230121.jpg\" alt=\"\"\/><figcaption><small>20\/01\/2023 Incendio de grandes proporciones en viviendas ubicadas en los alrededores de la plaza San Mart\u00edn de Lima.<br>Foto: ANDINA\/ Ricardo Cuba<\/small><\/figcaption><\/figure>\n\n\n\n<p>Es all\u00ed donde veremos las pr\u00f3ximas acciones del Foro y del Grupo de Puebla, entidades que, m\u00e1s de cincuenta muertos despu\u00e9s, est\u00e1n llevando a cabo una multitudinaria \u201ctoma de Lima\u201d. Cuando fue destituido Pedro Castillo Terrones \u2013otro notorio pe\u00f3n de la izquierda regional- por organizar un golpe de Estado e intentar disolver el Congreso, fue sucedido por su Vicepresidente, Dina Boluarte; \u00e9sta ya dispuso adelantar las elecciones y acortar su mandato constitucional, pero no ha bastado, toda vez que el terrorismo contin\u00faa haciendo estragos.<\/p>\n\n\n\n<p>Ahora llegar\u00e1n a Buenos Aires los compinches de este monumental y peligroso desaguisado para reunirse en la CELAC. Nuestra ciudad recibir\u00e1 a Lula da Silva y a los criminales Nicol\u00e1s Maduro, Miguel D\u00edaz-Canel y Evo Morales (no Daniel Ortega, que tiene una orden de captura internacional), a los cuales acompa\u00f1ar\u00e1n delegados de China y otras dictaduras extra-continentales, interesadas tambi\u00e9n en participar del fest\u00edn con nuevas bases militares y negocios de apropiaci\u00f3n de materias primas, en un hecho que no puede menos que percibirse como apoyo a las maniobras kirchneristas para terminar con el estado de derecho en la Argentina.<\/p>\n\n\n\n<p>Por eso, reitero la pregunta que nos har\u00e1n en un futuro cercano: \u00bfqu\u00e9 estabas haciendo mientras la Argentina mor\u00eda?; en la respuesta que entonces podamos dar est\u00e1 cifrado nuestro destino.<\/p>\n\n\n\n<p>Buenos Aires., 21\/01\/2023<\/p>\n\n\n\n<p><small>Copyright \u00a9 2023 SalaStampa.Eu &#8211; ElCanillita.info &#8211; &#8220;Leer puede causar Independencia&#8221;<\/small><\/p>\n","protected":false},"excerpt":{"rendered":"<p>20\/01\/2023 Incendio de grandes proporciones en viviendas ubicadas en los alrededores de la plaza San Mart\u00edn de Lima, Per\u00fa. <small>Foto: ANDINA\/ Ricardo Cuba<\/small><br \/>\nHoy el castro-chavismo exporta la misma subversi\u00f3n, financiada, armada y entrenada por aquellas dictaduras terroristas<\/p>\n","protected":false},"author":1,"featured_media":3218,"comment_status":"closed","ping_status":"closed","sticky":false,"template":"","format":"standard","meta":{"footnotes":"","_links_to":"","_links_to_target":""},"categories":[108,70,11,23,25],"tags":[29],"class_list":["post-3217","post","type-post","status-publish","format-standard","has-post-thumbnail","hentry","category-blogdiario","category-actualidad","category-america-del-sur","category-politica","category-sociedad","tag-argentina","entry","double"],"yoast_head":"<!-- This site is optimized with the Yoast SEO plugin v27.4 - https:\/\/yoast.com\/product\/yoast-seo-wordpress\/ -->\n<title>\u00bfQu\u00e9 hiciste mientras la Argentina mor\u00eda? - ElCanillita.Info<\/title>\n<meta name=\"description\" content=\"20\/01\/2023 Incendio de grandes proporciones en viviendas ubicadas en los alrededores de la plaza San Mart\u00edn de Lima, Per\u00fa. Foto: ANDINA\/ Ricardo CubaHoy el castro-chavismo exporta la misma subversi\u00f3n, financiada, armada y entrenada por aquellas dictaduras terroristas\" \/>\n<meta name=\"robots\" content=\"index, follow, max-snippet:-1, max-image-preview:large, max-video-preview:-1\" \/>\n<link rel=\"canonical\" href=\"https:\/\/elcanillita.info\/press\/2023\/01\/21\/que-hiciste-mientras-la-argentina-moria\/\" \/>\n<meta property=\"og:locale\" content=\"es_ES\" \/>\n<meta property=\"og:type\" content=\"article\" \/>\n<meta property=\"og:title\" content=\"\u00bfQu\u00e9 hiciste mientras la Argentina mor\u00eda? - ElCanillita.Info\" \/>\n<meta property=\"og:description\" content=\"20\/01\/2023 Incendio de grandes proporciones en viviendas ubicadas en los alrededores de la plaza San Mart\u00edn de Lima, Per\u00fa. Foto: ANDINA\/ Ricardo CubaHoy el castro-chavismo exporta la misma subversi\u00f3n, financiada, armada y entrenada por aquellas dictaduras terroristas\" \/>\n<meta property=\"og:url\" content=\"https:\/\/elcanillita.info\/press\/2023\/01\/21\/que-hiciste-mientras-la-argentina-moria\/\" \/>\n<meta property=\"og:site_name\" content=\"ElCanillita.Info\" \/>\n<meta property=\"article:publisher\" content=\"https:\/\/ar-ar.facebook.com\/ElCanillitainfo-114249515285712\/\" \/>\n<meta property=\"article:published_time\" content=\"2023-01-21T11:42:24+00:00\" \/>\n<meta property=\"article:modified_time\" content=\"2023-02-06T20:24:12+00:00\" \/>\n<meta property=\"og:image\" content=\"https:\/\/elcanillita.info\/press\/images\/2023\/01\/Lim_1_20230121-1.jpg\" \/>\n\t<meta property=\"og:image:width\" content=\"600\" \/>\n\t<meta property=\"og:image:height\" content=\"400\" \/>\n\t<meta property=\"og:image:type\" content=\"image\/jpeg\" \/>\n<meta name=\"author\" content=\"SalaStampa.eu, world press service\" \/>\n<meta name=\"twitter:card\" content=\"summary_large_image\" \/>\n<meta name=\"twitter:label1\" content=\"Escrito por\" \/>\n\t<meta name=\"twitter:data1\" content=\"SalaStampa.eu, world press service\" \/>\n\t<meta name=\"twitter:label2\" content=\"Tiempo de lectura\" \/>\n\t<meta name=\"twitter:data2\" content=\"5 minutos\" \/>\n<script type=\"application\/ld+json\" class=\"yoast-schema-graph\">{\"@context\":\"https:\\\/\\\/schema.org\",\"@graph\":[{\"@type\":\"Article\",\"@id\":\"https:\\\/\\\/elcanillita.info\\\/press\\\/2023\\\/01\\\/21\\\/que-hiciste-mientras-la-argentina-moria\\\/#article\",\"isPartOf\":{\"@id\":\"https:\\\/\\\/elcanillita.info\\\/press\\\/2023\\\/01\\\/21\\\/que-hiciste-mientras-la-argentina-moria\\\/\"},\"author\":{\"name\":\"SalaStampa.eu, world press service\",\"@id\":\"https:\\\/\\\/elcanillita.info\\\/press\\\/#\\\/schema\\\/person\\\/7fcb79f38045700919f7da6d97e71ba0\"},\"headline\":\"\u00bfQu\u00e9 hiciste mientras la Argentina mor\u00eda?\",\"datePublished\":\"2023-01-21T11:42:24+00:00\",\"dateModified\":\"2023-02-06T20:24:12+00:00\",\"mainEntityOfPage\":{\"@id\":\"https:\\\/\\\/elcanillita.info\\\/press\\\/2023\\\/01\\\/21\\\/que-hiciste-mientras-la-argentina-moria\\\/\"},\"wordCount\":969,\"publisher\":{\"@id\":\"https:\\\/\\\/elcanillita.info\\\/press\\\/#organization\"},\"image\":{\"@id\":\"https:\\\/\\\/elcanillita.info\\\/press\\\/2023\\\/01\\\/21\\\/que-hiciste-mientras-la-argentina-moria\\\/#primaryimage\"},\"thumbnailUrl\":\"https:\\\/\\\/elcanillita.info\\\/press\\\/images\\\/2023\\\/01\\\/Lim_1_20230121-1.jpg\",\"keywords\":[\"Argentina\"],\"articleSection\":[\".\",\"Actualidad\",\"Am\u00e9rica del Sur\",\"Politica\",\"Sociedad\"],\"inLanguage\":\"es-AR\"},{\"@type\":\"WebPage\",\"@id\":\"https:\\\/\\\/elcanillita.info\\\/press\\\/2023\\\/01\\\/21\\\/que-hiciste-mientras-la-argentina-moria\\\/\",\"url\":\"https:\\\/\\\/elcanillita.info\\\/press\\\/2023\\\/01\\\/21\\\/que-hiciste-mientras-la-argentina-moria\\\/\",\"name\":\"\u00bfQu\u00e9 hiciste mientras la Argentina mor\u00eda? - ElCanillita.Info\",\"isPartOf\":{\"@id\":\"https:\\\/\\\/elcanillita.info\\\/press\\\/#website\"},\"primaryImageOfPage\":{\"@id\":\"https:\\\/\\\/elcanillita.info\\\/press\\\/2023\\\/01\\\/21\\\/que-hiciste-mientras-la-argentina-moria\\\/#primaryimage\"},\"image\":{\"@id\":\"https:\\\/\\\/elcanillita.info\\\/press\\\/2023\\\/01\\\/21\\\/que-hiciste-mientras-la-argentina-moria\\\/#primaryimage\"},\"thumbnailUrl\":\"https:\\\/\\\/elcanillita.info\\\/press\\\/images\\\/2023\\\/01\\\/Lim_1_20230121-1.jpg\",\"datePublished\":\"2023-01-21T11:42:24+00:00\",\"dateModified\":\"2023-02-06T20:24:12+00:00\",\"description\":\"20\\\/01\\\/2023 Incendio de grandes proporciones en viviendas ubicadas en los alrededores de la plaza San Mart\u00edn de Lima, Per\u00fa. Foto: ANDINA\\\/ Ricardo CubaHoy el castro-chavismo exporta la misma subversi\u00f3n, financiada, armada y entrenada por aquellas dictaduras terroristas\",\"inLanguage\":\"es-AR\",\"potentialAction\":[{\"@type\":\"ReadAction\",\"target\":[\"https:\\\/\\\/elcanillita.info\\\/press\\\/2023\\\/01\\\/21\\\/que-hiciste-mientras-la-argentina-moria\\\/\"]}]},{\"@type\":\"ImageObject\",\"inLanguage\":\"es-AR\",\"@id\":\"https:\\\/\\\/elcanillita.info\\\/press\\\/2023\\\/01\\\/21\\\/que-hiciste-mientras-la-argentina-moria\\\/#primaryimage\",\"url\":\"https:\\\/\\\/elcanillita.info\\\/press\\\/images\\\/2023\\\/01\\\/Lim_1_20230121-1.jpg\",\"contentUrl\":\"https:\\\/\\\/elcanillita.info\\\/press\\\/images\\\/2023\\\/01\\\/Lim_1_20230121-1.jpg\",\"width\":600,\"height\":400},{\"@type\":\"WebSite\",\"@id\":\"https:\\\/\\\/elcanillita.info\\\/press\\\/#website\",\"url\":\"https:\\\/\\\/elcanillita.info\\\/press\\\/\",\"name\":\"ElCanillita.Info\",\"description\":\"desde los Apeninos a los Andes\",\"publisher\":{\"@id\":\"https:\\\/\\\/elcanillita.info\\\/press\\\/#organization\"},\"potentialAction\":[{\"@type\":\"SearchAction\",\"target\":{\"@type\":\"EntryPoint\",\"urlTemplate\":\"https:\\\/\\\/elcanillita.info\\\/press\\\/?s={search_term_string}\"},\"query-input\":{\"@type\":\"PropertyValueSpecification\",\"valueRequired\":true,\"valueName\":\"search_term_string\"}}],\"inLanguage\":\"es-AR\"},{\"@type\":\"Organization\",\"@id\":\"https:\\\/\\\/elcanillita.info\\\/press\\\/#organization\",\"name\":\"Guzzo Photos & Graphic Publications\",\"url\":\"https:\\\/\\\/elcanillita.info\\\/press\\\/\",\"logo\":{\"@type\":\"ImageObject\",\"inLanguage\":\"es-AR\",\"@id\":\"https:\\\/\\\/elcanillita.info\\\/press\\\/#\\\/schema\\\/logo\\\/image\\\/\",\"url\":\"https:\\\/\\\/elcanillita.info\\\/press\\\/images\\\/2020\\\/01\\\/cropped-cropped-cropped-elcanillitainfo.png\",\"contentUrl\":\"https:\\\/\\\/elcanillita.info\\\/press\\\/images\\\/2020\\\/01\\\/cropped-cropped-cropped-elcanillitainfo.png\",\"width\":460,\"height\":50,\"caption\":\"Guzzo Photos & Graphic Publications\"},\"image\":{\"@id\":\"https:\\\/\\\/elcanillita.info\\\/press\\\/#\\\/schema\\\/logo\\\/image\\\/\"},\"sameAs\":[\"https:\\\/\\\/ar-ar.facebook.com\\\/ElCanillitainfo-114249515285712\\\/\"]},{\"@type\":\"Person\",\"@id\":\"https:\\\/\\\/elcanillita.info\\\/press\\\/#\\\/schema\\\/person\\\/7fcb79f38045700919f7da6d97e71ba0\",\"name\":\"SalaStampa.eu, world press service\",\"image\":{\"@type\":\"ImageObject\",\"inLanguage\":\"es-AR\",\"@id\":\"https:\\\/\\\/secure.gravatar.com\\\/avatar\\\/c2f0e0d515a107624234994507816ca4724c7199cef73fc8bedebf6931d73888?s=96&d=mm&r=g\",\"url\":\"https:\\\/\\\/secure.gravatar.com\\\/avatar\\\/c2f0e0d515a107624234994507816ca4724c7199cef73fc8bedebf6931d73888?s=96&d=mm&r=g\",\"contentUrl\":\"https:\\\/\\\/secure.gravatar.com\\\/avatar\\\/c2f0e0d515a107624234994507816ca4724c7199cef73fc8bedebf6931d73888?s=96&d=mm&r=g\",\"caption\":\"SalaStampa.eu, world press service\"}}]}<\/script>\n<!-- \/ Yoast SEO plugin. -->","yoast_head_json":{"title":"\u00bfQu\u00e9 hiciste mientras la Argentina mor\u00eda? - ElCanillita.Info","description":"20\/01\/2023 Incendio de grandes proporciones en viviendas ubicadas en los alrededores de la plaza San Mart\u00edn de Lima, Per\u00fa. Foto: ANDINA\/ Ricardo CubaHoy el castro-chavismo exporta la misma subversi\u00f3n, financiada, armada y entrenada por aquellas dictaduras terroristas","robots":{"index":"index","follow":"follow","max-snippet":"max-snippet:-1","max-image-preview":"max-image-preview:large","max-video-preview":"max-video-preview:-1"},"canonical":"https:\/\/elcanillita.info\/press\/2023\/01\/21\/que-hiciste-mientras-la-argentina-moria\/","og_locale":"es_ES","og_type":"article","og_title":"\u00bfQu\u00e9 hiciste mientras la Argentina mor\u00eda? - ElCanillita.Info","og_description":"20\/01\/2023 Incendio de grandes proporciones en viviendas ubicadas en los alrededores de la plaza San Mart\u00edn de Lima, Per\u00fa. Foto: ANDINA\/ Ricardo CubaHoy el castro-chavismo exporta la misma subversi\u00f3n, financiada, armada y entrenada por aquellas dictaduras terroristas","og_url":"https:\/\/elcanillita.info\/press\/2023\/01\/21\/que-hiciste-mientras-la-argentina-moria\/","og_site_name":"ElCanillita.Info","article_publisher":"https:\/\/ar-ar.facebook.com\/ElCanillitainfo-114249515285712\/","article_published_time":"2023-01-21T11:42:24+00:00","article_modified_time":"2023-02-06T20:24:12+00:00","og_image":[{"width":600,"height":400,"url":"https:\/\/elcanillita.info\/press\/images\/2023\/01\/Lim_1_20230121-1.jpg","type":"image\/jpeg"}],"author":"SalaStampa.eu, world press service","twitter_card":"summary_large_image","twitter_misc":{"Escrito por":"SalaStampa.eu, world press service","Tiempo de lectura":"5 minutos"},"schema":{"@context":"https:\/\/schema.org","@graph":[{"@type":"Article","@id":"https:\/\/elcanillita.info\/press\/2023\/01\/21\/que-hiciste-mientras-la-argentina-moria\/#article","isPartOf":{"@id":"https:\/\/elcanillita.info\/press\/2023\/01\/21\/que-hiciste-mientras-la-argentina-moria\/"},"author":{"name":"SalaStampa.eu, world press service","@id":"https:\/\/elcanillita.info\/press\/#\/schema\/person\/7fcb79f38045700919f7da6d97e71ba0"},"headline":"\u00bfQu\u00e9 hiciste mientras la Argentina mor\u00eda?","datePublished":"2023-01-21T11:42:24+00:00","dateModified":"2023-02-06T20:24:12+00:00","mainEntityOfPage":{"@id":"https:\/\/elcanillita.info\/press\/2023\/01\/21\/que-hiciste-mientras-la-argentina-moria\/"},"wordCount":969,"publisher":{"@id":"https:\/\/elcanillita.info\/press\/#organization"},"image":{"@id":"https:\/\/elcanillita.info\/press\/2023\/01\/21\/que-hiciste-mientras-la-argentina-moria\/#primaryimage"},"thumbnailUrl":"https:\/\/elcanillita.info\/press\/images\/2023\/01\/Lim_1_20230121-1.jpg","keywords":["Argentina"],"articleSection":[".","Actualidad","Am\u00e9rica del Sur","Politica","Sociedad"],"inLanguage":"es-AR"},{"@type":"WebPage","@id":"https:\/\/elcanillita.info\/press\/2023\/01\/21\/que-hiciste-mientras-la-argentina-moria\/","url":"https:\/\/elcanillita.info\/press\/2023\/01\/21\/que-hiciste-mientras-la-argentina-moria\/","name":"\u00bfQu\u00e9 hiciste mientras la Argentina mor\u00eda? - ElCanillita.Info","isPartOf":{"@id":"https:\/\/elcanillita.info\/press\/#website"},"primaryImageOfPage":{"@id":"https:\/\/elcanillita.info\/press\/2023\/01\/21\/que-hiciste-mientras-la-argentina-moria\/#primaryimage"},"image":{"@id":"https:\/\/elcanillita.info\/press\/2023\/01\/21\/que-hiciste-mientras-la-argentina-moria\/#primaryimage"},"thumbnailUrl":"https:\/\/elcanillita.info\/press\/images\/2023\/01\/Lim_1_20230121-1.jpg","datePublished":"2023-01-21T11:42:24+00:00","dateModified":"2023-02-06T20:24:12+00:00","description":"20\/01\/2023 Incendio de grandes proporciones en viviendas ubicadas en los alrededores de la plaza San Mart\u00edn de Lima, Per\u00fa. Foto: ANDINA\/ Ricardo CubaHoy el castro-chavismo exporta la misma subversi\u00f3n, financiada, armada y entrenada por aquellas dictaduras terroristas","inLanguage":"es-AR","potentialAction":[{"@type":"ReadAction","target":["https:\/\/elcanillita.info\/press\/2023\/01\/21\/que-hiciste-mientras-la-argentina-moria\/"]}]},{"@type":"ImageObject","inLanguage":"es-AR","@id":"https:\/\/elcanillita.info\/press\/2023\/01\/21\/que-hiciste-mientras-la-argentina-moria\/#primaryimage","url":"https:\/\/elcanillita.info\/press\/images\/2023\/01\/Lim_1_20230121-1.jpg","contentUrl":"https:\/\/elcanillita.info\/press\/images\/2023\/01\/Lim_1_20230121-1.jpg","width":600,"height":400},{"@type":"WebSite","@id":"https:\/\/elcanillita.info\/press\/#website","url":"https:\/\/elcanillita.info\/press\/","name":"ElCanillita.Info","description":"desde los Apeninos a los Andes","publisher":{"@id":"https:\/\/elcanillita.info\/press\/#organization"},"potentialAction":[{"@type":"SearchAction","target":{"@type":"EntryPoint","urlTemplate":"https:\/\/elcanillita.info\/press\/?s={search_term_string}"},"query-input":{"@type":"PropertyValueSpecification","valueRequired":true,"valueName":"search_term_string"}}],"inLanguage":"es-AR"},{"@type":"Organization","@id":"https:\/\/elcanillita.info\/press\/#organization","name":"Guzzo Photos & Graphic Publications","url":"https:\/\/elcanillita.info\/press\/","logo":{"@type":"ImageObject","inLanguage":"es-AR","@id":"https:\/\/elcanillita.info\/press\/#\/schema\/logo\/image\/","url":"https:\/\/elcanillita.info\/press\/images\/2020\/01\/cropped-cropped-cropped-elcanillitainfo.png","contentUrl":"https:\/\/elcanillita.info\/press\/images\/2020\/01\/cropped-cropped-cropped-elcanillitainfo.png","width":460,"height":50,"caption":"Guzzo Photos & Graphic Publications"},"image":{"@id":"https:\/\/elcanillita.info\/press\/#\/schema\/logo\/image\/"},"sameAs":["https:\/\/ar-ar.facebook.com\/ElCanillitainfo-114249515285712\/"]},{"@type":"Person","@id":"https:\/\/elcanillita.info\/press\/#\/schema\/person\/7fcb79f38045700919f7da6d97e71ba0","name":"SalaStampa.eu, world press service","image":{"@type":"ImageObject","inLanguage":"es-AR","@id":"https:\/\/secure.gravatar.com\/avatar\/c2f0e0d515a107624234994507816ca4724c7199cef73fc8bedebf6931d73888?s=96&d=mm&r=g","url":"https:\/\/secure.gravatar.com\/avatar\/c2f0e0d515a107624234994507816ca4724c7199cef73fc8bedebf6931d73888?s=96&d=mm&r=g","contentUrl":"https:\/\/secure.gravatar.com\/avatar\/c2f0e0d515a107624234994507816ca4724c7199cef73fc8bedebf6931d73888?s=96&d=mm&r=g","caption":"SalaStampa.eu, world press service"}}]}},"views":454,"_links":{"self":[{"href":"https:\/\/elcanillita.info\/press\/wp-json\/wp\/v2\/posts\/3217","targetHints":{"allow":["GET"]}}],"collection":[{"href":"https:\/\/elcanillita.info\/press\/wp-json\/wp\/v2\/posts"}],"about":[{"href":"https:\/\/elcanillita.info\/press\/wp-json\/wp\/v2\/types\/post"}],"author":[{"embeddable":true,"href":"https:\/\/elcanillita.info\/press\/wp-json\/wp\/v2\/users\/1"}],"replies":[{"embeddable":true,"href":"https:\/\/elcanillita.info\/press\/wp-json\/wp\/v2\/comments?post=3217"}],"version-history":[{"count":0,"href":"https:\/\/elcanillita.info\/press\/wp-json\/wp\/v2\/posts\/3217\/revisions"}],"wp:featuredmedia":[{"embeddable":true,"href":"https:\/\/elcanillita.info\/press\/wp-json\/wp\/v2\/media\/3218"}],"wp:attachment":[{"href":"https:\/\/elcanillita.info\/press\/wp-json\/wp\/v2\/media?parent=3217"}],"wp:term":[{"taxonomy":"category","embeddable":true,"href":"https:\/\/elcanillita.info\/press\/wp-json\/wp\/v2\/categories?post=3217"},{"taxonomy":"post_tag","embeddable":true,"href":"https:\/\/elcanillita.info\/press\/wp-json\/wp\/v2\/tags?post=3217"}],"curies":[{"name":"wp","href":"https:\/\/api.w.org\/{rel}","templated":true}]}}