{"id":3211,"date":"2023-01-20T10:50:00","date_gmt":"2023-01-20T13:50:00","guid":{"rendered":"https:\/\/elcanillita.info\/press\/?p=3211"},"modified":"2023-01-20T10:54:45","modified_gmt":"2023-01-20T13:54:45","slug":"presidente-peruana-advierte-que-pesara-todo-el-rigor-de-la-ley-sobre-los-responsables-de-actos-de-delincuencia","status":"publish","type":"post","link":"https:\/\/elcanillita.info\/press\/2023\/01\/20\/presidente-peruana-advierte-que-pesara-todo-el-rigor-de-la-ley-sobre-los-responsables-de-actos-de-delincuencia\/","title":{"rendered":"Presidente peruana advierte que pesar\u00e1 todo el rigor de la ley sobre los responsables de actos de delincuencia"},"content":{"rendered":"\n<figure class=\"wp-block-image size-large\"><img decoding=\"async\" src=\"https:\/\/elcanillita.info\/press\/images\/2023\/01\/per_2_20230120.jpg\" alt=\"\"\/><figcaption><small>Presidenta peruana Dina Boluarte y ministros de Estado , ofrecieron pronunciamiento sobre la situaci\u00f3n del pa\u00eds. Cr\u00e9dito: ANDINA\/Prensa Presidencia<\/small><\/figcaption><\/figure>\n\n\n\n<p>Lima, 19\/01\/2023<br>La presidente del Per\u00fa, Dina Boluarte, anunci\u00f3 hoy que caer\u00e1 todo el rigor de la ley sobre los responsables de los actos delincuenciales y vandalismo registrados durante las marchas de protestas acontecidas en Lima y otras regiones. &#8211; <small><strong>Hasta aqu\u00ed inform\u00f3 la Agencia Peruana de Noticias Andina<\/strong><\/small> &#8211;<br><br>En diciembre de 2022, durante la crisis pol\u00edtica peruana, cuando Pedro Castillo intent\u00f3 disolver el Congreso de la Rep\u00fablica del Per\u00fa durante el proceso de juicio pol\u00edtico en su contra, Boluarte conden\u00f3 el intento como una &#8220;ruptura del orden constitucional&#8221; y asumi\u00f3 la presidencia despu\u00e9s del derrocamiento e intento de fuga de Castillo.<\/p>\n\n\n\n<p>En su primer discurso ante el Congreso, denunci\u00f3 al expresidente Castillo declarando su intenci\u00f3n de formar un gobierno de unidad nacional.<\/p>\n\n\n\n<p>Despu\u00e9s del encarcelamiento de Castillo, se extendieron las protestas contra el nuevo gobierno, lo que provoc\u00f3 enfrentamientos con la polic\u00eda que mat\u00f3 a tiros a nueve personas. Los manifestantes acusan a Boluarte de golpista por sus acuerdos con la derecha, acuerdos que -seg\u00fan el l\u00edder de Izquierda Socialista del Per\u00fa Mart\u00edn Guerra- hacen muy dif\u00edcil que una organizaci\u00f3n popular pueda recibir fondos p\u00fablicos para la campa\u00f1a electoral y por tanto presentarse en futuras pol\u00edticas electorales.<\/p>\n\n\n\n<p>El pasado 11 de diciembre propuso adelantar la pr\u00f3xima elecci\u00f3n a abril de 2024 y luego, ante las crecientes protestas, a diciembre de 2023. Sin embargo, el 16 de diciembre el Congreso se neg\u00f3 a adelantar la elecci\u00f3n. Seg\u00fan una encuesta, el 83% de los peruanos quiere elecciones anticipadas.<\/p>\n\n\n\n<p> En orden internacional existen fricciones entre el gobierno peruano y Argentina, Bolivia, Colombia y M\u00e9xico, quienes en un comunicado conjunto afirman que Pedro Castillo \u201cfue v\u00edctima de un movimiento hostil, antidemocr\u00e1tico y violatorio de la Convenci\u00f3n Americana sobre Derechos Humanos\u201d. Por el contrario, Estados Unidos reitera su apoyo al &#8220;proceso institucional democr\u00e1tico&#8221;, seg\u00fan Antony Blinken.<\/p>\n\n\n\n<p>Las movilizaciones repercuten en las zonas pobres del pa\u00eds, las mismas que votaron masivamente por Pedro Castillo en 2021; las principales carreteras de 18 de los 24 departamentos de Per\u00fa y cinco aeropuertos fueron bloqueados. El 14 de diciembre, se declar\u00f3 el estado de emergencia en todo el pa\u00eds durante 30 d\u00edas, medida de fuerza que permiti\u00f3 al ej\u00e9rcito desplegarse contra los manifestantes. Al d\u00eda siguiente de esta proclamaci\u00f3n, la ciudad de Ayacucho, en el Sur, fue escenario de una violenta represi\u00f3n que termin\u00f3 con la muerte de ocho personas, adem\u00e1s de las siete asesinadas unos d\u00edas antes en la regi\u00f3n Apur\u00edmac, tambi\u00e9n en el Sur. A partir del 16 de diciembre se declar\u00f3 toque de queda en quince provincias del pa\u00eds. Veinte personas hab\u00edan sido asesinadas desde el inicio de las manifestaciones el 17 de diciembre, la mayor\u00eda por disparos, v\u00edctimas de la represi\u00f3n policial y militar.<\/p>\n\n\n\n<p>Dos ministros renunciaron el 16 de diciembre: &#8220;No se puede justificar la muerte de compatriotas. La violencia de Estado no puede ser desproporcionada&#8221;, escribi\u00f3 la ministra de Educaci\u00f3n, Patricia Correo, en su carta de renuncia, mientras que Amnist\u00eda Internacional pidi\u00f3 &#8220;el cese inmediato de la violencia de Estado&#8221;. &#8220;Los principales medios peruanos, en su mayor\u00eda propiedad del grupo privado El Comercio, que posee el 80% de los t\u00edtulos, tienden a encubrir la violencia en las zonas rurales, mientras que a los manifestantes a veces se les describe como &#8220;terroristas y criminales&#8221;.<\/p>\n\n\n\n<p>El 21 de diciembre de 2022, Boluarte nombr\u00f3 como presidente del Gobierno al ministro de Defensa, Alberto Ot\u00e1rola. Tambi\u00e9n nombr\u00f3 nuevos ministros de Interior, Defensa y Educaci\u00f3n.<\/p>\n\n\n\n<p>El 29 de diciembre de 2022, la diputada Sigrid Baz\u00e1n interpuso recurso de inconstitucionalidad contra Dina Boluarte, el expresidente del Gobierno Pedro Angulo y los exjefes de Gobernaci\u00f3n y Defensa por \u201cviolencia de Estado\u201d que, seg\u00fan el \u00faltimo informe de la Defensor\u00eda del Pueblo, ha resultado en 28 muertos y m\u00e1s de 600 heridos desde que estallaron las protestas contra la administraci\u00f3n y el Congreso de Boluarte.<\/p>\n\n\n\n<p>El 10 de enero de 2023, la Fiscal General de Per\u00fa, Patricia Benavides, anunci\u00f3 investigaciones por presuntos delitos de genocidio, homicidio agravado y lesiones graves contra Boluarte, el Primer Ministro Alberto Ot\u00e1rola, el Ministro del Interior V\u00edctor Rojas y el Ministro de Defensa Jorge Ch\u00e1vez.<br><br><small>Copyright \u00a9 2023 ElCanillita.info \/ SalaStampa.Eu &#8211; Derechos Reservados<\/small><\/p>\n","protected":false},"excerpt":{"rendered":"<p>Un incendio de grandes proporciones se reporta esta noche en los alrededores de la plaza San Mart\u00edn, donde se han reunido manifestantes que han llegado desde distintas regiones del pa\u00eds para participar en la autodenominada marcha &#8220;La toma de Lima&#8221;. Foto: ANDINA\/ Andr\u00e9s Valle<\/p>\n","protected":false},"author":1,"featured_media":3212,"comment_status":"closed","ping_status":"closed","sticky":false,"template":"","format":"standard","meta":{"footnotes":"","_links_to":"","_links_to_target":""},"categories":[108,70,11,23],"tags":[],"class_list":["post-3211","post","type-post","status-publish","format-standard","has-post-thumbnail","hentry","category-blogdiario","category-actualidad","category-america-del-sur","category-politica","entry","double"],"yoast_head":"<!-- This site is optimized with the Yoast SEO plugin v27.4 - https:\/\/yoast.com\/product\/yoast-seo-wordpress\/ -->\n<title>Presidente peruana advierte que pesar\u00e1 todo el rigor de la ley sobre los responsables de actos de delincuencia - ElCanillita.Info<\/title>\n<meta name=\"robots\" content=\"index, follow, max-snippet:-1, max-image-preview:large, max-video-preview:-1\" \/>\n<link rel=\"canonical\" href=\"https:\/\/elcanillita.info\/press\/2023\/01\/20\/presidente-peruana-advierte-que-pesara-todo-el-rigor-de-la-ley-sobre-los-responsables-de-actos-de-delincuencia\/\" \/>\n<meta property=\"og:locale\" content=\"es_ES\" \/>\n<meta property=\"og:type\" content=\"article\" \/>\n<meta property=\"og:title\" content=\"Presidente peruana advierte que pesar\u00e1 todo el rigor de la ley sobre los responsables de actos de delincuencia - ElCanillita.Info\" \/>\n<meta property=\"og:description\" content=\"Un incendio de grandes proporciones se reporta esta noche en los alrededores de la plaza San Mart\u00edn, donde se han reunido manifestantes que han llegado desde distintas regiones del pa\u00eds para participar en la autodenominada marcha &quot;La toma de Lima&quot;. Foto: ANDINA\/ Andr\u00e9s Valle\" \/>\n<meta property=\"og:url\" content=\"https:\/\/elcanillita.info\/press\/2023\/01\/20\/presidente-peruana-advierte-que-pesara-todo-el-rigor-de-la-ley-sobre-los-responsables-de-actos-de-delincuencia\/\" \/>\n<meta property=\"og:site_name\" content=\"ElCanillita.Info\" \/>\n<meta property=\"article:publisher\" content=\"https:\/\/ar-ar.facebook.com\/ElCanillitainfo-114249515285712\/\" \/>\n<meta property=\"article:published_time\" content=\"2023-01-20T13:50:00+00:00\" \/>\n<meta property=\"article:modified_time\" content=\"2023-01-20T13:54:45+00:00\" \/>\n<meta property=\"og:image\" content=\"https:\/\/elcanillita.info\/press\/images\/2023\/01\/per_1_20230120-1.jpg\" \/>\n\t<meta property=\"og:image:width\" content=\"600\" \/>\n\t<meta property=\"og:image:height\" content=\"400\" \/>\n\t<meta property=\"og:image:type\" content=\"image\/jpeg\" \/>\n<meta name=\"author\" content=\"SalaStampa.eu, world press service\" \/>\n<meta name=\"twitter:card\" content=\"summary_large_image\" \/>\n<meta name=\"twitter:label1\" content=\"Escrito por\" \/>\n\t<meta name=\"twitter:data1\" content=\"SalaStampa.eu, world press service\" \/>\n\t<meta name=\"twitter:label2\" content=\"Tiempo de lectura\" \/>\n\t<meta name=\"twitter:data2\" content=\"4 minutos\" \/>\n<script type=\"application\/ld+json\" class=\"yoast-schema-graph\">{\"@context\":\"https:\\\/\\\/schema.org\",\"@graph\":[{\"@type\":\"Article\",\"@id\":\"https:\\\/\\\/elcanillita.info\\\/press\\\/2023\\\/01\\\/20\\\/presidente-peruana-advierte-que-pesara-todo-el-rigor-de-la-ley-sobre-los-responsables-de-actos-de-delincuencia\\\/#article\",\"isPartOf\":{\"@id\":\"https:\\\/\\\/elcanillita.info\\\/press\\\/2023\\\/01\\\/20\\\/presidente-peruana-advierte-que-pesara-todo-el-rigor-de-la-ley-sobre-los-responsables-de-actos-de-delincuencia\\\/\"},\"author\":{\"name\":\"SalaStampa.eu, world press service\",\"@id\":\"https:\\\/\\\/elcanillita.info\\\/press\\\/#\\\/schema\\\/person\\\/7fcb79f38045700919f7da6d97e71ba0\"},\"headline\":\"Presidente peruana advierte que pesar\u00e1 todo el rigor de la ley sobre los responsables de actos de delincuencia\",\"datePublished\":\"2023-01-20T13:50:00+00:00\",\"dateModified\":\"2023-01-20T13:54:45+00:00\",\"mainEntityOfPage\":{\"@id\":\"https:\\\/\\\/elcanillita.info\\\/press\\\/2023\\\/01\\\/20\\\/presidente-peruana-advierte-que-pesara-todo-el-rigor-de-la-ley-sobre-los-responsables-de-actos-de-delincuencia\\\/\"},\"wordCount\":763,\"publisher\":{\"@id\":\"https:\\\/\\\/elcanillita.info\\\/press\\\/#organization\"},\"image\":{\"@id\":\"https:\\\/\\\/elcanillita.info\\\/press\\\/2023\\\/01\\\/20\\\/presidente-peruana-advierte-que-pesara-todo-el-rigor-de-la-ley-sobre-los-responsables-de-actos-de-delincuencia\\\/#primaryimage\"},\"thumbnailUrl\":\"https:\\\/\\\/elcanillita.info\\\/press\\\/images\\\/2023\\\/01\\\/per_1_20230120-1.jpg\",\"articleSection\":[\".\",\"Actualidad\",\"Am\u00e9rica del Sur\",\"Politica\"],\"inLanguage\":\"es-AR\"},{\"@type\":\"WebPage\",\"@id\":\"https:\\\/\\\/elcanillita.info\\\/press\\\/2023\\\/01\\\/20\\\/presidente-peruana-advierte-que-pesara-todo-el-rigor-de-la-ley-sobre-los-responsables-de-actos-de-delincuencia\\\/\",\"url\":\"https:\\\/\\\/elcanillita.info\\\/press\\\/2023\\\/01\\\/20\\\/presidente-peruana-advierte-que-pesara-todo-el-rigor-de-la-ley-sobre-los-responsables-de-actos-de-delincuencia\\\/\",\"name\":\"Presidente peruana advierte que pesar\u00e1 todo el rigor de la ley sobre los responsables de actos de delincuencia - ElCanillita.Info\",\"isPartOf\":{\"@id\":\"https:\\\/\\\/elcanillita.info\\\/press\\\/#website\"},\"primaryImageOfPage\":{\"@id\":\"https:\\\/\\\/elcanillita.info\\\/press\\\/2023\\\/01\\\/20\\\/presidente-peruana-advierte-que-pesara-todo-el-rigor-de-la-ley-sobre-los-responsables-de-actos-de-delincuencia\\\/#primaryimage\"},\"image\":{\"@id\":\"https:\\\/\\\/elcanillita.info\\\/press\\\/2023\\\/01\\\/20\\\/presidente-peruana-advierte-que-pesara-todo-el-rigor-de-la-ley-sobre-los-responsables-de-actos-de-delincuencia\\\/#primaryimage\"},\"thumbnailUrl\":\"https:\\\/\\\/elcanillita.info\\\/press\\\/images\\\/2023\\\/01\\\/per_1_20230120-1.jpg\",\"datePublished\":\"2023-01-20T13:50:00+00:00\",\"dateModified\":\"2023-01-20T13:54:45+00:00\",\"inLanguage\":\"es-AR\",\"potentialAction\":[{\"@type\":\"ReadAction\",\"target\":[\"https:\\\/\\\/elcanillita.info\\\/press\\\/2023\\\/01\\\/20\\\/presidente-peruana-advierte-que-pesara-todo-el-rigor-de-la-ley-sobre-los-responsables-de-actos-de-delincuencia\\\/\"]}]},{\"@type\":\"ImageObject\",\"inLanguage\":\"es-AR\",\"@id\":\"https:\\\/\\\/elcanillita.info\\\/press\\\/2023\\\/01\\\/20\\\/presidente-peruana-advierte-que-pesara-todo-el-rigor-de-la-ley-sobre-los-responsables-de-actos-de-delincuencia\\\/#primaryimage\",\"url\":\"https:\\\/\\\/elcanillita.info\\\/press\\\/images\\\/2023\\\/01\\\/per_1_20230120-1.jpg\",\"contentUrl\":\"https:\\\/\\\/elcanillita.info\\\/press\\\/images\\\/2023\\\/01\\\/per_1_20230120-1.jpg\",\"width\":600,\"height\":400},{\"@type\":\"WebSite\",\"@id\":\"https:\\\/\\\/elcanillita.info\\\/press\\\/#website\",\"url\":\"https:\\\/\\\/elcanillita.info\\\/press\\\/\",\"name\":\"ElCanillita.Info\",\"description\":\"desde los Apeninos a los Andes\",\"publisher\":{\"@id\":\"https:\\\/\\\/elcanillita.info\\\/press\\\/#organization\"},\"potentialAction\":[{\"@type\":\"SearchAction\",\"target\":{\"@type\":\"EntryPoint\",\"urlTemplate\":\"https:\\\/\\\/elcanillita.info\\\/press\\\/?s={search_term_string}\"},\"query-input\":{\"@type\":\"PropertyValueSpecification\",\"valueRequired\":true,\"valueName\":\"search_term_string\"}}],\"inLanguage\":\"es-AR\"},{\"@type\":\"Organization\",\"@id\":\"https:\\\/\\\/elcanillita.info\\\/press\\\/#organization\",\"name\":\"Guzzo Photos & Graphic Publications\",\"url\":\"https:\\\/\\\/elcanillita.info\\\/press\\\/\",\"logo\":{\"@type\":\"ImageObject\",\"inLanguage\":\"es-AR\",\"@id\":\"https:\\\/\\\/elcanillita.info\\\/press\\\/#\\\/schema\\\/logo\\\/image\\\/\",\"url\":\"https:\\\/\\\/elcanillita.info\\\/press\\\/images\\\/2020\\\/01\\\/cropped-cropped-cropped-elcanillitainfo.png\",\"contentUrl\":\"https:\\\/\\\/elcanillita.info\\\/press\\\/images\\\/2020\\\/01\\\/cropped-cropped-cropped-elcanillitainfo.png\",\"width\":460,\"height\":50,\"caption\":\"Guzzo Photos & Graphic Publications\"},\"image\":{\"@id\":\"https:\\\/\\\/elcanillita.info\\\/press\\\/#\\\/schema\\\/logo\\\/image\\\/\"},\"sameAs\":[\"https:\\\/\\\/ar-ar.facebook.com\\\/ElCanillitainfo-114249515285712\\\/\"]},{\"@type\":\"Person\",\"@id\":\"https:\\\/\\\/elcanillita.info\\\/press\\\/#\\\/schema\\\/person\\\/7fcb79f38045700919f7da6d97e71ba0\",\"name\":\"SalaStampa.eu, world press service\",\"image\":{\"@type\":\"ImageObject\",\"inLanguage\":\"es-AR\",\"@id\":\"https:\\\/\\\/secure.gravatar.com\\\/avatar\\\/c2f0e0d515a107624234994507816ca4724c7199cef73fc8bedebf6931d73888?s=96&d=mm&r=g\",\"url\":\"https:\\\/\\\/secure.gravatar.com\\\/avatar\\\/c2f0e0d515a107624234994507816ca4724c7199cef73fc8bedebf6931d73888?s=96&d=mm&r=g\",\"contentUrl\":\"https:\\\/\\\/secure.gravatar.com\\\/avatar\\\/c2f0e0d515a107624234994507816ca4724c7199cef73fc8bedebf6931d73888?s=96&d=mm&r=g\",\"caption\":\"SalaStampa.eu, world press service\"}}]}<\/script>\n<!-- \/ Yoast SEO plugin. -->","yoast_head_json":{"title":"Presidente peruana advierte que pesar\u00e1 todo el rigor de la ley sobre los responsables de actos de delincuencia - ElCanillita.Info","robots":{"index":"index","follow":"follow","max-snippet":"max-snippet:-1","max-image-preview":"max-image-preview:large","max-video-preview":"max-video-preview:-1"},"canonical":"https:\/\/elcanillita.info\/press\/2023\/01\/20\/presidente-peruana-advierte-que-pesara-todo-el-rigor-de-la-ley-sobre-los-responsables-de-actos-de-delincuencia\/","og_locale":"es_ES","og_type":"article","og_title":"Presidente peruana advierte que pesar\u00e1 todo el rigor de la ley sobre los responsables de actos de delincuencia - ElCanillita.Info","og_description":"Un incendio de grandes proporciones se reporta esta noche en los alrededores de la plaza San Mart\u00edn, donde se han reunido manifestantes que han llegado desde distintas regiones del pa\u00eds para participar en la autodenominada marcha \"La toma de Lima\". Foto: ANDINA\/ Andr\u00e9s Valle","og_url":"https:\/\/elcanillita.info\/press\/2023\/01\/20\/presidente-peruana-advierte-que-pesara-todo-el-rigor-de-la-ley-sobre-los-responsables-de-actos-de-delincuencia\/","og_site_name":"ElCanillita.Info","article_publisher":"https:\/\/ar-ar.facebook.com\/ElCanillitainfo-114249515285712\/","article_published_time":"2023-01-20T13:50:00+00:00","article_modified_time":"2023-01-20T13:54:45+00:00","og_image":[{"width":600,"height":400,"url":"https:\/\/elcanillita.info\/press\/images\/2023\/01\/per_1_20230120-1.jpg","type":"image\/jpeg"}],"author":"SalaStampa.eu, world press service","twitter_card":"summary_large_image","twitter_misc":{"Escrito por":"SalaStampa.eu, world press service","Tiempo de lectura":"4 minutos"},"schema":{"@context":"https:\/\/schema.org","@graph":[{"@type":"Article","@id":"https:\/\/elcanillita.info\/press\/2023\/01\/20\/presidente-peruana-advierte-que-pesara-todo-el-rigor-de-la-ley-sobre-los-responsables-de-actos-de-delincuencia\/#article","isPartOf":{"@id":"https:\/\/elcanillita.info\/press\/2023\/01\/20\/presidente-peruana-advierte-que-pesara-todo-el-rigor-de-la-ley-sobre-los-responsables-de-actos-de-delincuencia\/"},"author":{"name":"SalaStampa.eu, world press service","@id":"https:\/\/elcanillita.info\/press\/#\/schema\/person\/7fcb79f38045700919f7da6d97e71ba0"},"headline":"Presidente peruana advierte que pesar\u00e1 todo el rigor de la ley sobre los responsables de actos de delincuencia","datePublished":"2023-01-20T13:50:00+00:00","dateModified":"2023-01-20T13:54:45+00:00","mainEntityOfPage":{"@id":"https:\/\/elcanillita.info\/press\/2023\/01\/20\/presidente-peruana-advierte-que-pesara-todo-el-rigor-de-la-ley-sobre-los-responsables-de-actos-de-delincuencia\/"},"wordCount":763,"publisher":{"@id":"https:\/\/elcanillita.info\/press\/#organization"},"image":{"@id":"https:\/\/elcanillita.info\/press\/2023\/01\/20\/presidente-peruana-advierte-que-pesara-todo-el-rigor-de-la-ley-sobre-los-responsables-de-actos-de-delincuencia\/#primaryimage"},"thumbnailUrl":"https:\/\/elcanillita.info\/press\/images\/2023\/01\/per_1_20230120-1.jpg","articleSection":[".","Actualidad","Am\u00e9rica del Sur","Politica"],"inLanguage":"es-AR"},{"@type":"WebPage","@id":"https:\/\/elcanillita.info\/press\/2023\/01\/20\/presidente-peruana-advierte-que-pesara-todo-el-rigor-de-la-ley-sobre-los-responsables-de-actos-de-delincuencia\/","url":"https:\/\/elcanillita.info\/press\/2023\/01\/20\/presidente-peruana-advierte-que-pesara-todo-el-rigor-de-la-ley-sobre-los-responsables-de-actos-de-delincuencia\/","name":"Presidente peruana advierte que pesar\u00e1 todo el rigor de la ley sobre los responsables de actos de delincuencia - ElCanillita.Info","isPartOf":{"@id":"https:\/\/elcanillita.info\/press\/#website"},"primaryImageOfPage":{"@id":"https:\/\/elcanillita.info\/press\/2023\/01\/20\/presidente-peruana-advierte-que-pesara-todo-el-rigor-de-la-ley-sobre-los-responsables-de-actos-de-delincuencia\/#primaryimage"},"image":{"@id":"https:\/\/elcanillita.info\/press\/2023\/01\/20\/presidente-peruana-advierte-que-pesara-todo-el-rigor-de-la-ley-sobre-los-responsables-de-actos-de-delincuencia\/#primaryimage"},"thumbnailUrl":"https:\/\/elcanillita.info\/press\/images\/2023\/01\/per_1_20230120-1.jpg","datePublished":"2023-01-20T13:50:00+00:00","dateModified":"2023-01-20T13:54:45+00:00","inLanguage":"es-AR","potentialAction":[{"@type":"ReadAction","target":["https:\/\/elcanillita.info\/press\/2023\/01\/20\/presidente-peruana-advierte-que-pesara-todo-el-rigor-de-la-ley-sobre-los-responsables-de-actos-de-delincuencia\/"]}]},{"@type":"ImageObject","inLanguage":"es-AR","@id":"https:\/\/elcanillita.info\/press\/2023\/01\/20\/presidente-peruana-advierte-que-pesara-todo-el-rigor-de-la-ley-sobre-los-responsables-de-actos-de-delincuencia\/#primaryimage","url":"https:\/\/elcanillita.info\/press\/images\/2023\/01\/per_1_20230120-1.jpg","contentUrl":"https:\/\/elcanillita.info\/press\/images\/2023\/01\/per_1_20230120-1.jpg","width":600,"height":400},{"@type":"WebSite","@id":"https:\/\/elcanillita.info\/press\/#website","url":"https:\/\/elcanillita.info\/press\/","name":"ElCanillita.Info","description":"desde los Apeninos a los Andes","publisher":{"@id":"https:\/\/elcanillita.info\/press\/#organization"},"potentialAction":[{"@type":"SearchAction","target":{"@type":"EntryPoint","urlTemplate":"https:\/\/elcanillita.info\/press\/?s={search_term_string}"},"query-input":{"@type":"PropertyValueSpecification","valueRequired":true,"valueName":"search_term_string"}}],"inLanguage":"es-AR"},{"@type":"Organization","@id":"https:\/\/elcanillita.info\/press\/#organization","name":"Guzzo Photos & Graphic Publications","url":"https:\/\/elcanillita.info\/press\/","logo":{"@type":"ImageObject","inLanguage":"es-AR","@id":"https:\/\/elcanillita.info\/press\/#\/schema\/logo\/image\/","url":"https:\/\/elcanillita.info\/press\/images\/2020\/01\/cropped-cropped-cropped-elcanillitainfo.png","contentUrl":"https:\/\/elcanillita.info\/press\/images\/2020\/01\/cropped-cropped-cropped-elcanillitainfo.png","width":460,"height":50,"caption":"Guzzo Photos & Graphic Publications"},"image":{"@id":"https:\/\/elcanillita.info\/press\/#\/schema\/logo\/image\/"},"sameAs":["https:\/\/ar-ar.facebook.com\/ElCanillitainfo-114249515285712\/"]},{"@type":"Person","@id":"https:\/\/elcanillita.info\/press\/#\/schema\/person\/7fcb79f38045700919f7da6d97e71ba0","name":"SalaStampa.eu, world press service","image":{"@type":"ImageObject","inLanguage":"es-AR","@id":"https:\/\/secure.gravatar.com\/avatar\/c2f0e0d515a107624234994507816ca4724c7199cef73fc8bedebf6931d73888?s=96&d=mm&r=g","url":"https:\/\/secure.gravatar.com\/avatar\/c2f0e0d515a107624234994507816ca4724c7199cef73fc8bedebf6931d73888?s=96&d=mm&r=g","contentUrl":"https:\/\/secure.gravatar.com\/avatar\/c2f0e0d515a107624234994507816ca4724c7199cef73fc8bedebf6931d73888?s=96&d=mm&r=g","caption":"SalaStampa.eu, world press service"}}]}},"views":384,"_links":{"self":[{"href":"https:\/\/elcanillita.info\/press\/wp-json\/wp\/v2\/posts\/3211","targetHints":{"allow":["GET"]}}],"collection":[{"href":"https:\/\/elcanillita.info\/press\/wp-json\/wp\/v2\/posts"}],"about":[{"href":"https:\/\/elcanillita.info\/press\/wp-json\/wp\/v2\/types\/post"}],"author":[{"embeddable":true,"href":"https:\/\/elcanillita.info\/press\/wp-json\/wp\/v2\/users\/1"}],"replies":[{"embeddable":true,"href":"https:\/\/elcanillita.info\/press\/wp-json\/wp\/v2\/comments?post=3211"}],"version-history":[{"count":0,"href":"https:\/\/elcanillita.info\/press\/wp-json\/wp\/v2\/posts\/3211\/revisions"}],"wp:featuredmedia":[{"embeddable":true,"href":"https:\/\/elcanillita.info\/press\/wp-json\/wp\/v2\/media\/3212"}],"wp:attachment":[{"href":"https:\/\/elcanillita.info\/press\/wp-json\/wp\/v2\/media?parent=3211"}],"wp:term":[{"taxonomy":"category","embeddable":true,"href":"https:\/\/elcanillita.info\/press\/wp-json\/wp\/v2\/categories?post=3211"},{"taxonomy":"post_tag","embeddable":true,"href":"https:\/\/elcanillita.info\/press\/wp-json\/wp\/v2\/tags?post=3211"}],"curies":[{"name":"wp","href":"https:\/\/api.w.org\/{rel}","templated":true}]}}