{"id":3186,"date":"2023-01-14T07:44:57","date_gmt":"2023-01-14T10:44:57","guid":{"rendered":"https:\/\/elcanillita.info\/press\/?p=3186"},"modified":"2023-01-14T07:44:59","modified_gmt":"2023-01-14T10:44:59","slug":"llorar-o-luchar","status":"publish","type":"post","link":"https:\/\/elcanillita.info\/press\/2023\/01\/14\/llorar-o-luchar\/","title":{"rendered":"Llorar o Luchar"},"content":{"rendered":"\n<p><strong><small>por Enrique Guillermo Avogadro<\/small><\/strong><br><br>                                                       <small><strong><em>\u201cLloras como una mujer lo que no supiste defender como un hombre\u201d.<\/em><br><em>\u00a0                                                                                                             Aisha bint Muhammad ibn al-Ahmar<\/em><\/strong><\/small><\/p>\n\n\n\n<p>Se cumplieron 500 a\u00f1os desde aquel 2 de enero de 1492, en que el \u00faltimo Emir de Granada, Boabdil el Chico, se rindi\u00f3 ante el Rey de Arag\u00f3n, Fernando el Cat\u00f3lico, poniendo fin a los ocho siglos del dominio musulm\u00e1n en Espa\u00f1a. Cuando el moro abandon\u00f3 la ciudad, su madre le descerraj\u00f3 la frase que sirve de ep\u00edgrafe. Viene a cuento porque, en Am\u00e9rica Latina, nos enfrentamos a un similar desaf\u00edo y, una vez m\u00e1s, estar\u00e1 en las manos de sus ciudadanos decidir qu\u00e9 actitud adoptar frente a los huracanados vientos que soplan desde el R\u00edo Grande a Tierra del Fuego, amenazando, desde todos los cuadrantes, a las fr\u00e1giles democracias que hab\u00edamos construido, con mucho esfuerzo, en las \u00faltimas d\u00e9cadas.<\/p>\n\n\n\n<p>Hubiera preferido dedicar mi nota semanal a analizar qu\u00e9 pas\u00f3 o est\u00e1 sucediendo en la regi\u00f3n y, claro, en la Argentina, pero deber\u00e9 limitarme a hacerlo, en raz\u00f3n del espacio que puedo utilizar, s\u00f3lo a Brasil y a mi pa\u00eds, porque aqu\u00ed el kichnerismo cerril y el <em>Caracol<\/em> que se autopercibe Presidente no nos dan tregua.<\/p>\n\n\n\n<p>Hace miles de a\u00f1os, Esquilo dijo: \u201cEn toda guerra, la primera v\u00edctima es la verdad\u201d. La criminal guerra de Rusia contra Ucrania y los recientes hechos de Bras\u00edlia lo confirman. Era previsible que se produjeran all\u00ed vandalismos dadas las enormes multitudes que se hab\u00edan aposentado frente a las instalaciones militares en la capital, puesto que pod\u00edan ser infiltradas (tal como hemos visto en Chile, Colombia, Ecuador, Per\u00fa y Bolivia) por terroristas financiados desde el exterior. Las agendas del Foro de S\u00e3o Paulo, del Grupo de Puebla y de la CELAC en pos de reconstruir esa estafa denominada \u201csocialismo del siglo XXI\u201d no se detienen.<\/p>\n\n\n\n<p>Resulta harto dif\u00edcil imaginar que el Presidente ignorara qu\u00e9 situaciones de riesgo podr\u00edan vivirse y, sin embargo, nada se hizo para evitarlas. Me pregunt\u00e9 a qui\u00e9n benefici\u00f3 lo sucedido y la \u00fanica respuesta que encontr\u00e9 fue que al propio Luiz In\u00e1cio Lula da Silva. Si bien \u00e9ste triunf\u00f3 sobre Jair Bolsonaro por escas\u00edsimo margen, los partidarios del derrotado Presidente (casi la exacta mitad del pa\u00eds) ganaron las gobernaciones de los m\u00e1s importantes Estados e incorporaron un n\u00famero mayor de legisladores en el Congreso federal; o sea, Lula asumi\u00f3 con una marcada debilidad pol\u00edtica.<\/p>\n\n\n\n<p>Pero despu\u00e9s de la invasi\u00f3n de los palacios de los tres poderes, no s\u00f3lo cosech\u00f3 un in\u00e9dito respaldo internacional \u2013hasta Joe Biden lo invit\u00f3 a una reuni\u00f3n en Camp David este mismo mes- sino que la popularidad de su oponente cay\u00f3 verticalmente en las encuestas nacionales, todo lo cual empoder\u00f3 al mandatario y le permitir\u00e1 imponer su propia agenda legislativa, con todo lo que ello implica para el futuro de esa \u201cPatria Grande\u201d que imaginaron todos los populistas de la corrupta izquierda regional. \u00bfPodr\u00eda haber sido ese logrado objetivo la verdadera raz\u00f3n de lo que pas\u00f3?<\/p>\n\n\n\n<p>Pero volvamos a la Argentina, ya que el Gobierno ha iniciado una batalla crucial, condenada de antemano al fracaso por las inexistentes mayor\u00edas especiales que exige la Constituci\u00f3n para concretarlas. Me refiero, claro, a los dos temas que <em>Caracol<\/em> Fern\u00e1ndez incluy\u00f3 \u2013como rastrera ofrenda a Cristina Kirchner, que lo desprecia ol\u00edmpicamente- en la lista de proyectos que tratar\u00e1 el Congreso en las sesiones extraordinarias a las cuales convoc\u00f3: la remoci\u00f3n de todos los ministros actuales de la Corte Suprema y la ampliaci\u00f3n del n\u00famero de jueces en el alto Tribunal.<\/p>\n\n\n\n<p>La Comisi\u00f3n de Juicio Pol\u00edtico tiene mayor\u00eda kirchnerista, incluyendo a los tres que obedecen a Sergio <em>Aceitoso <\/em>Massa; que sus diputados apoyen la iniciativa oficialista impedir\u00e1 que el Congreso logre qu\u00f3rum para tratar los proyectos legislativos que el Ministro de Econom\u00eda necesita y eso torna incomprensible su actitud, salvo que sue\u00f1e con que Cristina Fern\u00e1ndez lo elija como candidato en las elecciones presidenciales de octubre. Los payasos que conforman ese circo disponible le permitir\u00e1n al Gobierno generar un gigantesco ruido medi\u00e1tico que, como siempre, resultar\u00e1 un tema ajeno para una enorme proporci\u00f3n de los ciudadanos comunes, angustiados por la inflaci\u00f3n, la inseguridad y el narcotr\u00e1fico, y hoy obnubilados con el juicio por el asesinato de Fernando B\u00e1ez Sosa por una patota.<\/p>\n\n\n\n<p>Las causas que se invocaron para el juicio pol\u00edtico fueron la medida cautelar contra el manotazo de fondos a la Ciudad, la declaraci\u00f3n de inconstitucionalidad de la composici\u00f3n del Consejo de la Magistratura y la aplicaci\u00f3n de una ley general al caso de un preso pol\u00edtico militar; o sea, por estar en desacuerdo con sus sentencias. El \u00faltimo tema merece un aparte, ya que cuando la Corte resolvi\u00f3 que correspond\u00eda a Luis Mui\u00f1a utilizar el principio de la ley m\u00e1s benigna, el kirchnerismo y los organismos de derechos humanos tuertos tomaron las calles de Buenos Aires, y el Congreso sancion\u00f3 una vergonzosa ley \u201caclarando\u201d que no correspond\u00eda otorgar ese beneficio a los condenados por delitos de lesa humanidad en los simulacros de juicio habituales. Hasta Human Rights Watch, a quien no se puede tildar de favorecer reg\u00edmenes de derecha, puso el grito en el cielo ante el inmundo ataque del <em>Caracol <\/em>contra la Justicia.<\/p>\n\n\n\n<p>Creo que los republicanos no agradecemos lo suficiente a Mauricio Macri por la gira nacional que realiz\u00f3 despu\u00e9s de las PASO de 2015 bajo el lema \u201cS\u00ed, se puede\u201d; permiti\u00f3 que la diferencia final contra la f\u00f3rmula de Fern\u00e1ndez\u00b2 fuera mucho menor de lo que se preve\u00eda; y la furibunda paliza que recibi\u00f3 el Frente para Todos en 2021 complet\u00f3 la tarea, ya que logr\u00f3 el milagro necesario para la supervivencia de la democracia al impedir que la banda delictiva que nos gobierna se hiciera con las mayor\u00edas legislativas que hubieran habilitado el \u201cVamos por todo\u201d anunciado por Cristina Kirchner.<\/p>\n\n\n\n<p>Ahora debemos elegir entre llorar y luchar, ya que ella est\u00e1 preparada para deslegitimar a su sucesor y evitar que pueda gobernar. La estrategia est\u00e1 cantada: si el pueblo no nos vot\u00f3, fue porque la prensa y la Justicia lo enga\u00f1aron, y no deber\u00e1 reconocerse el resultado de las elecciones ni, claro, entregar los atributos del poder. \u00bfLe suena?<\/p>\n\n\n\n<p>Buenos Aires, 14 Enero 2023<br><br><small>\u00a92023 ElCanillita.info \/ SalaStampa.Eu &#8211; Actio in rem, dominium ex iure Quiritium &#8211; All Rights Reserved<\/small><\/p>\n","protected":false},"excerpt":{"rendered":"<p>Si bien el triunf\u00f3 sobre Jair Bolsonaro por escas\u00edsimo margen, los partidarios del derrotado Presidente ganaron las gobernaciones de los m\u00e1s importantes Estados.  <\/p>\n","protected":false},"author":1,"featured_media":3187,"comment_status":"closed","ping_status":"closed","sticky":false,"template":"","format":"standard","meta":{"footnotes":"","_links_to":"","_links_to_target":""},"categories":[108,70,11,23,25],"tags":[],"class_list":["post-3186","post","type-post","status-publish","format-standard","has-post-thumbnail","hentry","category-blogdiario","category-actualidad","category-america-del-sur","category-politica","category-sociedad","entry","double"],"yoast_head":"<!-- This site is optimized with the Yoast SEO plugin v27.4 - https:\/\/yoast.com\/product\/yoast-seo-wordpress\/ -->\n<title>Llorar o Luchar - ElCanillita.Info<\/title>\n<meta name=\"description\" content=\"Si bien el triunf\u00f3 sobre Jair Bolsonaro por escas\u00edsimo margen, los partidarios del derrotado Presidente ganaron las gobernaciones de los m\u00e1s importantes Estados.\" \/>\n<meta name=\"robots\" content=\"index, follow, max-snippet:-1, max-image-preview:large, max-video-preview:-1\" \/>\n<link rel=\"canonical\" href=\"https:\/\/elcanillita.info\/press\/2023\/01\/14\/llorar-o-luchar\/\" \/>\n<meta property=\"og:locale\" content=\"es_ES\" \/>\n<meta property=\"og:type\" content=\"article\" \/>\n<meta property=\"og:title\" content=\"Llorar o Luchar - ElCanillita.Info\" \/>\n<meta property=\"og:description\" content=\"Si bien el triunf\u00f3 sobre Jair Bolsonaro por escas\u00edsimo margen, los partidarios del derrotado Presidente ganaron las gobernaciones de los m\u00e1s importantes Estados.\" \/>\n<meta property=\"og:url\" content=\"https:\/\/elcanillita.info\/press\/2023\/01\/14\/llorar-o-luchar\/\" \/>\n<meta property=\"og:site_name\" content=\"ElCanillita.Info\" \/>\n<meta property=\"article:publisher\" content=\"https:\/\/ar-ar.facebook.com\/ElCanillitainfo-114249515285712\/\" \/>\n<meta property=\"article:published_time\" content=\"2023-01-14T10:44:57+00:00\" \/>\n<meta property=\"article:modified_time\" content=\"2023-01-14T10:44:59+00:00\" \/>\n<meta property=\"og:image\" content=\"https:\/\/elcanillita.info\/press\/images\/2023\/01\/lul-20230114.jpg\" \/>\n\t<meta property=\"og:image:width\" content=\"600\" \/>\n\t<meta property=\"og:image:height\" content=\"400\" \/>\n\t<meta property=\"og:image:type\" content=\"image\/jpeg\" \/>\n<meta name=\"author\" content=\"SalaStampa.eu, world press service\" \/>\n<meta name=\"twitter:card\" content=\"summary_large_image\" \/>\n<meta name=\"twitter:label1\" content=\"Escrito por\" \/>\n\t<meta name=\"twitter:data1\" content=\"SalaStampa.eu, world press service\" \/>\n\t<meta name=\"twitter:label2\" content=\"Tiempo de lectura\" \/>\n\t<meta name=\"twitter:data2\" content=\"5 minutos\" \/>\n<script type=\"application\/ld+json\" class=\"yoast-schema-graph\">{\"@context\":\"https:\\\/\\\/schema.org\",\"@graph\":[{\"@type\":\"Article\",\"@id\":\"https:\\\/\\\/elcanillita.info\\\/press\\\/2023\\\/01\\\/14\\\/llorar-o-luchar\\\/#article\",\"isPartOf\":{\"@id\":\"https:\\\/\\\/elcanillita.info\\\/press\\\/2023\\\/01\\\/14\\\/llorar-o-luchar\\\/\"},\"author\":{\"name\":\"SalaStampa.eu, world press service\",\"@id\":\"https:\\\/\\\/elcanillita.info\\\/press\\\/#\\\/schema\\\/person\\\/7fcb79f38045700919f7da6d97e71ba0\"},\"headline\":\"Llorar o Luchar\",\"datePublished\":\"2023-01-14T10:44:57+00:00\",\"dateModified\":\"2023-01-14T10:44:59+00:00\",\"mainEntityOfPage\":{\"@id\":\"https:\\\/\\\/elcanillita.info\\\/press\\\/2023\\\/01\\\/14\\\/llorar-o-luchar\\\/\"},\"wordCount\":1106,\"publisher\":{\"@id\":\"https:\\\/\\\/elcanillita.info\\\/press\\\/#organization\"},\"image\":{\"@id\":\"https:\\\/\\\/elcanillita.info\\\/press\\\/2023\\\/01\\\/14\\\/llorar-o-luchar\\\/#primaryimage\"},\"thumbnailUrl\":\"https:\\\/\\\/elcanillita.info\\\/press\\\/images\\\/2023\\\/01\\\/lul-20230114.jpg\",\"articleSection\":[\".\",\"Actualidad\",\"Am\u00e9rica del Sur\",\"Politica\",\"Sociedad\"],\"inLanguage\":\"es-AR\"},{\"@type\":\"WebPage\",\"@id\":\"https:\\\/\\\/elcanillita.info\\\/press\\\/2023\\\/01\\\/14\\\/llorar-o-luchar\\\/\",\"url\":\"https:\\\/\\\/elcanillita.info\\\/press\\\/2023\\\/01\\\/14\\\/llorar-o-luchar\\\/\",\"name\":\"Llorar o Luchar - ElCanillita.Info\",\"isPartOf\":{\"@id\":\"https:\\\/\\\/elcanillita.info\\\/press\\\/#website\"},\"primaryImageOfPage\":{\"@id\":\"https:\\\/\\\/elcanillita.info\\\/press\\\/2023\\\/01\\\/14\\\/llorar-o-luchar\\\/#primaryimage\"},\"image\":{\"@id\":\"https:\\\/\\\/elcanillita.info\\\/press\\\/2023\\\/01\\\/14\\\/llorar-o-luchar\\\/#primaryimage\"},\"thumbnailUrl\":\"https:\\\/\\\/elcanillita.info\\\/press\\\/images\\\/2023\\\/01\\\/lul-20230114.jpg\",\"datePublished\":\"2023-01-14T10:44:57+00:00\",\"dateModified\":\"2023-01-14T10:44:59+00:00\",\"description\":\"Si bien el triunf\u00f3 sobre Jair Bolsonaro por escas\u00edsimo margen, los partidarios del derrotado Presidente ganaron las gobernaciones de los m\u00e1s importantes Estados.\",\"inLanguage\":\"es-AR\",\"potentialAction\":[{\"@type\":\"ReadAction\",\"target\":[\"https:\\\/\\\/elcanillita.info\\\/press\\\/2023\\\/01\\\/14\\\/llorar-o-luchar\\\/\"]}]},{\"@type\":\"ImageObject\",\"inLanguage\":\"es-AR\",\"@id\":\"https:\\\/\\\/elcanillita.info\\\/press\\\/2023\\\/01\\\/14\\\/llorar-o-luchar\\\/#primaryimage\",\"url\":\"https:\\\/\\\/elcanillita.info\\\/press\\\/images\\\/2023\\\/01\\\/lul-20230114.jpg\",\"contentUrl\":\"https:\\\/\\\/elcanillita.info\\\/press\\\/images\\\/2023\\\/01\\\/lul-20230114.jpg\",\"width\":600,\"height\":400},{\"@type\":\"WebSite\",\"@id\":\"https:\\\/\\\/elcanillita.info\\\/press\\\/#website\",\"url\":\"https:\\\/\\\/elcanillita.info\\\/press\\\/\",\"name\":\"ElCanillita.Info\",\"description\":\"desde los Apeninos a los Andes\",\"publisher\":{\"@id\":\"https:\\\/\\\/elcanillita.info\\\/press\\\/#organization\"},\"potentialAction\":[{\"@type\":\"SearchAction\",\"target\":{\"@type\":\"EntryPoint\",\"urlTemplate\":\"https:\\\/\\\/elcanillita.info\\\/press\\\/?s={search_term_string}\"},\"query-input\":{\"@type\":\"PropertyValueSpecification\",\"valueRequired\":true,\"valueName\":\"search_term_string\"}}],\"inLanguage\":\"es-AR\"},{\"@type\":\"Organization\",\"@id\":\"https:\\\/\\\/elcanillita.info\\\/press\\\/#organization\",\"name\":\"Guzzo Photos & Graphic Publications\",\"url\":\"https:\\\/\\\/elcanillita.info\\\/press\\\/\",\"logo\":{\"@type\":\"ImageObject\",\"inLanguage\":\"es-AR\",\"@id\":\"https:\\\/\\\/elcanillita.info\\\/press\\\/#\\\/schema\\\/logo\\\/image\\\/\",\"url\":\"https:\\\/\\\/elcanillita.info\\\/press\\\/images\\\/2020\\\/01\\\/cropped-cropped-cropped-elcanillitainfo.png\",\"contentUrl\":\"https:\\\/\\\/elcanillita.info\\\/press\\\/images\\\/2020\\\/01\\\/cropped-cropped-cropped-elcanillitainfo.png\",\"width\":460,\"height\":50,\"caption\":\"Guzzo Photos & Graphic Publications\"},\"image\":{\"@id\":\"https:\\\/\\\/elcanillita.info\\\/press\\\/#\\\/schema\\\/logo\\\/image\\\/\"},\"sameAs\":[\"https:\\\/\\\/ar-ar.facebook.com\\\/ElCanillitainfo-114249515285712\\\/\"]},{\"@type\":\"Person\",\"@id\":\"https:\\\/\\\/elcanillita.info\\\/press\\\/#\\\/schema\\\/person\\\/7fcb79f38045700919f7da6d97e71ba0\",\"name\":\"SalaStampa.eu, world press service\",\"image\":{\"@type\":\"ImageObject\",\"inLanguage\":\"es-AR\",\"@id\":\"https:\\\/\\\/secure.gravatar.com\\\/avatar\\\/c2f0e0d515a107624234994507816ca4724c7199cef73fc8bedebf6931d73888?s=96&d=mm&r=g\",\"url\":\"https:\\\/\\\/secure.gravatar.com\\\/avatar\\\/c2f0e0d515a107624234994507816ca4724c7199cef73fc8bedebf6931d73888?s=96&d=mm&r=g\",\"contentUrl\":\"https:\\\/\\\/secure.gravatar.com\\\/avatar\\\/c2f0e0d515a107624234994507816ca4724c7199cef73fc8bedebf6931d73888?s=96&d=mm&r=g\",\"caption\":\"SalaStampa.eu, world press service\"}}]}<\/script>\n<!-- \/ Yoast SEO plugin. -->","yoast_head_json":{"title":"Llorar o Luchar - ElCanillita.Info","description":"Si bien el triunf\u00f3 sobre Jair Bolsonaro por escas\u00edsimo margen, los partidarios del derrotado Presidente ganaron las gobernaciones de los m\u00e1s importantes Estados.","robots":{"index":"index","follow":"follow","max-snippet":"max-snippet:-1","max-image-preview":"max-image-preview:large","max-video-preview":"max-video-preview:-1"},"canonical":"https:\/\/elcanillita.info\/press\/2023\/01\/14\/llorar-o-luchar\/","og_locale":"es_ES","og_type":"article","og_title":"Llorar o Luchar - ElCanillita.Info","og_description":"Si bien el triunf\u00f3 sobre Jair Bolsonaro por escas\u00edsimo margen, los partidarios del derrotado Presidente ganaron las gobernaciones de los m\u00e1s importantes Estados.","og_url":"https:\/\/elcanillita.info\/press\/2023\/01\/14\/llorar-o-luchar\/","og_site_name":"ElCanillita.Info","article_publisher":"https:\/\/ar-ar.facebook.com\/ElCanillitainfo-114249515285712\/","article_published_time":"2023-01-14T10:44:57+00:00","article_modified_time":"2023-01-14T10:44:59+00:00","og_image":[{"width":600,"height":400,"url":"https:\/\/elcanillita.info\/press\/images\/2023\/01\/lul-20230114.jpg","type":"image\/jpeg"}],"author":"SalaStampa.eu, world press service","twitter_card":"summary_large_image","twitter_misc":{"Escrito por":"SalaStampa.eu, world press service","Tiempo de lectura":"5 minutos"},"schema":{"@context":"https:\/\/schema.org","@graph":[{"@type":"Article","@id":"https:\/\/elcanillita.info\/press\/2023\/01\/14\/llorar-o-luchar\/#article","isPartOf":{"@id":"https:\/\/elcanillita.info\/press\/2023\/01\/14\/llorar-o-luchar\/"},"author":{"name":"SalaStampa.eu, world press service","@id":"https:\/\/elcanillita.info\/press\/#\/schema\/person\/7fcb79f38045700919f7da6d97e71ba0"},"headline":"Llorar o Luchar","datePublished":"2023-01-14T10:44:57+00:00","dateModified":"2023-01-14T10:44:59+00:00","mainEntityOfPage":{"@id":"https:\/\/elcanillita.info\/press\/2023\/01\/14\/llorar-o-luchar\/"},"wordCount":1106,"publisher":{"@id":"https:\/\/elcanillita.info\/press\/#organization"},"image":{"@id":"https:\/\/elcanillita.info\/press\/2023\/01\/14\/llorar-o-luchar\/#primaryimage"},"thumbnailUrl":"https:\/\/elcanillita.info\/press\/images\/2023\/01\/lul-20230114.jpg","articleSection":[".","Actualidad","Am\u00e9rica del Sur","Politica","Sociedad"],"inLanguage":"es-AR"},{"@type":"WebPage","@id":"https:\/\/elcanillita.info\/press\/2023\/01\/14\/llorar-o-luchar\/","url":"https:\/\/elcanillita.info\/press\/2023\/01\/14\/llorar-o-luchar\/","name":"Llorar o Luchar - ElCanillita.Info","isPartOf":{"@id":"https:\/\/elcanillita.info\/press\/#website"},"primaryImageOfPage":{"@id":"https:\/\/elcanillita.info\/press\/2023\/01\/14\/llorar-o-luchar\/#primaryimage"},"image":{"@id":"https:\/\/elcanillita.info\/press\/2023\/01\/14\/llorar-o-luchar\/#primaryimage"},"thumbnailUrl":"https:\/\/elcanillita.info\/press\/images\/2023\/01\/lul-20230114.jpg","datePublished":"2023-01-14T10:44:57+00:00","dateModified":"2023-01-14T10:44:59+00:00","description":"Si bien el triunf\u00f3 sobre Jair Bolsonaro por escas\u00edsimo margen, los partidarios del derrotado Presidente ganaron las gobernaciones de los m\u00e1s importantes Estados.","inLanguage":"es-AR","potentialAction":[{"@type":"ReadAction","target":["https:\/\/elcanillita.info\/press\/2023\/01\/14\/llorar-o-luchar\/"]}]},{"@type":"ImageObject","inLanguage":"es-AR","@id":"https:\/\/elcanillita.info\/press\/2023\/01\/14\/llorar-o-luchar\/#primaryimage","url":"https:\/\/elcanillita.info\/press\/images\/2023\/01\/lul-20230114.jpg","contentUrl":"https:\/\/elcanillita.info\/press\/images\/2023\/01\/lul-20230114.jpg","width":600,"height":400},{"@type":"WebSite","@id":"https:\/\/elcanillita.info\/press\/#website","url":"https:\/\/elcanillita.info\/press\/","name":"ElCanillita.Info","description":"desde los Apeninos a los Andes","publisher":{"@id":"https:\/\/elcanillita.info\/press\/#organization"},"potentialAction":[{"@type":"SearchAction","target":{"@type":"EntryPoint","urlTemplate":"https:\/\/elcanillita.info\/press\/?s={search_term_string}"},"query-input":{"@type":"PropertyValueSpecification","valueRequired":true,"valueName":"search_term_string"}}],"inLanguage":"es-AR"},{"@type":"Organization","@id":"https:\/\/elcanillita.info\/press\/#organization","name":"Guzzo Photos & Graphic Publications","url":"https:\/\/elcanillita.info\/press\/","logo":{"@type":"ImageObject","inLanguage":"es-AR","@id":"https:\/\/elcanillita.info\/press\/#\/schema\/logo\/image\/","url":"https:\/\/elcanillita.info\/press\/images\/2020\/01\/cropped-cropped-cropped-elcanillitainfo.png","contentUrl":"https:\/\/elcanillita.info\/press\/images\/2020\/01\/cropped-cropped-cropped-elcanillitainfo.png","width":460,"height":50,"caption":"Guzzo Photos & Graphic Publications"},"image":{"@id":"https:\/\/elcanillita.info\/press\/#\/schema\/logo\/image\/"},"sameAs":["https:\/\/ar-ar.facebook.com\/ElCanillitainfo-114249515285712\/"]},{"@type":"Person","@id":"https:\/\/elcanillita.info\/press\/#\/schema\/person\/7fcb79f38045700919f7da6d97e71ba0","name":"SalaStampa.eu, world press service","image":{"@type":"ImageObject","inLanguage":"es-AR","@id":"https:\/\/secure.gravatar.com\/avatar\/c2f0e0d515a107624234994507816ca4724c7199cef73fc8bedebf6931d73888?s=96&d=mm&r=g","url":"https:\/\/secure.gravatar.com\/avatar\/c2f0e0d515a107624234994507816ca4724c7199cef73fc8bedebf6931d73888?s=96&d=mm&r=g","contentUrl":"https:\/\/secure.gravatar.com\/avatar\/c2f0e0d515a107624234994507816ca4724c7199cef73fc8bedebf6931d73888?s=96&d=mm&r=g","caption":"SalaStampa.eu, world press service"}}]}},"views":379,"_links":{"self":[{"href":"https:\/\/elcanillita.info\/press\/wp-json\/wp\/v2\/posts\/3186","targetHints":{"allow":["GET"]}}],"collection":[{"href":"https:\/\/elcanillita.info\/press\/wp-json\/wp\/v2\/posts"}],"about":[{"href":"https:\/\/elcanillita.info\/press\/wp-json\/wp\/v2\/types\/post"}],"author":[{"embeddable":true,"href":"https:\/\/elcanillita.info\/press\/wp-json\/wp\/v2\/users\/1"}],"replies":[{"embeddable":true,"href":"https:\/\/elcanillita.info\/press\/wp-json\/wp\/v2\/comments?post=3186"}],"version-history":[{"count":0,"href":"https:\/\/elcanillita.info\/press\/wp-json\/wp\/v2\/posts\/3186\/revisions"}],"wp:featuredmedia":[{"embeddable":true,"href":"https:\/\/elcanillita.info\/press\/wp-json\/wp\/v2\/media\/3187"}],"wp:attachment":[{"href":"https:\/\/elcanillita.info\/press\/wp-json\/wp\/v2\/media?parent=3186"}],"wp:term":[{"taxonomy":"category","embeddable":true,"href":"https:\/\/elcanillita.info\/press\/wp-json\/wp\/v2\/categories?post=3186"},{"taxonomy":"post_tag","embeddable":true,"href":"https:\/\/elcanillita.info\/press\/wp-json\/wp\/v2\/tags?post=3186"}],"curies":[{"name":"wp","href":"https:\/\/api.w.org\/{rel}","templated":true}]}}