{"id":318,"date":"2020-02-04T06:38:28","date_gmt":"2020-02-04T09:38:28","guid":{"rendered":"https:\/\/elcanillita.info\/press\/?p=318"},"modified":"2020-02-04T06:38:30","modified_gmt":"2020-02-04T09:38:30","slug":"arabia-saudi-aboga-permanencia-tropas-estadounidenses-irak","status":"publish","type":"post","link":"https:\/\/elcanillita.info\/press\/2020\/02\/04\/arabia-saudi-aboga-permanencia-tropas-estadounidenses-irak\/","title":{"rendered":"Arabia Saud\u00ed aboga por permanencia de tropas estadounidenses en Irak"},"content":{"rendered":"<p>Riad, 04.02.2020 &#8211; El principal diplom\u00e1tico de Arabia Saud\u00ed dice que su pa\u00eds no quiere que las tropas estadounidenses abandonen Irak, incluso cuando Washington refuerza su presencia militar en el reino. El canciller saud\u00ed, Faisal bin Farhan al-Saud, advirti\u00f3 que cualquier retirada de las fuerzas estadounidenses del vecino Iraq podr\u00eda hacer que la regi\u00f3n sea menos segura.<\/p>\n<p>Estados Unidos tiene aproximadamente 5,000 soldados estacionados en Irak que apoyan y asesoran a las fuerzas iraqu\u00edes en la lucha actual contra los militantes del Estado Isl\u00e1mico (EI), tambi\u00e9n conocidos como IS, principalmente en el norte del pa\u00eds.<\/p>\n<p>Irak reanud\u00f3 las operaciones militares conjuntas la semana pasada con la coalici\u00f3n liderada por Estados Unidos para luchar contra EI despu\u00e9s de una pausa de casi tres semanas que sigui\u00f3 a las intensas tensiones con Bagdad por la eliminaci\u00f3n selectiva por parte de Washington del principal general iran\u00ed, Qassem Soleimani, en suelo iraqu\u00ed en enero.<\/p>\n<p>Sin embargo, el ej\u00e9rcito iraqu\u00ed tambi\u00e9n insinu\u00f3 que la relaci\u00f3n de Bagdad con Washington cambiar\u00eda despu\u00e9s de que el parlamento de Iraq vot\u00f3 recientemente para expulsar al ej\u00e9rcito estadounidense.<\/p>\n<p>Washington dice que no tiene la intenci\u00f3n de retirar a las tropas de Irak.<\/p>\n<p>Faisal bin Farhan al-Saud asever\u00f3 que Estados Unidos actu\u00f3 en su &#8220;leg\u00edtima defensa propia&#8221;, cuando atac\u00f3 a Soleimani. &#8220;Estados Unidos ha demostrado una y otra vez ser un aliado confiable del Reino [de Arabia Saud\u00ed], y este tambi\u00e9n es el caso de la administraci\u00f3n Trump&#8221;, dijo recientemente en una entrevista con CNN.<\/p>\n<p>La analista del Golfo Cinzia Bianco, del Consejo Europeo de Relaciones Exteriores, dice que la posici\u00f3n de Arabia Saud\u00ed es consistente con sus puntos de vista luego de la invasi\u00f3n de Irak liderada por Estados Unidos en 2003.<\/p>\n<p>&#8220;Desde el punto de vista saud\u00ed, Estados Unidos est\u00e1 en el centro de la gesti\u00f3n de estas olas de inestabilidad que en parte se originaron en momentos de su propia invasi\u00f3n a Irak&#8221;, dijo Bianco, y agreg\u00f3: &#8220;Cuando la regi\u00f3n sufre fuertes olas de inestabilidad, Estados Unidos deber\u00eda estar all\u00ed para enfrentarlos&#8221;.<\/p>\n<p>Bianco y otros analistas aseguran que las tropas estadounidenses tambi\u00e9n son vistas como un elemento disuasorio para la creciente huella de Ir\u00e1n en la regi\u00f3n y la inestabilidad que ha causado. Washington ha fortalecido la presencia militar de Estados Unidos en el Golfo, especialmente con m\u00e1s tropas, agregadas a la Base A\u00e9rea del Pr\u00edncipe Sult\u00e1n de Arabia Saud\u00ed en medio de las crecientes tensiones con Ir\u00e1n.<\/p>\n<p>&#8220;Especialmente en un momento de intensas tensiones entre Estados Unidos e Ir\u00e1n, si Estados Unidos tuviera que retirar sus tropas de Irak, entonces en la lista de objetivos de Ir\u00e1n hay tropas estadounidenses en Arabia Saud\u00ed u otros objetivos en el propio reino&#8221;, dijo Bianco.<\/p>\n<p>Los analistas dicen que Arabia Saud\u00ed quiere evitar una confrontaci\u00f3n directa con Ir\u00e1n, su poderoso rival regional; sin embargo, el gobierno de Trump no intervino militarmente para defender los intereses de Arabia Saud\u00ed despu\u00e9s de lo que se cree que fue el ataque con misiles y drones de Ir\u00e1n contra los sitios petroleros sauditas en septiembre pasado. Desde entonces, Estados Unidos ha colocado cuatro bater\u00edas de misiles Patriota en Arabia Saud\u00ed, y recientemente instal\u00f3 otras m\u00e1s para protegerla contra los misiles disparados por Ir\u00e1n y las milicias respaldadas por Ir\u00e1n en Siria e Irak<\/p>\n<p><small>2020 voanoticias \u2013 salastampa.eu, afiliada a la red Broadcasting Board of Governors \u00a9 2020 BBG<\/small><\/p>\n","protected":false},"excerpt":{"rendered":"<p>Riad, 04.02.2020 &#8211; El principal diplom\u00e1tico de Arabia Saud\u00ed dice que su pa\u00eds no quiere que las tropas estadounidenses abandonen Irak, incluso cuando Washington refuerza su presencia militar en el reino. El canciller saud\u00ed, Faisal bin Farhan al-Saud, advirti\u00f3 que cualquier retirada de las fuerzas estadounidenses del vecino Iraq podr\u00eda hacer que la regi\u00f3n sea menos segura.<\/p>\n","protected":false},"author":1,"featured_media":0,"comment_status":"closed","ping_status":"closed","sticky":false,"template":"","format":"standard","meta":{"footnotes":"","_links_to":"","_links_to_target":""},"categories":[70,16,23],"tags":[72],"class_list":["post-318","post","type-post","status-publish","format-standard","hentry","category-actualidad","category-asia","category-politica","tag-arabia-saudita","entry","double"],"yoast_head":"<!-- This site is optimized with the Yoast SEO plugin v27.5 - https:\/\/yoast.com\/product\/yoast-seo-wordpress\/ -->\n<title>Arabia Saud\u00ed aboga por permanencia de tropas estadounidenses en Irak - ElCanillita.Info<\/title>\n<meta name=\"robots\" content=\"index, follow, max-snippet:-1, max-image-preview:large, max-video-preview:-1\" \/>\n<link rel=\"canonical\" href=\"https:\/\/elcanillita.info\/press\/2020\/02\/04\/arabia-saudi-aboga-permanencia-tropas-estadounidenses-irak\/\" \/>\n<meta property=\"og:locale\" content=\"es_ES\" \/>\n<meta property=\"og:type\" content=\"article\" \/>\n<meta property=\"og:title\" content=\"Arabia Saud\u00ed aboga por permanencia de tropas estadounidenses en Irak - ElCanillita.Info\" \/>\n<meta property=\"og:description\" content=\"Riad, 04.02.2020 - El principal diplom\u00e1tico de Arabia Saud\u00ed dice que su pa\u00eds no quiere que las tropas estadounidenses abandonen Irak, incluso cuando Washington refuerza su presencia militar en el reino. El canciller saud\u00ed, Faisal bin Farhan al-Saud, advirti\u00f3 que cualquier retirada de las fuerzas estadounidenses del vecino Iraq podr\u00eda hacer que la regi\u00f3n sea menos segura.\" \/>\n<meta property=\"og:url\" content=\"https:\/\/elcanillita.info\/press\/2020\/02\/04\/arabia-saudi-aboga-permanencia-tropas-estadounidenses-irak\/\" \/>\n<meta property=\"og:site_name\" content=\"ElCanillita.Info\" \/>\n<meta property=\"article:publisher\" content=\"https:\/\/ar-ar.facebook.com\/ElCanillitainfo-114249515285712\/\" \/>\n<meta property=\"article:published_time\" content=\"2020-02-04T09:38:28+00:00\" \/>\n<meta property=\"article:modified_time\" content=\"2020-02-04T09:38:30+00:00\" \/>\n<meta name=\"author\" content=\"SalaStampa.eu, world press service\" \/>\n<meta name=\"twitter:card\" content=\"summary_large_image\" \/>\n<meta name=\"twitter:label1\" content=\"Escrito por\" \/>\n\t<meta name=\"twitter:data1\" content=\"SalaStampa.eu, world press service\" \/>\n\t<meta name=\"twitter:label2\" content=\"Tiempo de lectura\" \/>\n\t<meta name=\"twitter:data2\" content=\"3 minutos\" \/>\n<script type=\"application\/ld+json\" class=\"yoast-schema-graph\">{\"@context\":\"https:\\\/\\\/schema.org\",\"@graph\":[{\"@type\":\"Article\",\"@id\":\"https:\\\/\\\/elcanillita.info\\\/press\\\/2020\\\/02\\\/04\\\/arabia-saudi-aboga-permanencia-tropas-estadounidenses-irak\\\/#article\",\"isPartOf\":{\"@id\":\"https:\\\/\\\/elcanillita.info\\\/press\\\/2020\\\/02\\\/04\\\/arabia-saudi-aboga-permanencia-tropas-estadounidenses-irak\\\/\"},\"author\":{\"name\":\"SalaStampa.eu, world press service\",\"@id\":\"https:\\\/\\\/elcanillita.info\\\/press\\\/#\\\/schema\\\/person\\\/7fcb79f38045700919f7da6d97e71ba0\"},\"headline\":\"Arabia Saud\u00ed aboga por permanencia de tropas estadounidenses en Irak\",\"datePublished\":\"2020-02-04T09:38:28+00:00\",\"dateModified\":\"2020-02-04T09:38:30+00:00\",\"mainEntityOfPage\":{\"@id\":\"https:\\\/\\\/elcanillita.info\\\/press\\\/2020\\\/02\\\/04\\\/arabia-saudi-aboga-permanencia-tropas-estadounidenses-irak\\\/\"},\"wordCount\":604,\"publisher\":{\"@id\":\"https:\\\/\\\/elcanillita.info\\\/press\\\/#organization\"},\"keywords\":[\"Arabia Saudita\"],\"articleSection\":[\"Actualidad\",\"Asia\",\"Politica\"],\"inLanguage\":\"es-AR\"},{\"@type\":\"WebPage\",\"@id\":\"https:\\\/\\\/elcanillita.info\\\/press\\\/2020\\\/02\\\/04\\\/arabia-saudi-aboga-permanencia-tropas-estadounidenses-irak\\\/\",\"url\":\"https:\\\/\\\/elcanillita.info\\\/press\\\/2020\\\/02\\\/04\\\/arabia-saudi-aboga-permanencia-tropas-estadounidenses-irak\\\/\",\"name\":\"Arabia Saud\u00ed aboga por permanencia de tropas estadounidenses en Irak - ElCanillita.Info\",\"isPartOf\":{\"@id\":\"https:\\\/\\\/elcanillita.info\\\/press\\\/#website\"},\"datePublished\":\"2020-02-04T09:38:28+00:00\",\"dateModified\":\"2020-02-04T09:38:30+00:00\",\"inLanguage\":\"es-AR\",\"potentialAction\":[{\"@type\":\"ReadAction\",\"target\":[\"https:\\\/\\\/elcanillita.info\\\/press\\\/2020\\\/02\\\/04\\\/arabia-saudi-aboga-permanencia-tropas-estadounidenses-irak\\\/\"]}]},{\"@type\":\"WebSite\",\"@id\":\"https:\\\/\\\/elcanillita.info\\\/press\\\/#website\",\"url\":\"https:\\\/\\\/elcanillita.info\\\/press\\\/\",\"name\":\"ElCanillita.Info\",\"description\":\"desde los Apeninos a los Andes\",\"publisher\":{\"@id\":\"https:\\\/\\\/elcanillita.info\\\/press\\\/#organization\"},\"potentialAction\":[{\"@type\":\"SearchAction\",\"target\":{\"@type\":\"EntryPoint\",\"urlTemplate\":\"https:\\\/\\\/elcanillita.info\\\/press\\\/?s={search_term_string}\"},\"query-input\":{\"@type\":\"PropertyValueSpecification\",\"valueRequired\":true,\"valueName\":\"search_term_string\"}}],\"inLanguage\":\"es-AR\"},{\"@type\":\"Organization\",\"@id\":\"https:\\\/\\\/elcanillita.info\\\/press\\\/#organization\",\"name\":\"Guzzo Photos & Graphic Publications\",\"url\":\"https:\\\/\\\/elcanillita.info\\\/press\\\/\",\"logo\":{\"@type\":\"ImageObject\",\"inLanguage\":\"es-AR\",\"@id\":\"https:\\\/\\\/elcanillita.info\\\/press\\\/#\\\/schema\\\/logo\\\/image\\\/\",\"url\":\"https:\\\/\\\/elcanillita.info\\\/press\\\/images\\\/2020\\\/01\\\/cropped-cropped-cropped-elcanillitainfo.png\",\"contentUrl\":\"https:\\\/\\\/elcanillita.info\\\/press\\\/images\\\/2020\\\/01\\\/cropped-cropped-cropped-elcanillitainfo.png\",\"width\":460,\"height\":50,\"caption\":\"Guzzo Photos & Graphic Publications\"},\"image\":{\"@id\":\"https:\\\/\\\/elcanillita.info\\\/press\\\/#\\\/schema\\\/logo\\\/image\\\/\"},\"sameAs\":[\"https:\\\/\\\/ar-ar.facebook.com\\\/ElCanillitainfo-114249515285712\\\/\"]},{\"@type\":\"Person\",\"@id\":\"https:\\\/\\\/elcanillita.info\\\/press\\\/#\\\/schema\\\/person\\\/7fcb79f38045700919f7da6d97e71ba0\",\"name\":\"SalaStampa.eu, world press service\",\"image\":{\"@type\":\"ImageObject\",\"inLanguage\":\"es-AR\",\"@id\":\"https:\\\/\\\/secure.gravatar.com\\\/avatar\\\/c2f0e0d515a107624234994507816ca4724c7199cef73fc8bedebf6931d73888?s=96&d=mm&r=g\",\"url\":\"https:\\\/\\\/secure.gravatar.com\\\/avatar\\\/c2f0e0d515a107624234994507816ca4724c7199cef73fc8bedebf6931d73888?s=96&d=mm&r=g\",\"contentUrl\":\"https:\\\/\\\/secure.gravatar.com\\\/avatar\\\/c2f0e0d515a107624234994507816ca4724c7199cef73fc8bedebf6931d73888?s=96&d=mm&r=g\",\"caption\":\"SalaStampa.eu, world press service\"}}]}<\/script>\n<!-- \/ Yoast SEO plugin. -->","yoast_head_json":{"title":"Arabia Saud\u00ed aboga por permanencia de tropas estadounidenses en Irak - ElCanillita.Info","robots":{"index":"index","follow":"follow","max-snippet":"max-snippet:-1","max-image-preview":"max-image-preview:large","max-video-preview":"max-video-preview:-1"},"canonical":"https:\/\/elcanillita.info\/press\/2020\/02\/04\/arabia-saudi-aboga-permanencia-tropas-estadounidenses-irak\/","og_locale":"es_ES","og_type":"article","og_title":"Arabia Saud\u00ed aboga por permanencia de tropas estadounidenses en Irak - ElCanillita.Info","og_description":"Riad, 04.02.2020 - El principal diplom\u00e1tico de Arabia Saud\u00ed dice que su pa\u00eds no quiere que las tropas estadounidenses abandonen Irak, incluso cuando Washington refuerza su presencia militar en el reino. El canciller saud\u00ed, Faisal bin Farhan al-Saud, advirti\u00f3 que cualquier retirada de las fuerzas estadounidenses del vecino Iraq podr\u00eda hacer que la regi\u00f3n sea menos segura.","og_url":"https:\/\/elcanillita.info\/press\/2020\/02\/04\/arabia-saudi-aboga-permanencia-tropas-estadounidenses-irak\/","og_site_name":"ElCanillita.Info","article_publisher":"https:\/\/ar-ar.facebook.com\/ElCanillitainfo-114249515285712\/","article_published_time":"2020-02-04T09:38:28+00:00","article_modified_time":"2020-02-04T09:38:30+00:00","author":"SalaStampa.eu, world press service","twitter_card":"summary_large_image","twitter_misc":{"Escrito por":"SalaStampa.eu, world press service","Tiempo de lectura":"3 minutos"},"schema":{"@context":"https:\/\/schema.org","@graph":[{"@type":"Article","@id":"https:\/\/elcanillita.info\/press\/2020\/02\/04\/arabia-saudi-aboga-permanencia-tropas-estadounidenses-irak\/#article","isPartOf":{"@id":"https:\/\/elcanillita.info\/press\/2020\/02\/04\/arabia-saudi-aboga-permanencia-tropas-estadounidenses-irak\/"},"author":{"name":"SalaStampa.eu, world press service","@id":"https:\/\/elcanillita.info\/press\/#\/schema\/person\/7fcb79f38045700919f7da6d97e71ba0"},"headline":"Arabia Saud\u00ed aboga por permanencia de tropas estadounidenses en Irak","datePublished":"2020-02-04T09:38:28+00:00","dateModified":"2020-02-04T09:38:30+00:00","mainEntityOfPage":{"@id":"https:\/\/elcanillita.info\/press\/2020\/02\/04\/arabia-saudi-aboga-permanencia-tropas-estadounidenses-irak\/"},"wordCount":604,"publisher":{"@id":"https:\/\/elcanillita.info\/press\/#organization"},"keywords":["Arabia Saudita"],"articleSection":["Actualidad","Asia","Politica"],"inLanguage":"es-AR"},{"@type":"WebPage","@id":"https:\/\/elcanillita.info\/press\/2020\/02\/04\/arabia-saudi-aboga-permanencia-tropas-estadounidenses-irak\/","url":"https:\/\/elcanillita.info\/press\/2020\/02\/04\/arabia-saudi-aboga-permanencia-tropas-estadounidenses-irak\/","name":"Arabia Saud\u00ed aboga por permanencia de tropas estadounidenses en Irak - ElCanillita.Info","isPartOf":{"@id":"https:\/\/elcanillita.info\/press\/#website"},"datePublished":"2020-02-04T09:38:28+00:00","dateModified":"2020-02-04T09:38:30+00:00","inLanguage":"es-AR","potentialAction":[{"@type":"ReadAction","target":["https:\/\/elcanillita.info\/press\/2020\/02\/04\/arabia-saudi-aboga-permanencia-tropas-estadounidenses-irak\/"]}]},{"@type":"WebSite","@id":"https:\/\/elcanillita.info\/press\/#website","url":"https:\/\/elcanillita.info\/press\/","name":"ElCanillita.Info","description":"desde los Apeninos a los Andes","publisher":{"@id":"https:\/\/elcanillita.info\/press\/#organization"},"potentialAction":[{"@type":"SearchAction","target":{"@type":"EntryPoint","urlTemplate":"https:\/\/elcanillita.info\/press\/?s={search_term_string}"},"query-input":{"@type":"PropertyValueSpecification","valueRequired":true,"valueName":"search_term_string"}}],"inLanguage":"es-AR"},{"@type":"Organization","@id":"https:\/\/elcanillita.info\/press\/#organization","name":"Guzzo Photos & Graphic Publications","url":"https:\/\/elcanillita.info\/press\/","logo":{"@type":"ImageObject","inLanguage":"es-AR","@id":"https:\/\/elcanillita.info\/press\/#\/schema\/logo\/image\/","url":"https:\/\/elcanillita.info\/press\/images\/2020\/01\/cropped-cropped-cropped-elcanillitainfo.png","contentUrl":"https:\/\/elcanillita.info\/press\/images\/2020\/01\/cropped-cropped-cropped-elcanillitainfo.png","width":460,"height":50,"caption":"Guzzo Photos & Graphic Publications"},"image":{"@id":"https:\/\/elcanillita.info\/press\/#\/schema\/logo\/image\/"},"sameAs":["https:\/\/ar-ar.facebook.com\/ElCanillitainfo-114249515285712\/"]},{"@type":"Person","@id":"https:\/\/elcanillita.info\/press\/#\/schema\/person\/7fcb79f38045700919f7da6d97e71ba0","name":"SalaStampa.eu, world press service","image":{"@type":"ImageObject","inLanguage":"es-AR","@id":"https:\/\/secure.gravatar.com\/avatar\/c2f0e0d515a107624234994507816ca4724c7199cef73fc8bedebf6931d73888?s=96&d=mm&r=g","url":"https:\/\/secure.gravatar.com\/avatar\/c2f0e0d515a107624234994507816ca4724c7199cef73fc8bedebf6931d73888?s=96&d=mm&r=g","contentUrl":"https:\/\/secure.gravatar.com\/avatar\/c2f0e0d515a107624234994507816ca4724c7199cef73fc8bedebf6931d73888?s=96&d=mm&r=g","caption":"SalaStampa.eu, world press service"}}]}},"views":783,"_links":{"self":[{"href":"https:\/\/elcanillita.info\/press\/wp-json\/wp\/v2\/posts\/318","targetHints":{"allow":["GET"]}}],"collection":[{"href":"https:\/\/elcanillita.info\/press\/wp-json\/wp\/v2\/posts"}],"about":[{"href":"https:\/\/elcanillita.info\/press\/wp-json\/wp\/v2\/types\/post"}],"author":[{"embeddable":true,"href":"https:\/\/elcanillita.info\/press\/wp-json\/wp\/v2\/users\/1"}],"replies":[{"embeddable":true,"href":"https:\/\/elcanillita.info\/press\/wp-json\/wp\/v2\/comments?post=318"}],"version-history":[{"count":0,"href":"https:\/\/elcanillita.info\/press\/wp-json\/wp\/v2\/posts\/318\/revisions"}],"wp:attachment":[{"href":"https:\/\/elcanillita.info\/press\/wp-json\/wp\/v2\/media?parent=318"}],"wp:term":[{"taxonomy":"category","embeddable":true,"href":"https:\/\/elcanillita.info\/press\/wp-json\/wp\/v2\/categories?post=318"},{"taxonomy":"post_tag","embeddable":true,"href":"https:\/\/elcanillita.info\/press\/wp-json\/wp\/v2\/tags?post=318"}],"curies":[{"name":"wp","href":"https:\/\/api.w.org\/{rel}","templated":true}]}}