{"id":3176,"date":"2023-01-12T13:46:45","date_gmt":"2023-01-12T16:46:45","guid":{"rendered":"https:\/\/elcanillita.info\/press\/?p=3176"},"modified":"2023-01-12T19:04:09","modified_gmt":"2023-01-12T22:04:09","slug":"antecedentes-de-la-sociedad-colectivista-argentina","status":"publish","type":"post","link":"https:\/\/elcanillita.info\/press\/2023\/01\/12\/antecedentes-de-la-sociedad-colectivista-argentina\/","title":{"rendered":"Antecedentes de la Sociedad Colectivista Argentina"},"content":{"rendered":"\n<figure class=\"wp-block-image\"><img decoding=\"async\" src=\"https:\/\/elcanillita.info\/press\/images\/2023\/01\/1Nism_20230112.jpg\" alt=\"\"\/><\/figure>\n\n\n\n<p>Durante la noche transcurrida del domingo al lunes 19 de enero del 2015, el fiscal argentino Alberto Nisman, de 51 a\u00f1os, fue hallado muerto en su departamento, en el barrio Puerto Madero de Buenos Aires.<br><br>La noticia ocup\u00f3 la primera plana de los medios en todo el mundo, porque Nisman deb\u00eda comparecer ante una comisi\u00f3n parlamentaria por la tarde para presentar y argumentar sus acusaciones contra Cristina Fernandez de Kirchner, presidente del pa\u00eds en ese tiempo, hoy vicepresidente argentina.<\/p>\n\n\n\n<p>Nisman fue hallado muerto en el ba\u00f1o por su madre, que lleg\u00f3 al lugar con un agente de polic\u00eda y cerca de su cuerpo se encontr\u00f3 una pistola, seg\u00fan la ministra de Seguridad de entonces, que no precis\u00f3, sin embargo, la causa real de la muerte del fiscal.<\/p>\n\n\n\n<p>El diario argentino La Naci\u00f3n, citando fuentes judiciales, afirm\u00f3 que la familia de Alberto Nisman hab\u00eda intentando ponerse en contacto con el fiscal desde la tarde del domingo 18 de enero. Sin \u00e9xito, la madre acudi\u00f3 a su domicilio, situado en el decimotercer piso de un edificio del barrio de Puerto Madero de Buenos Aires. Tras llamar a la puerta principal y no recibir respuesta, intent\u00f3 entrar por la puerta trasera, pero la llave estaba colocada en el interior. Por ello, pidi\u00f3 el intervento de un cerrajero que forz\u00f3 la cerradura. Una vez dentro, la mujer encontr\u00f3 el cad\u00e1ver de su hijo en el cuarto de ba\u00f1o.<\/p>\n\n\n\n<p>La semana precedente, el fiscal Nisman hab\u00eda acusado a la presidente de Argentina, Cristina Fernandez de Kirchner, al ministro de Asuntos Exteriores y a otros funcionarios del Gobierno de conspirar para encubrir una investigaci\u00f3n sobre la implicaci\u00f3n de Ir\u00e1n en un atentado con explosivos contra un centro jud\u00edo de Buenos Aires en 1994, en el que murieron 85 personas y al menos 200 resultaron heridas. Seg\u00fan Nisman, Cristina Kirchner hab\u00eda pedido a su ministro de Asuntos Exteriores, H\u00e9ctor Timerman, y a otros funcionarios, que hicieran gestiones para encontrar alg\u00fan tipo de inmunidad para iran\u00edes que participaron en el atentado, con el objeto de mejorar las relaciones diplom\u00e1ticas y comerciales con Ir\u00e1n, para obtener suministros de petr\u00f3leo m\u00e1s baratos y aliviar as\u00ed los problemas causados por la crisis energ\u00e9tica de Argentina.<\/p>\n\n\n\n<p>Nisman tambi\u00e9n solicit\u00f3 que se suspendiera temporalmente el acceso a 23 millones de d\u00f3lares de fondos privados que forman parte del patrimonio del clan Kirchner y otros implicados en la investigaci\u00f3n.&nbsp;Las acusaciones de Nisman, que llevaba a\u00f1os investigando la masacre de 1994, se basan en numerosas escuchas telef\u00f3nicas realizadas durante dos a\u00f1os entre varios funcionarios del Gobierno y otras personas muy cercanas a la Kirchner.<br><br>Entre ellos estaba tambi\u00e9n Mohsen Rabbani, un iran\u00ed que durante mucho tiempo estuvo entre los miembros m\u00e1s activos de la embajada en Buenos Aires y que figura entre los sospechosos de lo ocurrido en el centro jud\u00edo. Seg\u00fan Nisman, las pruebas reunidas eran inequ\u00edvocas y sustanciales, por lo que confiaba en la decisi\u00f3n del juez.<\/p>\n\n\n\n<p>Una nota publicada por el Wall Street Journal, reporta que la investigaci\u00f3n de Nisman surgi\u00f3 tras las dificultades de organizar una comisi\u00f3n con participaci\u00f3n iran\u00ed, para reconstruir los hechos que condujeron al atentado de 1994.<br>El tribunal federal de apelaciones de entoces dictamin\u00f3 que el acuerdo en base al cual deb\u00eda crearse la comisi\u00f3n era inconstitucional. Seg\u00fan funcionarios argentinos, el acuerdo habr\u00eda permitido descubrir la verdad, pero para sus detractores -entre ellos algunas organizaciones jud\u00edas- el pacto habr\u00eda dado a Ir\u00e1n demasiada libertad de acci\u00f3n y ninguna garant\u00eda de que las personas involucradas en el atentado, de origen iran\u00ed, pudieran ser interrogadas adecuadamente.<\/p>\n\n\n\n<p>Seg\u00fan declaracines de Nisman, &#8220;el plan criminal inclu\u00eda la creaci\u00f3n de una nueva hip\u00f3tesis delictiva basada en pruebas falsas para desviar las investigaciones judiciales hacia acusados inventados, con el fin de eliminar cualquier responsabilidad penal de los sospechosos iran\u00edes&#8221;. La operaci\u00f3n se puso en marcha supuestamente en un momento en que Argentina se enfrentaba a una grave crisis energ\u00e9tica, lo que llev\u00f3 a gastar enormes cantidades de dinero para importar recursos energ\u00e9ticos del extranjero. Era necesario importar petr\u00f3leo y para ello hab\u00eda que mejorar las relaciones comerciales con el gobierno iran\u00ed. Para Nisman, los presuntos actos delictivos se llevaron a cabo precisamente con el fin de obtener petr\u00f3leo iran\u00ed a precios favorables.<\/p>\n\n\n\n<p>A veintinueve a\u00f1os de distancia del atentado contra el centro jud\u00edo argentino, la justicia sigue sin castigar a los culpables. Y el fiscal Alberto Nisman fue inequ\u00edvocamente asesinado. As\u00ed lo sancion\u00f3 el juez Juli\u00e1n Ercolini, poniendo fin a un &#8220;misterio&#8221; que contin\u00faa a contaminar al d\u00eda de hoy la vida p\u00fablica argentina.<br><br><small>\u00a92022 ElCanillita.info &#8211; SalaStampa.Eu \/ RMAGuzzo_ODG 59120 Roma &#8211; Informaci\u00f3n de dominio p\u00fablico<\/small><\/p>\n","protected":false},"excerpt":{"rendered":"<p>A veintinueve a\u00f1os de distancia del atentado contra el centro jud\u00edo argentino, la justicia sigue sin castigar a los culpables.<\/p>\n","protected":false},"author":1,"featured_media":3149,"comment_status":"closed","ping_status":"closed","sticky":false,"template":"","format":"standard","meta":{"footnotes":"","_links_to":"","_links_to_target":""},"categories":[108,11,47,23],"tags":[29],"class_list":["post-3176","post","type-post","status-publish","format-standard","has-post-thumbnail","hentry","category-blogdiario","category-america-del-sur","category-etiologia","category-politica","tag-argentina","entry","double"],"yoast_head":"<!-- This site is optimized with the Yoast SEO plugin v27.4 - https:\/\/yoast.com\/product\/yoast-seo-wordpress\/ -->\n<title>Antecedentes de la Sociedad Colectivista Argentina - ElCanillita.Info<\/title>\n<meta name=\"description\" content=\"A veintinueve a\u00f1os de distancia del atentado contra el centro jud\u00edo argentino, la justicia sigue sin castigar a los culpables.\" \/>\n<meta name=\"robots\" content=\"index, follow, max-snippet:-1, max-image-preview:large, max-video-preview:-1\" \/>\n<link rel=\"canonical\" href=\"https:\/\/elcanillita.info\/press\/2023\/01\/12\/antecedentes-de-la-sociedad-colectivista-argentina\/\" \/>\n<meta property=\"og:locale\" content=\"es_ES\" \/>\n<meta property=\"og:type\" content=\"article\" \/>\n<meta property=\"og:title\" content=\"Antecedentes de la Sociedad Colectivista Argentina - ElCanillita.Info\" \/>\n<meta property=\"og:description\" content=\"A veintinueve a\u00f1os de distancia del atentado contra el centro jud\u00edo argentino, la justicia sigue sin castigar a los culpables.\" \/>\n<meta property=\"og:url\" content=\"https:\/\/elcanillita.info\/press\/2023\/01\/12\/antecedentes-de-la-sociedad-colectivista-argentina\/\" \/>\n<meta property=\"og:site_name\" content=\"ElCanillita.Info\" \/>\n<meta property=\"article:publisher\" content=\"https:\/\/ar-ar.facebook.com\/ElCanillitainfo-114249515285712\/\" \/>\n<meta property=\"article:published_time\" content=\"2023-01-12T16:46:45+00:00\" \/>\n<meta property=\"article:modified_time\" content=\"2023-01-12T22:04:09+00:00\" \/>\n<meta property=\"og:image\" content=\"https:\/\/elcanillita.info\/press\/images\/2022\/12\/fiscal_20221130.jpg\" \/>\n\t<meta property=\"og:image:width\" content=\"600\" \/>\n\t<meta property=\"og:image:height\" content=\"400\" \/>\n\t<meta property=\"og:image:type\" content=\"image\/jpeg\" \/>\n<meta name=\"author\" content=\"SalaStampa.eu, world press service\" \/>\n<meta name=\"twitter:card\" content=\"summary_large_image\" \/>\n<meta name=\"twitter:label1\" content=\"Escrito por\" \/>\n\t<meta name=\"twitter:data1\" content=\"SalaStampa.eu, world press service\" \/>\n\t<meta name=\"twitter:label2\" content=\"Tiempo de lectura\" \/>\n\t<meta name=\"twitter:data2\" content=\"4 minutos\" \/>\n<script type=\"application\/ld+json\" class=\"yoast-schema-graph\">{\"@context\":\"https:\\\/\\\/schema.org\",\"@graph\":[{\"@type\":\"Article\",\"@id\":\"https:\\\/\\\/elcanillita.info\\\/press\\\/2023\\\/01\\\/12\\\/antecedentes-de-la-sociedad-colectivista-argentina\\\/#article\",\"isPartOf\":{\"@id\":\"https:\\\/\\\/elcanillita.info\\\/press\\\/2023\\\/01\\\/12\\\/antecedentes-de-la-sociedad-colectivista-argentina\\\/\"},\"author\":{\"name\":\"SalaStampa.eu, world press service\",\"@id\":\"https:\\\/\\\/elcanillita.info\\\/press\\\/#\\\/schema\\\/person\\\/7fcb79f38045700919f7da6d97e71ba0\"},\"headline\":\"Antecedentes de la Sociedad Colectivista Argentina\",\"datePublished\":\"2023-01-12T16:46:45+00:00\",\"dateModified\":\"2023-01-12T22:04:09+00:00\",\"mainEntityOfPage\":{\"@id\":\"https:\\\/\\\/elcanillita.info\\\/press\\\/2023\\\/01\\\/12\\\/antecedentes-de-la-sociedad-colectivista-argentina\\\/\"},\"wordCount\":832,\"publisher\":{\"@id\":\"https:\\\/\\\/elcanillita.info\\\/press\\\/#organization\"},\"image\":{\"@id\":\"https:\\\/\\\/elcanillita.info\\\/press\\\/2023\\\/01\\\/12\\\/antecedentes-de-la-sociedad-colectivista-argentina\\\/#primaryimage\"},\"thumbnailUrl\":\"https:\\\/\\\/elcanillita.info\\\/press\\\/images\\\/2022\\\/12\\\/fiscal_20221130.jpg\",\"keywords\":[\"Argentina\"],\"articleSection\":[\".\",\"Am\u00e9rica del Sur\",\"Etiologia\",\"Politica\"],\"inLanguage\":\"es-AR\"},{\"@type\":\"WebPage\",\"@id\":\"https:\\\/\\\/elcanillita.info\\\/press\\\/2023\\\/01\\\/12\\\/antecedentes-de-la-sociedad-colectivista-argentina\\\/\",\"url\":\"https:\\\/\\\/elcanillita.info\\\/press\\\/2023\\\/01\\\/12\\\/antecedentes-de-la-sociedad-colectivista-argentina\\\/\",\"name\":\"Antecedentes de la Sociedad Colectivista Argentina - ElCanillita.Info\",\"isPartOf\":{\"@id\":\"https:\\\/\\\/elcanillita.info\\\/press\\\/#website\"},\"primaryImageOfPage\":{\"@id\":\"https:\\\/\\\/elcanillita.info\\\/press\\\/2023\\\/01\\\/12\\\/antecedentes-de-la-sociedad-colectivista-argentina\\\/#primaryimage\"},\"image\":{\"@id\":\"https:\\\/\\\/elcanillita.info\\\/press\\\/2023\\\/01\\\/12\\\/antecedentes-de-la-sociedad-colectivista-argentina\\\/#primaryimage\"},\"thumbnailUrl\":\"https:\\\/\\\/elcanillita.info\\\/press\\\/images\\\/2022\\\/12\\\/fiscal_20221130.jpg\",\"datePublished\":\"2023-01-12T16:46:45+00:00\",\"dateModified\":\"2023-01-12T22:04:09+00:00\",\"description\":\"A veintinueve a\u00f1os de distancia del atentado contra el centro jud\u00edo argentino, la justicia sigue sin castigar a los culpables.\",\"inLanguage\":\"es-AR\",\"potentialAction\":[{\"@type\":\"ReadAction\",\"target\":[\"https:\\\/\\\/elcanillita.info\\\/press\\\/2023\\\/01\\\/12\\\/antecedentes-de-la-sociedad-colectivista-argentina\\\/\"]}]},{\"@type\":\"ImageObject\",\"inLanguage\":\"es-AR\",\"@id\":\"https:\\\/\\\/elcanillita.info\\\/press\\\/2023\\\/01\\\/12\\\/antecedentes-de-la-sociedad-colectivista-argentina\\\/#primaryimage\",\"url\":\"https:\\\/\\\/elcanillita.info\\\/press\\\/images\\\/2022\\\/12\\\/fiscal_20221130.jpg\",\"contentUrl\":\"https:\\\/\\\/elcanillita.info\\\/press\\\/images\\\/2022\\\/12\\\/fiscal_20221130.jpg\",\"width\":600,\"height\":400},{\"@type\":\"WebSite\",\"@id\":\"https:\\\/\\\/elcanillita.info\\\/press\\\/#website\",\"url\":\"https:\\\/\\\/elcanillita.info\\\/press\\\/\",\"name\":\"ElCanillita.Info\",\"description\":\"desde los Apeninos a los Andes\",\"publisher\":{\"@id\":\"https:\\\/\\\/elcanillita.info\\\/press\\\/#organization\"},\"potentialAction\":[{\"@type\":\"SearchAction\",\"target\":{\"@type\":\"EntryPoint\",\"urlTemplate\":\"https:\\\/\\\/elcanillita.info\\\/press\\\/?s={search_term_string}\"},\"query-input\":{\"@type\":\"PropertyValueSpecification\",\"valueRequired\":true,\"valueName\":\"search_term_string\"}}],\"inLanguage\":\"es-AR\"},{\"@type\":\"Organization\",\"@id\":\"https:\\\/\\\/elcanillita.info\\\/press\\\/#organization\",\"name\":\"Guzzo Photos & Graphic Publications\",\"url\":\"https:\\\/\\\/elcanillita.info\\\/press\\\/\",\"logo\":{\"@type\":\"ImageObject\",\"inLanguage\":\"es-AR\",\"@id\":\"https:\\\/\\\/elcanillita.info\\\/press\\\/#\\\/schema\\\/logo\\\/image\\\/\",\"url\":\"https:\\\/\\\/elcanillita.info\\\/press\\\/images\\\/2020\\\/01\\\/cropped-cropped-cropped-elcanillitainfo.png\",\"contentUrl\":\"https:\\\/\\\/elcanillita.info\\\/press\\\/images\\\/2020\\\/01\\\/cropped-cropped-cropped-elcanillitainfo.png\",\"width\":460,\"height\":50,\"caption\":\"Guzzo Photos & Graphic Publications\"},\"image\":{\"@id\":\"https:\\\/\\\/elcanillita.info\\\/press\\\/#\\\/schema\\\/logo\\\/image\\\/\"},\"sameAs\":[\"https:\\\/\\\/ar-ar.facebook.com\\\/ElCanillitainfo-114249515285712\\\/\"]},{\"@type\":\"Person\",\"@id\":\"https:\\\/\\\/elcanillita.info\\\/press\\\/#\\\/schema\\\/person\\\/7fcb79f38045700919f7da6d97e71ba0\",\"name\":\"SalaStampa.eu, world press service\",\"image\":{\"@type\":\"ImageObject\",\"inLanguage\":\"es-AR\",\"@id\":\"https:\\\/\\\/secure.gravatar.com\\\/avatar\\\/c2f0e0d515a107624234994507816ca4724c7199cef73fc8bedebf6931d73888?s=96&d=mm&r=g\",\"url\":\"https:\\\/\\\/secure.gravatar.com\\\/avatar\\\/c2f0e0d515a107624234994507816ca4724c7199cef73fc8bedebf6931d73888?s=96&d=mm&r=g\",\"contentUrl\":\"https:\\\/\\\/secure.gravatar.com\\\/avatar\\\/c2f0e0d515a107624234994507816ca4724c7199cef73fc8bedebf6931d73888?s=96&d=mm&r=g\",\"caption\":\"SalaStampa.eu, world press service\"}}]}<\/script>\n<!-- \/ Yoast SEO plugin. -->","yoast_head_json":{"title":"Antecedentes de la Sociedad Colectivista Argentina - ElCanillita.Info","description":"A veintinueve a\u00f1os de distancia del atentado contra el centro jud\u00edo argentino, la justicia sigue sin castigar a los culpables.","robots":{"index":"index","follow":"follow","max-snippet":"max-snippet:-1","max-image-preview":"max-image-preview:large","max-video-preview":"max-video-preview:-1"},"canonical":"https:\/\/elcanillita.info\/press\/2023\/01\/12\/antecedentes-de-la-sociedad-colectivista-argentina\/","og_locale":"es_ES","og_type":"article","og_title":"Antecedentes de la Sociedad Colectivista Argentina - ElCanillita.Info","og_description":"A veintinueve a\u00f1os de distancia del atentado contra el centro jud\u00edo argentino, la justicia sigue sin castigar a los culpables.","og_url":"https:\/\/elcanillita.info\/press\/2023\/01\/12\/antecedentes-de-la-sociedad-colectivista-argentina\/","og_site_name":"ElCanillita.Info","article_publisher":"https:\/\/ar-ar.facebook.com\/ElCanillitainfo-114249515285712\/","article_published_time":"2023-01-12T16:46:45+00:00","article_modified_time":"2023-01-12T22:04:09+00:00","og_image":[{"width":600,"height":400,"url":"https:\/\/elcanillita.info\/press\/images\/2022\/12\/fiscal_20221130.jpg","type":"image\/jpeg"}],"author":"SalaStampa.eu, world press service","twitter_card":"summary_large_image","twitter_misc":{"Escrito por":"SalaStampa.eu, world press service","Tiempo de lectura":"4 minutos"},"schema":{"@context":"https:\/\/schema.org","@graph":[{"@type":"Article","@id":"https:\/\/elcanillita.info\/press\/2023\/01\/12\/antecedentes-de-la-sociedad-colectivista-argentina\/#article","isPartOf":{"@id":"https:\/\/elcanillita.info\/press\/2023\/01\/12\/antecedentes-de-la-sociedad-colectivista-argentina\/"},"author":{"name":"SalaStampa.eu, world press service","@id":"https:\/\/elcanillita.info\/press\/#\/schema\/person\/7fcb79f38045700919f7da6d97e71ba0"},"headline":"Antecedentes de la Sociedad Colectivista Argentina","datePublished":"2023-01-12T16:46:45+00:00","dateModified":"2023-01-12T22:04:09+00:00","mainEntityOfPage":{"@id":"https:\/\/elcanillita.info\/press\/2023\/01\/12\/antecedentes-de-la-sociedad-colectivista-argentina\/"},"wordCount":832,"publisher":{"@id":"https:\/\/elcanillita.info\/press\/#organization"},"image":{"@id":"https:\/\/elcanillita.info\/press\/2023\/01\/12\/antecedentes-de-la-sociedad-colectivista-argentina\/#primaryimage"},"thumbnailUrl":"https:\/\/elcanillita.info\/press\/images\/2022\/12\/fiscal_20221130.jpg","keywords":["Argentina"],"articleSection":[".","Am\u00e9rica del Sur","Etiologia","Politica"],"inLanguage":"es-AR"},{"@type":"WebPage","@id":"https:\/\/elcanillita.info\/press\/2023\/01\/12\/antecedentes-de-la-sociedad-colectivista-argentina\/","url":"https:\/\/elcanillita.info\/press\/2023\/01\/12\/antecedentes-de-la-sociedad-colectivista-argentina\/","name":"Antecedentes de la Sociedad Colectivista Argentina - ElCanillita.Info","isPartOf":{"@id":"https:\/\/elcanillita.info\/press\/#website"},"primaryImageOfPage":{"@id":"https:\/\/elcanillita.info\/press\/2023\/01\/12\/antecedentes-de-la-sociedad-colectivista-argentina\/#primaryimage"},"image":{"@id":"https:\/\/elcanillita.info\/press\/2023\/01\/12\/antecedentes-de-la-sociedad-colectivista-argentina\/#primaryimage"},"thumbnailUrl":"https:\/\/elcanillita.info\/press\/images\/2022\/12\/fiscal_20221130.jpg","datePublished":"2023-01-12T16:46:45+00:00","dateModified":"2023-01-12T22:04:09+00:00","description":"A veintinueve a\u00f1os de distancia del atentado contra el centro jud\u00edo argentino, la justicia sigue sin castigar a los culpables.","inLanguage":"es-AR","potentialAction":[{"@type":"ReadAction","target":["https:\/\/elcanillita.info\/press\/2023\/01\/12\/antecedentes-de-la-sociedad-colectivista-argentina\/"]}]},{"@type":"ImageObject","inLanguage":"es-AR","@id":"https:\/\/elcanillita.info\/press\/2023\/01\/12\/antecedentes-de-la-sociedad-colectivista-argentina\/#primaryimage","url":"https:\/\/elcanillita.info\/press\/images\/2022\/12\/fiscal_20221130.jpg","contentUrl":"https:\/\/elcanillita.info\/press\/images\/2022\/12\/fiscal_20221130.jpg","width":600,"height":400},{"@type":"WebSite","@id":"https:\/\/elcanillita.info\/press\/#website","url":"https:\/\/elcanillita.info\/press\/","name":"ElCanillita.Info","description":"desde los Apeninos a los Andes","publisher":{"@id":"https:\/\/elcanillita.info\/press\/#organization"},"potentialAction":[{"@type":"SearchAction","target":{"@type":"EntryPoint","urlTemplate":"https:\/\/elcanillita.info\/press\/?s={search_term_string}"},"query-input":{"@type":"PropertyValueSpecification","valueRequired":true,"valueName":"search_term_string"}}],"inLanguage":"es-AR"},{"@type":"Organization","@id":"https:\/\/elcanillita.info\/press\/#organization","name":"Guzzo Photos & Graphic Publications","url":"https:\/\/elcanillita.info\/press\/","logo":{"@type":"ImageObject","inLanguage":"es-AR","@id":"https:\/\/elcanillita.info\/press\/#\/schema\/logo\/image\/","url":"https:\/\/elcanillita.info\/press\/images\/2020\/01\/cropped-cropped-cropped-elcanillitainfo.png","contentUrl":"https:\/\/elcanillita.info\/press\/images\/2020\/01\/cropped-cropped-cropped-elcanillitainfo.png","width":460,"height":50,"caption":"Guzzo Photos & Graphic Publications"},"image":{"@id":"https:\/\/elcanillita.info\/press\/#\/schema\/logo\/image\/"},"sameAs":["https:\/\/ar-ar.facebook.com\/ElCanillitainfo-114249515285712\/"]},{"@type":"Person","@id":"https:\/\/elcanillita.info\/press\/#\/schema\/person\/7fcb79f38045700919f7da6d97e71ba0","name":"SalaStampa.eu, world press service","image":{"@type":"ImageObject","inLanguage":"es-AR","@id":"https:\/\/secure.gravatar.com\/avatar\/c2f0e0d515a107624234994507816ca4724c7199cef73fc8bedebf6931d73888?s=96&d=mm&r=g","url":"https:\/\/secure.gravatar.com\/avatar\/c2f0e0d515a107624234994507816ca4724c7199cef73fc8bedebf6931d73888?s=96&d=mm&r=g","contentUrl":"https:\/\/secure.gravatar.com\/avatar\/c2f0e0d515a107624234994507816ca4724c7199cef73fc8bedebf6931d73888?s=96&d=mm&r=g","caption":"SalaStampa.eu, world press service"}}]}},"views":432,"_links":{"self":[{"href":"https:\/\/elcanillita.info\/press\/wp-json\/wp\/v2\/posts\/3176","targetHints":{"allow":["GET"]}}],"collection":[{"href":"https:\/\/elcanillita.info\/press\/wp-json\/wp\/v2\/posts"}],"about":[{"href":"https:\/\/elcanillita.info\/press\/wp-json\/wp\/v2\/types\/post"}],"author":[{"embeddable":true,"href":"https:\/\/elcanillita.info\/press\/wp-json\/wp\/v2\/users\/1"}],"replies":[{"embeddable":true,"href":"https:\/\/elcanillita.info\/press\/wp-json\/wp\/v2\/comments?post=3176"}],"version-history":[{"count":0,"href":"https:\/\/elcanillita.info\/press\/wp-json\/wp\/v2\/posts\/3176\/revisions"}],"wp:featuredmedia":[{"embeddable":true,"href":"https:\/\/elcanillita.info\/press\/wp-json\/wp\/v2\/media\/3149"}],"wp:attachment":[{"href":"https:\/\/elcanillita.info\/press\/wp-json\/wp\/v2\/media?parent=3176"}],"wp:term":[{"taxonomy":"category","embeddable":true,"href":"https:\/\/elcanillita.info\/press\/wp-json\/wp\/v2\/categories?post=3176"},{"taxonomy":"post_tag","embeddable":true,"href":"https:\/\/elcanillita.info\/press\/wp-json\/wp\/v2\/tags?post=3176"}],"curies":[{"name":"wp","href":"https:\/\/api.w.org\/{rel}","templated":true}]}}