{"id":3170,"date":"2023-01-10T08:56:34","date_gmt":"2023-01-10T11:56:34","guid":{"rendered":"https:\/\/elcanillita.info\/press\/?p=3170"},"modified":"2023-01-10T08:59:31","modified_gmt":"2023-01-10T11:59:31","slug":"jair-bolsonaro-es-trasladado-al-hospital-con-dolor-abdominal","status":"publish","type":"post","link":"https:\/\/elcanillita.info\/press\/2023\/01\/10\/jair-bolsonaro-es-trasladado-al-hospital-con-dolor-abdominal\/","title":{"rendered":"Jair Bolsonaro es trasladado al hospital con dolor abdominal"},"content":{"rendered":"\n<figure class=\"wp-block-image\"><img decoding=\"async\" src=\"https:\/\/elcanillita.info\/press\/images\/2023\/01\/a_Bols_20230110.jpg\" alt=\"\"\/><figcaption><small><center>El expresidente de Brasil Jair Bolsonaro en su cama de hospital en Kissimmee, Florida<\/center><\/small><\/figcaption><\/figure>\n\n\n\n<p>Florida, 10\/01\/2023<br>El expresidente brasile\u00f1o Jair Bolsonaro ha sido ingresado este lunes en un hospital de Orlando (Florida) con &#8220;dolor abdominal&#8221;, un d\u00eda despu\u00e9s de que algunos de sus partidarios m\u00e1s ac\u00e9rrimos asaltaran la capital, Brasilia.<\/p>\n\n\n\n<p>Bolsonaro ha sido hospitalizado m\u00faltiples veces en los \u00faltimos a\u00f1os despu\u00e9s de ser apu\u00f1alado mientras hac\u00eda campa\u00f1a por la presidencia en 2018. Una fuente familiar dijo que su estado &#8220;no era preocupante&#8221;.<\/p>\n\n\n\n<p>Bolsonaro viaj\u00f3 a Estados Unidos dos d\u00edas antes de que Luiz Inacio Lula da Silva asumiera la presidencia.<\/p>\n\n\n\n<p>Joe Biden se enfrenta ahora a una creciente presi\u00f3n para sacar a Bolsonaro de su exilio autoimpuesto en los suburbios de Orlando.<\/p>\n\n\n\n<p>En Brasil se dijo el lunes que utilizar\u00e1n &#8220;sangre, heces y orina&#8221; dejadas por los alborotadores para identificar y perseguir a los que asaltaron los edificios del gobierno en la capital Brasilia el domingo.<\/p>\n\n\n\n<p>Los ministros del Gobierno que eval\u00faan la escala de los disturbios dijeron que se hab\u00eda dejado &#8220;material org\u00e1nico&#8221; dentro del palacio presidencial, el Congreso y el complejo de la Corte Suprema, que fue saqueado por los partidarios del Sr. Bolsonaro.<\/p>\n\n\n\n<p>Cientos de manifestantes irrumpieron en los tres edificios clave del Gobierno el domingo por la tarde, pidiendo la anulaci\u00f3n del resultado de las elecciones de 2022.<\/p>\n\n\n\n<p>Bolsonaro perdi\u00f3 frente a Lula por un estrecho margen. Los partidarios del primero afirman que las elecciones fueron ama\u00f1adas.<\/p>\n\n\n\n<p>Lula dijo el lunes que la polic\u00eda se qued\u00f3 mirando c\u00f3mo los manifestantes descend\u00edan sobre los edificios del gobierno antes de que los militares intervinieran.<\/p>\n\n\n\n<p>&#8220;La polic\u00eda no hizo nada. Se limitaron a dejar entrar a los manifestantes&#8221;, dijo.&nbsp;<\/p>\n\n\n\n<p>Aunque muchos polic\u00edas intentaron contener a los alborotadores, otros fueron vistos tom\u00e1ndose selfies con los partidarios de Bolsonaro.<\/p>\n\n\n\n<p>Ibaneis Rocha, gobernador de Brasilia, despidi\u00f3 al jefe de seguridad p\u00fablica de la capital, Anderson Torres, que anteriormente hab\u00eda sido ministro de Justicia de Bolsonaro.<\/p>\n\n\n\n<p>Cientos de partidarios del expresidente brasile\u00f1o Jair Bolsonaro invadieron la sede del Congreso Nacional, as\u00ed como el Tribunal Supremo y el Palacio de Planalto, sede de la Presidencia de la Rep\u00fablica<\/p>\n\n\n\n<figure class=\"wp-block-image\"><img decoding=\"async\" src=\"https:\/\/elcanillita.info\/press\/images\/2023\/01\/b_Bols_20230110.jpg\" alt=\"\"\/><figcaption><small><center>Alborotadores irrumpen en el Congreso Nacional en Brasilia<\/center><\/small><\/figcaption><\/figure>\n\n\n\n<p>La Fiscal\u00eda General inform\u00f3 que solicit\u00f3 a la Corte Suprema que emita \u00f3rdenes de arresto contra Torres &#8220;y todos los dem\u00e1s funcionarios p\u00fablicos responsables de actos y omisiones&#8221; que condujeron a los disturbios.<\/p>\n\n\n\n<p>Tambi\u00e9n pidi\u00f3 al alto tribunal que autorizara el uso de &#8220;todas las fuerzas de seguridad p\u00fablica&#8221; para recuperar los edificios federales y dispersar las protestas antigubernamentales en todo el pa\u00eds.<\/p>\n\n\n\n<p>Los manifestantes causaron importantes destrozos en los edificios, rompiendo ventanas, destruyendo obras de arte de valor incalculable y robando equipos inform\u00e1ticos. <\/p>\n\n\n\n<p>Desde que expulsaron a los alborotadores de los edificios gubernamentales el domingo por la noche, las fuerzas policiales de Brasilia han detenido a m\u00e1s de 1.200 personas por su implicaci\u00f3n en los sucesos.<\/p>\n\n\n\n<p>Pero se cree que muchas m\u00e1s huyeron de los edificios gubernamentales antes de ser detenidas.<\/p>\n\n\n\n<p>Paulo Pimenta, ministro de Comunicaciones, declar\u00f3 el lunes que se recoger\u00edan pruebas de ADN en el lugar de los hechos utilizando muestras tomadas de material org\u00e1nico abandonado.<\/p>\n\n\n\n<p>Las autoridades dijeron el lunes que ahora se centran en los campamentos de protesta pro-Bolsonaro instalados frente a los cuarteles del ej\u00e9rcito en la capital, donde se cree que la mayor\u00eda de los alborotadores se albergan despu\u00e9s de los ataques.<\/p>\n\n\n\n<p>El lunes por la tarde, Lula se uni\u00f3 a los l\u00edderes de ambas c\u00e1maras del Congreso y al presidente del Tribunal Supremo para condenar los &#8220;actos terroristas&#8221;.<\/p>\n\n\n\n<p>En una inusual declaraci\u00f3n conjunta publicada por Lula en Twitter, los jefes de los tres poderes del Estado afirmaron que &#8220;rechazan los actos terroristas y el vandalismo criminal y golpista ocurridos&#8221; el domingo en Brasilia.<\/p>\n\n\n\n<p>L\u00edderes extranjeros, entre ellos de Rusia y China, han condenado los disturbios y respaldado a Lula.<\/p>\n\n\n\n<p>Los partidarios de Bolsonaro ten\u00edan &#8220;trazas de trumpismo&#8221;, comentaron en Espa\u00f1a el lunes, advirtiendo que tales extremistas representaban la mayor amenaza para la democracia.<\/p>\n\n\n\n<p>Los l\u00edderes de Estados Unidos, Canad\u00e1 y M\u00e9xico condenaron el lunes &#8220;los ataques a la democracia brasile\u00f1a y al traspaso pac\u00edfico del poder&#8221;.<\/p>\n\n\n\n<p>En una declaraci\u00f3n conjunta previa a las conversaciones de la cumbre en Ciudad de M\u00e9xico, el Presidente estadounidense, Joe Biden, el Presidente mexicano, Andr\u00e9s Manuel L\u00f3pez Obrador, y el Primer Ministro canadiense, Justin Trudeau, afirmaron que &#8220;apoyan a Brasil mientras salvaguarda sus instituciones democr\u00e1ticas&#8221;.<br><br><small>Copyright \u00a9 2023 ElCanillita.info \/ SalaStampa.Eu &#8211; Derechos Reservados<\/small><\/p>\n","protected":false},"excerpt":{"rendered":"<p>El expresidente brasile\u00f1o Jair Bolsonaro ha sido ingresado este lunes en un hospital de Orlando (Florida) con &#8220;dolor abdominal&#8221;<\/p>\n","protected":false},"author":1,"featured_media":3173,"comment_status":"closed","ping_status":"closed","sticky":false,"template":"","format":"standard","meta":{"footnotes":"","_links_to":"","_links_to_target":""},"categories":[108,70,8,23,25],"tags":[34],"class_list":["post-3170","post","type-post","status-publish","format-standard","has-post-thumbnail","hentry","category-blogdiario","category-actualidad","category-america","category-politica","category-sociedad","tag-estados-unidos","entry","double"],"yoast_head":"<!-- This site is optimized with the Yoast SEO plugin v27.4 - https:\/\/yoast.com\/product\/yoast-seo-wordpress\/ -->\n<title>Jair Bolsonaro es trasladado al hospital con dolor abdominal - ElCanillita.Info<\/title>\n<meta name=\"description\" content=\"Bolsonaro ha sido hospitalizado m\u00faltiples veces en los \u00faltimos a\u00f1os despu\u00e9s de ser apu\u00f1alado mientras hac\u00eda campa\u00f1a por la presidencia en 2018.\" \/>\n<meta name=\"robots\" content=\"index, follow, max-snippet:-1, max-image-preview:large, max-video-preview:-1\" \/>\n<link rel=\"canonical\" href=\"https:\/\/elcanillita.info\/press\/2023\/01\/10\/jair-bolsonaro-es-trasladado-al-hospital-con-dolor-abdominal\/\" \/>\n<meta property=\"og:locale\" content=\"es_ES\" \/>\n<meta property=\"og:type\" content=\"article\" \/>\n<meta property=\"og:title\" content=\"Jair Bolsonaro es trasladado al hospital con dolor abdominal - ElCanillita.Info\" \/>\n<meta property=\"og:description\" content=\"Bolsonaro ha sido hospitalizado m\u00faltiples veces en los \u00faltimos a\u00f1os despu\u00e9s de ser apu\u00f1alado mientras hac\u00eda campa\u00f1a por la presidencia en 2018.\" \/>\n<meta property=\"og:url\" content=\"https:\/\/elcanillita.info\/press\/2023\/01\/10\/jair-bolsonaro-es-trasladado-al-hospital-con-dolor-abdominal\/\" \/>\n<meta property=\"og:site_name\" content=\"ElCanillita.Info\" \/>\n<meta property=\"article:publisher\" content=\"https:\/\/ar-ar.facebook.com\/ElCanillitainfo-114249515285712\/\" \/>\n<meta property=\"article:published_time\" content=\"2023-01-10T11:56:34+00:00\" \/>\n<meta property=\"article:modified_time\" content=\"2023-01-10T11:59:31+00:00\" \/>\n<meta property=\"og:image\" content=\"https:\/\/elcanillita.info\/press\/images\/2023\/01\/a_Bols_20230110-1.jpg\" \/>\n\t<meta property=\"og:image:width\" content=\"600\" \/>\n\t<meta property=\"og:image:height\" content=\"400\" \/>\n\t<meta property=\"og:image:type\" content=\"image\/jpeg\" \/>\n<meta name=\"author\" content=\"SalaStampa.eu, world press service\" \/>\n<meta name=\"twitter:card\" content=\"summary_large_image\" \/>\n<meta name=\"twitter:label1\" content=\"Escrito por\" \/>\n\t<meta name=\"twitter:data1\" content=\"SalaStampa.eu, world press service\" \/>\n\t<meta name=\"twitter:label2\" content=\"Tiempo de lectura\" \/>\n\t<meta name=\"twitter:data2\" content=\"4 minutos\" \/>\n<script type=\"application\/ld+json\" class=\"yoast-schema-graph\">{\"@context\":\"https:\\\/\\\/schema.org\",\"@graph\":[{\"@type\":\"Article\",\"@id\":\"https:\\\/\\\/elcanillita.info\\\/press\\\/2023\\\/01\\\/10\\\/jair-bolsonaro-es-trasladado-al-hospital-con-dolor-abdominal\\\/#article\",\"isPartOf\":{\"@id\":\"https:\\\/\\\/elcanillita.info\\\/press\\\/2023\\\/01\\\/10\\\/jair-bolsonaro-es-trasladado-al-hospital-con-dolor-abdominal\\\/\"},\"author\":{\"name\":\"SalaStampa.eu, world press service\",\"@id\":\"https:\\\/\\\/elcanillita.info\\\/press\\\/#\\\/schema\\\/person\\\/7fcb79f38045700919f7da6d97e71ba0\"},\"headline\":\"Jair Bolsonaro es trasladado al hospital con dolor abdominal\",\"datePublished\":\"2023-01-10T11:56:34+00:00\",\"dateModified\":\"2023-01-10T11:59:31+00:00\",\"mainEntityOfPage\":{\"@id\":\"https:\\\/\\\/elcanillita.info\\\/press\\\/2023\\\/01\\\/10\\\/jair-bolsonaro-es-trasladado-al-hospital-con-dolor-abdominal\\\/\"},\"wordCount\":803,\"publisher\":{\"@id\":\"https:\\\/\\\/elcanillita.info\\\/press\\\/#organization\"},\"image\":{\"@id\":\"https:\\\/\\\/elcanillita.info\\\/press\\\/2023\\\/01\\\/10\\\/jair-bolsonaro-es-trasladado-al-hospital-con-dolor-abdominal\\\/#primaryimage\"},\"thumbnailUrl\":\"https:\\\/\\\/elcanillita.info\\\/press\\\/images\\\/2023\\\/01\\\/a_Bols_20230110-1.jpg\",\"keywords\":[\"Estados Unidos\"],\"articleSection\":[\".\",\"Actualidad\",\"Am\u00e9rica\",\"Politica\",\"Sociedad\"],\"inLanguage\":\"es-AR\"},{\"@type\":\"WebPage\",\"@id\":\"https:\\\/\\\/elcanillita.info\\\/press\\\/2023\\\/01\\\/10\\\/jair-bolsonaro-es-trasladado-al-hospital-con-dolor-abdominal\\\/\",\"url\":\"https:\\\/\\\/elcanillita.info\\\/press\\\/2023\\\/01\\\/10\\\/jair-bolsonaro-es-trasladado-al-hospital-con-dolor-abdominal\\\/\",\"name\":\"Jair Bolsonaro es trasladado al hospital con dolor abdominal - ElCanillita.Info\",\"isPartOf\":{\"@id\":\"https:\\\/\\\/elcanillita.info\\\/press\\\/#website\"},\"primaryImageOfPage\":{\"@id\":\"https:\\\/\\\/elcanillita.info\\\/press\\\/2023\\\/01\\\/10\\\/jair-bolsonaro-es-trasladado-al-hospital-con-dolor-abdominal\\\/#primaryimage\"},\"image\":{\"@id\":\"https:\\\/\\\/elcanillita.info\\\/press\\\/2023\\\/01\\\/10\\\/jair-bolsonaro-es-trasladado-al-hospital-con-dolor-abdominal\\\/#primaryimage\"},\"thumbnailUrl\":\"https:\\\/\\\/elcanillita.info\\\/press\\\/images\\\/2023\\\/01\\\/a_Bols_20230110-1.jpg\",\"datePublished\":\"2023-01-10T11:56:34+00:00\",\"dateModified\":\"2023-01-10T11:59:31+00:00\",\"description\":\"Bolsonaro ha sido hospitalizado m\u00faltiples veces en los \u00faltimos a\u00f1os despu\u00e9s de ser apu\u00f1alado mientras hac\u00eda campa\u00f1a por la presidencia en 2018.\",\"inLanguage\":\"es-AR\",\"potentialAction\":[{\"@type\":\"ReadAction\",\"target\":[\"https:\\\/\\\/elcanillita.info\\\/press\\\/2023\\\/01\\\/10\\\/jair-bolsonaro-es-trasladado-al-hospital-con-dolor-abdominal\\\/\"]}]},{\"@type\":\"ImageObject\",\"inLanguage\":\"es-AR\",\"@id\":\"https:\\\/\\\/elcanillita.info\\\/press\\\/2023\\\/01\\\/10\\\/jair-bolsonaro-es-trasladado-al-hospital-con-dolor-abdominal\\\/#primaryimage\",\"url\":\"https:\\\/\\\/elcanillita.info\\\/press\\\/images\\\/2023\\\/01\\\/a_Bols_20230110-1.jpg\",\"contentUrl\":\"https:\\\/\\\/elcanillita.info\\\/press\\\/images\\\/2023\\\/01\\\/a_Bols_20230110-1.jpg\",\"width\":600,\"height\":400},{\"@type\":\"WebSite\",\"@id\":\"https:\\\/\\\/elcanillita.info\\\/press\\\/#website\",\"url\":\"https:\\\/\\\/elcanillita.info\\\/press\\\/\",\"name\":\"ElCanillita.Info\",\"description\":\"desde los Apeninos a los Andes\",\"publisher\":{\"@id\":\"https:\\\/\\\/elcanillita.info\\\/press\\\/#organization\"},\"potentialAction\":[{\"@type\":\"SearchAction\",\"target\":{\"@type\":\"EntryPoint\",\"urlTemplate\":\"https:\\\/\\\/elcanillita.info\\\/press\\\/?s={search_term_string}\"},\"query-input\":{\"@type\":\"PropertyValueSpecification\",\"valueRequired\":true,\"valueName\":\"search_term_string\"}}],\"inLanguage\":\"es-AR\"},{\"@type\":\"Organization\",\"@id\":\"https:\\\/\\\/elcanillita.info\\\/press\\\/#organization\",\"name\":\"Guzzo Photos & Graphic Publications\",\"url\":\"https:\\\/\\\/elcanillita.info\\\/press\\\/\",\"logo\":{\"@type\":\"ImageObject\",\"inLanguage\":\"es-AR\",\"@id\":\"https:\\\/\\\/elcanillita.info\\\/press\\\/#\\\/schema\\\/logo\\\/image\\\/\",\"url\":\"https:\\\/\\\/elcanillita.info\\\/press\\\/images\\\/2020\\\/01\\\/cropped-cropped-cropped-elcanillitainfo.png\",\"contentUrl\":\"https:\\\/\\\/elcanillita.info\\\/press\\\/images\\\/2020\\\/01\\\/cropped-cropped-cropped-elcanillitainfo.png\",\"width\":460,\"height\":50,\"caption\":\"Guzzo Photos & Graphic Publications\"},\"image\":{\"@id\":\"https:\\\/\\\/elcanillita.info\\\/press\\\/#\\\/schema\\\/logo\\\/image\\\/\"},\"sameAs\":[\"https:\\\/\\\/ar-ar.facebook.com\\\/ElCanillitainfo-114249515285712\\\/\"]},{\"@type\":\"Person\",\"@id\":\"https:\\\/\\\/elcanillita.info\\\/press\\\/#\\\/schema\\\/person\\\/7fcb79f38045700919f7da6d97e71ba0\",\"name\":\"SalaStampa.eu, world press service\",\"image\":{\"@type\":\"ImageObject\",\"inLanguage\":\"es-AR\",\"@id\":\"https:\\\/\\\/secure.gravatar.com\\\/avatar\\\/c2f0e0d515a107624234994507816ca4724c7199cef73fc8bedebf6931d73888?s=96&d=mm&r=g\",\"url\":\"https:\\\/\\\/secure.gravatar.com\\\/avatar\\\/c2f0e0d515a107624234994507816ca4724c7199cef73fc8bedebf6931d73888?s=96&d=mm&r=g\",\"contentUrl\":\"https:\\\/\\\/secure.gravatar.com\\\/avatar\\\/c2f0e0d515a107624234994507816ca4724c7199cef73fc8bedebf6931d73888?s=96&d=mm&r=g\",\"caption\":\"SalaStampa.eu, world press service\"}}]}<\/script>\n<!-- \/ Yoast SEO plugin. -->","yoast_head_json":{"title":"Jair Bolsonaro es trasladado al hospital con dolor abdominal - ElCanillita.Info","description":"Bolsonaro ha sido hospitalizado m\u00faltiples veces en los \u00faltimos a\u00f1os despu\u00e9s de ser apu\u00f1alado mientras hac\u00eda campa\u00f1a por la presidencia en 2018.","robots":{"index":"index","follow":"follow","max-snippet":"max-snippet:-1","max-image-preview":"max-image-preview:large","max-video-preview":"max-video-preview:-1"},"canonical":"https:\/\/elcanillita.info\/press\/2023\/01\/10\/jair-bolsonaro-es-trasladado-al-hospital-con-dolor-abdominal\/","og_locale":"es_ES","og_type":"article","og_title":"Jair Bolsonaro es trasladado al hospital con dolor abdominal - ElCanillita.Info","og_description":"Bolsonaro ha sido hospitalizado m\u00faltiples veces en los \u00faltimos a\u00f1os despu\u00e9s de ser apu\u00f1alado mientras hac\u00eda campa\u00f1a por la presidencia en 2018.","og_url":"https:\/\/elcanillita.info\/press\/2023\/01\/10\/jair-bolsonaro-es-trasladado-al-hospital-con-dolor-abdominal\/","og_site_name":"ElCanillita.Info","article_publisher":"https:\/\/ar-ar.facebook.com\/ElCanillitainfo-114249515285712\/","article_published_time":"2023-01-10T11:56:34+00:00","article_modified_time":"2023-01-10T11:59:31+00:00","og_image":[{"width":600,"height":400,"url":"https:\/\/elcanillita.info\/press\/images\/2023\/01\/a_Bols_20230110-1.jpg","type":"image\/jpeg"}],"author":"SalaStampa.eu, world press service","twitter_card":"summary_large_image","twitter_misc":{"Escrito por":"SalaStampa.eu, world press service","Tiempo de lectura":"4 minutos"},"schema":{"@context":"https:\/\/schema.org","@graph":[{"@type":"Article","@id":"https:\/\/elcanillita.info\/press\/2023\/01\/10\/jair-bolsonaro-es-trasladado-al-hospital-con-dolor-abdominal\/#article","isPartOf":{"@id":"https:\/\/elcanillita.info\/press\/2023\/01\/10\/jair-bolsonaro-es-trasladado-al-hospital-con-dolor-abdominal\/"},"author":{"name":"SalaStampa.eu, world press service","@id":"https:\/\/elcanillita.info\/press\/#\/schema\/person\/7fcb79f38045700919f7da6d97e71ba0"},"headline":"Jair Bolsonaro es trasladado al hospital con dolor abdominal","datePublished":"2023-01-10T11:56:34+00:00","dateModified":"2023-01-10T11:59:31+00:00","mainEntityOfPage":{"@id":"https:\/\/elcanillita.info\/press\/2023\/01\/10\/jair-bolsonaro-es-trasladado-al-hospital-con-dolor-abdominal\/"},"wordCount":803,"publisher":{"@id":"https:\/\/elcanillita.info\/press\/#organization"},"image":{"@id":"https:\/\/elcanillita.info\/press\/2023\/01\/10\/jair-bolsonaro-es-trasladado-al-hospital-con-dolor-abdominal\/#primaryimage"},"thumbnailUrl":"https:\/\/elcanillita.info\/press\/images\/2023\/01\/a_Bols_20230110-1.jpg","keywords":["Estados Unidos"],"articleSection":[".","Actualidad","Am\u00e9rica","Politica","Sociedad"],"inLanguage":"es-AR"},{"@type":"WebPage","@id":"https:\/\/elcanillita.info\/press\/2023\/01\/10\/jair-bolsonaro-es-trasladado-al-hospital-con-dolor-abdominal\/","url":"https:\/\/elcanillita.info\/press\/2023\/01\/10\/jair-bolsonaro-es-trasladado-al-hospital-con-dolor-abdominal\/","name":"Jair Bolsonaro es trasladado al hospital con dolor abdominal - ElCanillita.Info","isPartOf":{"@id":"https:\/\/elcanillita.info\/press\/#website"},"primaryImageOfPage":{"@id":"https:\/\/elcanillita.info\/press\/2023\/01\/10\/jair-bolsonaro-es-trasladado-al-hospital-con-dolor-abdominal\/#primaryimage"},"image":{"@id":"https:\/\/elcanillita.info\/press\/2023\/01\/10\/jair-bolsonaro-es-trasladado-al-hospital-con-dolor-abdominal\/#primaryimage"},"thumbnailUrl":"https:\/\/elcanillita.info\/press\/images\/2023\/01\/a_Bols_20230110-1.jpg","datePublished":"2023-01-10T11:56:34+00:00","dateModified":"2023-01-10T11:59:31+00:00","description":"Bolsonaro ha sido hospitalizado m\u00faltiples veces en los \u00faltimos a\u00f1os despu\u00e9s de ser apu\u00f1alado mientras hac\u00eda campa\u00f1a por la presidencia en 2018.","inLanguage":"es-AR","potentialAction":[{"@type":"ReadAction","target":["https:\/\/elcanillita.info\/press\/2023\/01\/10\/jair-bolsonaro-es-trasladado-al-hospital-con-dolor-abdominal\/"]}]},{"@type":"ImageObject","inLanguage":"es-AR","@id":"https:\/\/elcanillita.info\/press\/2023\/01\/10\/jair-bolsonaro-es-trasladado-al-hospital-con-dolor-abdominal\/#primaryimage","url":"https:\/\/elcanillita.info\/press\/images\/2023\/01\/a_Bols_20230110-1.jpg","contentUrl":"https:\/\/elcanillita.info\/press\/images\/2023\/01\/a_Bols_20230110-1.jpg","width":600,"height":400},{"@type":"WebSite","@id":"https:\/\/elcanillita.info\/press\/#website","url":"https:\/\/elcanillita.info\/press\/","name":"ElCanillita.Info","description":"desde los Apeninos a los Andes","publisher":{"@id":"https:\/\/elcanillita.info\/press\/#organization"},"potentialAction":[{"@type":"SearchAction","target":{"@type":"EntryPoint","urlTemplate":"https:\/\/elcanillita.info\/press\/?s={search_term_string}"},"query-input":{"@type":"PropertyValueSpecification","valueRequired":true,"valueName":"search_term_string"}}],"inLanguage":"es-AR"},{"@type":"Organization","@id":"https:\/\/elcanillita.info\/press\/#organization","name":"Guzzo Photos & Graphic Publications","url":"https:\/\/elcanillita.info\/press\/","logo":{"@type":"ImageObject","inLanguage":"es-AR","@id":"https:\/\/elcanillita.info\/press\/#\/schema\/logo\/image\/","url":"https:\/\/elcanillita.info\/press\/images\/2020\/01\/cropped-cropped-cropped-elcanillitainfo.png","contentUrl":"https:\/\/elcanillita.info\/press\/images\/2020\/01\/cropped-cropped-cropped-elcanillitainfo.png","width":460,"height":50,"caption":"Guzzo Photos & Graphic Publications"},"image":{"@id":"https:\/\/elcanillita.info\/press\/#\/schema\/logo\/image\/"},"sameAs":["https:\/\/ar-ar.facebook.com\/ElCanillitainfo-114249515285712\/"]},{"@type":"Person","@id":"https:\/\/elcanillita.info\/press\/#\/schema\/person\/7fcb79f38045700919f7da6d97e71ba0","name":"SalaStampa.eu, world press service","image":{"@type":"ImageObject","inLanguage":"es-AR","@id":"https:\/\/secure.gravatar.com\/avatar\/c2f0e0d515a107624234994507816ca4724c7199cef73fc8bedebf6931d73888?s=96&d=mm&r=g","url":"https:\/\/secure.gravatar.com\/avatar\/c2f0e0d515a107624234994507816ca4724c7199cef73fc8bedebf6931d73888?s=96&d=mm&r=g","contentUrl":"https:\/\/secure.gravatar.com\/avatar\/c2f0e0d515a107624234994507816ca4724c7199cef73fc8bedebf6931d73888?s=96&d=mm&r=g","caption":"SalaStampa.eu, world press service"}}]}},"views":373,"_links":{"self":[{"href":"https:\/\/elcanillita.info\/press\/wp-json\/wp\/v2\/posts\/3170","targetHints":{"allow":["GET"]}}],"collection":[{"href":"https:\/\/elcanillita.info\/press\/wp-json\/wp\/v2\/posts"}],"about":[{"href":"https:\/\/elcanillita.info\/press\/wp-json\/wp\/v2\/types\/post"}],"author":[{"embeddable":true,"href":"https:\/\/elcanillita.info\/press\/wp-json\/wp\/v2\/users\/1"}],"replies":[{"embeddable":true,"href":"https:\/\/elcanillita.info\/press\/wp-json\/wp\/v2\/comments?post=3170"}],"version-history":[{"count":0,"href":"https:\/\/elcanillita.info\/press\/wp-json\/wp\/v2\/posts\/3170\/revisions"}],"wp:featuredmedia":[{"embeddable":true,"href":"https:\/\/elcanillita.info\/press\/wp-json\/wp\/v2\/media\/3173"}],"wp:attachment":[{"href":"https:\/\/elcanillita.info\/press\/wp-json\/wp\/v2\/media?parent=3170"}],"wp:term":[{"taxonomy":"category","embeddable":true,"href":"https:\/\/elcanillita.info\/press\/wp-json\/wp\/v2\/categories?post=3170"},{"taxonomy":"post_tag","embeddable":true,"href":"https:\/\/elcanillita.info\/press\/wp-json\/wp\/v2\/tags?post=3170"}],"curies":[{"name":"wp","href":"https:\/\/api.w.org\/{rel}","templated":true}]}}