{"id":3167,"date":"2023-01-10T07:50:53","date_gmt":"2023-01-10T10:50:53","guid":{"rendered":"https:\/\/elcanillita.info\/press\/?p=3167"},"modified":"2023-01-10T07:51:50","modified_gmt":"2023-01-10T10:51:50","slug":"desorden-y-progreso","status":"publish","type":"post","link":"https:\/\/elcanillita.info\/press\/2023\/01\/10\/desorden-y-progreso\/","title":{"rendered":"Desorden y Progreso"},"content":{"rendered":"\n<p><img decoding=\"async\" src=\"https:\/\/elcanillita.info\/press\/images\/2023\/01\/2Despro_20230110.jpg\"><br>Brasilia, 10\/01\/2023<br>El ministro brasile\u00f1o de Justicia, Flavio Dino, anunci\u00f3 que la Polic\u00eda Federal ya hab\u00eda identificado en diez estados del pa\u00eds a personas sospechosas de tener v\u00ednculos econ\u00f3micos con los organizadores del intento de golpe de Estado del domingo en Brasilia y dijo que ya se hab\u00edan emitido \u00f3rdenes de detenci\u00f3n. As\u00ed lo informa el sitio web del diario Estadao.<\/p>\n\n\n\n<p>Los nombres no se han hecho p\u00fablicos. Los sospechosos tambi\u00e9n habr\u00edan financiado el alquiler de autobuses para trasladar a los extremistas a la capital. El ministro afirm\u00f3 que la responsabilidad tambi\u00e9n recae en quienes no estuvieron presentes en los atentados: financiadores y organizadores.<\/p>\n\n\n\n<p><strong>Decenas de miles de personas en las calles por la democracia<\/strong><br><br>Decenas de miles de personas invadieron ayer las calles y plazas de las principales ciudades brasile\u00f1as para manifestarse por la democracia, en respuesta al asalto al Congreso por parte de los partidarios del expresidente Jair Bolsonaro. La participaci\u00f3n en la manifestaci\u00f3n de S\u00e3o Paulo fue &#8220;impresionante&#8221;, informa la BBC esta ma\u00f1ana: parte de la Avenida Paulista, la calle m\u00e1s famosa del pa\u00eds, fue bloqueada al tr\u00e1fico mientras la multitud cantaba y bailaba, exigiendo justicia.<br><br> Muchos manifestantes iban vestidos de rojo, los colores del Partido de los Trabajadores de Lula; otros agitaban pancartas que dec\u00edan &#8220;No a la amnist\u00eda para los golpistas&#8221; y otros coreaban a coro &#8220;c\u00e1rcel para Bolsonaro&#8221;. &#8220;No estoy de acuerdo con lo que ocurri\u00f3 en Brasilia: fue una pesadilla. No estoy de acuerdo con quienes creen que se puede utilizar el poder para destruir la democracia&#8221;, declar\u00f3 a la BBC Gabriel, que s\u00f3lo dio su nombre de pila. &#8220;Quiero mostrar al mundo y a nuestro pa\u00eds que, aunque hay miles de personas que creen que las elecciones no fueron v\u00e1lidas, aqu\u00ed en Brasil tenemos un gran n\u00famero de personas que creen que pueden confiar en nuestro gobierno y en nuestra democracia&#8221;, a\u00f1adi\u00f3. <br><br>La polarizaci\u00f3n es un gran problema: cada uno tiene sus propias ideas y no creo que haya mucho di\u00e1logo entre las dos partes&#8221;, coment\u00f3 otra manifestante, Marina Rodrigues Carmona. Ayer por la ma\u00f1ana, la polic\u00eda comenz\u00f3 a desmantelar un campamento de partidarios de Bolsonaro en Brasilia, uno de los varios que se han instalado fuera de los cuarteles del ej\u00e9rcito en todo el pa\u00eds desde las elecciones presidenciales. El ministro de Justicia de Brasil, Flavio Dino, anunci\u00f3 anoche que hasta el momento han sido detenidas &#8220;alrededor de 1.500&#8221; personas en el marco del asalto a los palacios del poder por parte de simpatizantes de Bolsonaro el domingo en Brasilia.<br><br><small>Copyright \u00a9 2023 ElCanillita.info \/ SalaStampa.Eu &#8211; Derechos Reservados<\/small><\/p>\n","protected":false},"excerpt":{"rendered":"<p>Ayer por la ma\u00f1ana, la polic\u00eda comenz\u00f3 a desmantelar un campamento de partidarios de Bolsonaro en Brasilia.<\/p>\n","protected":false},"author":1,"featured_media":3168,"comment_status":"closed","ping_status":"closed","sticky":false,"template":"","format":"standard","meta":{"footnotes":"","_links_to":"","_links_to_target":""},"categories":[108,70,11,23],"tags":[83],"class_list":["post-3167","post","type-post","status-publish","format-standard","has-post-thumbnail","hentry","category-blogdiario","category-actualidad","category-america-del-sur","category-politica","tag-brasil","entry","double"],"yoast_head":"<!-- This site is optimized with the Yoast SEO plugin v27.4 - https:\/\/yoast.com\/product\/yoast-seo-wordpress\/ -->\n<title>Desorden y Progreso - ElCanillita.Info<\/title>\n<meta name=\"description\" content=\"Decenas de miles de personas invadieron ayer las calles y plazas de las principales ciudades brasile\u00f1as para manifestarse por la democracia.\" \/>\n<meta name=\"robots\" content=\"index, follow, max-snippet:-1, max-image-preview:large, max-video-preview:-1\" \/>\n<link rel=\"canonical\" href=\"https:\/\/elcanillita.info\/press\/2023\/01\/10\/desorden-y-progreso\/\" \/>\n<meta property=\"og:locale\" content=\"es_ES\" \/>\n<meta property=\"og:type\" content=\"article\" \/>\n<meta property=\"og:title\" content=\"Desorden y Progreso - ElCanillita.Info\" \/>\n<meta property=\"og:description\" content=\"Decenas de miles de personas invadieron ayer las calles y plazas de las principales ciudades brasile\u00f1as para manifestarse por la democracia.\" \/>\n<meta property=\"og:url\" content=\"https:\/\/elcanillita.info\/press\/2023\/01\/10\/desorden-y-progreso\/\" \/>\n<meta property=\"og:site_name\" content=\"ElCanillita.Info\" \/>\n<meta property=\"article:publisher\" content=\"https:\/\/ar-ar.facebook.com\/ElCanillitainfo-114249515285712\/\" \/>\n<meta property=\"article:published_time\" content=\"2023-01-10T10:50:53+00:00\" \/>\n<meta property=\"article:modified_time\" content=\"2023-01-10T10:51:50+00:00\" \/>\n<meta property=\"og:image\" content=\"https:\/\/elcanillita.info\/press\/images\/2023\/01\/1Despro_20230110-1.jpg\" \/>\n\t<meta property=\"og:image:width\" content=\"600\" \/>\n\t<meta property=\"og:image:height\" content=\"400\" \/>\n\t<meta property=\"og:image:type\" content=\"image\/jpeg\" \/>\n<meta name=\"author\" content=\"SalaStampa.eu, world press service\" \/>\n<meta name=\"twitter:card\" content=\"summary_large_image\" \/>\n<meta name=\"twitter:label1\" content=\"Escrito por\" \/>\n\t<meta name=\"twitter:data1\" content=\"SalaStampa.eu, world press service\" \/>\n\t<meta name=\"twitter:label2\" content=\"Tiempo de lectura\" \/>\n\t<meta name=\"twitter:data2\" content=\"3 minutos\" \/>\n<script type=\"application\/ld+json\" class=\"yoast-schema-graph\">{\"@context\":\"https:\\\/\\\/schema.org\",\"@graph\":[{\"@type\":\"Article\",\"@id\":\"https:\\\/\\\/elcanillita.info\\\/press\\\/2023\\\/01\\\/10\\\/desorden-y-progreso\\\/#article\",\"isPartOf\":{\"@id\":\"https:\\\/\\\/elcanillita.info\\\/press\\\/2023\\\/01\\\/10\\\/desorden-y-progreso\\\/\"},\"author\":{\"name\":\"SalaStampa.eu, world press service\",\"@id\":\"https:\\\/\\\/elcanillita.info\\\/press\\\/#\\\/schema\\\/person\\\/7fcb79f38045700919f7da6d97e71ba0\"},\"headline\":\"Desorden y Progreso\",\"datePublished\":\"2023-01-10T10:50:53+00:00\",\"dateModified\":\"2023-01-10T10:51:50+00:00\",\"mainEntityOfPage\":{\"@id\":\"https:\\\/\\\/elcanillita.info\\\/press\\\/2023\\\/01\\\/10\\\/desorden-y-progreso\\\/\"},\"wordCount\":462,\"publisher\":{\"@id\":\"https:\\\/\\\/elcanillita.info\\\/press\\\/#organization\"},\"image\":{\"@id\":\"https:\\\/\\\/elcanillita.info\\\/press\\\/2023\\\/01\\\/10\\\/desorden-y-progreso\\\/#primaryimage\"},\"thumbnailUrl\":\"https:\\\/\\\/elcanillita.info\\\/press\\\/images\\\/2023\\\/01\\\/1Despro_20230110-1.jpg\",\"keywords\":[\"Brasil\"],\"articleSection\":[\".\",\"Actualidad\",\"Am\u00e9rica del Sur\",\"Politica\"],\"inLanguage\":\"es-AR\"},{\"@type\":\"WebPage\",\"@id\":\"https:\\\/\\\/elcanillita.info\\\/press\\\/2023\\\/01\\\/10\\\/desorden-y-progreso\\\/\",\"url\":\"https:\\\/\\\/elcanillita.info\\\/press\\\/2023\\\/01\\\/10\\\/desorden-y-progreso\\\/\",\"name\":\"Desorden y Progreso - ElCanillita.Info\",\"isPartOf\":{\"@id\":\"https:\\\/\\\/elcanillita.info\\\/press\\\/#website\"},\"primaryImageOfPage\":{\"@id\":\"https:\\\/\\\/elcanillita.info\\\/press\\\/2023\\\/01\\\/10\\\/desorden-y-progreso\\\/#primaryimage\"},\"image\":{\"@id\":\"https:\\\/\\\/elcanillita.info\\\/press\\\/2023\\\/01\\\/10\\\/desorden-y-progreso\\\/#primaryimage\"},\"thumbnailUrl\":\"https:\\\/\\\/elcanillita.info\\\/press\\\/images\\\/2023\\\/01\\\/1Despro_20230110-1.jpg\",\"datePublished\":\"2023-01-10T10:50:53+00:00\",\"dateModified\":\"2023-01-10T10:51:50+00:00\",\"description\":\"Decenas de miles de personas invadieron ayer las calles y plazas de las principales ciudades brasile\u00f1as para manifestarse por la democracia.\",\"inLanguage\":\"es-AR\",\"potentialAction\":[{\"@type\":\"ReadAction\",\"target\":[\"https:\\\/\\\/elcanillita.info\\\/press\\\/2023\\\/01\\\/10\\\/desorden-y-progreso\\\/\"]}]},{\"@type\":\"ImageObject\",\"inLanguage\":\"es-AR\",\"@id\":\"https:\\\/\\\/elcanillita.info\\\/press\\\/2023\\\/01\\\/10\\\/desorden-y-progreso\\\/#primaryimage\",\"url\":\"https:\\\/\\\/elcanillita.info\\\/press\\\/images\\\/2023\\\/01\\\/1Despro_20230110-1.jpg\",\"contentUrl\":\"https:\\\/\\\/elcanillita.info\\\/press\\\/images\\\/2023\\\/01\\\/1Despro_20230110-1.jpg\",\"width\":600,\"height\":400},{\"@type\":\"WebSite\",\"@id\":\"https:\\\/\\\/elcanillita.info\\\/press\\\/#website\",\"url\":\"https:\\\/\\\/elcanillita.info\\\/press\\\/\",\"name\":\"ElCanillita.Info\",\"description\":\"desde los Apeninos a los Andes\",\"publisher\":{\"@id\":\"https:\\\/\\\/elcanillita.info\\\/press\\\/#organization\"},\"potentialAction\":[{\"@type\":\"SearchAction\",\"target\":{\"@type\":\"EntryPoint\",\"urlTemplate\":\"https:\\\/\\\/elcanillita.info\\\/press\\\/?s={search_term_string}\"},\"query-input\":{\"@type\":\"PropertyValueSpecification\",\"valueRequired\":true,\"valueName\":\"search_term_string\"}}],\"inLanguage\":\"es-AR\"},{\"@type\":\"Organization\",\"@id\":\"https:\\\/\\\/elcanillita.info\\\/press\\\/#organization\",\"name\":\"Guzzo Photos & Graphic Publications\",\"url\":\"https:\\\/\\\/elcanillita.info\\\/press\\\/\",\"logo\":{\"@type\":\"ImageObject\",\"inLanguage\":\"es-AR\",\"@id\":\"https:\\\/\\\/elcanillita.info\\\/press\\\/#\\\/schema\\\/logo\\\/image\\\/\",\"url\":\"https:\\\/\\\/elcanillita.info\\\/press\\\/images\\\/2020\\\/01\\\/cropped-cropped-cropped-elcanillitainfo.png\",\"contentUrl\":\"https:\\\/\\\/elcanillita.info\\\/press\\\/images\\\/2020\\\/01\\\/cropped-cropped-cropped-elcanillitainfo.png\",\"width\":460,\"height\":50,\"caption\":\"Guzzo Photos & Graphic Publications\"},\"image\":{\"@id\":\"https:\\\/\\\/elcanillita.info\\\/press\\\/#\\\/schema\\\/logo\\\/image\\\/\"},\"sameAs\":[\"https:\\\/\\\/ar-ar.facebook.com\\\/ElCanillitainfo-114249515285712\\\/\"]},{\"@type\":\"Person\",\"@id\":\"https:\\\/\\\/elcanillita.info\\\/press\\\/#\\\/schema\\\/person\\\/7fcb79f38045700919f7da6d97e71ba0\",\"name\":\"SalaStampa.eu, world press service\",\"image\":{\"@type\":\"ImageObject\",\"inLanguage\":\"es-AR\",\"@id\":\"https:\\\/\\\/secure.gravatar.com\\\/avatar\\\/c2f0e0d515a107624234994507816ca4724c7199cef73fc8bedebf6931d73888?s=96&d=mm&r=g\",\"url\":\"https:\\\/\\\/secure.gravatar.com\\\/avatar\\\/c2f0e0d515a107624234994507816ca4724c7199cef73fc8bedebf6931d73888?s=96&d=mm&r=g\",\"contentUrl\":\"https:\\\/\\\/secure.gravatar.com\\\/avatar\\\/c2f0e0d515a107624234994507816ca4724c7199cef73fc8bedebf6931d73888?s=96&d=mm&r=g\",\"caption\":\"SalaStampa.eu, world press service\"}}]}<\/script>\n<!-- \/ Yoast SEO plugin. -->","yoast_head_json":{"title":"Desorden y Progreso - ElCanillita.Info","description":"Decenas de miles de personas invadieron ayer las calles y plazas de las principales ciudades brasile\u00f1as para manifestarse por la democracia.","robots":{"index":"index","follow":"follow","max-snippet":"max-snippet:-1","max-image-preview":"max-image-preview:large","max-video-preview":"max-video-preview:-1"},"canonical":"https:\/\/elcanillita.info\/press\/2023\/01\/10\/desorden-y-progreso\/","og_locale":"es_ES","og_type":"article","og_title":"Desorden y Progreso - ElCanillita.Info","og_description":"Decenas de miles de personas invadieron ayer las calles y plazas de las principales ciudades brasile\u00f1as para manifestarse por la democracia.","og_url":"https:\/\/elcanillita.info\/press\/2023\/01\/10\/desorden-y-progreso\/","og_site_name":"ElCanillita.Info","article_publisher":"https:\/\/ar-ar.facebook.com\/ElCanillitainfo-114249515285712\/","article_published_time":"2023-01-10T10:50:53+00:00","article_modified_time":"2023-01-10T10:51:50+00:00","og_image":[{"width":600,"height":400,"url":"https:\/\/elcanillita.info\/press\/images\/2023\/01\/1Despro_20230110-1.jpg","type":"image\/jpeg"}],"author":"SalaStampa.eu, world press service","twitter_card":"summary_large_image","twitter_misc":{"Escrito por":"SalaStampa.eu, world press service","Tiempo de lectura":"3 minutos"},"schema":{"@context":"https:\/\/schema.org","@graph":[{"@type":"Article","@id":"https:\/\/elcanillita.info\/press\/2023\/01\/10\/desorden-y-progreso\/#article","isPartOf":{"@id":"https:\/\/elcanillita.info\/press\/2023\/01\/10\/desorden-y-progreso\/"},"author":{"name":"SalaStampa.eu, world press service","@id":"https:\/\/elcanillita.info\/press\/#\/schema\/person\/7fcb79f38045700919f7da6d97e71ba0"},"headline":"Desorden y Progreso","datePublished":"2023-01-10T10:50:53+00:00","dateModified":"2023-01-10T10:51:50+00:00","mainEntityOfPage":{"@id":"https:\/\/elcanillita.info\/press\/2023\/01\/10\/desorden-y-progreso\/"},"wordCount":462,"publisher":{"@id":"https:\/\/elcanillita.info\/press\/#organization"},"image":{"@id":"https:\/\/elcanillita.info\/press\/2023\/01\/10\/desorden-y-progreso\/#primaryimage"},"thumbnailUrl":"https:\/\/elcanillita.info\/press\/images\/2023\/01\/1Despro_20230110-1.jpg","keywords":["Brasil"],"articleSection":[".","Actualidad","Am\u00e9rica del Sur","Politica"],"inLanguage":"es-AR"},{"@type":"WebPage","@id":"https:\/\/elcanillita.info\/press\/2023\/01\/10\/desorden-y-progreso\/","url":"https:\/\/elcanillita.info\/press\/2023\/01\/10\/desorden-y-progreso\/","name":"Desorden y Progreso - ElCanillita.Info","isPartOf":{"@id":"https:\/\/elcanillita.info\/press\/#website"},"primaryImageOfPage":{"@id":"https:\/\/elcanillita.info\/press\/2023\/01\/10\/desorden-y-progreso\/#primaryimage"},"image":{"@id":"https:\/\/elcanillita.info\/press\/2023\/01\/10\/desorden-y-progreso\/#primaryimage"},"thumbnailUrl":"https:\/\/elcanillita.info\/press\/images\/2023\/01\/1Despro_20230110-1.jpg","datePublished":"2023-01-10T10:50:53+00:00","dateModified":"2023-01-10T10:51:50+00:00","description":"Decenas de miles de personas invadieron ayer las calles y plazas de las principales ciudades brasile\u00f1as para manifestarse por la democracia.","inLanguage":"es-AR","potentialAction":[{"@type":"ReadAction","target":["https:\/\/elcanillita.info\/press\/2023\/01\/10\/desorden-y-progreso\/"]}]},{"@type":"ImageObject","inLanguage":"es-AR","@id":"https:\/\/elcanillita.info\/press\/2023\/01\/10\/desorden-y-progreso\/#primaryimage","url":"https:\/\/elcanillita.info\/press\/images\/2023\/01\/1Despro_20230110-1.jpg","contentUrl":"https:\/\/elcanillita.info\/press\/images\/2023\/01\/1Despro_20230110-1.jpg","width":600,"height":400},{"@type":"WebSite","@id":"https:\/\/elcanillita.info\/press\/#website","url":"https:\/\/elcanillita.info\/press\/","name":"ElCanillita.Info","description":"desde los Apeninos a los Andes","publisher":{"@id":"https:\/\/elcanillita.info\/press\/#organization"},"potentialAction":[{"@type":"SearchAction","target":{"@type":"EntryPoint","urlTemplate":"https:\/\/elcanillita.info\/press\/?s={search_term_string}"},"query-input":{"@type":"PropertyValueSpecification","valueRequired":true,"valueName":"search_term_string"}}],"inLanguage":"es-AR"},{"@type":"Organization","@id":"https:\/\/elcanillita.info\/press\/#organization","name":"Guzzo Photos & Graphic Publications","url":"https:\/\/elcanillita.info\/press\/","logo":{"@type":"ImageObject","inLanguage":"es-AR","@id":"https:\/\/elcanillita.info\/press\/#\/schema\/logo\/image\/","url":"https:\/\/elcanillita.info\/press\/images\/2020\/01\/cropped-cropped-cropped-elcanillitainfo.png","contentUrl":"https:\/\/elcanillita.info\/press\/images\/2020\/01\/cropped-cropped-cropped-elcanillitainfo.png","width":460,"height":50,"caption":"Guzzo Photos & Graphic Publications"},"image":{"@id":"https:\/\/elcanillita.info\/press\/#\/schema\/logo\/image\/"},"sameAs":["https:\/\/ar-ar.facebook.com\/ElCanillitainfo-114249515285712\/"]},{"@type":"Person","@id":"https:\/\/elcanillita.info\/press\/#\/schema\/person\/7fcb79f38045700919f7da6d97e71ba0","name":"SalaStampa.eu, world press service","image":{"@type":"ImageObject","inLanguage":"es-AR","@id":"https:\/\/secure.gravatar.com\/avatar\/c2f0e0d515a107624234994507816ca4724c7199cef73fc8bedebf6931d73888?s=96&d=mm&r=g","url":"https:\/\/secure.gravatar.com\/avatar\/c2f0e0d515a107624234994507816ca4724c7199cef73fc8bedebf6931d73888?s=96&d=mm&r=g","contentUrl":"https:\/\/secure.gravatar.com\/avatar\/c2f0e0d515a107624234994507816ca4724c7199cef73fc8bedebf6931d73888?s=96&d=mm&r=g","caption":"SalaStampa.eu, world press service"}}]}},"views":400,"_links":{"self":[{"href":"https:\/\/elcanillita.info\/press\/wp-json\/wp\/v2\/posts\/3167","targetHints":{"allow":["GET"]}}],"collection":[{"href":"https:\/\/elcanillita.info\/press\/wp-json\/wp\/v2\/posts"}],"about":[{"href":"https:\/\/elcanillita.info\/press\/wp-json\/wp\/v2\/types\/post"}],"author":[{"embeddable":true,"href":"https:\/\/elcanillita.info\/press\/wp-json\/wp\/v2\/users\/1"}],"replies":[{"embeddable":true,"href":"https:\/\/elcanillita.info\/press\/wp-json\/wp\/v2\/comments?post=3167"}],"version-history":[{"count":0,"href":"https:\/\/elcanillita.info\/press\/wp-json\/wp\/v2\/posts\/3167\/revisions"}],"wp:featuredmedia":[{"embeddable":true,"href":"https:\/\/elcanillita.info\/press\/wp-json\/wp\/v2\/media\/3168"}],"wp:attachment":[{"href":"https:\/\/elcanillita.info\/press\/wp-json\/wp\/v2\/media?parent=3167"}],"wp:term":[{"taxonomy":"category","embeddable":true,"href":"https:\/\/elcanillita.info\/press\/wp-json\/wp\/v2\/categories?post=3167"},{"taxonomy":"post_tag","embeddable":true,"href":"https:\/\/elcanillita.info\/press\/wp-json\/wp\/v2\/tags?post=3167"}],"curies":[{"name":"wp","href":"https:\/\/api.w.org\/{rel}","templated":true}]}}