{"id":3163,"date":"2023-01-09T07:38:56","date_gmt":"2023-01-09T10:38:56","guid":{"rendered":"https:\/\/elcanillita.info\/press\/?p=3163"},"modified":"2023-01-09T14:29:51","modified_gmt":"2023-01-09T17:29:51","slug":"mas-de-400-arrestos-tras-el-asalto-al-palacio-del-poder-en-brasil","status":"publish","type":"post","link":"https:\/\/elcanillita.info\/press\/2023\/01\/09\/mas-de-400-arrestos-tras-el-asalto-al-palacio-del-poder-en-brasil\/","title":{"rendered":"M\u00e1s de 400 arrestos, tras el asalto al palacio del poder en Brasil"},"content":{"rendered":"\n<figure class=\"wp-block-image\"><img decoding=\"async\" src=\"https:\/\/elcanillita.info\/press\/images\/2023\/01\/1bol20210109.jpg\" alt=\"\"\/><figcaption><small>Partidarios de Bolsonaro asaltan edificios gubernamentales en la capital de Brasil<\/small><\/figcaption><\/figure>\n\n\n\n<p>M\u00e1s de 400 personas han sido detenidas a ra\u00edz del asalto perpetrado por simpatizantes del expresidente brasile\u00f1o Jair Bolsonaro contra los edificios del poder en Brasilia, mientras se contin\u00faa trabajando para identificar a quienes participaron en el ataque.<\/p>\n\n\n\n<p>Miles de ultras del expresidente de Brasil asaltaron ayer los edificios de las m\u00e1ximas instituciones del Estado en Brasilia en un allanamiento que record\u00f3 al de hace dos a\u00f1os en el Capitolio de Washington por parte de seguidores de Donald Trump.<\/p>\n\n\n\n<p>Un ataque &#8220;v\u00e1ndalo y fascista&#8221; contra las instituciones democr\u00e1ticas, dijo visiblemente molesto el presidente de Brasil, Luiz Inacio Lula da Silva, y asegur\u00f3 que los &#8220;terroristas&#8221; ser\u00e1n &#8220;castigados de manera ejemplar&#8221;.<\/p>\n\n\n\n<p>Sin embargo, su antecesor Bolsonaro conden\u00f3 lo ocurrido: &#8220;Las manifestaciones pac\u00edficas, seg\u00fan la ley, son parte de la democracia. Los saqueos e invasiones de edificios p\u00fablicos como los de hoy, as\u00ed como los practicados por la izquierda en 2013 y 2017, son ilegal\u201d, dijo. Y rechaz\u00f3 las acusaciones, seg\u00fan dijo sin pruebas, que le atribuy\u00f3 el nuevo presidente In\u00e1cio Lula da Silva: &#8220;A lo largo de mi mandato -subray\u00f3- siempre he estado dentro del per\u00edmetro de la Constituci\u00f3n, respetando y defendiendo las leyes, la democracia , transparencia y nuestra sagrada libertad&#8221;.<\/p>\n\n\n\n<p>Y mientras el presidente estadounidense, Joe Biden, ha condenado lo que llama &#8220;el asalto a la democracia y el traspaso pac\u00edfico del poder en Brasil&#8221;, asegurando el pleno apoyo de Washington, el jefe de Estado brasile\u00f1o regres\u00f3 a Brasilia, donde acudi\u00f3 para constatar el saqueo de la Casa Presidencial y la Corte Suprema por los partidarios de Bolsonaro. Inacio Lula da Silva, en el cargo desde hace apenas una semana, dijo anteriormente en un discurso desde el estado de S\u00e3o Paulo que su antecesor de extrema derecha hab\u00eda &#8220;animado&#8221; a &#8220;v\u00e1ndalos fascistas&#8221; a invadir lugares de poder en la capital.<\/p>\n\n\n\n<p>Una firme condena de un &#8216;asalto a la democracia en Brasil&#8217; provino de la presidenta de la Comisi\u00f3n de la UE, Ursula von der Leyen: &#8220;Es una gran preocupaci\u00f3n para todos nosotros, defensores de la democracia&#8221;, escribi\u00f3 en Twitter. &#8220;Mi pleno apoyo al presidente Lula, quien fue elegido libre y justamente&#8221;.<\/p>\n\n\n\n<p>Las autoridades brasile\u00f1as comenzaron esta ma\u00f1ana a evaluar los cuantiosos da\u00f1os sufridos por el Palacio Presidencial, el Congreso y el Tribunal Supremo de Brasilia tras el asalto de ayer por parte de simpatizantes del expresidente. Despu\u00e9s de varias horas de caos, la polic\u00eda recuper\u00f3 el control de edificios invadidos por cientos de manifestantes anti-Lula y arrest\u00f3 a cientos de personas, seg\u00fan el ministro de Justicia y Seguridad, Flavio Dino. La zona hab\u00eda sido acordonada por las autoridades. Pero los bolsonaristas, muchos de ellos vestidos con las camisetas amarillas de la selecci\u00f3n brasile\u00f1a de f\u00fatbol, \u200b\u200bs\u00edmbolo del que se han apropiado los bolsonaristas, lograron romper los cordones de seguridad. Han causado da\u00f1os considerables. Cuadros de valor incalculable resultaron da\u00f1ados, seg\u00fan fotograf\u00edas que circulan en las redes sociales. Y el juez de la Corte Suprema, Alexandre de Moraes, orden\u00f3 a las plataformas de redes sociales Facebook, Twitter y TikTok que bloqueen la propaganda golpista. Adem\u00e1s, a pedido del Fiscal General de la Uni\u00f3n, orden\u00f3 a las empresas de telecomunicaciones mantener registros de conexi\u00f3n y geolocalizaci\u00f3n de los usuarios presentes en la Pra\u00e7a dos Tr\u00eas Poderes.<\/p>\n\n\n\n<p>Los manifestantes bloquearon durante la noche carreteras y caminos federales en al menos cuatro estados. El estado de Mato Grosso es el m\u00e1s afectado por las protestas de los simpatizantes del expresidente Bolsonaro. Lo informa el sitio en l\u00ednea de Folha de S.Paulo.<\/p>\n\n\n\n<p>En Brasilia, en tanto, el Ej\u00e9rcito ha impedido que la polic\u00eda ingrese a la zona donde acampan muchos seguidores del expresidente que ayer atacaron y arrasaron el Parlamento, la sede del Gobierno y la Corte Suprema de Justicia. Seg\u00fan la p\u00e1gina en l\u00ednea del diario Folha de S. Paulo, los militares bloquearon el paso de los agentes que quer\u00edan ingresar al \u00e1rea donde est\u00e1n acampados los perpetradores del ataque con tanquetas. Varios veh\u00edculos policiales, agreg\u00f3 el peri\u00f3dico, hab\u00edan llegado a la entrada del \u00e1rea frente al cuartel general del ej\u00e9rcito, pero fueron detenidos. Cabe recordar que el cuartel general del ej\u00e9rcito est\u00e1 ubicado en el Sector Militar Urbano (MUS), zona de exclusiva responsabilidad militar.<\/p>\n\n\n\n<p>El juez del Supremo Tribunal Federal Alexandre de Moraes orden\u00f3 la destituci\u00f3n del gobernador del Distrito Federal de Brasilia Ibaneis Rocha por un per\u00edodo de 90 d\u00edas. La decisi\u00f3n se produjo tras la invasi\u00f3n de los edificios del Congreso, el Tribunal Federal y el Palacio do Planalto, sede de la Presidencia de la Rep\u00fablica de Brasil. Los medios brasile\u00f1os lo informan. \u201cLa escalada violenta de hechos delictivos es una circunstancia que s\u00f3lo puede darse con la anuencia, e incluso la participaci\u00f3n efectiva, de las autoridades de seguridad p\u00fablica e inteligencia correspondientes\u201d, dijo Moraes.<\/p>\n\n\n\n<p>Alexandre de Moraes dijo que el gobernador del Distrito Federal hizo caso omiso de todos los pedidos realizados por diversas autoridades para reforzar la seguridad. \u201cConducta enga\u00f1osamente omisiva del gobernador Ibaneis Rocha, quien no solo hizo declaraciones p\u00fablicas defendiendo una falsa &#8216;manifestaci\u00f3n pol\u00edtica libre en Brasilia&#8217; -a pesar de que todas las redes sab\u00edan que se atacar\u00edan las instituciones y sus miembros- sino que tambi\u00e9n ignor\u00f3 todos los llamados de las autoridades llevar a cabo un plan de seguridad similar a los implementados en los \u00faltimos dos a\u00f1os el 7 de septiembre, en particular, con la prohibici\u00f3n de ingreso de delincuentes terroristas a la explanada de los Ministerios, habiendo liberado amplios accesos\u201d, dijo.<br><br><small>Copyright \u00a9 2022 ElCanillita.info \/ SalaStampa.Eu &#8211; Nota de transferir al dominio p\u00fablico<\/small><\/p>\n","protected":false},"excerpt":{"rendered":"<p>Miles de ultras del expresidente de Brasil asaltaron ayer los edificios de las m\u00e1ximas instituciones del Estado en Brasilia en un allanamiento que record\u00f3 al de hace dos a\u00f1os en el Capitolio de Washington por parte de seguidores de Donald Trump.<\/p>\n","protected":false},"author":1,"featured_media":3164,"comment_status":"closed","ping_status":"closed","sticky":false,"template":"","format":"standard","meta":{"footnotes":"","_links_to":"","_links_to_target":""},"categories":[108,70,11,23,25],"tags":[],"class_list":["post-3163","post","type-post","status-publish","format-standard","has-post-thumbnail","hentry","category-blogdiario","category-actualidad","category-america-del-sur","category-politica","category-sociedad","entry","double"],"yoast_head":"<!-- This site is optimized with the Yoast SEO plugin v27.4 - https:\/\/yoast.com\/product\/yoast-seo-wordpress\/ -->\n<title>M\u00e1s de 400 arrestos, tras el asalto al palacio del poder en Brasil - ElCanillita.Info<\/title>\n<meta name=\"description\" content=\"M\u00e1s de 400 personas han sido detenidas a ra\u00edz del asalto perpetrado por simpatizantes del expresidente brasile\u00f1o Jair Bolsonaro contra los edificios del poder en Brasilia\" \/>\n<meta name=\"robots\" content=\"index, follow, max-snippet:-1, max-image-preview:large, max-video-preview:-1\" \/>\n<link rel=\"canonical\" href=\"https:\/\/elcanillita.info\/press\/2023\/01\/09\/mas-de-400-arrestos-tras-el-asalto-al-palacio-del-poder-en-brasil\/\" \/>\n<meta property=\"og:locale\" content=\"es_ES\" \/>\n<meta property=\"og:type\" content=\"article\" \/>\n<meta property=\"og:title\" content=\"M\u00e1s de 400 arrestos, tras el asalto al palacio del poder en Brasil - ElCanillita.Info\" \/>\n<meta property=\"og:description\" content=\"M\u00e1s de 400 personas han sido detenidas a ra\u00edz del asalto perpetrado por simpatizantes del expresidente brasile\u00f1o Jair Bolsonaro contra los edificios del poder en Brasilia\" \/>\n<meta property=\"og:url\" content=\"https:\/\/elcanillita.info\/press\/2023\/01\/09\/mas-de-400-arrestos-tras-el-asalto-al-palacio-del-poder-en-brasil\/\" \/>\n<meta property=\"og:site_name\" content=\"ElCanillita.Info\" \/>\n<meta property=\"article:publisher\" content=\"https:\/\/ar-ar.facebook.com\/ElCanillitainfo-114249515285712\/\" \/>\n<meta property=\"article:published_time\" content=\"2023-01-09T10:38:56+00:00\" \/>\n<meta property=\"article:modified_time\" content=\"2023-01-09T17:29:51+00:00\" \/>\n<meta property=\"og:image\" content=\"https:\/\/elcanillita.info\/press\/images\/2023\/01\/2bol20210109-1.jpg\" \/>\n\t<meta property=\"og:image:width\" content=\"600\" \/>\n\t<meta property=\"og:image:height\" content=\"400\" \/>\n\t<meta property=\"og:image:type\" content=\"image\/jpeg\" \/>\n<meta name=\"author\" content=\"SalaStampa.eu, world press service\" \/>\n<meta name=\"twitter:card\" content=\"summary_large_image\" \/>\n<meta name=\"twitter:label1\" content=\"Escrito por\" \/>\n\t<meta name=\"twitter:data1\" content=\"SalaStampa.eu, world press service\" \/>\n\t<meta name=\"twitter:label2\" content=\"Tiempo de lectura\" \/>\n\t<meta name=\"twitter:data2\" content=\"5 minutos\" \/>\n<script type=\"application\/ld+json\" class=\"yoast-schema-graph\">{\"@context\":\"https:\\\/\\\/schema.org\",\"@graph\":[{\"@type\":\"Article\",\"@id\":\"https:\\\/\\\/elcanillita.info\\\/press\\\/2023\\\/01\\\/09\\\/mas-de-400-arrestos-tras-el-asalto-al-palacio-del-poder-en-brasil\\\/#article\",\"isPartOf\":{\"@id\":\"https:\\\/\\\/elcanillita.info\\\/press\\\/2023\\\/01\\\/09\\\/mas-de-400-arrestos-tras-el-asalto-al-palacio-del-poder-en-brasil\\\/\"},\"author\":{\"name\":\"SalaStampa.eu, world press service\",\"@id\":\"https:\\\/\\\/elcanillita.info\\\/press\\\/#\\\/schema\\\/person\\\/7fcb79f38045700919f7da6d97e71ba0\"},\"headline\":\"M\u00e1s de 400 arrestos, tras el asalto al palacio del poder en Brasil\",\"datePublished\":\"2023-01-09T10:38:56+00:00\",\"dateModified\":\"2023-01-09T17:29:51+00:00\",\"mainEntityOfPage\":{\"@id\":\"https:\\\/\\\/elcanillita.info\\\/press\\\/2023\\\/01\\\/09\\\/mas-de-400-arrestos-tras-el-asalto-al-palacio-del-poder-en-brasil\\\/\"},\"wordCount\":1008,\"publisher\":{\"@id\":\"https:\\\/\\\/elcanillita.info\\\/press\\\/#organization\"},\"image\":{\"@id\":\"https:\\\/\\\/elcanillita.info\\\/press\\\/2023\\\/01\\\/09\\\/mas-de-400-arrestos-tras-el-asalto-al-palacio-del-poder-en-brasil\\\/#primaryimage\"},\"thumbnailUrl\":\"https:\\\/\\\/elcanillita.info\\\/press\\\/images\\\/2023\\\/01\\\/2bol20210109-1.jpg\",\"articleSection\":[\".\",\"Actualidad\",\"Am\u00e9rica del Sur\",\"Politica\",\"Sociedad\"],\"inLanguage\":\"es-AR\"},{\"@type\":\"WebPage\",\"@id\":\"https:\\\/\\\/elcanillita.info\\\/press\\\/2023\\\/01\\\/09\\\/mas-de-400-arrestos-tras-el-asalto-al-palacio-del-poder-en-brasil\\\/\",\"url\":\"https:\\\/\\\/elcanillita.info\\\/press\\\/2023\\\/01\\\/09\\\/mas-de-400-arrestos-tras-el-asalto-al-palacio-del-poder-en-brasil\\\/\",\"name\":\"M\u00e1s de 400 arrestos, tras el asalto al palacio del poder en Brasil - ElCanillita.Info\",\"isPartOf\":{\"@id\":\"https:\\\/\\\/elcanillita.info\\\/press\\\/#website\"},\"primaryImageOfPage\":{\"@id\":\"https:\\\/\\\/elcanillita.info\\\/press\\\/2023\\\/01\\\/09\\\/mas-de-400-arrestos-tras-el-asalto-al-palacio-del-poder-en-brasil\\\/#primaryimage\"},\"image\":{\"@id\":\"https:\\\/\\\/elcanillita.info\\\/press\\\/2023\\\/01\\\/09\\\/mas-de-400-arrestos-tras-el-asalto-al-palacio-del-poder-en-brasil\\\/#primaryimage\"},\"thumbnailUrl\":\"https:\\\/\\\/elcanillita.info\\\/press\\\/images\\\/2023\\\/01\\\/2bol20210109-1.jpg\",\"datePublished\":\"2023-01-09T10:38:56+00:00\",\"dateModified\":\"2023-01-09T17:29:51+00:00\",\"description\":\"M\u00e1s de 400 personas han sido detenidas a ra\u00edz del asalto perpetrado por simpatizantes del expresidente brasile\u00f1o Jair Bolsonaro contra los edificios del poder en Brasilia\",\"inLanguage\":\"es-AR\",\"potentialAction\":[{\"@type\":\"ReadAction\",\"target\":[\"https:\\\/\\\/elcanillita.info\\\/press\\\/2023\\\/01\\\/09\\\/mas-de-400-arrestos-tras-el-asalto-al-palacio-del-poder-en-brasil\\\/\"]}]},{\"@type\":\"ImageObject\",\"inLanguage\":\"es-AR\",\"@id\":\"https:\\\/\\\/elcanillita.info\\\/press\\\/2023\\\/01\\\/09\\\/mas-de-400-arrestos-tras-el-asalto-al-palacio-del-poder-en-brasil\\\/#primaryimage\",\"url\":\"https:\\\/\\\/elcanillita.info\\\/press\\\/images\\\/2023\\\/01\\\/2bol20210109-1.jpg\",\"contentUrl\":\"https:\\\/\\\/elcanillita.info\\\/press\\\/images\\\/2023\\\/01\\\/2bol20210109-1.jpg\",\"width\":600,\"height\":400},{\"@type\":\"WebSite\",\"@id\":\"https:\\\/\\\/elcanillita.info\\\/press\\\/#website\",\"url\":\"https:\\\/\\\/elcanillita.info\\\/press\\\/\",\"name\":\"ElCanillita.Info\",\"description\":\"desde los Apeninos a los Andes\",\"publisher\":{\"@id\":\"https:\\\/\\\/elcanillita.info\\\/press\\\/#organization\"},\"potentialAction\":[{\"@type\":\"SearchAction\",\"target\":{\"@type\":\"EntryPoint\",\"urlTemplate\":\"https:\\\/\\\/elcanillita.info\\\/press\\\/?s={search_term_string}\"},\"query-input\":{\"@type\":\"PropertyValueSpecification\",\"valueRequired\":true,\"valueName\":\"search_term_string\"}}],\"inLanguage\":\"es-AR\"},{\"@type\":\"Organization\",\"@id\":\"https:\\\/\\\/elcanillita.info\\\/press\\\/#organization\",\"name\":\"Guzzo Photos & Graphic Publications\",\"url\":\"https:\\\/\\\/elcanillita.info\\\/press\\\/\",\"logo\":{\"@type\":\"ImageObject\",\"inLanguage\":\"es-AR\",\"@id\":\"https:\\\/\\\/elcanillita.info\\\/press\\\/#\\\/schema\\\/logo\\\/image\\\/\",\"url\":\"https:\\\/\\\/elcanillita.info\\\/press\\\/images\\\/2020\\\/01\\\/cropped-cropped-cropped-elcanillitainfo.png\",\"contentUrl\":\"https:\\\/\\\/elcanillita.info\\\/press\\\/images\\\/2020\\\/01\\\/cropped-cropped-cropped-elcanillitainfo.png\",\"width\":460,\"height\":50,\"caption\":\"Guzzo Photos & Graphic Publications\"},\"image\":{\"@id\":\"https:\\\/\\\/elcanillita.info\\\/press\\\/#\\\/schema\\\/logo\\\/image\\\/\"},\"sameAs\":[\"https:\\\/\\\/ar-ar.facebook.com\\\/ElCanillitainfo-114249515285712\\\/\"]},{\"@type\":\"Person\",\"@id\":\"https:\\\/\\\/elcanillita.info\\\/press\\\/#\\\/schema\\\/person\\\/7fcb79f38045700919f7da6d97e71ba0\",\"name\":\"SalaStampa.eu, world press service\",\"image\":{\"@type\":\"ImageObject\",\"inLanguage\":\"es-AR\",\"@id\":\"https:\\\/\\\/secure.gravatar.com\\\/avatar\\\/c2f0e0d515a107624234994507816ca4724c7199cef73fc8bedebf6931d73888?s=96&d=mm&r=g\",\"url\":\"https:\\\/\\\/secure.gravatar.com\\\/avatar\\\/c2f0e0d515a107624234994507816ca4724c7199cef73fc8bedebf6931d73888?s=96&d=mm&r=g\",\"contentUrl\":\"https:\\\/\\\/secure.gravatar.com\\\/avatar\\\/c2f0e0d515a107624234994507816ca4724c7199cef73fc8bedebf6931d73888?s=96&d=mm&r=g\",\"caption\":\"SalaStampa.eu, world press service\"}}]}<\/script>\n<!-- \/ Yoast SEO plugin. -->","yoast_head_json":{"title":"M\u00e1s de 400 arrestos, tras el asalto al palacio del poder en Brasil - ElCanillita.Info","description":"M\u00e1s de 400 personas han sido detenidas a ra\u00edz del asalto perpetrado por simpatizantes del expresidente brasile\u00f1o Jair Bolsonaro contra los edificios del poder en Brasilia","robots":{"index":"index","follow":"follow","max-snippet":"max-snippet:-1","max-image-preview":"max-image-preview:large","max-video-preview":"max-video-preview:-1"},"canonical":"https:\/\/elcanillita.info\/press\/2023\/01\/09\/mas-de-400-arrestos-tras-el-asalto-al-palacio-del-poder-en-brasil\/","og_locale":"es_ES","og_type":"article","og_title":"M\u00e1s de 400 arrestos, tras el asalto al palacio del poder en Brasil - ElCanillita.Info","og_description":"M\u00e1s de 400 personas han sido detenidas a ra\u00edz del asalto perpetrado por simpatizantes del expresidente brasile\u00f1o Jair Bolsonaro contra los edificios del poder en Brasilia","og_url":"https:\/\/elcanillita.info\/press\/2023\/01\/09\/mas-de-400-arrestos-tras-el-asalto-al-palacio-del-poder-en-brasil\/","og_site_name":"ElCanillita.Info","article_publisher":"https:\/\/ar-ar.facebook.com\/ElCanillitainfo-114249515285712\/","article_published_time":"2023-01-09T10:38:56+00:00","article_modified_time":"2023-01-09T17:29:51+00:00","og_image":[{"width":600,"height":400,"url":"https:\/\/elcanillita.info\/press\/images\/2023\/01\/2bol20210109-1.jpg","type":"image\/jpeg"}],"author":"SalaStampa.eu, world press service","twitter_card":"summary_large_image","twitter_misc":{"Escrito por":"SalaStampa.eu, world press service","Tiempo de lectura":"5 minutos"},"schema":{"@context":"https:\/\/schema.org","@graph":[{"@type":"Article","@id":"https:\/\/elcanillita.info\/press\/2023\/01\/09\/mas-de-400-arrestos-tras-el-asalto-al-palacio-del-poder-en-brasil\/#article","isPartOf":{"@id":"https:\/\/elcanillita.info\/press\/2023\/01\/09\/mas-de-400-arrestos-tras-el-asalto-al-palacio-del-poder-en-brasil\/"},"author":{"name":"SalaStampa.eu, world press service","@id":"https:\/\/elcanillita.info\/press\/#\/schema\/person\/7fcb79f38045700919f7da6d97e71ba0"},"headline":"M\u00e1s de 400 arrestos, tras el asalto al palacio del poder en Brasil","datePublished":"2023-01-09T10:38:56+00:00","dateModified":"2023-01-09T17:29:51+00:00","mainEntityOfPage":{"@id":"https:\/\/elcanillita.info\/press\/2023\/01\/09\/mas-de-400-arrestos-tras-el-asalto-al-palacio-del-poder-en-brasil\/"},"wordCount":1008,"publisher":{"@id":"https:\/\/elcanillita.info\/press\/#organization"},"image":{"@id":"https:\/\/elcanillita.info\/press\/2023\/01\/09\/mas-de-400-arrestos-tras-el-asalto-al-palacio-del-poder-en-brasil\/#primaryimage"},"thumbnailUrl":"https:\/\/elcanillita.info\/press\/images\/2023\/01\/2bol20210109-1.jpg","articleSection":[".","Actualidad","Am\u00e9rica del Sur","Politica","Sociedad"],"inLanguage":"es-AR"},{"@type":"WebPage","@id":"https:\/\/elcanillita.info\/press\/2023\/01\/09\/mas-de-400-arrestos-tras-el-asalto-al-palacio-del-poder-en-brasil\/","url":"https:\/\/elcanillita.info\/press\/2023\/01\/09\/mas-de-400-arrestos-tras-el-asalto-al-palacio-del-poder-en-brasil\/","name":"M\u00e1s de 400 arrestos, tras el asalto al palacio del poder en Brasil - ElCanillita.Info","isPartOf":{"@id":"https:\/\/elcanillita.info\/press\/#website"},"primaryImageOfPage":{"@id":"https:\/\/elcanillita.info\/press\/2023\/01\/09\/mas-de-400-arrestos-tras-el-asalto-al-palacio-del-poder-en-brasil\/#primaryimage"},"image":{"@id":"https:\/\/elcanillita.info\/press\/2023\/01\/09\/mas-de-400-arrestos-tras-el-asalto-al-palacio-del-poder-en-brasil\/#primaryimage"},"thumbnailUrl":"https:\/\/elcanillita.info\/press\/images\/2023\/01\/2bol20210109-1.jpg","datePublished":"2023-01-09T10:38:56+00:00","dateModified":"2023-01-09T17:29:51+00:00","description":"M\u00e1s de 400 personas han sido detenidas a ra\u00edz del asalto perpetrado por simpatizantes del expresidente brasile\u00f1o Jair Bolsonaro contra los edificios del poder en Brasilia","inLanguage":"es-AR","potentialAction":[{"@type":"ReadAction","target":["https:\/\/elcanillita.info\/press\/2023\/01\/09\/mas-de-400-arrestos-tras-el-asalto-al-palacio-del-poder-en-brasil\/"]}]},{"@type":"ImageObject","inLanguage":"es-AR","@id":"https:\/\/elcanillita.info\/press\/2023\/01\/09\/mas-de-400-arrestos-tras-el-asalto-al-palacio-del-poder-en-brasil\/#primaryimage","url":"https:\/\/elcanillita.info\/press\/images\/2023\/01\/2bol20210109-1.jpg","contentUrl":"https:\/\/elcanillita.info\/press\/images\/2023\/01\/2bol20210109-1.jpg","width":600,"height":400},{"@type":"WebSite","@id":"https:\/\/elcanillita.info\/press\/#website","url":"https:\/\/elcanillita.info\/press\/","name":"ElCanillita.Info","description":"desde los Apeninos a los Andes","publisher":{"@id":"https:\/\/elcanillita.info\/press\/#organization"},"potentialAction":[{"@type":"SearchAction","target":{"@type":"EntryPoint","urlTemplate":"https:\/\/elcanillita.info\/press\/?s={search_term_string}"},"query-input":{"@type":"PropertyValueSpecification","valueRequired":true,"valueName":"search_term_string"}}],"inLanguage":"es-AR"},{"@type":"Organization","@id":"https:\/\/elcanillita.info\/press\/#organization","name":"Guzzo Photos & Graphic Publications","url":"https:\/\/elcanillita.info\/press\/","logo":{"@type":"ImageObject","inLanguage":"es-AR","@id":"https:\/\/elcanillita.info\/press\/#\/schema\/logo\/image\/","url":"https:\/\/elcanillita.info\/press\/images\/2020\/01\/cropped-cropped-cropped-elcanillitainfo.png","contentUrl":"https:\/\/elcanillita.info\/press\/images\/2020\/01\/cropped-cropped-cropped-elcanillitainfo.png","width":460,"height":50,"caption":"Guzzo Photos & Graphic Publications"},"image":{"@id":"https:\/\/elcanillita.info\/press\/#\/schema\/logo\/image\/"},"sameAs":["https:\/\/ar-ar.facebook.com\/ElCanillitainfo-114249515285712\/"]},{"@type":"Person","@id":"https:\/\/elcanillita.info\/press\/#\/schema\/person\/7fcb79f38045700919f7da6d97e71ba0","name":"SalaStampa.eu, world press service","image":{"@type":"ImageObject","inLanguage":"es-AR","@id":"https:\/\/secure.gravatar.com\/avatar\/c2f0e0d515a107624234994507816ca4724c7199cef73fc8bedebf6931d73888?s=96&d=mm&r=g","url":"https:\/\/secure.gravatar.com\/avatar\/c2f0e0d515a107624234994507816ca4724c7199cef73fc8bedebf6931d73888?s=96&d=mm&r=g","contentUrl":"https:\/\/secure.gravatar.com\/avatar\/c2f0e0d515a107624234994507816ca4724c7199cef73fc8bedebf6931d73888?s=96&d=mm&r=g","caption":"SalaStampa.eu, world press service"}}]}},"views":360,"_links":{"self":[{"href":"https:\/\/elcanillita.info\/press\/wp-json\/wp\/v2\/posts\/3163","targetHints":{"allow":["GET"]}}],"collection":[{"href":"https:\/\/elcanillita.info\/press\/wp-json\/wp\/v2\/posts"}],"about":[{"href":"https:\/\/elcanillita.info\/press\/wp-json\/wp\/v2\/types\/post"}],"author":[{"embeddable":true,"href":"https:\/\/elcanillita.info\/press\/wp-json\/wp\/v2\/users\/1"}],"replies":[{"embeddable":true,"href":"https:\/\/elcanillita.info\/press\/wp-json\/wp\/v2\/comments?post=3163"}],"version-history":[{"count":0,"href":"https:\/\/elcanillita.info\/press\/wp-json\/wp\/v2\/posts\/3163\/revisions"}],"wp:featuredmedia":[{"embeddable":true,"href":"https:\/\/elcanillita.info\/press\/wp-json\/wp\/v2\/media\/3164"}],"wp:attachment":[{"href":"https:\/\/elcanillita.info\/press\/wp-json\/wp\/v2\/media?parent=3163"}],"wp:term":[{"taxonomy":"category","embeddable":true,"href":"https:\/\/elcanillita.info\/press\/wp-json\/wp\/v2\/categories?post=3163"},{"taxonomy":"post_tag","embeddable":true,"href":"https:\/\/elcanillita.info\/press\/wp-json\/wp\/v2\/tags?post=3163"}],"curies":[{"name":"wp","href":"https:\/\/api.w.org\/{rel}","templated":true}]}}