{"id":3160,"date":"2023-01-05T05:33:42","date_gmt":"2023-01-05T08:33:42","guid":{"rendered":"https:\/\/elcanillita.info\/press\/?p=3160"},"modified":"2023-01-05T05:33:44","modified_gmt":"2023-01-05T08:33:44","slug":"amazon-corre-al-reaparo-para-hacer-frente-a-los-elevados-costes-de-la-energia","status":"publish","type":"post","link":"https:\/\/elcanillita.info\/press\/2023\/01\/05\/amazon-corre-al-reaparo-para-hacer-frente-a-los-elevados-costes-de-la-energia\/","title":{"rendered":"Amazon corre al reaparo para hacer frente a los elevados costes de la energ\u00eda"},"content":{"rendered":"\n<figure class=\"wp-block-image\"><img decoding=\"async\" src=\"https:\/\/elcanillita.info\/press\/images\/2023\/01\/ama20230105.jpg\" alt=\"\"\/><\/figure>\n\n\n\n<p>Luego de haber obtenido un pr\u00e9stamo no garantizado de ocho mil millones de d\u00f3lares para detener la crisis, Amazon al igual que otras empresas de EEUU, registran p\u00e9rdidas sin precedentes debido a la crisis del sector tecnol\u00f3gico.<br><br>Amazon ha confirmado fuertes recortes de plantilla previstos por el Wall Street Journal y afectar\u00e1n a un total de 18.000 puestos de trabajo.<\/p>\n\n\n\n<p>En una comunicaci\u00f3n a los empleados, el director general, Andy Jassy, \u200b\u200bexplica que la decisi\u00f3n no se ha tomado a la ligera.<\/p>\n\n\n\n<p>\u201cEstamos trabajando para apoyar a los afectados ofreciendo paquetes que incluyen pago, beneficios de salud y apoyo\u201d para encontrar trabajo, se lee en el correo electr\u00f3nico.<\/p>\n\n\n\n<p>Jassy luego se\u00f1ala c\u00f3mo \u201cAmazon ha navegado por una econom\u00eda incierta y dif\u00edcil en el pasado y seguir\u00e1 haci\u00e9ndolo.<\/p>\n\n\n\n<p>Estos cambios nos ayudar\u00e1n a buscar oportunidades a largo plazo con una estructura de costos m\u00e1s s\u00f3lida&#8221;.<\/p>\n\n\n\n<p>The Wall Street Journal inform\u00f3 que la empresa se estaba preparando para eliminar 17.000 puestos de trabajo, frente a los 10.000 previstos originalmente.<br><br><small>Copyright \u00a9 2023 SalaStampa.Eu \/ ElCanillita.info &#8211; Pasaje destinado al dominio p\u00fablico<\/small><\/p>\n","protected":false},"excerpt":{"rendered":"<p>The Wall Street Journal inform\u00f3 que la empresa se estaba preparando para eliminar 17.000 puestos de trabajo, frente a los 10.000 previstos originalmente.<\/p>\n","protected":false},"author":1,"featured_media":3161,"comment_status":"closed","ping_status":"closed","sticky":false,"template":"","format":"standard","meta":{"footnotes":"","_links_to":"","_links_to_target":""},"categories":[108,70,9,20],"tags":[34],"class_list":["post-3160","post","type-post","status-publish","format-standard","has-post-thumbnail","hentry","category-blogdiario","category-actualidad","category-america-del-norte","category-economia","tag-estados-unidos","entry","double"],"yoast_head":"<!-- This site is optimized with the Yoast SEO plugin v27.4 - https:\/\/yoast.com\/product\/yoast-seo-wordpress\/ -->\n<title>Amazon corre al reaparo para hacer frente a los elevados costes de la energ\u00eda - ElCanillita.Info<\/title>\n<meta name=\"description\" content=\"Amazon ha confirmado fuertes recortes de plantilla previstos por el Wall Street Journal y afectar\u00e1n a un total de 18.000 puestos de trabajo.\" \/>\n<meta name=\"robots\" content=\"index, follow, max-snippet:-1, max-image-preview:large, max-video-preview:-1\" \/>\n<link rel=\"canonical\" href=\"https:\/\/elcanillita.info\/press\/2023\/01\/05\/amazon-corre-al-reaparo-para-hacer-frente-a-los-elevados-costes-de-la-energia\/\" \/>\n<meta property=\"og:locale\" content=\"es_ES\" \/>\n<meta property=\"og:type\" content=\"article\" \/>\n<meta property=\"og:title\" content=\"Amazon corre al reaparo para hacer frente a los elevados costes de la energ\u00eda - ElCanillita.Info\" \/>\n<meta property=\"og:description\" content=\"Amazon ha confirmado fuertes recortes de plantilla previstos por el Wall Street Journal y afectar\u00e1n a un total de 18.000 puestos de trabajo.\" \/>\n<meta property=\"og:url\" content=\"https:\/\/elcanillita.info\/press\/2023\/01\/05\/amazon-corre-al-reaparo-para-hacer-frente-a-los-elevados-costes-de-la-energia\/\" \/>\n<meta property=\"og:site_name\" content=\"ElCanillita.Info\" \/>\n<meta property=\"article:publisher\" content=\"https:\/\/ar-ar.facebook.com\/ElCanillitainfo-114249515285712\/\" \/>\n<meta property=\"article:published_time\" content=\"2023-01-05T08:33:42+00:00\" \/>\n<meta property=\"article:modified_time\" content=\"2023-01-05T08:33:44+00:00\" \/>\n<meta property=\"og:image\" content=\"https:\/\/elcanillita.info\/press\/images\/2023\/01\/ama20230105-1.jpg\" \/>\n\t<meta property=\"og:image:width\" content=\"600\" \/>\n\t<meta property=\"og:image:height\" content=\"400\" \/>\n\t<meta property=\"og:image:type\" content=\"image\/jpeg\" \/>\n<meta name=\"author\" content=\"SalaStampa.eu, world press service\" \/>\n<meta name=\"twitter:card\" content=\"summary_large_image\" \/>\n<meta name=\"twitter:label1\" content=\"Escrito por\" \/>\n\t<meta name=\"twitter:data1\" content=\"SalaStampa.eu, world press service\" \/>\n\t<meta name=\"twitter:label2\" content=\"Tiempo de lectura\" \/>\n\t<meta name=\"twitter:data2\" content=\"2 minutos\" \/>\n<script type=\"application\/ld+json\" class=\"yoast-schema-graph\">{\"@context\":\"https:\\\/\\\/schema.org\",\"@graph\":[{\"@type\":\"Article\",\"@id\":\"https:\\\/\\\/elcanillita.info\\\/press\\\/2023\\\/01\\\/05\\\/amazon-corre-al-reaparo-para-hacer-frente-a-los-elevados-costes-de-la-energia\\\/#article\",\"isPartOf\":{\"@id\":\"https:\\\/\\\/elcanillita.info\\\/press\\\/2023\\\/01\\\/05\\\/amazon-corre-al-reaparo-para-hacer-frente-a-los-elevados-costes-de-la-energia\\\/\"},\"author\":{\"name\":\"SalaStampa.eu, world press service\",\"@id\":\"https:\\\/\\\/elcanillita.info\\\/press\\\/#\\\/schema\\\/person\\\/7fcb79f38045700919f7da6d97e71ba0\"},\"headline\":\"Amazon corre al reaparo para hacer frente a los elevados costes de la energ\u00eda\",\"datePublished\":\"2023-01-05T08:33:42+00:00\",\"dateModified\":\"2023-01-05T08:33:44+00:00\",\"mainEntityOfPage\":{\"@id\":\"https:\\\/\\\/elcanillita.info\\\/press\\\/2023\\\/01\\\/05\\\/amazon-corre-al-reaparo-para-hacer-frente-a-los-elevados-costes-de-la-energia\\\/\"},\"wordCount\":207,\"publisher\":{\"@id\":\"https:\\\/\\\/elcanillita.info\\\/press\\\/#organization\"},\"image\":{\"@id\":\"https:\\\/\\\/elcanillita.info\\\/press\\\/2023\\\/01\\\/05\\\/amazon-corre-al-reaparo-para-hacer-frente-a-los-elevados-costes-de-la-energia\\\/#primaryimage\"},\"thumbnailUrl\":\"https:\\\/\\\/elcanillita.info\\\/press\\\/images\\\/2023\\\/01\\\/ama20230105-1.jpg\",\"keywords\":[\"Estados Unidos\"],\"articleSection\":[\".\",\"Actualidad\",\"Am\u00e9rica del Norte\",\"Economia\"],\"inLanguage\":\"es-AR\"},{\"@type\":\"WebPage\",\"@id\":\"https:\\\/\\\/elcanillita.info\\\/press\\\/2023\\\/01\\\/05\\\/amazon-corre-al-reaparo-para-hacer-frente-a-los-elevados-costes-de-la-energia\\\/\",\"url\":\"https:\\\/\\\/elcanillita.info\\\/press\\\/2023\\\/01\\\/05\\\/amazon-corre-al-reaparo-para-hacer-frente-a-los-elevados-costes-de-la-energia\\\/\",\"name\":\"Amazon corre al reaparo para hacer frente a los elevados costes de la energ\u00eda - ElCanillita.Info\",\"isPartOf\":{\"@id\":\"https:\\\/\\\/elcanillita.info\\\/press\\\/#website\"},\"primaryImageOfPage\":{\"@id\":\"https:\\\/\\\/elcanillita.info\\\/press\\\/2023\\\/01\\\/05\\\/amazon-corre-al-reaparo-para-hacer-frente-a-los-elevados-costes-de-la-energia\\\/#primaryimage\"},\"image\":{\"@id\":\"https:\\\/\\\/elcanillita.info\\\/press\\\/2023\\\/01\\\/05\\\/amazon-corre-al-reaparo-para-hacer-frente-a-los-elevados-costes-de-la-energia\\\/#primaryimage\"},\"thumbnailUrl\":\"https:\\\/\\\/elcanillita.info\\\/press\\\/images\\\/2023\\\/01\\\/ama20230105-1.jpg\",\"datePublished\":\"2023-01-05T08:33:42+00:00\",\"dateModified\":\"2023-01-05T08:33:44+00:00\",\"description\":\"Amazon ha confirmado fuertes recortes de plantilla previstos por el Wall Street Journal y afectar\u00e1n a un total de 18.000 puestos de trabajo.\",\"inLanguage\":\"es-AR\",\"potentialAction\":[{\"@type\":\"ReadAction\",\"target\":[\"https:\\\/\\\/elcanillita.info\\\/press\\\/2023\\\/01\\\/05\\\/amazon-corre-al-reaparo-para-hacer-frente-a-los-elevados-costes-de-la-energia\\\/\"]}]},{\"@type\":\"ImageObject\",\"inLanguage\":\"es-AR\",\"@id\":\"https:\\\/\\\/elcanillita.info\\\/press\\\/2023\\\/01\\\/05\\\/amazon-corre-al-reaparo-para-hacer-frente-a-los-elevados-costes-de-la-energia\\\/#primaryimage\",\"url\":\"https:\\\/\\\/elcanillita.info\\\/press\\\/images\\\/2023\\\/01\\\/ama20230105-1.jpg\",\"contentUrl\":\"https:\\\/\\\/elcanillita.info\\\/press\\\/images\\\/2023\\\/01\\\/ama20230105-1.jpg\",\"width\":600,\"height\":400},{\"@type\":\"WebSite\",\"@id\":\"https:\\\/\\\/elcanillita.info\\\/press\\\/#website\",\"url\":\"https:\\\/\\\/elcanillita.info\\\/press\\\/\",\"name\":\"ElCanillita.Info\",\"description\":\"desde los Apeninos a los Andes\",\"publisher\":{\"@id\":\"https:\\\/\\\/elcanillita.info\\\/press\\\/#organization\"},\"potentialAction\":[{\"@type\":\"SearchAction\",\"target\":{\"@type\":\"EntryPoint\",\"urlTemplate\":\"https:\\\/\\\/elcanillita.info\\\/press\\\/?s={search_term_string}\"},\"query-input\":{\"@type\":\"PropertyValueSpecification\",\"valueRequired\":true,\"valueName\":\"search_term_string\"}}],\"inLanguage\":\"es-AR\"},{\"@type\":\"Organization\",\"@id\":\"https:\\\/\\\/elcanillita.info\\\/press\\\/#organization\",\"name\":\"Guzzo Photos & Graphic Publications\",\"url\":\"https:\\\/\\\/elcanillita.info\\\/press\\\/\",\"logo\":{\"@type\":\"ImageObject\",\"inLanguage\":\"es-AR\",\"@id\":\"https:\\\/\\\/elcanillita.info\\\/press\\\/#\\\/schema\\\/logo\\\/image\\\/\",\"url\":\"https:\\\/\\\/elcanillita.info\\\/press\\\/images\\\/2020\\\/01\\\/cropped-cropped-cropped-elcanillitainfo.png\",\"contentUrl\":\"https:\\\/\\\/elcanillita.info\\\/press\\\/images\\\/2020\\\/01\\\/cropped-cropped-cropped-elcanillitainfo.png\",\"width\":460,\"height\":50,\"caption\":\"Guzzo Photos & Graphic Publications\"},\"image\":{\"@id\":\"https:\\\/\\\/elcanillita.info\\\/press\\\/#\\\/schema\\\/logo\\\/image\\\/\"},\"sameAs\":[\"https:\\\/\\\/ar-ar.facebook.com\\\/ElCanillitainfo-114249515285712\\\/\"]},{\"@type\":\"Person\",\"@id\":\"https:\\\/\\\/elcanillita.info\\\/press\\\/#\\\/schema\\\/person\\\/7fcb79f38045700919f7da6d97e71ba0\",\"name\":\"SalaStampa.eu, world press service\",\"image\":{\"@type\":\"ImageObject\",\"inLanguage\":\"es-AR\",\"@id\":\"https:\\\/\\\/secure.gravatar.com\\\/avatar\\\/c2f0e0d515a107624234994507816ca4724c7199cef73fc8bedebf6931d73888?s=96&d=mm&r=g\",\"url\":\"https:\\\/\\\/secure.gravatar.com\\\/avatar\\\/c2f0e0d515a107624234994507816ca4724c7199cef73fc8bedebf6931d73888?s=96&d=mm&r=g\",\"contentUrl\":\"https:\\\/\\\/secure.gravatar.com\\\/avatar\\\/c2f0e0d515a107624234994507816ca4724c7199cef73fc8bedebf6931d73888?s=96&d=mm&r=g\",\"caption\":\"SalaStampa.eu, world press service\"}}]}<\/script>\n<!-- \/ Yoast SEO plugin. -->","yoast_head_json":{"title":"Amazon corre al reaparo para hacer frente a los elevados costes de la energ\u00eda - ElCanillita.Info","description":"Amazon ha confirmado fuertes recortes de plantilla previstos por el Wall Street Journal y afectar\u00e1n a un total de 18.000 puestos de trabajo.","robots":{"index":"index","follow":"follow","max-snippet":"max-snippet:-1","max-image-preview":"max-image-preview:large","max-video-preview":"max-video-preview:-1"},"canonical":"https:\/\/elcanillita.info\/press\/2023\/01\/05\/amazon-corre-al-reaparo-para-hacer-frente-a-los-elevados-costes-de-la-energia\/","og_locale":"es_ES","og_type":"article","og_title":"Amazon corre al reaparo para hacer frente a los elevados costes de la energ\u00eda - ElCanillita.Info","og_description":"Amazon ha confirmado fuertes recortes de plantilla previstos por el Wall Street Journal y afectar\u00e1n a un total de 18.000 puestos de trabajo.","og_url":"https:\/\/elcanillita.info\/press\/2023\/01\/05\/amazon-corre-al-reaparo-para-hacer-frente-a-los-elevados-costes-de-la-energia\/","og_site_name":"ElCanillita.Info","article_publisher":"https:\/\/ar-ar.facebook.com\/ElCanillitainfo-114249515285712\/","article_published_time":"2023-01-05T08:33:42+00:00","article_modified_time":"2023-01-05T08:33:44+00:00","og_image":[{"width":600,"height":400,"url":"https:\/\/elcanillita.info\/press\/images\/2023\/01\/ama20230105-1.jpg","type":"image\/jpeg"}],"author":"SalaStampa.eu, world press service","twitter_card":"summary_large_image","twitter_misc":{"Escrito por":"SalaStampa.eu, world press service","Tiempo de lectura":"2 minutos"},"schema":{"@context":"https:\/\/schema.org","@graph":[{"@type":"Article","@id":"https:\/\/elcanillita.info\/press\/2023\/01\/05\/amazon-corre-al-reaparo-para-hacer-frente-a-los-elevados-costes-de-la-energia\/#article","isPartOf":{"@id":"https:\/\/elcanillita.info\/press\/2023\/01\/05\/amazon-corre-al-reaparo-para-hacer-frente-a-los-elevados-costes-de-la-energia\/"},"author":{"name":"SalaStampa.eu, world press service","@id":"https:\/\/elcanillita.info\/press\/#\/schema\/person\/7fcb79f38045700919f7da6d97e71ba0"},"headline":"Amazon corre al reaparo para hacer frente a los elevados costes de la energ\u00eda","datePublished":"2023-01-05T08:33:42+00:00","dateModified":"2023-01-05T08:33:44+00:00","mainEntityOfPage":{"@id":"https:\/\/elcanillita.info\/press\/2023\/01\/05\/amazon-corre-al-reaparo-para-hacer-frente-a-los-elevados-costes-de-la-energia\/"},"wordCount":207,"publisher":{"@id":"https:\/\/elcanillita.info\/press\/#organization"},"image":{"@id":"https:\/\/elcanillita.info\/press\/2023\/01\/05\/amazon-corre-al-reaparo-para-hacer-frente-a-los-elevados-costes-de-la-energia\/#primaryimage"},"thumbnailUrl":"https:\/\/elcanillita.info\/press\/images\/2023\/01\/ama20230105-1.jpg","keywords":["Estados Unidos"],"articleSection":[".","Actualidad","Am\u00e9rica del Norte","Economia"],"inLanguage":"es-AR"},{"@type":"WebPage","@id":"https:\/\/elcanillita.info\/press\/2023\/01\/05\/amazon-corre-al-reaparo-para-hacer-frente-a-los-elevados-costes-de-la-energia\/","url":"https:\/\/elcanillita.info\/press\/2023\/01\/05\/amazon-corre-al-reaparo-para-hacer-frente-a-los-elevados-costes-de-la-energia\/","name":"Amazon corre al reaparo para hacer frente a los elevados costes de la energ\u00eda - ElCanillita.Info","isPartOf":{"@id":"https:\/\/elcanillita.info\/press\/#website"},"primaryImageOfPage":{"@id":"https:\/\/elcanillita.info\/press\/2023\/01\/05\/amazon-corre-al-reaparo-para-hacer-frente-a-los-elevados-costes-de-la-energia\/#primaryimage"},"image":{"@id":"https:\/\/elcanillita.info\/press\/2023\/01\/05\/amazon-corre-al-reaparo-para-hacer-frente-a-los-elevados-costes-de-la-energia\/#primaryimage"},"thumbnailUrl":"https:\/\/elcanillita.info\/press\/images\/2023\/01\/ama20230105-1.jpg","datePublished":"2023-01-05T08:33:42+00:00","dateModified":"2023-01-05T08:33:44+00:00","description":"Amazon ha confirmado fuertes recortes de plantilla previstos por el Wall Street Journal y afectar\u00e1n a un total de 18.000 puestos de trabajo.","inLanguage":"es-AR","potentialAction":[{"@type":"ReadAction","target":["https:\/\/elcanillita.info\/press\/2023\/01\/05\/amazon-corre-al-reaparo-para-hacer-frente-a-los-elevados-costes-de-la-energia\/"]}]},{"@type":"ImageObject","inLanguage":"es-AR","@id":"https:\/\/elcanillita.info\/press\/2023\/01\/05\/amazon-corre-al-reaparo-para-hacer-frente-a-los-elevados-costes-de-la-energia\/#primaryimage","url":"https:\/\/elcanillita.info\/press\/images\/2023\/01\/ama20230105-1.jpg","contentUrl":"https:\/\/elcanillita.info\/press\/images\/2023\/01\/ama20230105-1.jpg","width":600,"height":400},{"@type":"WebSite","@id":"https:\/\/elcanillita.info\/press\/#website","url":"https:\/\/elcanillita.info\/press\/","name":"ElCanillita.Info","description":"desde los Apeninos a los Andes","publisher":{"@id":"https:\/\/elcanillita.info\/press\/#organization"},"potentialAction":[{"@type":"SearchAction","target":{"@type":"EntryPoint","urlTemplate":"https:\/\/elcanillita.info\/press\/?s={search_term_string}"},"query-input":{"@type":"PropertyValueSpecification","valueRequired":true,"valueName":"search_term_string"}}],"inLanguage":"es-AR"},{"@type":"Organization","@id":"https:\/\/elcanillita.info\/press\/#organization","name":"Guzzo Photos & Graphic Publications","url":"https:\/\/elcanillita.info\/press\/","logo":{"@type":"ImageObject","inLanguage":"es-AR","@id":"https:\/\/elcanillita.info\/press\/#\/schema\/logo\/image\/","url":"https:\/\/elcanillita.info\/press\/images\/2020\/01\/cropped-cropped-cropped-elcanillitainfo.png","contentUrl":"https:\/\/elcanillita.info\/press\/images\/2020\/01\/cropped-cropped-cropped-elcanillitainfo.png","width":460,"height":50,"caption":"Guzzo Photos & Graphic Publications"},"image":{"@id":"https:\/\/elcanillita.info\/press\/#\/schema\/logo\/image\/"},"sameAs":["https:\/\/ar-ar.facebook.com\/ElCanillitainfo-114249515285712\/"]},{"@type":"Person","@id":"https:\/\/elcanillita.info\/press\/#\/schema\/person\/7fcb79f38045700919f7da6d97e71ba0","name":"SalaStampa.eu, world press service","image":{"@type":"ImageObject","inLanguage":"es-AR","@id":"https:\/\/secure.gravatar.com\/avatar\/c2f0e0d515a107624234994507816ca4724c7199cef73fc8bedebf6931d73888?s=96&d=mm&r=g","url":"https:\/\/secure.gravatar.com\/avatar\/c2f0e0d515a107624234994507816ca4724c7199cef73fc8bedebf6931d73888?s=96&d=mm&r=g","contentUrl":"https:\/\/secure.gravatar.com\/avatar\/c2f0e0d515a107624234994507816ca4724c7199cef73fc8bedebf6931d73888?s=96&d=mm&r=g","caption":"SalaStampa.eu, world press service"}}]}},"views":407,"_links":{"self":[{"href":"https:\/\/elcanillita.info\/press\/wp-json\/wp\/v2\/posts\/3160","targetHints":{"allow":["GET"]}}],"collection":[{"href":"https:\/\/elcanillita.info\/press\/wp-json\/wp\/v2\/posts"}],"about":[{"href":"https:\/\/elcanillita.info\/press\/wp-json\/wp\/v2\/types\/post"}],"author":[{"embeddable":true,"href":"https:\/\/elcanillita.info\/press\/wp-json\/wp\/v2\/users\/1"}],"replies":[{"embeddable":true,"href":"https:\/\/elcanillita.info\/press\/wp-json\/wp\/v2\/comments?post=3160"}],"version-history":[{"count":0,"href":"https:\/\/elcanillita.info\/press\/wp-json\/wp\/v2\/posts\/3160\/revisions"}],"wp:featuredmedia":[{"embeddable":true,"href":"https:\/\/elcanillita.info\/press\/wp-json\/wp\/v2\/media\/3161"}],"wp:attachment":[{"href":"https:\/\/elcanillita.info\/press\/wp-json\/wp\/v2\/media?parent=3160"}],"wp:term":[{"taxonomy":"category","embeddable":true,"href":"https:\/\/elcanillita.info\/press\/wp-json\/wp\/v2\/categories?post=3160"},{"taxonomy":"post_tag","embeddable":true,"href":"https:\/\/elcanillita.info\/press\/wp-json\/wp\/v2\/tags?post=3160"}],"curies":[{"name":"wp","href":"https:\/\/api.w.org\/{rel}","templated":true}]}}