{"id":3153,"date":"2022-12-07T11:37:52","date_gmt":"2022-12-07T14:37:52","guid":{"rendered":"https:\/\/elcanillita.info\/press\/?p=3153"},"modified":"2023-01-06T06:56:07","modified_gmt":"2023-01-06T09:56:07","slug":"cristina-fernandez-de-kirchner-fue-condenada-a-prision-por-peculado","status":"publish","type":"post","link":"https:\/\/elcanillita.info\/press\/2022\/12\/07\/cristina-fernandez-de-kirchner-fue-condenada-a-prision-por-peculado\/","title":{"rendered":"Cristina Fern\u00e1ndez de Kirchner fue condenada a prisi\u00f3n por peculado"},"content":{"rendered":"\n<figure class=\"wp-block-image\"><img decoding=\"async\" src=\"https:\/\/elcanillita.info\/press\/images\/2022\/12\/kk_20221207.jpg\" alt=\"\"\/><figcaption>Cristina Fern\u00e1ndez de Kirchner dijo que era blanco de \u201cuna mafia estatal y judicial paralela\u201d<\/figcaption><\/figure>\n\n\n\n<p>Buenos Aires, 06\/12\/2022 &#8211; Se espera que Cristina Fern\u00e1ndez de Kirchner apele para permanecer inmune al arresto debido a su posici\u00f3n en el gobierno.<\/p>\n\n\n\n<p>Un panel de tres jueces encontr\u00f3 a Cristina Kirchner, presidente de la Rep\u00fablica Argentina del 2007 a 2015, culpable de fraude en relaci\u00f3n con la concesi\u00f3n indebida de contratos de obras p\u00fablicas a un adepto de la construcci\u00f3n estrechamente relacionado con su familia. Rechaz\u00f3 un segundo cargo en el que se la acusaba de dirigir una organizaci\u00f3n criminal. El veredicto la inhabilita para ejercer cargos p\u00fablicos.<\/p>\n\n\n\n<p>Cristina Kirchner, de 69 a\u00f1os, una figura profundamente polarizadora en Argentina, ha negado todas las acusaciones. Poco antes de que se leyera el veredicto, sus partidarios marcharon hacia el edificio de la justicia federal en Buenos Aires, tocando tambores y protestando por su inocencia. En su \u00faltimo discurso ante el tribunal, la imputada describi\u00f3 enfrentarse a\u201cun pelot\u00f3n de fusilamiento\u201d. M\u00e1s tarde dijo que era el objetivo de \u201cuna mafia estatal y judicial paralela\u201d.<\/p>\n\n\n\n<p>La fiscal\u00eda evidenci\u00f3 que la Kirchner otorg\u00f3 m\u00e1s de 50 contratos a L\u00e1zaro B\u00e1ez, un aliado clave tanto de ella como de su difunto esposo, N\u00e9stor Kirchner, quien se desempe\u00f1\u00f3 como presidente entre 2003 y 2007. Los fiscales alegaron que entre 2003 y 2015, el plan llevado a termino defraud\u00f3 al estado una cifra aproximada a mil millones de d\u00f3lares.<br><br><small>Copyright \u00a9 2022 ElCanillita.info \/ SalaStampa.Eu &#8211; dominium ex iure Quiritium<\/small><br><br><\/p>\n","protected":false},"excerpt":{"rendered":"<p>La vicepresidente argentina fue sentenciada a seis a\u00f1os de c\u00e1rcel por desfalcar cientos de millones de d\u00f3lares a trav\u00e9s de proyectos de infraestructura cuando era presidente.<\/p>\n","protected":false},"author":1,"featured_media":3155,"comment_status":"closed","ping_status":"closed","sticky":false,"template":"","format":"standard","meta":{"footnotes":"","_links_to":"","_links_to_target":""},"categories":[70,11,22,23],"tags":[29],"class_list":["post-3153","post","type-post","status-publish","format-standard","has-post-thumbnail","hentry","category-actualidad","category-america-del-sur","category-justicia","category-politica","tag-argentina","entry","double"],"yoast_head":"<!-- This site is optimized with the Yoast SEO plugin v27.5 - https:\/\/yoast.com\/product\/yoast-seo-wordpress\/ -->\n<title>Cristina Fern\u00e1ndez de Kirchner fue condenada a prisi\u00f3n por peculado - ElCanillita.Info<\/title>\n<meta name=\"robots\" content=\"index, follow, max-snippet:-1, max-image-preview:large, max-video-preview:-1\" \/>\n<link rel=\"canonical\" href=\"https:\/\/elcanillita.info\/press\/2022\/12\/07\/cristina-fernandez-de-kirchner-fue-condenada-a-prision-por-peculado\/\" \/>\n<meta property=\"og:locale\" content=\"es_ES\" \/>\n<meta property=\"og:type\" content=\"article\" \/>\n<meta property=\"og:title\" content=\"Cristina Fern\u00e1ndez de Kirchner fue condenada a prisi\u00f3n por peculado - ElCanillita.Info\" \/>\n<meta property=\"og:description\" content=\"La vicepresidente argentina fue sentenciada a seis a\u00f1os de c\u00e1rcel por desfalcar cientos de millones de d\u00f3lares a trav\u00e9s de proyectos de infraestructura cuando era presidente.\" \/>\n<meta property=\"og:url\" content=\"https:\/\/elcanillita.info\/press\/2022\/12\/07\/cristina-fernandez-de-kirchner-fue-condenada-a-prision-por-peculado\/\" \/>\n<meta property=\"og:site_name\" content=\"ElCanillita.Info\" \/>\n<meta property=\"article:publisher\" content=\"https:\/\/ar-ar.facebook.com\/ElCanillitainfo-114249515285712\/\" \/>\n<meta property=\"article:published_time\" content=\"2022-12-07T14:37:52+00:00\" \/>\n<meta property=\"article:modified_time\" content=\"2023-01-06T09:56:07+00:00\" \/>\n<meta property=\"og:image\" content=\"https:\/\/elcanillita.info\/press\/images\/2022\/12\/cover_20221207.jpg\" \/>\n\t<meta property=\"og:image:width\" content=\"600\" \/>\n\t<meta property=\"og:image:height\" content=\"400\" \/>\n\t<meta property=\"og:image:type\" content=\"image\/jpeg\" \/>\n<meta name=\"author\" content=\"SalaStampa.eu, world press service\" \/>\n<meta name=\"twitter:card\" content=\"summary_large_image\" \/>\n<meta name=\"twitter:label1\" content=\"Escrito por\" \/>\n\t<meta name=\"twitter:data1\" content=\"SalaStampa.eu, world press service\" \/>\n\t<meta name=\"twitter:label2\" content=\"Tiempo de lectura\" \/>\n\t<meta name=\"twitter:data2\" content=\"2 minutos\" \/>\n<script type=\"application\/ld+json\" class=\"yoast-schema-graph\">{\"@context\":\"https:\\\/\\\/schema.org\",\"@graph\":[{\"@type\":\"Article\",\"@id\":\"https:\\\/\\\/elcanillita.info\\\/press\\\/2022\\\/12\\\/07\\\/cristina-fernandez-de-kirchner-fue-condenada-a-prision-por-peculado\\\/#article\",\"isPartOf\":{\"@id\":\"https:\\\/\\\/elcanillita.info\\\/press\\\/2022\\\/12\\\/07\\\/cristina-fernandez-de-kirchner-fue-condenada-a-prision-por-peculado\\\/\"},\"author\":{\"name\":\"SalaStampa.eu, world press service\",\"@id\":\"https:\\\/\\\/elcanillita.info\\\/press\\\/#\\\/schema\\\/person\\\/7fcb79f38045700919f7da6d97e71ba0\"},\"headline\":\"Cristina Fern\u00e1ndez de Kirchner fue condenada a prisi\u00f3n por peculado\",\"datePublished\":\"2022-12-07T14:37:52+00:00\",\"dateModified\":\"2023-01-06T09:56:07+00:00\",\"mainEntityOfPage\":{\"@id\":\"https:\\\/\\\/elcanillita.info\\\/press\\\/2022\\\/12\\\/07\\\/cristina-fernandez-de-kirchner-fue-condenada-a-prision-por-peculado\\\/\"},\"wordCount\":271,\"publisher\":{\"@id\":\"https:\\\/\\\/elcanillita.info\\\/press\\\/#organization\"},\"image\":{\"@id\":\"https:\\\/\\\/elcanillita.info\\\/press\\\/2022\\\/12\\\/07\\\/cristina-fernandez-de-kirchner-fue-condenada-a-prision-por-peculado\\\/#primaryimage\"},\"thumbnailUrl\":\"https:\\\/\\\/elcanillita.info\\\/press\\\/images\\\/2022\\\/12\\\/cover_20221207.jpg\",\"keywords\":[\"Argentina\"],\"articleSection\":[\"Actualidad\",\"Am\u00e9rica del Sur\",\"Justicia\",\"Politica\"],\"inLanguage\":\"es-AR\"},{\"@type\":\"WebPage\",\"@id\":\"https:\\\/\\\/elcanillita.info\\\/press\\\/2022\\\/12\\\/07\\\/cristina-fernandez-de-kirchner-fue-condenada-a-prision-por-peculado\\\/\",\"url\":\"https:\\\/\\\/elcanillita.info\\\/press\\\/2022\\\/12\\\/07\\\/cristina-fernandez-de-kirchner-fue-condenada-a-prision-por-peculado\\\/\",\"name\":\"Cristina Fern\u00e1ndez de Kirchner fue condenada a prisi\u00f3n por peculado - ElCanillita.Info\",\"isPartOf\":{\"@id\":\"https:\\\/\\\/elcanillita.info\\\/press\\\/#website\"},\"primaryImageOfPage\":{\"@id\":\"https:\\\/\\\/elcanillita.info\\\/press\\\/2022\\\/12\\\/07\\\/cristina-fernandez-de-kirchner-fue-condenada-a-prision-por-peculado\\\/#primaryimage\"},\"image\":{\"@id\":\"https:\\\/\\\/elcanillita.info\\\/press\\\/2022\\\/12\\\/07\\\/cristina-fernandez-de-kirchner-fue-condenada-a-prision-por-peculado\\\/#primaryimage\"},\"thumbnailUrl\":\"https:\\\/\\\/elcanillita.info\\\/press\\\/images\\\/2022\\\/12\\\/cover_20221207.jpg\",\"datePublished\":\"2022-12-07T14:37:52+00:00\",\"dateModified\":\"2023-01-06T09:56:07+00:00\",\"inLanguage\":\"es-AR\",\"potentialAction\":[{\"@type\":\"ReadAction\",\"target\":[\"https:\\\/\\\/elcanillita.info\\\/press\\\/2022\\\/12\\\/07\\\/cristina-fernandez-de-kirchner-fue-condenada-a-prision-por-peculado\\\/\"]}]},{\"@type\":\"ImageObject\",\"inLanguage\":\"es-AR\",\"@id\":\"https:\\\/\\\/elcanillita.info\\\/press\\\/2022\\\/12\\\/07\\\/cristina-fernandez-de-kirchner-fue-condenada-a-prision-por-peculado\\\/#primaryimage\",\"url\":\"https:\\\/\\\/elcanillita.info\\\/press\\\/images\\\/2022\\\/12\\\/cover_20221207.jpg\",\"contentUrl\":\"https:\\\/\\\/elcanillita.info\\\/press\\\/images\\\/2022\\\/12\\\/cover_20221207.jpg\",\"width\":600,\"height\":400},{\"@type\":\"WebSite\",\"@id\":\"https:\\\/\\\/elcanillita.info\\\/press\\\/#website\",\"url\":\"https:\\\/\\\/elcanillita.info\\\/press\\\/\",\"name\":\"ElCanillita.Info\",\"description\":\"desde los Apeninos a los Andes\",\"publisher\":{\"@id\":\"https:\\\/\\\/elcanillita.info\\\/press\\\/#organization\"},\"potentialAction\":[{\"@type\":\"SearchAction\",\"target\":{\"@type\":\"EntryPoint\",\"urlTemplate\":\"https:\\\/\\\/elcanillita.info\\\/press\\\/?s={search_term_string}\"},\"query-input\":{\"@type\":\"PropertyValueSpecification\",\"valueRequired\":true,\"valueName\":\"search_term_string\"}}],\"inLanguage\":\"es-AR\"},{\"@type\":\"Organization\",\"@id\":\"https:\\\/\\\/elcanillita.info\\\/press\\\/#organization\",\"name\":\"Guzzo Photos & Graphic Publications\",\"url\":\"https:\\\/\\\/elcanillita.info\\\/press\\\/\",\"logo\":{\"@type\":\"ImageObject\",\"inLanguage\":\"es-AR\",\"@id\":\"https:\\\/\\\/elcanillita.info\\\/press\\\/#\\\/schema\\\/logo\\\/image\\\/\",\"url\":\"https:\\\/\\\/elcanillita.info\\\/press\\\/images\\\/2020\\\/01\\\/cropped-cropped-cropped-elcanillitainfo.png\",\"contentUrl\":\"https:\\\/\\\/elcanillita.info\\\/press\\\/images\\\/2020\\\/01\\\/cropped-cropped-cropped-elcanillitainfo.png\",\"width\":460,\"height\":50,\"caption\":\"Guzzo Photos & Graphic Publications\"},\"image\":{\"@id\":\"https:\\\/\\\/elcanillita.info\\\/press\\\/#\\\/schema\\\/logo\\\/image\\\/\"},\"sameAs\":[\"https:\\\/\\\/ar-ar.facebook.com\\\/ElCanillitainfo-114249515285712\\\/\"]},{\"@type\":\"Person\",\"@id\":\"https:\\\/\\\/elcanillita.info\\\/press\\\/#\\\/schema\\\/person\\\/7fcb79f38045700919f7da6d97e71ba0\",\"name\":\"SalaStampa.eu, world press service\",\"image\":{\"@type\":\"ImageObject\",\"inLanguage\":\"es-AR\",\"@id\":\"https:\\\/\\\/secure.gravatar.com\\\/avatar\\\/c2f0e0d515a107624234994507816ca4724c7199cef73fc8bedebf6931d73888?s=96&d=mm&r=g\",\"url\":\"https:\\\/\\\/secure.gravatar.com\\\/avatar\\\/c2f0e0d515a107624234994507816ca4724c7199cef73fc8bedebf6931d73888?s=96&d=mm&r=g\",\"contentUrl\":\"https:\\\/\\\/secure.gravatar.com\\\/avatar\\\/c2f0e0d515a107624234994507816ca4724c7199cef73fc8bedebf6931d73888?s=96&d=mm&r=g\",\"caption\":\"SalaStampa.eu, world press service\"}}]}<\/script>\n<!-- \/ Yoast SEO plugin. -->","yoast_head_json":{"title":"Cristina Fern\u00e1ndez de Kirchner fue condenada a prisi\u00f3n por peculado - ElCanillita.Info","robots":{"index":"index","follow":"follow","max-snippet":"max-snippet:-1","max-image-preview":"max-image-preview:large","max-video-preview":"max-video-preview:-1"},"canonical":"https:\/\/elcanillita.info\/press\/2022\/12\/07\/cristina-fernandez-de-kirchner-fue-condenada-a-prision-por-peculado\/","og_locale":"es_ES","og_type":"article","og_title":"Cristina Fern\u00e1ndez de Kirchner fue condenada a prisi\u00f3n por peculado - ElCanillita.Info","og_description":"La vicepresidente argentina fue sentenciada a seis a\u00f1os de c\u00e1rcel por desfalcar cientos de millones de d\u00f3lares a trav\u00e9s de proyectos de infraestructura cuando era presidente.","og_url":"https:\/\/elcanillita.info\/press\/2022\/12\/07\/cristina-fernandez-de-kirchner-fue-condenada-a-prision-por-peculado\/","og_site_name":"ElCanillita.Info","article_publisher":"https:\/\/ar-ar.facebook.com\/ElCanillitainfo-114249515285712\/","article_published_time":"2022-12-07T14:37:52+00:00","article_modified_time":"2023-01-06T09:56:07+00:00","og_image":[{"width":600,"height":400,"url":"https:\/\/elcanillita.info\/press\/images\/2022\/12\/cover_20221207.jpg","type":"image\/jpeg"}],"author":"SalaStampa.eu, world press service","twitter_card":"summary_large_image","twitter_misc":{"Escrito por":"SalaStampa.eu, world press service","Tiempo de lectura":"2 minutos"},"schema":{"@context":"https:\/\/schema.org","@graph":[{"@type":"Article","@id":"https:\/\/elcanillita.info\/press\/2022\/12\/07\/cristina-fernandez-de-kirchner-fue-condenada-a-prision-por-peculado\/#article","isPartOf":{"@id":"https:\/\/elcanillita.info\/press\/2022\/12\/07\/cristina-fernandez-de-kirchner-fue-condenada-a-prision-por-peculado\/"},"author":{"name":"SalaStampa.eu, world press service","@id":"https:\/\/elcanillita.info\/press\/#\/schema\/person\/7fcb79f38045700919f7da6d97e71ba0"},"headline":"Cristina Fern\u00e1ndez de Kirchner fue condenada a prisi\u00f3n por peculado","datePublished":"2022-12-07T14:37:52+00:00","dateModified":"2023-01-06T09:56:07+00:00","mainEntityOfPage":{"@id":"https:\/\/elcanillita.info\/press\/2022\/12\/07\/cristina-fernandez-de-kirchner-fue-condenada-a-prision-por-peculado\/"},"wordCount":271,"publisher":{"@id":"https:\/\/elcanillita.info\/press\/#organization"},"image":{"@id":"https:\/\/elcanillita.info\/press\/2022\/12\/07\/cristina-fernandez-de-kirchner-fue-condenada-a-prision-por-peculado\/#primaryimage"},"thumbnailUrl":"https:\/\/elcanillita.info\/press\/images\/2022\/12\/cover_20221207.jpg","keywords":["Argentina"],"articleSection":["Actualidad","Am\u00e9rica del Sur","Justicia","Politica"],"inLanguage":"es-AR"},{"@type":"WebPage","@id":"https:\/\/elcanillita.info\/press\/2022\/12\/07\/cristina-fernandez-de-kirchner-fue-condenada-a-prision-por-peculado\/","url":"https:\/\/elcanillita.info\/press\/2022\/12\/07\/cristina-fernandez-de-kirchner-fue-condenada-a-prision-por-peculado\/","name":"Cristina Fern\u00e1ndez de Kirchner fue condenada a prisi\u00f3n por peculado - ElCanillita.Info","isPartOf":{"@id":"https:\/\/elcanillita.info\/press\/#website"},"primaryImageOfPage":{"@id":"https:\/\/elcanillita.info\/press\/2022\/12\/07\/cristina-fernandez-de-kirchner-fue-condenada-a-prision-por-peculado\/#primaryimage"},"image":{"@id":"https:\/\/elcanillita.info\/press\/2022\/12\/07\/cristina-fernandez-de-kirchner-fue-condenada-a-prision-por-peculado\/#primaryimage"},"thumbnailUrl":"https:\/\/elcanillita.info\/press\/images\/2022\/12\/cover_20221207.jpg","datePublished":"2022-12-07T14:37:52+00:00","dateModified":"2023-01-06T09:56:07+00:00","inLanguage":"es-AR","potentialAction":[{"@type":"ReadAction","target":["https:\/\/elcanillita.info\/press\/2022\/12\/07\/cristina-fernandez-de-kirchner-fue-condenada-a-prision-por-peculado\/"]}]},{"@type":"ImageObject","inLanguage":"es-AR","@id":"https:\/\/elcanillita.info\/press\/2022\/12\/07\/cristina-fernandez-de-kirchner-fue-condenada-a-prision-por-peculado\/#primaryimage","url":"https:\/\/elcanillita.info\/press\/images\/2022\/12\/cover_20221207.jpg","contentUrl":"https:\/\/elcanillita.info\/press\/images\/2022\/12\/cover_20221207.jpg","width":600,"height":400},{"@type":"WebSite","@id":"https:\/\/elcanillita.info\/press\/#website","url":"https:\/\/elcanillita.info\/press\/","name":"ElCanillita.Info","description":"desde los Apeninos a los Andes","publisher":{"@id":"https:\/\/elcanillita.info\/press\/#organization"},"potentialAction":[{"@type":"SearchAction","target":{"@type":"EntryPoint","urlTemplate":"https:\/\/elcanillita.info\/press\/?s={search_term_string}"},"query-input":{"@type":"PropertyValueSpecification","valueRequired":true,"valueName":"search_term_string"}}],"inLanguage":"es-AR"},{"@type":"Organization","@id":"https:\/\/elcanillita.info\/press\/#organization","name":"Guzzo Photos & Graphic Publications","url":"https:\/\/elcanillita.info\/press\/","logo":{"@type":"ImageObject","inLanguage":"es-AR","@id":"https:\/\/elcanillita.info\/press\/#\/schema\/logo\/image\/","url":"https:\/\/elcanillita.info\/press\/images\/2020\/01\/cropped-cropped-cropped-elcanillitainfo.png","contentUrl":"https:\/\/elcanillita.info\/press\/images\/2020\/01\/cropped-cropped-cropped-elcanillitainfo.png","width":460,"height":50,"caption":"Guzzo Photos & Graphic Publications"},"image":{"@id":"https:\/\/elcanillita.info\/press\/#\/schema\/logo\/image\/"},"sameAs":["https:\/\/ar-ar.facebook.com\/ElCanillitainfo-114249515285712\/"]},{"@type":"Person","@id":"https:\/\/elcanillita.info\/press\/#\/schema\/person\/7fcb79f38045700919f7da6d97e71ba0","name":"SalaStampa.eu, world press service","image":{"@type":"ImageObject","inLanguage":"es-AR","@id":"https:\/\/secure.gravatar.com\/avatar\/c2f0e0d515a107624234994507816ca4724c7199cef73fc8bedebf6931d73888?s=96&d=mm&r=g","url":"https:\/\/secure.gravatar.com\/avatar\/c2f0e0d515a107624234994507816ca4724c7199cef73fc8bedebf6931d73888?s=96&d=mm&r=g","contentUrl":"https:\/\/secure.gravatar.com\/avatar\/c2f0e0d515a107624234994507816ca4724c7199cef73fc8bedebf6931d73888?s=96&d=mm&r=g","caption":"SalaStampa.eu, world press service"}}]}},"views":487,"_links":{"self":[{"href":"https:\/\/elcanillita.info\/press\/wp-json\/wp\/v2\/posts\/3153","targetHints":{"allow":["GET"]}}],"collection":[{"href":"https:\/\/elcanillita.info\/press\/wp-json\/wp\/v2\/posts"}],"about":[{"href":"https:\/\/elcanillita.info\/press\/wp-json\/wp\/v2\/types\/post"}],"author":[{"embeddable":true,"href":"https:\/\/elcanillita.info\/press\/wp-json\/wp\/v2\/users\/1"}],"replies":[{"embeddable":true,"href":"https:\/\/elcanillita.info\/press\/wp-json\/wp\/v2\/comments?post=3153"}],"version-history":[{"count":0,"href":"https:\/\/elcanillita.info\/press\/wp-json\/wp\/v2\/posts\/3153\/revisions"}],"wp:featuredmedia":[{"embeddable":true,"href":"https:\/\/elcanillita.info\/press\/wp-json\/wp\/v2\/media\/3155"}],"wp:attachment":[{"href":"https:\/\/elcanillita.info\/press\/wp-json\/wp\/v2\/media?parent=3153"}],"wp:term":[{"taxonomy":"category","embeddable":true,"href":"https:\/\/elcanillita.info\/press\/wp-json\/wp\/v2\/categories?post=3153"},{"taxonomy":"post_tag","embeddable":true,"href":"https:\/\/elcanillita.info\/press\/wp-json\/wp\/v2\/tags?post=3153"}],"curies":[{"name":"wp","href":"https:\/\/api.w.org\/{rel}","templated":true}]}}