{"id":315,"date":"2020-02-04T06:14:59","date_gmt":"2020-02-04T09:14:59","guid":{"rendered":"https:\/\/elcanillita.info\/press\/?p=315"},"modified":"2020-02-04T06:24:54","modified_gmt":"2020-02-04T09:24:54","slug":"dos-muertos-tiroteo-residencia-estudiantil-universidad-texas-am","status":"publish","type":"post","link":"https:\/\/elcanillita.info\/press\/2020\/02\/04\/dos-muertos-tiroteo-residencia-estudiantil-universidad-texas-am\/","title":{"rendered":"Dos muertos en tiroteo en residencia estudiantil de Universidad Texas A&#038;M"},"content":{"rendered":"\n<p>Texas, 04.02.2020 &#8211; Dos personas murieron y una tercera result\u00f3 herida en un tiroteo el lunes en un dormitorio de una universidad en Texas, dijo la polic\u00eda.<\/p>\n\n\n\n<p>A estudiantes y empleados se les instruy\u00f3 a refugiarse en el lugar donde se encontraban como medida de precauci\u00f3n despu\u00e9s del tiroteo en la Texas A&amp;M Unversity-Commerce.&nbsp;<\/p>\n\n\n\n<p>La universidad dijo que hab\u00eda tres v\u00edctimas de disparos en la residencia estudiantil de Pride Rock, y dos personas fueron confirmadas muertas.  La tercera persona fue llevada a un hospital.&nbsp;<\/p>\n\n\n\n<p>Las clases fueron canceladas por el d\u00eda.<br>\nLa Universidad se encuentra a unas 65 millas (105 kil\u00f3metros) al noreste de Dallas.<\/p>\n\n\n\n<p>Larry Cooper III, un estudiante de primer a\u00f1o que vive en la residencia de Pride Rock, dijo al Dallas Morning News que sali\u00f3 de su habitaci\u00f3n el lunes justo antes de que se anunciaran las instrucciones para refugiarse. Se\u00f1al\u00f3 que estaba esperando en la habitaci\u00f3n de un amigo en el primer piso de la residencia.<\/p>\n\n\n\n<p>&#8220;Hay polic\u00edas bloqueando las puertas, pero aparte de eso, estamos todos sentados y esperando que las noticias sucedan&#8221;, dijo Cooper.<\/p>\n\n\n\n<p>En octubre pasado, dos personas murieron y una docena m\u00e1s resultaron heridas en un tiroteo fuera del campus en una fiesta de bienvenida y una fiesta de Halloween en la que participaron estudiantes de Texas A &amp; M-Commerce.<br><br><small>2020 voanoticias \u2013 salastampa.eu, afiliada a la red Broadcasting Board of Governors \u00a9 2020 BBG<\/small><\/p>\n","protected":false},"excerpt":{"rendered":"<p>Texas, 04.02.2020 &#8211; Dos personas murieron y una tercera result\u00f3 herida en un tiroteo el lunes en un dormitorio de una universidad en Texas, dijo la polic\u00eda.<\/p>\n","protected":false},"author":1,"featured_media":0,"comment_status":"closed","ping_status":"closed","sticky":false,"template":"","format":"standard","meta":{"footnotes":"","_links_to":"","_links_to_target":""},"categories":[70,9,25],"tags":[34],"class_list":["post-315","post","type-post","status-publish","format-standard","hentry","category-actualidad","category-america-del-norte","category-sociedad","tag-estados-unidos","entry","double"],"yoast_head":"<!-- This site is optimized with the Yoast SEO plugin v27.5 - https:\/\/yoast.com\/product\/yoast-seo-wordpress\/ -->\n<title>Dos muertos en tiroteo en residencia estudiantil de Universidad Texas A&amp;M - ElCanillita.Info<\/title>\n<meta name=\"robots\" content=\"index, follow, max-snippet:-1, max-image-preview:large, max-video-preview:-1\" \/>\n<link rel=\"canonical\" href=\"https:\/\/elcanillita.info\/press\/2020\/02\/04\/dos-muertos-tiroteo-residencia-estudiantil-universidad-texas-am\/\" \/>\n<meta property=\"og:locale\" content=\"es_ES\" \/>\n<meta property=\"og:type\" content=\"article\" \/>\n<meta property=\"og:title\" content=\"Dos muertos en tiroteo en residencia estudiantil de Universidad Texas A&amp;M - ElCanillita.Info\" \/>\n<meta property=\"og:description\" content=\"Texas, 04.02.2020 - Dos personas murieron y una tercera result\u00f3 herida en un tiroteo el lunes en un dormitorio de una universidad en Texas, dijo la polic\u00eda.\" \/>\n<meta property=\"og:url\" content=\"https:\/\/elcanillita.info\/press\/2020\/02\/04\/dos-muertos-tiroteo-residencia-estudiantil-universidad-texas-am\/\" \/>\n<meta property=\"og:site_name\" content=\"ElCanillita.Info\" \/>\n<meta property=\"article:publisher\" content=\"https:\/\/ar-ar.facebook.com\/ElCanillitainfo-114249515285712\/\" \/>\n<meta property=\"article:published_time\" content=\"2020-02-04T09:14:59+00:00\" \/>\n<meta property=\"article:modified_time\" content=\"2020-02-04T09:24:54+00:00\" \/>\n<meta name=\"author\" content=\"SalaStampa.eu, world press service\" \/>\n<meta name=\"twitter:card\" content=\"summary_large_image\" \/>\n<meta name=\"twitter:label1\" content=\"Escrito por\" \/>\n\t<meta name=\"twitter:data1\" content=\"SalaStampa.eu, world press service\" \/>\n\t<meta name=\"twitter:label2\" content=\"Tiempo de lectura\" \/>\n\t<meta name=\"twitter:data2\" content=\"1 minuto\" \/>\n<script type=\"application\/ld+json\" class=\"yoast-schema-graph\">{\"@context\":\"https:\\\/\\\/schema.org\",\"@graph\":[{\"@type\":\"Article\",\"@id\":\"https:\\\/\\\/elcanillita.info\\\/press\\\/2020\\\/02\\\/04\\\/dos-muertos-tiroteo-residencia-estudiantil-universidad-texas-am\\\/#article\",\"isPartOf\":{\"@id\":\"https:\\\/\\\/elcanillita.info\\\/press\\\/2020\\\/02\\\/04\\\/dos-muertos-tiroteo-residencia-estudiantil-universidad-texas-am\\\/\"},\"author\":{\"name\":\"SalaStampa.eu, world press service\",\"@id\":\"https:\\\/\\\/elcanillita.info\\\/press\\\/#\\\/schema\\\/person\\\/7fcb79f38045700919f7da6d97e71ba0\"},\"headline\":\"Dos muertos en tiroteo en residencia estudiantil de Universidad Texas A&#038;M\",\"datePublished\":\"2020-02-04T09:14:59+00:00\",\"dateModified\":\"2020-02-04T09:24:54+00:00\",\"mainEntityOfPage\":{\"@id\":\"https:\\\/\\\/elcanillita.info\\\/press\\\/2020\\\/02\\\/04\\\/dos-muertos-tiroteo-residencia-estudiantil-universidad-texas-am\\\/\"},\"wordCount\":256,\"publisher\":{\"@id\":\"https:\\\/\\\/elcanillita.info\\\/press\\\/#organization\"},\"keywords\":[\"Estados Unidos\"],\"articleSection\":[\"Actualidad\",\"Am\u00e9rica del Norte\",\"Sociedad\"],\"inLanguage\":\"es-AR\"},{\"@type\":\"WebPage\",\"@id\":\"https:\\\/\\\/elcanillita.info\\\/press\\\/2020\\\/02\\\/04\\\/dos-muertos-tiroteo-residencia-estudiantil-universidad-texas-am\\\/\",\"url\":\"https:\\\/\\\/elcanillita.info\\\/press\\\/2020\\\/02\\\/04\\\/dos-muertos-tiroteo-residencia-estudiantil-universidad-texas-am\\\/\",\"name\":\"Dos muertos en tiroteo en residencia estudiantil de Universidad Texas A&M - ElCanillita.Info\",\"isPartOf\":{\"@id\":\"https:\\\/\\\/elcanillita.info\\\/press\\\/#website\"},\"datePublished\":\"2020-02-04T09:14:59+00:00\",\"dateModified\":\"2020-02-04T09:24:54+00:00\",\"inLanguage\":\"es-AR\",\"potentialAction\":[{\"@type\":\"ReadAction\",\"target\":[\"https:\\\/\\\/elcanillita.info\\\/press\\\/2020\\\/02\\\/04\\\/dos-muertos-tiroteo-residencia-estudiantil-universidad-texas-am\\\/\"]}]},{\"@type\":\"WebSite\",\"@id\":\"https:\\\/\\\/elcanillita.info\\\/press\\\/#website\",\"url\":\"https:\\\/\\\/elcanillita.info\\\/press\\\/\",\"name\":\"ElCanillita.Info\",\"description\":\"desde los Apeninos a los Andes\",\"publisher\":{\"@id\":\"https:\\\/\\\/elcanillita.info\\\/press\\\/#organization\"},\"potentialAction\":[{\"@type\":\"SearchAction\",\"target\":{\"@type\":\"EntryPoint\",\"urlTemplate\":\"https:\\\/\\\/elcanillita.info\\\/press\\\/?s={search_term_string}\"},\"query-input\":{\"@type\":\"PropertyValueSpecification\",\"valueRequired\":true,\"valueName\":\"search_term_string\"}}],\"inLanguage\":\"es-AR\"},{\"@type\":\"Organization\",\"@id\":\"https:\\\/\\\/elcanillita.info\\\/press\\\/#organization\",\"name\":\"Guzzo Photos & Graphic Publications\",\"url\":\"https:\\\/\\\/elcanillita.info\\\/press\\\/\",\"logo\":{\"@type\":\"ImageObject\",\"inLanguage\":\"es-AR\",\"@id\":\"https:\\\/\\\/elcanillita.info\\\/press\\\/#\\\/schema\\\/logo\\\/image\\\/\",\"url\":\"https:\\\/\\\/elcanillita.info\\\/press\\\/images\\\/2020\\\/01\\\/cropped-cropped-cropped-elcanillitainfo.png\",\"contentUrl\":\"https:\\\/\\\/elcanillita.info\\\/press\\\/images\\\/2020\\\/01\\\/cropped-cropped-cropped-elcanillitainfo.png\",\"width\":460,\"height\":50,\"caption\":\"Guzzo Photos & Graphic Publications\"},\"image\":{\"@id\":\"https:\\\/\\\/elcanillita.info\\\/press\\\/#\\\/schema\\\/logo\\\/image\\\/\"},\"sameAs\":[\"https:\\\/\\\/ar-ar.facebook.com\\\/ElCanillitainfo-114249515285712\\\/\"]},{\"@type\":\"Person\",\"@id\":\"https:\\\/\\\/elcanillita.info\\\/press\\\/#\\\/schema\\\/person\\\/7fcb79f38045700919f7da6d97e71ba0\",\"name\":\"SalaStampa.eu, world press service\",\"image\":{\"@type\":\"ImageObject\",\"inLanguage\":\"es-AR\",\"@id\":\"https:\\\/\\\/secure.gravatar.com\\\/avatar\\\/c2f0e0d515a107624234994507816ca4724c7199cef73fc8bedebf6931d73888?s=96&d=mm&r=g\",\"url\":\"https:\\\/\\\/secure.gravatar.com\\\/avatar\\\/c2f0e0d515a107624234994507816ca4724c7199cef73fc8bedebf6931d73888?s=96&d=mm&r=g\",\"contentUrl\":\"https:\\\/\\\/secure.gravatar.com\\\/avatar\\\/c2f0e0d515a107624234994507816ca4724c7199cef73fc8bedebf6931d73888?s=96&d=mm&r=g\",\"caption\":\"SalaStampa.eu, world press service\"}}]}<\/script>\n<!-- \/ Yoast SEO plugin. -->","yoast_head_json":{"title":"Dos muertos en tiroteo en residencia estudiantil de Universidad Texas A&M - ElCanillita.Info","robots":{"index":"index","follow":"follow","max-snippet":"max-snippet:-1","max-image-preview":"max-image-preview:large","max-video-preview":"max-video-preview:-1"},"canonical":"https:\/\/elcanillita.info\/press\/2020\/02\/04\/dos-muertos-tiroteo-residencia-estudiantil-universidad-texas-am\/","og_locale":"es_ES","og_type":"article","og_title":"Dos muertos en tiroteo en residencia estudiantil de Universidad Texas A&M - ElCanillita.Info","og_description":"Texas, 04.02.2020 - Dos personas murieron y una tercera result\u00f3 herida en un tiroteo el lunes en un dormitorio de una universidad en Texas, dijo la polic\u00eda.","og_url":"https:\/\/elcanillita.info\/press\/2020\/02\/04\/dos-muertos-tiroteo-residencia-estudiantil-universidad-texas-am\/","og_site_name":"ElCanillita.Info","article_publisher":"https:\/\/ar-ar.facebook.com\/ElCanillitainfo-114249515285712\/","article_published_time":"2020-02-04T09:14:59+00:00","article_modified_time":"2020-02-04T09:24:54+00:00","author":"SalaStampa.eu, world press service","twitter_card":"summary_large_image","twitter_misc":{"Escrito por":"SalaStampa.eu, world press service","Tiempo de lectura":"1 minuto"},"schema":{"@context":"https:\/\/schema.org","@graph":[{"@type":"Article","@id":"https:\/\/elcanillita.info\/press\/2020\/02\/04\/dos-muertos-tiroteo-residencia-estudiantil-universidad-texas-am\/#article","isPartOf":{"@id":"https:\/\/elcanillita.info\/press\/2020\/02\/04\/dos-muertos-tiroteo-residencia-estudiantil-universidad-texas-am\/"},"author":{"name":"SalaStampa.eu, world press service","@id":"https:\/\/elcanillita.info\/press\/#\/schema\/person\/7fcb79f38045700919f7da6d97e71ba0"},"headline":"Dos muertos en tiroteo en residencia estudiantil de Universidad Texas A&#038;M","datePublished":"2020-02-04T09:14:59+00:00","dateModified":"2020-02-04T09:24:54+00:00","mainEntityOfPage":{"@id":"https:\/\/elcanillita.info\/press\/2020\/02\/04\/dos-muertos-tiroteo-residencia-estudiantil-universidad-texas-am\/"},"wordCount":256,"publisher":{"@id":"https:\/\/elcanillita.info\/press\/#organization"},"keywords":["Estados Unidos"],"articleSection":["Actualidad","Am\u00e9rica del Norte","Sociedad"],"inLanguage":"es-AR"},{"@type":"WebPage","@id":"https:\/\/elcanillita.info\/press\/2020\/02\/04\/dos-muertos-tiroteo-residencia-estudiantil-universidad-texas-am\/","url":"https:\/\/elcanillita.info\/press\/2020\/02\/04\/dos-muertos-tiroteo-residencia-estudiantil-universidad-texas-am\/","name":"Dos muertos en tiroteo en residencia estudiantil de Universidad Texas A&M - ElCanillita.Info","isPartOf":{"@id":"https:\/\/elcanillita.info\/press\/#website"},"datePublished":"2020-02-04T09:14:59+00:00","dateModified":"2020-02-04T09:24:54+00:00","inLanguage":"es-AR","potentialAction":[{"@type":"ReadAction","target":["https:\/\/elcanillita.info\/press\/2020\/02\/04\/dos-muertos-tiroteo-residencia-estudiantil-universidad-texas-am\/"]}]},{"@type":"WebSite","@id":"https:\/\/elcanillita.info\/press\/#website","url":"https:\/\/elcanillita.info\/press\/","name":"ElCanillita.Info","description":"desde los Apeninos a los Andes","publisher":{"@id":"https:\/\/elcanillita.info\/press\/#organization"},"potentialAction":[{"@type":"SearchAction","target":{"@type":"EntryPoint","urlTemplate":"https:\/\/elcanillita.info\/press\/?s={search_term_string}"},"query-input":{"@type":"PropertyValueSpecification","valueRequired":true,"valueName":"search_term_string"}}],"inLanguage":"es-AR"},{"@type":"Organization","@id":"https:\/\/elcanillita.info\/press\/#organization","name":"Guzzo Photos & Graphic Publications","url":"https:\/\/elcanillita.info\/press\/","logo":{"@type":"ImageObject","inLanguage":"es-AR","@id":"https:\/\/elcanillita.info\/press\/#\/schema\/logo\/image\/","url":"https:\/\/elcanillita.info\/press\/images\/2020\/01\/cropped-cropped-cropped-elcanillitainfo.png","contentUrl":"https:\/\/elcanillita.info\/press\/images\/2020\/01\/cropped-cropped-cropped-elcanillitainfo.png","width":460,"height":50,"caption":"Guzzo Photos & Graphic Publications"},"image":{"@id":"https:\/\/elcanillita.info\/press\/#\/schema\/logo\/image\/"},"sameAs":["https:\/\/ar-ar.facebook.com\/ElCanillitainfo-114249515285712\/"]},{"@type":"Person","@id":"https:\/\/elcanillita.info\/press\/#\/schema\/person\/7fcb79f38045700919f7da6d97e71ba0","name":"SalaStampa.eu, world press service","image":{"@type":"ImageObject","inLanguage":"es-AR","@id":"https:\/\/secure.gravatar.com\/avatar\/c2f0e0d515a107624234994507816ca4724c7199cef73fc8bedebf6931d73888?s=96&d=mm&r=g","url":"https:\/\/secure.gravatar.com\/avatar\/c2f0e0d515a107624234994507816ca4724c7199cef73fc8bedebf6931d73888?s=96&d=mm&r=g","contentUrl":"https:\/\/secure.gravatar.com\/avatar\/c2f0e0d515a107624234994507816ca4724c7199cef73fc8bedebf6931d73888?s=96&d=mm&r=g","caption":"SalaStampa.eu, world press service"}}]}},"views":681,"_links":{"self":[{"href":"https:\/\/elcanillita.info\/press\/wp-json\/wp\/v2\/posts\/315","targetHints":{"allow":["GET"]}}],"collection":[{"href":"https:\/\/elcanillita.info\/press\/wp-json\/wp\/v2\/posts"}],"about":[{"href":"https:\/\/elcanillita.info\/press\/wp-json\/wp\/v2\/types\/post"}],"author":[{"embeddable":true,"href":"https:\/\/elcanillita.info\/press\/wp-json\/wp\/v2\/users\/1"}],"replies":[{"embeddable":true,"href":"https:\/\/elcanillita.info\/press\/wp-json\/wp\/v2\/comments?post=315"}],"version-history":[{"count":0,"href":"https:\/\/elcanillita.info\/press\/wp-json\/wp\/v2\/posts\/315\/revisions"}],"wp:attachment":[{"href":"https:\/\/elcanillita.info\/press\/wp-json\/wp\/v2\/media?parent=315"}],"wp:term":[{"taxonomy":"category","embeddable":true,"href":"https:\/\/elcanillita.info\/press\/wp-json\/wp\/v2\/categories?post=315"},{"taxonomy":"post_tag","embeddable":true,"href":"https:\/\/elcanillita.info\/press\/wp-json\/wp\/v2\/tags?post=315"}],"curies":[{"name":"wp","href":"https:\/\/api.w.org\/{rel}","templated":true}]}}