{"id":3148,"date":"2022-12-03T12:16:40","date_gmt":"2022-12-03T15:16:40","guid":{"rendered":"https:\/\/elcanillita.info\/press\/?p=3148"},"modified":"2022-12-11T08:23:42","modified_gmt":"2022-12-11T11:23:42","slug":"la-republica-de-sombrero","status":"publish","type":"post","link":"https:\/\/elcanillita.info\/press\/2022\/12\/03\/la-republica-de-sombrero\/","title":{"rendered":"La Rep\u00fablica de sombrero"},"content":{"rendered":"\n<p><small><strong>por Enrique Guillermo Avogadro<\/strong><\/small><br><br><small>\u201cEs habitual que los ciudadanos de las democracias liberales modernas \u2013un gran n\u00famero de los cuales ejerce el privilegio de la libertad para preocuparse m\u00e1s por la suerte de un equipo deportivo que por la pol\u00edtica- queden impresionados por los fan\u00e1ticos de otras culturas\u201d<\/small><br><small><strong>Max Hastings<\/strong><\/small><\/p>\n\n\n\n<p>Cristina Fernandez, viuda de Kirchner, est\u00e1 dispuesta a destruir lo que queda del pa\u00eds para buscar una ya imposible impunidad. El camino hacia el martes pr\u00f3ximo, d\u00eda elegido por el Tribunal Oral para dictar la sentencia en la causa Vialidad, que tendr\u00e1 s\u00f3lo consecuencias simb\u00f3licas por a\u00f1os hasta quedar firme, estuvo sembrado de obst\u00e1culos que puso el kirchnerismo para impedirla; hasta ahora, la Rep\u00fablica consigui\u00f3 removerlos.<\/p>\n\n\n\n<p>Las maniobras que intent\u00f3 para evitar el principio de un fin tan amargo \u2013seguir\u00e1n otros fallos adversos para Cristina Fern\u00e1ndez, sus hijos y sus c\u00f3mplices de todo tipo- comenzaron en su propia gesti\u00f3n e incluyeron la modificaci\u00f3n de la integraci\u00f3n del Consejo de la Magistratura (el organismo que escoge y destituye a los jueces y administra el presupuesto del Poder Judicial), la presi\u00f3n a los magistrados para que se jubilaran y dejaran vacantes susceptibles de ser llenadas con militantes, las falsas denuncias contra todos los considerados enemigos de su santa causa, la tentativa de \u201cdemocratizar\u201d la Justicia, los inmundos ataques a la Corte Suprema, al Procurador y a jueces y fiscales y la persecuci\u00f3n a los medios de prensa, pero todas ellas fracasaron.<\/p>\n\n\n\n<p>El jueves, en la C\u00e1mara de Diputados y en medio de un esc\u00e1ndalo, se frustr\u00f3 la renovaci\u00f3n del mandato de la Presidente, Cecilia Moreau, por su maniobra de respaldar tanto el golpe de Estado que la emperatriz hotelera encabeza contra el Poder Judicial como su maniobra para paralizar ese Consejo, y qued\u00f3 demostrada la enorme debilidad legislativa y pol\u00edtica que afecta al Frente para Todos, que ha perdido hasta el apoyo de los diputados de la izquierda trotskista.<\/p>\n\n\n\n<p>Con el provocador lema \u201cSi la tocan a Cristina \u2026\u201d, ya se pararon de manos ATE Capital, los camioneros de Pablo Moyano y los \u201c\u00bfMiles?\u201d de Luis D\u2019El\u00eda quienes, con su habitual lenguaje extorsivo, amenazan con paralizar la administraci\u00f3n del Estado y con cortar todas las rutas del pa\u00eds; tambi\u00e9n anticiparon que resistir\u00e1n, a como d\u00e9 lugar, una victoria opositora en las pr\u00f3ximas elecciones. La pregunta de oro debiera ser c\u00f3mo reaccionar\u00e1 esta vez una sociedad tan ap\u00e1tica, que s\u00f3lo se distrae mirando hacia Qatar, para rechazar estas invasiones b\u00e1rbaras que prometen asolar Roma.<\/p>\n\n\n\n<p>Nada hicimos cuando los salvajes energ\u00famenos apedrearon a la Polic\u00eda de la Ciudad mientras se discut\u00eda en el Congreso una reforma previsional que, como est\u00e1 a la vista, hubiera beneficiado a tantos jubilados, o cuando acampan en avenidas impidi\u00e9ndonos circular; \u00bftoleraremos pac\u00edficamente que nuevamente agredan a la democracia e intenten arrasar con Comodoro Py?, \u00bfde qu\u00e9 fuerzas reales dispone el Estado para asegurar la paz?, \u00bfquerr\u00e1 utilizarlas o ser\u00e1 c\u00f3mplice de estos fan\u00e1ticos enloquecidos, como sucedi\u00f3 recientemente en el sur con los terroristas pseudo-mapuches?<br><\/p>\n\n\n\n<figure class=\"wp-block-image\"><img decoding=\"async\" src=\"https:\/\/elcanillita.info\/press\/images\/2022\/12\/gzz_1_ 20221203.jpg\" alt=\"\"\/><figcaption>Primeras expresiones de disconformidad por parte de trabajadores que recuerdan al gobierno, que el salario es una remuneraci\u00f3n regular por tareas y NO GANACIAS por lucro &#8211; Cr\u00e9dito: Guzzo Photos &amp; Graphic Publications<\/figcaption><\/figure>\n\n\n\n<p>La situaci\u00f3n se aproxima a un desenlace que promete ser violento; la proximidad de las fiestas de fin de a\u00f1o, que ponen en primer plano las necesidades m\u00e1s elementales de individuos y familias, en un marco de pobreza y miseria generalizadas, de creciente inseguridad, de inflaci\u00f3n al 100%, de una inminente recesi\u00f3n, de corrupci\u00f3n rampante (subsidios, vacunas, sobreprecios y nuevos aviones), de indignaci\u00f3n y descontento generalizados, tienden a reforzar esa promesa.<\/p>\n\n\n\n<p>La PresidenteVice ha jugado a ser oposici\u00f3n al gobierno que invent\u00f3 e integra; nadie describi\u00f3 mejor ese rol esquizofr\u00e9nico que Jorge Liotti cuando escribi\u00f3: <em>\u201cCristina Kirchner elogia en p\u00fablico y en privado a Massa, porque necesita que siga sosteniendo la gesti\u00f3n de un gobierno con el que es muy cr\u00edtica\u201d.<\/em><strong><em> <\/em><\/strong>&nbsp;Pero otro ingrediente de la insalubre sopa es la salud de Alberto Fern\u00e1ndez, que podr\u00eda obligarlo a renunciar o pedir licencia; la Constituci\u00f3n dice que ella deber\u00eda asumir en su lugar y, junta, la responsabilidad de timonear este Titanic que se est\u00e1 hundiendo.<\/p>\n\n\n\n<p>Si se planteara esa situaci\u00f3n, deber\u00e1 elegir entre aceptar o renunciar a su vez, dejando la brasa candente en manos de la Senadora Claudia Ledesma Abdala de Zamora (o, sucesivamente, la Diputada Cecilia Moreau y el Presidente de la Corte Suprema, Horacio Rosatti), que deber\u00eda convocar a la Asamblea Legislativa para designar a quien deba completar el per\u00edodo. \u00bfIntentar\u00e1 la \u201cabogada exitosa\u201d recurrir a sus propios \u201cj\u00f3venes idealistas\u201d para derrotar a la Justicia o utilizar\u00e1 nuevamente como excusa la salud de su hija para huir a Cuba? Tal vez haya sido tema de la reuni\u00f3n que mantuvo recientemente en su despacho del Senado con el ex Presidente de Ecuador, Rafael Correa, convicto, pr\u00f3fugo y refugiado en B\u00e9lgica.<\/p>\n\n\n\n<p>Otra posibilidad, no descartable <em>ab initio<\/em>, es que el kircherismo proponga a la oposici\u00f3n adelantar el calendario electoral. No lo creo pero, si se diera, puede que Juntos por el Cambio lo acepte, aunque s\u00f3lo fuera para evitar que contin\u00fae deterior\u00e1ndose la desastrosa situaci\u00f3n socio-econ\u00f3mica del pa\u00eds y se incremente el peso de la herencia que \u2013supone- recibir\u00e1.<\/p>\n\n\n\n<p>Como se ve, la realidad jam\u00e1s da respiro en esta enloquecida Argentina, un pa\u00eds siempre al borde de un abismo a\u00fan m\u00e1s terrible que la absoluta decadencia que emprendi\u00f3 con vocaci\u00f3n suicida hace tantas d\u00e9cadas. Reitero mi consejo de rezar pero, tambi\u00e9n, de comprar cascos y chalecos antibalas, porque resultar\u00e1n indispensables a muy corto plazo.<\/p>\n\n\n\n<p>Buenos Aires., 3\/12\/2022<br><br><small>Copyright \u00a9 2022 SalaStampa.Eu &#8211; ElCanillita.info &#8211; &#8220;Leer puede causar Independencia&#8221;<\/small><\/p>\n","protected":false},"excerpt":{"rendered":"<p>\u00bffue un asesinato? \u00bfO realmente Nisman quer\u00eda quitarse la vida el d\u00eda antes de llevar al Congreso las pruebas de que el gobierno de Kirchner hab\u00eda obstruido la justicia en el &#8216;caso Amia&#8217;? Y si no se dispar\u00f3 a s\u00ed mismo, \u00bfqui\u00e9n lo asesin\u00f3? \u00bfUn complot -m\u00e1s bien mal concebido- del ejecutivo?<\/p>\n","protected":false},"author":1,"featured_media":3157,"comment_status":"closed","ping_status":"closed","sticky":false,"template":"","format":"standard","meta":{"footnotes":"","_links_to":"","_links_to_target":""},"categories":[108,70,11,22,23],"tags":[29],"class_list":["post-3148","post","type-post","status-publish","format-standard","has-post-thumbnail","hentry","category-blogdiario","category-actualidad","category-america-del-sur","category-justicia","category-politica","tag-argentina","entry","double"],"yoast_head":"<!-- This site is optimized with the Yoast SEO plugin v27.4 - https:\/\/yoast.com\/product\/yoast-seo-wordpress\/ -->\n<title>La Rep\u00fablica de sombrero - ElCanillita.Info<\/title>\n<meta name=\"description\" content=\"Cristina Fernandez, viuda de Kirchner, est\u00e1 dispuesta a destruir lo que queda del pa\u00eds para buscar una ya imposible impunidad. El camino hacia el martes pr\u00f3ximo, d\u00eda elegido por el Tribunal Oral para dictar la sentencia en la causa Vialidad, que tendr\u00e1 s\u00f3lo consecuencias simb\u00f3licas por a\u00f1os hasta quedar firme, estuvo sembrado de obst\u00e1culos que puso el kirchnerismo para impedirla; hasta ahora, la Rep\u00fablica consigui\u00f3 removerlos.\" \/>\n<meta name=\"robots\" content=\"index, follow, max-snippet:-1, max-image-preview:large, max-video-preview:-1\" \/>\n<link rel=\"canonical\" href=\"https:\/\/elcanillita.info\/press\/2022\/12\/03\/la-republica-de-sombrero\/\" \/>\n<meta property=\"og:locale\" content=\"es_ES\" \/>\n<meta property=\"og:type\" content=\"article\" \/>\n<meta property=\"og:title\" content=\"La Rep\u00fablica de sombrero - ElCanillita.Info\" \/>\n<meta property=\"og:description\" content=\"Cristina Fernandez, viuda de Kirchner, est\u00e1 dispuesta a destruir lo que queda del pa\u00eds para buscar una ya imposible impunidad. El camino hacia el martes pr\u00f3ximo, d\u00eda elegido por el Tribunal Oral para dictar la sentencia en la causa Vialidad, que tendr\u00e1 s\u00f3lo consecuencias simb\u00f3licas por a\u00f1os hasta quedar firme, estuvo sembrado de obst\u00e1culos que puso el kirchnerismo para impedirla; hasta ahora, la Rep\u00fablica consigui\u00f3 removerlos.\" \/>\n<meta property=\"og:url\" content=\"https:\/\/elcanillita.info\/press\/2022\/12\/03\/la-republica-de-sombrero\/\" \/>\n<meta property=\"og:site_name\" content=\"ElCanillita.Info\" \/>\n<meta property=\"article:publisher\" content=\"https:\/\/ar-ar.facebook.com\/ElCanillitainfo-114249515285712\/\" \/>\n<meta property=\"article:published_time\" content=\"2022-12-03T15:16:40+00:00\" \/>\n<meta property=\"article:modified_time\" content=\"2022-12-11T11:23:42+00:00\" \/>\n<meta property=\"og:image\" content=\"https:\/\/elcanillita.info\/press\/images\/2022\/12\/2022-12-07-13-44-43.jpg\" \/>\n\t<meta property=\"og:image:width\" content=\"653\" \/>\n\t<meta property=\"og:image:height\" content=\"366\" \/>\n\t<meta property=\"og:image:type\" content=\"image\/jpeg\" \/>\n<meta name=\"author\" content=\"SalaStampa.eu, world press service\" \/>\n<meta name=\"twitter:card\" content=\"summary_large_image\" \/>\n<meta name=\"twitter:label1\" content=\"Escrito por\" \/>\n\t<meta name=\"twitter:data1\" content=\"SalaStampa.eu, world press service\" \/>\n\t<meta name=\"twitter:label2\" content=\"Tiempo de lectura\" \/>\n\t<meta name=\"twitter:data2\" content=\"5 minutos\" \/>\n<script type=\"application\/ld+json\" class=\"yoast-schema-graph\">{\"@context\":\"https:\\\/\\\/schema.org\",\"@graph\":[{\"@type\":\"Article\",\"@id\":\"https:\\\/\\\/elcanillita.info\\\/press\\\/2022\\\/12\\\/03\\\/la-republica-de-sombrero\\\/#article\",\"isPartOf\":{\"@id\":\"https:\\\/\\\/elcanillita.info\\\/press\\\/2022\\\/12\\\/03\\\/la-republica-de-sombrero\\\/\"},\"author\":{\"name\":\"SalaStampa.eu, world press service\",\"@id\":\"https:\\\/\\\/elcanillita.info\\\/press\\\/#\\\/schema\\\/person\\\/7fcb79f38045700919f7da6d97e71ba0\"},\"headline\":\"La Rep\u00fablica de sombrero\",\"datePublished\":\"2022-12-03T15:16:40+00:00\",\"dateModified\":\"2022-12-11T11:23:42+00:00\",\"mainEntityOfPage\":{\"@id\":\"https:\\\/\\\/elcanillita.info\\\/press\\\/2022\\\/12\\\/03\\\/la-republica-de-sombrero\\\/\"},\"wordCount\":1021,\"publisher\":{\"@id\":\"https:\\\/\\\/elcanillita.info\\\/press\\\/#organization\"},\"image\":{\"@id\":\"https:\\\/\\\/elcanillita.info\\\/press\\\/2022\\\/12\\\/03\\\/la-republica-de-sombrero\\\/#primaryimage\"},\"thumbnailUrl\":\"https:\\\/\\\/elcanillita.info\\\/press\\\/images\\\/2022\\\/12\\\/2022-12-07-13-44-43.jpg\",\"keywords\":[\"Argentina\"],\"articleSection\":[\".\",\"Actualidad\",\"Am\u00e9rica del Sur\",\"Justicia\",\"Politica\"],\"inLanguage\":\"es-AR\"},{\"@type\":\"WebPage\",\"@id\":\"https:\\\/\\\/elcanillita.info\\\/press\\\/2022\\\/12\\\/03\\\/la-republica-de-sombrero\\\/\",\"url\":\"https:\\\/\\\/elcanillita.info\\\/press\\\/2022\\\/12\\\/03\\\/la-republica-de-sombrero\\\/\",\"name\":\"La Rep\u00fablica de sombrero - ElCanillita.Info\",\"isPartOf\":{\"@id\":\"https:\\\/\\\/elcanillita.info\\\/press\\\/#website\"},\"primaryImageOfPage\":{\"@id\":\"https:\\\/\\\/elcanillita.info\\\/press\\\/2022\\\/12\\\/03\\\/la-republica-de-sombrero\\\/#primaryimage\"},\"image\":{\"@id\":\"https:\\\/\\\/elcanillita.info\\\/press\\\/2022\\\/12\\\/03\\\/la-republica-de-sombrero\\\/#primaryimage\"},\"thumbnailUrl\":\"https:\\\/\\\/elcanillita.info\\\/press\\\/images\\\/2022\\\/12\\\/2022-12-07-13-44-43.jpg\",\"datePublished\":\"2022-12-03T15:16:40+00:00\",\"dateModified\":\"2022-12-11T11:23:42+00:00\",\"description\":\"Cristina Fernandez, viuda de Kirchner, est\u00e1 dispuesta a destruir lo que queda del pa\u00eds para buscar una ya imposible impunidad. El camino hacia el martes pr\u00f3ximo, d\u00eda elegido por el Tribunal Oral para dictar la sentencia en la causa Vialidad, que tendr\u00e1 s\u00f3lo consecuencias simb\u00f3licas por a\u00f1os hasta quedar firme, estuvo sembrado de obst\u00e1culos que puso el kirchnerismo para impedirla; hasta ahora, la Rep\u00fablica consigui\u00f3 removerlos.\",\"inLanguage\":\"es-AR\",\"potentialAction\":[{\"@type\":\"ReadAction\",\"target\":[\"https:\\\/\\\/elcanillita.info\\\/press\\\/2022\\\/12\\\/03\\\/la-republica-de-sombrero\\\/\"]}]},{\"@type\":\"ImageObject\",\"inLanguage\":\"es-AR\",\"@id\":\"https:\\\/\\\/elcanillita.info\\\/press\\\/2022\\\/12\\\/03\\\/la-republica-de-sombrero\\\/#primaryimage\",\"url\":\"https:\\\/\\\/elcanillita.info\\\/press\\\/images\\\/2022\\\/12\\\/2022-12-07-13-44-43.jpg\",\"contentUrl\":\"https:\\\/\\\/elcanillita.info\\\/press\\\/images\\\/2022\\\/12\\\/2022-12-07-13-44-43.jpg\",\"width\":653,\"height\":366},{\"@type\":\"WebSite\",\"@id\":\"https:\\\/\\\/elcanillita.info\\\/press\\\/#website\",\"url\":\"https:\\\/\\\/elcanillita.info\\\/press\\\/\",\"name\":\"ElCanillita.Info\",\"description\":\"desde los Apeninos a los Andes\",\"publisher\":{\"@id\":\"https:\\\/\\\/elcanillita.info\\\/press\\\/#organization\"},\"potentialAction\":[{\"@type\":\"SearchAction\",\"target\":{\"@type\":\"EntryPoint\",\"urlTemplate\":\"https:\\\/\\\/elcanillita.info\\\/press\\\/?s={search_term_string}\"},\"query-input\":{\"@type\":\"PropertyValueSpecification\",\"valueRequired\":true,\"valueName\":\"search_term_string\"}}],\"inLanguage\":\"es-AR\"},{\"@type\":\"Organization\",\"@id\":\"https:\\\/\\\/elcanillita.info\\\/press\\\/#organization\",\"name\":\"Guzzo Photos & Graphic Publications\",\"url\":\"https:\\\/\\\/elcanillita.info\\\/press\\\/\",\"logo\":{\"@type\":\"ImageObject\",\"inLanguage\":\"es-AR\",\"@id\":\"https:\\\/\\\/elcanillita.info\\\/press\\\/#\\\/schema\\\/logo\\\/image\\\/\",\"url\":\"https:\\\/\\\/elcanillita.info\\\/press\\\/images\\\/2020\\\/01\\\/cropped-cropped-cropped-elcanillitainfo.png\",\"contentUrl\":\"https:\\\/\\\/elcanillita.info\\\/press\\\/images\\\/2020\\\/01\\\/cropped-cropped-cropped-elcanillitainfo.png\",\"width\":460,\"height\":50,\"caption\":\"Guzzo Photos & Graphic Publications\"},\"image\":{\"@id\":\"https:\\\/\\\/elcanillita.info\\\/press\\\/#\\\/schema\\\/logo\\\/image\\\/\"},\"sameAs\":[\"https:\\\/\\\/ar-ar.facebook.com\\\/ElCanillitainfo-114249515285712\\\/\"]},{\"@type\":\"Person\",\"@id\":\"https:\\\/\\\/elcanillita.info\\\/press\\\/#\\\/schema\\\/person\\\/7fcb79f38045700919f7da6d97e71ba0\",\"name\":\"SalaStampa.eu, world press service\",\"image\":{\"@type\":\"ImageObject\",\"inLanguage\":\"es-AR\",\"@id\":\"https:\\\/\\\/secure.gravatar.com\\\/avatar\\\/c2f0e0d515a107624234994507816ca4724c7199cef73fc8bedebf6931d73888?s=96&d=mm&r=g\",\"url\":\"https:\\\/\\\/secure.gravatar.com\\\/avatar\\\/c2f0e0d515a107624234994507816ca4724c7199cef73fc8bedebf6931d73888?s=96&d=mm&r=g\",\"contentUrl\":\"https:\\\/\\\/secure.gravatar.com\\\/avatar\\\/c2f0e0d515a107624234994507816ca4724c7199cef73fc8bedebf6931d73888?s=96&d=mm&r=g\",\"caption\":\"SalaStampa.eu, world press service\"}}]}<\/script>\n<!-- \/ Yoast SEO plugin. -->","yoast_head_json":{"title":"La Rep\u00fablica de sombrero - ElCanillita.Info","description":"Cristina Fernandez, viuda de Kirchner, est\u00e1 dispuesta a destruir lo que queda del pa\u00eds para buscar una ya imposible impunidad. El camino hacia el martes pr\u00f3ximo, d\u00eda elegido por el Tribunal Oral para dictar la sentencia en la causa Vialidad, que tendr\u00e1 s\u00f3lo consecuencias simb\u00f3licas por a\u00f1os hasta quedar firme, estuvo sembrado de obst\u00e1culos que puso el kirchnerismo para impedirla; hasta ahora, la Rep\u00fablica consigui\u00f3 removerlos.","robots":{"index":"index","follow":"follow","max-snippet":"max-snippet:-1","max-image-preview":"max-image-preview:large","max-video-preview":"max-video-preview:-1"},"canonical":"https:\/\/elcanillita.info\/press\/2022\/12\/03\/la-republica-de-sombrero\/","og_locale":"es_ES","og_type":"article","og_title":"La Rep\u00fablica de sombrero - ElCanillita.Info","og_description":"Cristina Fernandez, viuda de Kirchner, est\u00e1 dispuesta a destruir lo que queda del pa\u00eds para buscar una ya imposible impunidad. El camino hacia el martes pr\u00f3ximo, d\u00eda elegido por el Tribunal Oral para dictar la sentencia en la causa Vialidad, que tendr\u00e1 s\u00f3lo consecuencias simb\u00f3licas por a\u00f1os hasta quedar firme, estuvo sembrado de obst\u00e1culos que puso el kirchnerismo para impedirla; hasta ahora, la Rep\u00fablica consigui\u00f3 removerlos.","og_url":"https:\/\/elcanillita.info\/press\/2022\/12\/03\/la-republica-de-sombrero\/","og_site_name":"ElCanillita.Info","article_publisher":"https:\/\/ar-ar.facebook.com\/ElCanillitainfo-114249515285712\/","article_published_time":"2022-12-03T15:16:40+00:00","article_modified_time":"2022-12-11T11:23:42+00:00","og_image":[{"width":653,"height":366,"url":"https:\/\/elcanillita.info\/press\/images\/2022\/12\/2022-12-07-13-44-43.jpg","type":"image\/jpeg"}],"author":"SalaStampa.eu, world press service","twitter_card":"summary_large_image","twitter_misc":{"Escrito por":"SalaStampa.eu, world press service","Tiempo de lectura":"5 minutos"},"schema":{"@context":"https:\/\/schema.org","@graph":[{"@type":"Article","@id":"https:\/\/elcanillita.info\/press\/2022\/12\/03\/la-republica-de-sombrero\/#article","isPartOf":{"@id":"https:\/\/elcanillita.info\/press\/2022\/12\/03\/la-republica-de-sombrero\/"},"author":{"name":"SalaStampa.eu, world press service","@id":"https:\/\/elcanillita.info\/press\/#\/schema\/person\/7fcb79f38045700919f7da6d97e71ba0"},"headline":"La Rep\u00fablica de sombrero","datePublished":"2022-12-03T15:16:40+00:00","dateModified":"2022-12-11T11:23:42+00:00","mainEntityOfPage":{"@id":"https:\/\/elcanillita.info\/press\/2022\/12\/03\/la-republica-de-sombrero\/"},"wordCount":1021,"publisher":{"@id":"https:\/\/elcanillita.info\/press\/#organization"},"image":{"@id":"https:\/\/elcanillita.info\/press\/2022\/12\/03\/la-republica-de-sombrero\/#primaryimage"},"thumbnailUrl":"https:\/\/elcanillita.info\/press\/images\/2022\/12\/2022-12-07-13-44-43.jpg","keywords":["Argentina"],"articleSection":[".","Actualidad","Am\u00e9rica del Sur","Justicia","Politica"],"inLanguage":"es-AR"},{"@type":"WebPage","@id":"https:\/\/elcanillita.info\/press\/2022\/12\/03\/la-republica-de-sombrero\/","url":"https:\/\/elcanillita.info\/press\/2022\/12\/03\/la-republica-de-sombrero\/","name":"La Rep\u00fablica de sombrero - ElCanillita.Info","isPartOf":{"@id":"https:\/\/elcanillita.info\/press\/#website"},"primaryImageOfPage":{"@id":"https:\/\/elcanillita.info\/press\/2022\/12\/03\/la-republica-de-sombrero\/#primaryimage"},"image":{"@id":"https:\/\/elcanillita.info\/press\/2022\/12\/03\/la-republica-de-sombrero\/#primaryimage"},"thumbnailUrl":"https:\/\/elcanillita.info\/press\/images\/2022\/12\/2022-12-07-13-44-43.jpg","datePublished":"2022-12-03T15:16:40+00:00","dateModified":"2022-12-11T11:23:42+00:00","description":"Cristina Fernandez, viuda de Kirchner, est\u00e1 dispuesta a destruir lo que queda del pa\u00eds para buscar una ya imposible impunidad. El camino hacia el martes pr\u00f3ximo, d\u00eda elegido por el Tribunal Oral para dictar la sentencia en la causa Vialidad, que tendr\u00e1 s\u00f3lo consecuencias simb\u00f3licas por a\u00f1os hasta quedar firme, estuvo sembrado de obst\u00e1culos que puso el kirchnerismo para impedirla; hasta ahora, la Rep\u00fablica consigui\u00f3 removerlos.","inLanguage":"es-AR","potentialAction":[{"@type":"ReadAction","target":["https:\/\/elcanillita.info\/press\/2022\/12\/03\/la-republica-de-sombrero\/"]}]},{"@type":"ImageObject","inLanguage":"es-AR","@id":"https:\/\/elcanillita.info\/press\/2022\/12\/03\/la-republica-de-sombrero\/#primaryimage","url":"https:\/\/elcanillita.info\/press\/images\/2022\/12\/2022-12-07-13-44-43.jpg","contentUrl":"https:\/\/elcanillita.info\/press\/images\/2022\/12\/2022-12-07-13-44-43.jpg","width":653,"height":366},{"@type":"WebSite","@id":"https:\/\/elcanillita.info\/press\/#website","url":"https:\/\/elcanillita.info\/press\/","name":"ElCanillita.Info","description":"desde los Apeninos a los Andes","publisher":{"@id":"https:\/\/elcanillita.info\/press\/#organization"},"potentialAction":[{"@type":"SearchAction","target":{"@type":"EntryPoint","urlTemplate":"https:\/\/elcanillita.info\/press\/?s={search_term_string}"},"query-input":{"@type":"PropertyValueSpecification","valueRequired":true,"valueName":"search_term_string"}}],"inLanguage":"es-AR"},{"@type":"Organization","@id":"https:\/\/elcanillita.info\/press\/#organization","name":"Guzzo Photos & Graphic Publications","url":"https:\/\/elcanillita.info\/press\/","logo":{"@type":"ImageObject","inLanguage":"es-AR","@id":"https:\/\/elcanillita.info\/press\/#\/schema\/logo\/image\/","url":"https:\/\/elcanillita.info\/press\/images\/2020\/01\/cropped-cropped-cropped-elcanillitainfo.png","contentUrl":"https:\/\/elcanillita.info\/press\/images\/2020\/01\/cropped-cropped-cropped-elcanillitainfo.png","width":460,"height":50,"caption":"Guzzo Photos & Graphic Publications"},"image":{"@id":"https:\/\/elcanillita.info\/press\/#\/schema\/logo\/image\/"},"sameAs":["https:\/\/ar-ar.facebook.com\/ElCanillitainfo-114249515285712\/"]},{"@type":"Person","@id":"https:\/\/elcanillita.info\/press\/#\/schema\/person\/7fcb79f38045700919f7da6d97e71ba0","name":"SalaStampa.eu, world press service","image":{"@type":"ImageObject","inLanguage":"es-AR","@id":"https:\/\/secure.gravatar.com\/avatar\/c2f0e0d515a107624234994507816ca4724c7199cef73fc8bedebf6931d73888?s=96&d=mm&r=g","url":"https:\/\/secure.gravatar.com\/avatar\/c2f0e0d515a107624234994507816ca4724c7199cef73fc8bedebf6931d73888?s=96&d=mm&r=g","contentUrl":"https:\/\/secure.gravatar.com\/avatar\/c2f0e0d515a107624234994507816ca4724c7199cef73fc8bedebf6931d73888?s=96&d=mm&r=g","caption":"SalaStampa.eu, world press service"}}]}},"views":493,"_links":{"self":[{"href":"https:\/\/elcanillita.info\/press\/wp-json\/wp\/v2\/posts\/3148","targetHints":{"allow":["GET"]}}],"collection":[{"href":"https:\/\/elcanillita.info\/press\/wp-json\/wp\/v2\/posts"}],"about":[{"href":"https:\/\/elcanillita.info\/press\/wp-json\/wp\/v2\/types\/post"}],"author":[{"embeddable":true,"href":"https:\/\/elcanillita.info\/press\/wp-json\/wp\/v2\/users\/1"}],"replies":[{"embeddable":true,"href":"https:\/\/elcanillita.info\/press\/wp-json\/wp\/v2\/comments?post=3148"}],"version-history":[{"count":0,"href":"https:\/\/elcanillita.info\/press\/wp-json\/wp\/v2\/posts\/3148\/revisions"}],"wp:featuredmedia":[{"embeddable":true,"href":"https:\/\/elcanillita.info\/press\/wp-json\/wp\/v2\/media\/3157"}],"wp:attachment":[{"href":"https:\/\/elcanillita.info\/press\/wp-json\/wp\/v2\/media?parent=3148"}],"wp:term":[{"taxonomy":"category","embeddable":true,"href":"https:\/\/elcanillita.info\/press\/wp-json\/wp\/v2\/categories?post=3148"},{"taxonomy":"post_tag","embeddable":true,"href":"https:\/\/elcanillita.info\/press\/wp-json\/wp\/v2\/tags?post=3148"}],"curies":[{"name":"wp","href":"https:\/\/api.w.org\/{rel}","templated":true}]}}