{"id":3130,"date":"2022-11-25T10:01:49","date_gmt":"2022-11-25T13:01:49","guid":{"rendered":"https:\/\/elcanillita.info\/press\/?p=3130"},"modified":"2022-11-25T10:49:37","modified_gmt":"2022-11-25T13:49:37","slug":"se-reanuda-el-historico-juicio-por-corrupcion-en-el-vaticano","status":"publish","type":"post","link":"https:\/\/elcanillita.info\/press\/2022\/11\/25\/se-reanuda-el-historico-juicio-por-corrupcion-en-el-vaticano\/","title":{"rendered":"Se reanuda el hist\u00f3rico juicio por corrupci\u00f3n en el Vaticano"},"content":{"rendered":"\n<p><img decoding=\"async\" src=\"https:\/\/elcanillita.info\/press\/images\/2022\/11\/vat20221125_1.jpg\"><\/p>\n\n\n\n<p>Ciudad del Vaticano, 24\/XI\/2022 &#8211; Durante un juicio por corrupci\u00f3n, un tribunal  del Vaticano escuch\u00f3 el jueves una llamada telef\u00f3nica grabada en secreto entre el principal acusado, el cardenal Angelo Becciu, y el papa Francisco.<\/p>\n\n\n\n<p>La grabaci\u00f3n fue realizada sin el conocimiento del papa por alguien que estaba en una habitaci\u00f3n con Becciu en julio de 2021, y mientras el papa a\u00fan se recuperaba de una importante cirug\u00eda intestinal, se dijo al tribunal poco antes de que comenzara el juicio.<\/p>\n\n\n\n<p>Se pidi\u00f3 a los periodistas que abandonaran la sala mientras se reproduc\u00eda la cinta, pero los abogados que la escucharon dijeron que Becciu pidi\u00f3 al papa que confirmara que el pont\u00edfice hab\u00eda autorizado un pago para ayudar a liberar a una monja que hab\u00eda sido secuestrada en \u00c1frica.<\/p>\n\n\n\n<p>Los abogados dijeron que en la llamada el papa parec\u00eda perplejo y confundido por la raz\u00f3n por la que Becciu estaba llamando y que el pont\u00edfice pidi\u00f3 repetidamente al cardenal que le enviara una nota escrita del pedido que hacia.<br><\/p>\n\n\n\n<figure class=\"wp-block-image\"><img decoding=\"async\" src=\"https:\/\/elcanillita.info\/press\/images\/2022\/11\/vat20221125_2.jpg\" alt=\"\"\/><\/figure>\n\n\n\n<p>En 2018, Becciu, que entonces era la tercera persona m\u00e1s poderosa del Vaticano, contrat\u00f3 a la coimputada Cecilia Marogna, una autodenominada analista de seguridad, para liberar a una monja colombiana secuestrada en Mal\u00ed por un grupo vinculado a Al Qaeda.<\/p>\n\n\n\n<p>Marogna, de 44 a\u00f1os, recibi\u00f3 575.000 euros (598.630 d\u00f3lares) de la Secretar\u00eda de Estado, el departamento m\u00e1s importante del Vaticano, entre 2018 y 2019, cuando Becciu trabajaba all\u00ed. El dinero fue enviado a una empresa que ella hab\u00eda creado en Eslovenia y recibi\u00f3 una parte en efectivo, se ha dicho al tribunal.<\/p>\n\n\n\n<p>La polic\u00eda descubri\u00f3 que Marogna hab\u00eda gastado gran parte del dinero para uso personal, incluyendo ropa de marcas de lujo y visitas a balnearios.<\/p>\n\n\n\n<p>Se le acusa de malversaci\u00f3n y a Becciu se le cambiaron los cargos, por malversaci\u00f3n, corrupci\u00f3n y abuso de poder. Ellos, al igual que los otros ocho acusados, han negado todo tipo de delito.<\/p>\n\n\n\n<p>El fiscal jefe del juicio, Alessandro Diddi, dijo a los periodistas el jueves que hab\u00eda iniciado una nueva investigaci\u00f3n en la que sospecha que Becciu es culpable de conspiraci\u00f3n criminal. Dijo que hab\u00eda depositado los detalles en el tribunal.<\/p>\n\n\n\n<p>Los abogados de Becciu manifestaron en un comunicado que no ten\u00edan conocimiento de ninguna nueva acusaci\u00f3n. El comunicado no comentaba la llamada telef\u00f3nica grabada en secreto.<\/p>\n\n\n\n<p>Un a\u00f1o antes de que comenzara el juicio, el papa Francisco despidi\u00f3 a Becciu por sospechas de nepotismo. Becciu niega haber hecho nada para ayudar econ\u00f3micamente a su familia.<\/p>\n\n\n\n<p>El jueves, Becciu se enfrent\u00f3 a su principal acusador, su antiguo ayudante principal monse\u00f1or Alberto Perlasca. Cont\u00f3 al tribunal c\u00f3mo se le orden\u00f3 hacer pagos que consideraba inusuales.<\/p>\n\n\n\n<p>Dijo que envi\u00f3 100.000 euros a una organizaci\u00f3n ben\u00e9fica en Cerde\u00f1a, sin saber en ese momento que estaba vinculada a la familia de Becciu.<\/p>\n\n\n\n<p>Becciu ha dicho que la organizaci\u00f3n ben\u00e9fica ayud\u00f3 a crear puestos de trabajo en una zona pobre.<\/p>\n\n\n\n<p>El juicio gira en torno a la compra de un edificio en Londres por parte de la Secretar\u00eda de Estado. Entre los 10 acusados se encuentran antiguos empleados del Vaticano e intermediarios italianos que, seg\u00fan la acusaci\u00f3n, extorsionaron al Vaticano.<br><br><small>Copyright \u00a9 2022 ElCanillita.info \/ SalaStampa.Eu \u2013  Informaci\u00f3n de dominio p\u00fablico<\/small><\/p>\n","protected":false},"excerpt":{"rendered":"<p>El tribunal del Vaticano escucha la llamada telef\u00f3nica grabada en secreto por un cardenal con el Papa.<\/p>\n","protected":false},"author":1,"featured_media":3131,"comment_status":"closed","ping_status":"closed","sticky":false,"template":"","format":"standard","meta":{"footnotes":"","_links_to":"","_links_to_target":""},"categories":[108,70,5,22],"tags":[50],"class_list":["post-3130","post","type-post","status-publish","format-standard","has-post-thumbnail","hentry","category-blogdiario","category-actualidad","category-europa","category-justicia","tag-ciudad-vaticano","entry","double"],"yoast_head":"<!-- This site is optimized with the Yoast SEO plugin v27.4 - https:\/\/yoast.com\/product\/yoast-seo-wordpress\/ -->\n<title>Se reanuda el hist\u00f3rico juicio por corrupci\u00f3n en el Vaticano - ElCanillita.Info<\/title>\n<meta name=\"description\" content=\"Un juicio de 10 personas acusadas de delitos financieros en un tribunal del Vaticano, incluido el cardenal Angelo Becciu, se reanuda despu\u00e9s de que un juez principal ordenara a la fiscal\u00eda dar a la defensa m\u00e1s acceso a las pruebas.\" \/>\n<meta name=\"robots\" content=\"index, follow, max-snippet:-1, max-image-preview:large, max-video-preview:-1\" \/>\n<link rel=\"canonical\" href=\"https:\/\/elcanillita.info\/press\/2022\/11\/25\/se-reanuda-el-historico-juicio-por-corrupcion-en-el-vaticano\/\" \/>\n<meta property=\"og:locale\" content=\"es_ES\" \/>\n<meta property=\"og:type\" content=\"article\" \/>\n<meta property=\"og:title\" content=\"Se reanuda el hist\u00f3rico juicio por corrupci\u00f3n en el Vaticano - ElCanillita.Info\" \/>\n<meta property=\"og:description\" content=\"Un juicio de 10 personas acusadas de delitos financieros en un tribunal del Vaticano, incluido el cardenal Angelo Becciu, se reanuda despu\u00e9s de que un juez principal ordenara a la fiscal\u00eda dar a la defensa m\u00e1s acceso a las pruebas.\" \/>\n<meta property=\"og:url\" content=\"https:\/\/elcanillita.info\/press\/2022\/11\/25\/se-reanuda-el-historico-juicio-por-corrupcion-en-el-vaticano\/\" \/>\n<meta property=\"og:site_name\" content=\"ElCanillita.Info\" \/>\n<meta property=\"article:publisher\" content=\"https:\/\/ar-ar.facebook.com\/ElCanillitainfo-114249515285712\/\" \/>\n<meta property=\"article:published_time\" content=\"2022-11-25T13:01:49+00:00\" \/>\n<meta property=\"article:modified_time\" content=\"2022-11-25T13:49:37+00:00\" \/>\n<meta property=\"og:image\" content=\"https:\/\/elcanillita.info\/press\/images\/2022\/11\/vat20221125_cover-1.jpg\" \/>\n\t<meta property=\"og:image:width\" content=\"600\" \/>\n\t<meta property=\"og:image:height\" content=\"400\" \/>\n\t<meta property=\"og:image:type\" content=\"image\/jpeg\" \/>\n<meta name=\"author\" content=\"SalaStampa.eu, world press service\" \/>\n<meta name=\"twitter:card\" content=\"summary_large_image\" \/>\n<meta name=\"twitter:label1\" content=\"Escrito por\" \/>\n\t<meta name=\"twitter:data1\" content=\"SalaStampa.eu, world press service\" \/>\n\t<meta name=\"twitter:label2\" content=\"Tiempo de lectura\" \/>\n\t<meta name=\"twitter:data2\" content=\"3 minutos\" \/>\n<script type=\"application\/ld+json\" class=\"yoast-schema-graph\">{\"@context\":\"https:\\\/\\\/schema.org\",\"@graph\":[{\"@type\":\"Article\",\"@id\":\"https:\\\/\\\/elcanillita.info\\\/press\\\/2022\\\/11\\\/25\\\/se-reanuda-el-historico-juicio-por-corrupcion-en-el-vaticano\\\/#article\",\"isPartOf\":{\"@id\":\"https:\\\/\\\/elcanillita.info\\\/press\\\/2022\\\/11\\\/25\\\/se-reanuda-el-historico-juicio-por-corrupcion-en-el-vaticano\\\/\"},\"author\":{\"name\":\"SalaStampa.eu, world press service\",\"@id\":\"https:\\\/\\\/elcanillita.info\\\/press\\\/#\\\/schema\\\/person\\\/7fcb79f38045700919f7da6d97e71ba0\"},\"headline\":\"Se reanuda el hist\u00f3rico juicio por corrupci\u00f3n en el Vaticano\",\"datePublished\":\"2022-11-25T13:01:49+00:00\",\"dateModified\":\"2022-11-25T13:49:37+00:00\",\"mainEntityOfPage\":{\"@id\":\"https:\\\/\\\/elcanillita.info\\\/press\\\/2022\\\/11\\\/25\\\/se-reanuda-el-historico-juicio-por-corrupcion-en-el-vaticano\\\/\"},\"wordCount\":578,\"publisher\":{\"@id\":\"https:\\\/\\\/elcanillita.info\\\/press\\\/#organization\"},\"image\":{\"@id\":\"https:\\\/\\\/elcanillita.info\\\/press\\\/2022\\\/11\\\/25\\\/se-reanuda-el-historico-juicio-por-corrupcion-en-el-vaticano\\\/#primaryimage\"},\"thumbnailUrl\":\"https:\\\/\\\/elcanillita.info\\\/press\\\/images\\\/2022\\\/11\\\/vat20221125_cover-1.jpg\",\"keywords\":[\"Ciudad del Vaticano\"],\"articleSection\":[\".\",\"Actualidad\",\"Europa\",\"Justicia\"],\"inLanguage\":\"es-AR\"},{\"@type\":\"WebPage\",\"@id\":\"https:\\\/\\\/elcanillita.info\\\/press\\\/2022\\\/11\\\/25\\\/se-reanuda-el-historico-juicio-por-corrupcion-en-el-vaticano\\\/\",\"url\":\"https:\\\/\\\/elcanillita.info\\\/press\\\/2022\\\/11\\\/25\\\/se-reanuda-el-historico-juicio-por-corrupcion-en-el-vaticano\\\/\",\"name\":\"Se reanuda el hist\u00f3rico juicio por corrupci\u00f3n en el Vaticano - ElCanillita.Info\",\"isPartOf\":{\"@id\":\"https:\\\/\\\/elcanillita.info\\\/press\\\/#website\"},\"primaryImageOfPage\":{\"@id\":\"https:\\\/\\\/elcanillita.info\\\/press\\\/2022\\\/11\\\/25\\\/se-reanuda-el-historico-juicio-por-corrupcion-en-el-vaticano\\\/#primaryimage\"},\"image\":{\"@id\":\"https:\\\/\\\/elcanillita.info\\\/press\\\/2022\\\/11\\\/25\\\/se-reanuda-el-historico-juicio-por-corrupcion-en-el-vaticano\\\/#primaryimage\"},\"thumbnailUrl\":\"https:\\\/\\\/elcanillita.info\\\/press\\\/images\\\/2022\\\/11\\\/vat20221125_cover-1.jpg\",\"datePublished\":\"2022-11-25T13:01:49+00:00\",\"dateModified\":\"2022-11-25T13:49:37+00:00\",\"description\":\"Un juicio de 10 personas acusadas de delitos financieros en un tribunal del Vaticano, incluido el cardenal Angelo Becciu, se reanuda despu\u00e9s de que un juez principal ordenara a la fiscal\u00eda dar a la defensa m\u00e1s acceso a las pruebas.\",\"inLanguage\":\"es-AR\",\"potentialAction\":[{\"@type\":\"ReadAction\",\"target\":[\"https:\\\/\\\/elcanillita.info\\\/press\\\/2022\\\/11\\\/25\\\/se-reanuda-el-historico-juicio-por-corrupcion-en-el-vaticano\\\/\"]}]},{\"@type\":\"ImageObject\",\"inLanguage\":\"es-AR\",\"@id\":\"https:\\\/\\\/elcanillita.info\\\/press\\\/2022\\\/11\\\/25\\\/se-reanuda-el-historico-juicio-por-corrupcion-en-el-vaticano\\\/#primaryimage\",\"url\":\"https:\\\/\\\/elcanillita.info\\\/press\\\/images\\\/2022\\\/11\\\/vat20221125_cover-1.jpg\",\"contentUrl\":\"https:\\\/\\\/elcanillita.info\\\/press\\\/images\\\/2022\\\/11\\\/vat20221125_cover-1.jpg\",\"width\":600,\"height\":400},{\"@type\":\"WebSite\",\"@id\":\"https:\\\/\\\/elcanillita.info\\\/press\\\/#website\",\"url\":\"https:\\\/\\\/elcanillita.info\\\/press\\\/\",\"name\":\"ElCanillita.Info\",\"description\":\"desde los Apeninos a los Andes\",\"publisher\":{\"@id\":\"https:\\\/\\\/elcanillita.info\\\/press\\\/#organization\"},\"potentialAction\":[{\"@type\":\"SearchAction\",\"target\":{\"@type\":\"EntryPoint\",\"urlTemplate\":\"https:\\\/\\\/elcanillita.info\\\/press\\\/?s={search_term_string}\"},\"query-input\":{\"@type\":\"PropertyValueSpecification\",\"valueRequired\":true,\"valueName\":\"search_term_string\"}}],\"inLanguage\":\"es-AR\"},{\"@type\":\"Organization\",\"@id\":\"https:\\\/\\\/elcanillita.info\\\/press\\\/#organization\",\"name\":\"Guzzo Photos & Graphic Publications\",\"url\":\"https:\\\/\\\/elcanillita.info\\\/press\\\/\",\"logo\":{\"@type\":\"ImageObject\",\"inLanguage\":\"es-AR\",\"@id\":\"https:\\\/\\\/elcanillita.info\\\/press\\\/#\\\/schema\\\/logo\\\/image\\\/\",\"url\":\"https:\\\/\\\/elcanillita.info\\\/press\\\/images\\\/2020\\\/01\\\/cropped-cropped-cropped-elcanillitainfo.png\",\"contentUrl\":\"https:\\\/\\\/elcanillita.info\\\/press\\\/images\\\/2020\\\/01\\\/cropped-cropped-cropped-elcanillitainfo.png\",\"width\":460,\"height\":50,\"caption\":\"Guzzo Photos & Graphic Publications\"},\"image\":{\"@id\":\"https:\\\/\\\/elcanillita.info\\\/press\\\/#\\\/schema\\\/logo\\\/image\\\/\"},\"sameAs\":[\"https:\\\/\\\/ar-ar.facebook.com\\\/ElCanillitainfo-114249515285712\\\/\"]},{\"@type\":\"Person\",\"@id\":\"https:\\\/\\\/elcanillita.info\\\/press\\\/#\\\/schema\\\/person\\\/7fcb79f38045700919f7da6d97e71ba0\",\"name\":\"SalaStampa.eu, world press service\",\"image\":{\"@type\":\"ImageObject\",\"inLanguage\":\"es-AR\",\"@id\":\"https:\\\/\\\/secure.gravatar.com\\\/avatar\\\/c2f0e0d515a107624234994507816ca4724c7199cef73fc8bedebf6931d73888?s=96&d=mm&r=g\",\"url\":\"https:\\\/\\\/secure.gravatar.com\\\/avatar\\\/c2f0e0d515a107624234994507816ca4724c7199cef73fc8bedebf6931d73888?s=96&d=mm&r=g\",\"contentUrl\":\"https:\\\/\\\/secure.gravatar.com\\\/avatar\\\/c2f0e0d515a107624234994507816ca4724c7199cef73fc8bedebf6931d73888?s=96&d=mm&r=g\",\"caption\":\"SalaStampa.eu, world press service\"}}]}<\/script>\n<!-- \/ Yoast SEO plugin. -->","yoast_head_json":{"title":"Se reanuda el hist\u00f3rico juicio por corrupci\u00f3n en el Vaticano - ElCanillita.Info","description":"Un juicio de 10 personas acusadas de delitos financieros en un tribunal del Vaticano, incluido el cardenal Angelo Becciu, se reanuda despu\u00e9s de que un juez principal ordenara a la fiscal\u00eda dar a la defensa m\u00e1s acceso a las pruebas.","robots":{"index":"index","follow":"follow","max-snippet":"max-snippet:-1","max-image-preview":"max-image-preview:large","max-video-preview":"max-video-preview:-1"},"canonical":"https:\/\/elcanillita.info\/press\/2022\/11\/25\/se-reanuda-el-historico-juicio-por-corrupcion-en-el-vaticano\/","og_locale":"es_ES","og_type":"article","og_title":"Se reanuda el hist\u00f3rico juicio por corrupci\u00f3n en el Vaticano - ElCanillita.Info","og_description":"Un juicio de 10 personas acusadas de delitos financieros en un tribunal del Vaticano, incluido el cardenal Angelo Becciu, se reanuda despu\u00e9s de que un juez principal ordenara a la fiscal\u00eda dar a la defensa m\u00e1s acceso a las pruebas.","og_url":"https:\/\/elcanillita.info\/press\/2022\/11\/25\/se-reanuda-el-historico-juicio-por-corrupcion-en-el-vaticano\/","og_site_name":"ElCanillita.Info","article_publisher":"https:\/\/ar-ar.facebook.com\/ElCanillitainfo-114249515285712\/","article_published_time":"2022-11-25T13:01:49+00:00","article_modified_time":"2022-11-25T13:49:37+00:00","og_image":[{"width":600,"height":400,"url":"https:\/\/elcanillita.info\/press\/images\/2022\/11\/vat20221125_cover-1.jpg","type":"image\/jpeg"}],"author":"SalaStampa.eu, world press service","twitter_card":"summary_large_image","twitter_misc":{"Escrito por":"SalaStampa.eu, world press service","Tiempo de lectura":"3 minutos"},"schema":{"@context":"https:\/\/schema.org","@graph":[{"@type":"Article","@id":"https:\/\/elcanillita.info\/press\/2022\/11\/25\/se-reanuda-el-historico-juicio-por-corrupcion-en-el-vaticano\/#article","isPartOf":{"@id":"https:\/\/elcanillita.info\/press\/2022\/11\/25\/se-reanuda-el-historico-juicio-por-corrupcion-en-el-vaticano\/"},"author":{"name":"SalaStampa.eu, world press service","@id":"https:\/\/elcanillita.info\/press\/#\/schema\/person\/7fcb79f38045700919f7da6d97e71ba0"},"headline":"Se reanuda el hist\u00f3rico juicio por corrupci\u00f3n en el Vaticano","datePublished":"2022-11-25T13:01:49+00:00","dateModified":"2022-11-25T13:49:37+00:00","mainEntityOfPage":{"@id":"https:\/\/elcanillita.info\/press\/2022\/11\/25\/se-reanuda-el-historico-juicio-por-corrupcion-en-el-vaticano\/"},"wordCount":578,"publisher":{"@id":"https:\/\/elcanillita.info\/press\/#organization"},"image":{"@id":"https:\/\/elcanillita.info\/press\/2022\/11\/25\/se-reanuda-el-historico-juicio-por-corrupcion-en-el-vaticano\/#primaryimage"},"thumbnailUrl":"https:\/\/elcanillita.info\/press\/images\/2022\/11\/vat20221125_cover-1.jpg","keywords":["Ciudad del Vaticano"],"articleSection":[".","Actualidad","Europa","Justicia"],"inLanguage":"es-AR"},{"@type":"WebPage","@id":"https:\/\/elcanillita.info\/press\/2022\/11\/25\/se-reanuda-el-historico-juicio-por-corrupcion-en-el-vaticano\/","url":"https:\/\/elcanillita.info\/press\/2022\/11\/25\/se-reanuda-el-historico-juicio-por-corrupcion-en-el-vaticano\/","name":"Se reanuda el hist\u00f3rico juicio por corrupci\u00f3n en el Vaticano - ElCanillita.Info","isPartOf":{"@id":"https:\/\/elcanillita.info\/press\/#website"},"primaryImageOfPage":{"@id":"https:\/\/elcanillita.info\/press\/2022\/11\/25\/se-reanuda-el-historico-juicio-por-corrupcion-en-el-vaticano\/#primaryimage"},"image":{"@id":"https:\/\/elcanillita.info\/press\/2022\/11\/25\/se-reanuda-el-historico-juicio-por-corrupcion-en-el-vaticano\/#primaryimage"},"thumbnailUrl":"https:\/\/elcanillita.info\/press\/images\/2022\/11\/vat20221125_cover-1.jpg","datePublished":"2022-11-25T13:01:49+00:00","dateModified":"2022-11-25T13:49:37+00:00","description":"Un juicio de 10 personas acusadas de delitos financieros en un tribunal del Vaticano, incluido el cardenal Angelo Becciu, se reanuda despu\u00e9s de que un juez principal ordenara a la fiscal\u00eda dar a la defensa m\u00e1s acceso a las pruebas.","inLanguage":"es-AR","potentialAction":[{"@type":"ReadAction","target":["https:\/\/elcanillita.info\/press\/2022\/11\/25\/se-reanuda-el-historico-juicio-por-corrupcion-en-el-vaticano\/"]}]},{"@type":"ImageObject","inLanguage":"es-AR","@id":"https:\/\/elcanillita.info\/press\/2022\/11\/25\/se-reanuda-el-historico-juicio-por-corrupcion-en-el-vaticano\/#primaryimage","url":"https:\/\/elcanillita.info\/press\/images\/2022\/11\/vat20221125_cover-1.jpg","contentUrl":"https:\/\/elcanillita.info\/press\/images\/2022\/11\/vat20221125_cover-1.jpg","width":600,"height":400},{"@type":"WebSite","@id":"https:\/\/elcanillita.info\/press\/#website","url":"https:\/\/elcanillita.info\/press\/","name":"ElCanillita.Info","description":"desde los Apeninos a los Andes","publisher":{"@id":"https:\/\/elcanillita.info\/press\/#organization"},"potentialAction":[{"@type":"SearchAction","target":{"@type":"EntryPoint","urlTemplate":"https:\/\/elcanillita.info\/press\/?s={search_term_string}"},"query-input":{"@type":"PropertyValueSpecification","valueRequired":true,"valueName":"search_term_string"}}],"inLanguage":"es-AR"},{"@type":"Organization","@id":"https:\/\/elcanillita.info\/press\/#organization","name":"Guzzo Photos & Graphic Publications","url":"https:\/\/elcanillita.info\/press\/","logo":{"@type":"ImageObject","inLanguage":"es-AR","@id":"https:\/\/elcanillita.info\/press\/#\/schema\/logo\/image\/","url":"https:\/\/elcanillita.info\/press\/images\/2020\/01\/cropped-cropped-cropped-elcanillitainfo.png","contentUrl":"https:\/\/elcanillita.info\/press\/images\/2020\/01\/cropped-cropped-cropped-elcanillitainfo.png","width":460,"height":50,"caption":"Guzzo Photos & Graphic Publications"},"image":{"@id":"https:\/\/elcanillita.info\/press\/#\/schema\/logo\/image\/"},"sameAs":["https:\/\/ar-ar.facebook.com\/ElCanillitainfo-114249515285712\/"]},{"@type":"Person","@id":"https:\/\/elcanillita.info\/press\/#\/schema\/person\/7fcb79f38045700919f7da6d97e71ba0","name":"SalaStampa.eu, world press service","image":{"@type":"ImageObject","inLanguage":"es-AR","@id":"https:\/\/secure.gravatar.com\/avatar\/c2f0e0d515a107624234994507816ca4724c7199cef73fc8bedebf6931d73888?s=96&d=mm&r=g","url":"https:\/\/secure.gravatar.com\/avatar\/c2f0e0d515a107624234994507816ca4724c7199cef73fc8bedebf6931d73888?s=96&d=mm&r=g","contentUrl":"https:\/\/secure.gravatar.com\/avatar\/c2f0e0d515a107624234994507816ca4724c7199cef73fc8bedebf6931d73888?s=96&d=mm&r=g","caption":"SalaStampa.eu, world press service"}}]}},"views":469,"_links":{"self":[{"href":"https:\/\/elcanillita.info\/press\/wp-json\/wp\/v2\/posts\/3130","targetHints":{"allow":["GET"]}}],"collection":[{"href":"https:\/\/elcanillita.info\/press\/wp-json\/wp\/v2\/posts"}],"about":[{"href":"https:\/\/elcanillita.info\/press\/wp-json\/wp\/v2\/types\/post"}],"author":[{"embeddable":true,"href":"https:\/\/elcanillita.info\/press\/wp-json\/wp\/v2\/users\/1"}],"replies":[{"embeddable":true,"href":"https:\/\/elcanillita.info\/press\/wp-json\/wp\/v2\/comments?post=3130"}],"version-history":[{"count":0,"href":"https:\/\/elcanillita.info\/press\/wp-json\/wp\/v2\/posts\/3130\/revisions"}],"wp:featuredmedia":[{"embeddable":true,"href":"https:\/\/elcanillita.info\/press\/wp-json\/wp\/v2\/media\/3131"}],"wp:attachment":[{"href":"https:\/\/elcanillita.info\/press\/wp-json\/wp\/v2\/media?parent=3130"}],"wp:term":[{"taxonomy":"category","embeddable":true,"href":"https:\/\/elcanillita.info\/press\/wp-json\/wp\/v2\/categories?post=3130"},{"taxonomy":"post_tag","embeddable":true,"href":"https:\/\/elcanillita.info\/press\/wp-json\/wp\/v2\/tags?post=3130"}],"curies":[{"name":"wp","href":"https:\/\/api.w.org\/{rel}","templated":true}]}}