{"id":3117,"date":"2022-11-21T08:49:14","date_gmt":"2022-11-21T11:49:14","guid":{"rendered":"https:\/\/elcanillita.info\/press\/?p=3117"},"modified":"2022-11-21T11:10:15","modified_gmt":"2022-11-21T14:10:15","slug":"uigures-un-genocidio-cultural","status":"publish","type":"post","link":"https:\/\/elcanillita.info\/press\/2022\/11\/21\/uigures-un-genocidio-cultural\/","title":{"rendered":"Uigures, un genocidio cultural"},"content":{"rendered":"\n<figure class=\"wp-block-video\"><video controls src=\"http:\/\/elcanillita.info\/press\/images\/2022\/11\/Uiguri_20221118.mp4\"><\/video><\/figure>\n\n\n\n<p>Los uigures son un grupo \u00e9tnico de habla turca de religi\u00f3n isl\u00e1mica que vive en el noroeste de China , especialmente en la regi\u00f3n aut\u00f3noma de Xinjiang , junto con la etnia china Han . Los uigures constituyen la mayor\u00eda relativa de la poblaci\u00f3n de la regi\u00f3n (46%).<\/p>\n\n\n\n<p>Otro grupo de uigures vive en el condado de Taoyuan de la provincia de Hunan (centro-sur de China). Los uigures forman uno de los 56 grupos \u00e9tnicos oficialmente reconocidos en China. En el \u00faltimo decenio hay fuertes cr\u00edticas de la comunidad internacional con respecto al Genocidio Cultural Uigur. Fuera de China, existen importantes comunidades de la di\u00e1spora uigur en pa\u00edses de Asia Central de Kazajst\u00e1n, Kirguist\u00e1n y Uzbekist\u00e1n, y en Turqu\u00eda. Las comunidades m\u00e1s peque\u00f1as se encuentran en Afganist\u00e1n, Pakist\u00e1n, Alemania, B\u00e9lgica, los Pa\u00edses Bajos, Noruega, Suecia, Rusia, Arabia Saudita, Australia, Canad\u00e1 y los Estados Unidos.<\/p>\n\n\n\n<p>Adem\u00e1s, otra minor\u00eda \u00e9tnica china, los iugures, desciende del mismo linaje que los uigures. Tienen caracter\u00edsticas f\u00edsicas bastante diversificadas, presentando tanto rasgos puramente europeos como rasgos de Oriente Medio y Asia.<\/p>\n\n\n\n<p>Este documental ilustra aspectos poco conocidos de la pol\u00edtica interna del gobierno chino, que un d\u00eda puede decidir aplicar la misma filosof\u00eda tambi\u00e9n en el exterior.<br><br><small>Copyright \u00a9 2022 ARTE &#8211; SalaStampa.Eu \u2013 Derechos Reservados<\/small><\/p>\n","protected":false},"excerpt":{"rendered":"<p>Este documental ilustra aspectos poco conocidos de la pol\u00edtica interna del gobierno chino, que un d\u00eda puede decidir aplicar la misma filosof\u00eda tambi\u00e9n en el exterior.<\/p>\n","protected":false},"author":1,"featured_media":3118,"comment_status":"closed","ping_status":"closed","sticky":false,"template":"","format":"standard","meta":{"footnotes":"","_links_to":"","_links_to_target":""},"categories":[108,70,16,12,47,23],"tags":[55],"class_list":["post-3117","post","type-post","status-publish","format-standard","has-post-thumbnail","hentry","category-blogdiario","category-actualidad","category-asia","category-audiovisuales","category-etiologia","category-politica","tag-china","entry","double"],"yoast_head":"<!-- This site is optimized with the Yoast SEO plugin v27.4 - https:\/\/yoast.com\/product\/yoast-seo-wordpress\/ -->\n<title>Uigures, un genocidio cultural - ElCanillita.Info<\/title>\n<meta name=\"description\" content=\"Los uigures son un grupo \u00e9tnico de habla turca de religi\u00f3n isl\u00e1mica que vive en el noroeste de China , especialmente en la regi\u00f3n aut\u00f3noma de Xinjiang , junto con la etnia china Han . Los uigures constituyen la mayor\u00eda relativa de la poblaci\u00f3n de la regi\u00f3n (46%).\" \/>\n<meta name=\"robots\" content=\"index, follow, max-snippet:-1, max-image-preview:large, max-video-preview:-1\" \/>\n<link rel=\"canonical\" href=\"https:\/\/elcanillita.info\/press\/2022\/11\/21\/uigures-un-genocidio-cultural\/\" \/>\n<meta property=\"og:locale\" content=\"es_ES\" \/>\n<meta property=\"og:type\" content=\"article\" \/>\n<meta property=\"og:title\" content=\"Uigures, un genocidio cultural - ElCanillita.Info\" \/>\n<meta property=\"og:description\" content=\"Los uigures son un grupo \u00e9tnico de habla turca de religi\u00f3n isl\u00e1mica que vive en el noroeste de China , especialmente en la regi\u00f3n aut\u00f3noma de Xinjiang , junto con la etnia china Han . Los uigures constituyen la mayor\u00eda relativa de la poblaci\u00f3n de la regi\u00f3n (46%).\" \/>\n<meta property=\"og:url\" content=\"https:\/\/elcanillita.info\/press\/2022\/11\/21\/uigures-un-genocidio-cultural\/\" \/>\n<meta property=\"og:site_name\" content=\"ElCanillita.Info\" \/>\n<meta property=\"article:publisher\" content=\"https:\/\/ar-ar.facebook.com\/ElCanillitainfo-114249515285712\/\" \/>\n<meta property=\"article:published_time\" content=\"2022-11-21T11:49:14+00:00\" \/>\n<meta property=\"article:modified_time\" content=\"2022-11-21T14:10:15+00:00\" \/>\n<meta property=\"og:image\" content=\"https:\/\/elcanillita.info\/press\/images\/2022\/11\/iuguri-campo-rieducazione-cina.jpg\" \/>\n\t<meta property=\"og:image:width\" content=\"700\" \/>\n\t<meta property=\"og:image:height\" content=\"386\" \/>\n\t<meta property=\"og:image:type\" content=\"image\/jpeg\" \/>\n<meta name=\"author\" content=\"SalaStampa.eu, world press service\" \/>\n<meta name=\"twitter:card\" content=\"summary_large_image\" \/>\n<meta name=\"twitter:label1\" content=\"Escrito por\" \/>\n\t<meta name=\"twitter:data1\" content=\"SalaStampa.eu, world press service\" \/>\n\t<meta name=\"twitter:label2\" content=\"Tiempo de lectura\" \/>\n\t<meta name=\"twitter:data2\" content=\"1 minuto\" \/>\n<script type=\"application\/ld+json\" class=\"yoast-schema-graph\">{\"@context\":\"https:\\\/\\\/schema.org\",\"@graph\":[{\"@type\":\"Article\",\"@id\":\"https:\\\/\\\/elcanillita.info\\\/press\\\/2022\\\/11\\\/21\\\/uigures-un-genocidio-cultural\\\/#article\",\"isPartOf\":{\"@id\":\"https:\\\/\\\/elcanillita.info\\\/press\\\/2022\\\/11\\\/21\\\/uigures-un-genocidio-cultural\\\/\"},\"author\":{\"name\":\"SalaStampa.eu, world press service\",\"@id\":\"https:\\\/\\\/elcanillita.info\\\/press\\\/#\\\/schema\\\/person\\\/7fcb79f38045700919f7da6d97e71ba0\"},\"headline\":\"Uigures, un genocidio cultural\",\"datePublished\":\"2022-11-21T11:49:14+00:00\",\"dateModified\":\"2022-11-21T14:10:15+00:00\",\"mainEntityOfPage\":{\"@id\":\"https:\\\/\\\/elcanillita.info\\\/press\\\/2022\\\/11\\\/21\\\/uigures-un-genocidio-cultural\\\/\"},\"wordCount\":235,\"publisher\":{\"@id\":\"https:\\\/\\\/elcanillita.info\\\/press\\\/#organization\"},\"image\":{\"@id\":\"https:\\\/\\\/elcanillita.info\\\/press\\\/2022\\\/11\\\/21\\\/uigures-un-genocidio-cultural\\\/#primaryimage\"},\"thumbnailUrl\":\"https:\\\/\\\/elcanillita.info\\\/press\\\/images\\\/2022\\\/11\\\/iuguri-campo-rieducazione-cina.jpg\",\"keywords\":[\"China\"],\"articleSection\":[\".\",\"Actualidad\",\"Asia\",\"audiovisuales\",\"Etiologia\",\"Politica\"],\"inLanguage\":\"es-AR\"},{\"@type\":\"WebPage\",\"@id\":\"https:\\\/\\\/elcanillita.info\\\/press\\\/2022\\\/11\\\/21\\\/uigures-un-genocidio-cultural\\\/\",\"url\":\"https:\\\/\\\/elcanillita.info\\\/press\\\/2022\\\/11\\\/21\\\/uigures-un-genocidio-cultural\\\/\",\"name\":\"Uigures, un genocidio cultural - ElCanillita.Info\",\"isPartOf\":{\"@id\":\"https:\\\/\\\/elcanillita.info\\\/press\\\/#website\"},\"primaryImageOfPage\":{\"@id\":\"https:\\\/\\\/elcanillita.info\\\/press\\\/2022\\\/11\\\/21\\\/uigures-un-genocidio-cultural\\\/#primaryimage\"},\"image\":{\"@id\":\"https:\\\/\\\/elcanillita.info\\\/press\\\/2022\\\/11\\\/21\\\/uigures-un-genocidio-cultural\\\/#primaryimage\"},\"thumbnailUrl\":\"https:\\\/\\\/elcanillita.info\\\/press\\\/images\\\/2022\\\/11\\\/iuguri-campo-rieducazione-cina.jpg\",\"datePublished\":\"2022-11-21T11:49:14+00:00\",\"dateModified\":\"2022-11-21T14:10:15+00:00\",\"description\":\"Los uigures son un grupo \u00e9tnico de habla turca de religi\u00f3n isl\u00e1mica que vive en el noroeste de China , especialmente en la regi\u00f3n aut\u00f3noma de Xinjiang , junto con la etnia china Han . Los uigures constituyen la mayor\u00eda relativa de la poblaci\u00f3n de la regi\u00f3n (46%).\",\"inLanguage\":\"es-AR\",\"potentialAction\":[{\"@type\":\"ReadAction\",\"target\":[\"https:\\\/\\\/elcanillita.info\\\/press\\\/2022\\\/11\\\/21\\\/uigures-un-genocidio-cultural\\\/\"]}]},{\"@type\":\"ImageObject\",\"inLanguage\":\"es-AR\",\"@id\":\"https:\\\/\\\/elcanillita.info\\\/press\\\/2022\\\/11\\\/21\\\/uigures-un-genocidio-cultural\\\/#primaryimage\",\"url\":\"https:\\\/\\\/elcanillita.info\\\/press\\\/images\\\/2022\\\/11\\\/iuguri-campo-rieducazione-cina.jpg\",\"contentUrl\":\"https:\\\/\\\/elcanillita.info\\\/press\\\/images\\\/2022\\\/11\\\/iuguri-campo-rieducazione-cina.jpg\",\"width\":700,\"height\":386},{\"@type\":\"WebSite\",\"@id\":\"https:\\\/\\\/elcanillita.info\\\/press\\\/#website\",\"url\":\"https:\\\/\\\/elcanillita.info\\\/press\\\/\",\"name\":\"ElCanillita.Info\",\"description\":\"desde los Apeninos a los Andes\",\"publisher\":{\"@id\":\"https:\\\/\\\/elcanillita.info\\\/press\\\/#organization\"},\"potentialAction\":[{\"@type\":\"SearchAction\",\"target\":{\"@type\":\"EntryPoint\",\"urlTemplate\":\"https:\\\/\\\/elcanillita.info\\\/press\\\/?s={search_term_string}\"},\"query-input\":{\"@type\":\"PropertyValueSpecification\",\"valueRequired\":true,\"valueName\":\"search_term_string\"}}],\"inLanguage\":\"es-AR\"},{\"@type\":\"Organization\",\"@id\":\"https:\\\/\\\/elcanillita.info\\\/press\\\/#organization\",\"name\":\"Guzzo Photos & Graphic Publications\",\"url\":\"https:\\\/\\\/elcanillita.info\\\/press\\\/\",\"logo\":{\"@type\":\"ImageObject\",\"inLanguage\":\"es-AR\",\"@id\":\"https:\\\/\\\/elcanillita.info\\\/press\\\/#\\\/schema\\\/logo\\\/image\\\/\",\"url\":\"https:\\\/\\\/elcanillita.info\\\/press\\\/images\\\/2020\\\/01\\\/cropped-cropped-cropped-elcanillitainfo.png\",\"contentUrl\":\"https:\\\/\\\/elcanillita.info\\\/press\\\/images\\\/2020\\\/01\\\/cropped-cropped-cropped-elcanillitainfo.png\",\"width\":460,\"height\":50,\"caption\":\"Guzzo Photos & Graphic Publications\"},\"image\":{\"@id\":\"https:\\\/\\\/elcanillita.info\\\/press\\\/#\\\/schema\\\/logo\\\/image\\\/\"},\"sameAs\":[\"https:\\\/\\\/ar-ar.facebook.com\\\/ElCanillitainfo-114249515285712\\\/\"]},{\"@type\":\"Person\",\"@id\":\"https:\\\/\\\/elcanillita.info\\\/press\\\/#\\\/schema\\\/person\\\/7fcb79f38045700919f7da6d97e71ba0\",\"name\":\"SalaStampa.eu, world press service\",\"image\":{\"@type\":\"ImageObject\",\"inLanguage\":\"es-AR\",\"@id\":\"https:\\\/\\\/secure.gravatar.com\\\/avatar\\\/c2f0e0d515a107624234994507816ca4724c7199cef73fc8bedebf6931d73888?s=96&d=mm&r=g\",\"url\":\"https:\\\/\\\/secure.gravatar.com\\\/avatar\\\/c2f0e0d515a107624234994507816ca4724c7199cef73fc8bedebf6931d73888?s=96&d=mm&r=g\",\"contentUrl\":\"https:\\\/\\\/secure.gravatar.com\\\/avatar\\\/c2f0e0d515a107624234994507816ca4724c7199cef73fc8bedebf6931d73888?s=96&d=mm&r=g\",\"caption\":\"SalaStampa.eu, world press service\"}}]}<\/script>\n<!-- \/ Yoast SEO plugin. -->","yoast_head_json":{"title":"Uigures, un genocidio cultural - ElCanillita.Info","description":"Los uigures son un grupo \u00e9tnico de habla turca de religi\u00f3n isl\u00e1mica que vive en el noroeste de China , especialmente en la regi\u00f3n aut\u00f3noma de Xinjiang , junto con la etnia china Han . Los uigures constituyen la mayor\u00eda relativa de la poblaci\u00f3n de la regi\u00f3n (46%).","robots":{"index":"index","follow":"follow","max-snippet":"max-snippet:-1","max-image-preview":"max-image-preview:large","max-video-preview":"max-video-preview:-1"},"canonical":"https:\/\/elcanillita.info\/press\/2022\/11\/21\/uigures-un-genocidio-cultural\/","og_locale":"es_ES","og_type":"article","og_title":"Uigures, un genocidio cultural - ElCanillita.Info","og_description":"Los uigures son un grupo \u00e9tnico de habla turca de religi\u00f3n isl\u00e1mica que vive en el noroeste de China , especialmente en la regi\u00f3n aut\u00f3noma de Xinjiang , junto con la etnia china Han . Los uigures constituyen la mayor\u00eda relativa de la poblaci\u00f3n de la regi\u00f3n (46%).","og_url":"https:\/\/elcanillita.info\/press\/2022\/11\/21\/uigures-un-genocidio-cultural\/","og_site_name":"ElCanillita.Info","article_publisher":"https:\/\/ar-ar.facebook.com\/ElCanillitainfo-114249515285712\/","article_published_time":"2022-11-21T11:49:14+00:00","article_modified_time":"2022-11-21T14:10:15+00:00","og_image":[{"width":700,"height":386,"url":"https:\/\/elcanillita.info\/press\/images\/2022\/11\/iuguri-campo-rieducazione-cina.jpg","type":"image\/jpeg"}],"author":"SalaStampa.eu, world press service","twitter_card":"summary_large_image","twitter_misc":{"Escrito por":"SalaStampa.eu, world press service","Tiempo de lectura":"1 minuto"},"schema":{"@context":"https:\/\/schema.org","@graph":[{"@type":"Article","@id":"https:\/\/elcanillita.info\/press\/2022\/11\/21\/uigures-un-genocidio-cultural\/#article","isPartOf":{"@id":"https:\/\/elcanillita.info\/press\/2022\/11\/21\/uigures-un-genocidio-cultural\/"},"author":{"name":"SalaStampa.eu, world press service","@id":"https:\/\/elcanillita.info\/press\/#\/schema\/person\/7fcb79f38045700919f7da6d97e71ba0"},"headline":"Uigures, un genocidio cultural","datePublished":"2022-11-21T11:49:14+00:00","dateModified":"2022-11-21T14:10:15+00:00","mainEntityOfPage":{"@id":"https:\/\/elcanillita.info\/press\/2022\/11\/21\/uigures-un-genocidio-cultural\/"},"wordCount":235,"publisher":{"@id":"https:\/\/elcanillita.info\/press\/#organization"},"image":{"@id":"https:\/\/elcanillita.info\/press\/2022\/11\/21\/uigures-un-genocidio-cultural\/#primaryimage"},"thumbnailUrl":"https:\/\/elcanillita.info\/press\/images\/2022\/11\/iuguri-campo-rieducazione-cina.jpg","keywords":["China"],"articleSection":[".","Actualidad","Asia","audiovisuales","Etiologia","Politica"],"inLanguage":"es-AR"},{"@type":"WebPage","@id":"https:\/\/elcanillita.info\/press\/2022\/11\/21\/uigures-un-genocidio-cultural\/","url":"https:\/\/elcanillita.info\/press\/2022\/11\/21\/uigures-un-genocidio-cultural\/","name":"Uigures, un genocidio cultural - ElCanillita.Info","isPartOf":{"@id":"https:\/\/elcanillita.info\/press\/#website"},"primaryImageOfPage":{"@id":"https:\/\/elcanillita.info\/press\/2022\/11\/21\/uigures-un-genocidio-cultural\/#primaryimage"},"image":{"@id":"https:\/\/elcanillita.info\/press\/2022\/11\/21\/uigures-un-genocidio-cultural\/#primaryimage"},"thumbnailUrl":"https:\/\/elcanillita.info\/press\/images\/2022\/11\/iuguri-campo-rieducazione-cina.jpg","datePublished":"2022-11-21T11:49:14+00:00","dateModified":"2022-11-21T14:10:15+00:00","description":"Los uigures son un grupo \u00e9tnico de habla turca de religi\u00f3n isl\u00e1mica que vive en el noroeste de China , especialmente en la regi\u00f3n aut\u00f3noma de Xinjiang , junto con la etnia china Han . Los uigures constituyen la mayor\u00eda relativa de la poblaci\u00f3n de la regi\u00f3n (46%).","inLanguage":"es-AR","potentialAction":[{"@type":"ReadAction","target":["https:\/\/elcanillita.info\/press\/2022\/11\/21\/uigures-un-genocidio-cultural\/"]}]},{"@type":"ImageObject","inLanguage":"es-AR","@id":"https:\/\/elcanillita.info\/press\/2022\/11\/21\/uigures-un-genocidio-cultural\/#primaryimage","url":"https:\/\/elcanillita.info\/press\/images\/2022\/11\/iuguri-campo-rieducazione-cina.jpg","contentUrl":"https:\/\/elcanillita.info\/press\/images\/2022\/11\/iuguri-campo-rieducazione-cina.jpg","width":700,"height":386},{"@type":"WebSite","@id":"https:\/\/elcanillita.info\/press\/#website","url":"https:\/\/elcanillita.info\/press\/","name":"ElCanillita.Info","description":"desde los Apeninos a los Andes","publisher":{"@id":"https:\/\/elcanillita.info\/press\/#organization"},"potentialAction":[{"@type":"SearchAction","target":{"@type":"EntryPoint","urlTemplate":"https:\/\/elcanillita.info\/press\/?s={search_term_string}"},"query-input":{"@type":"PropertyValueSpecification","valueRequired":true,"valueName":"search_term_string"}}],"inLanguage":"es-AR"},{"@type":"Organization","@id":"https:\/\/elcanillita.info\/press\/#organization","name":"Guzzo Photos & Graphic Publications","url":"https:\/\/elcanillita.info\/press\/","logo":{"@type":"ImageObject","inLanguage":"es-AR","@id":"https:\/\/elcanillita.info\/press\/#\/schema\/logo\/image\/","url":"https:\/\/elcanillita.info\/press\/images\/2020\/01\/cropped-cropped-cropped-elcanillitainfo.png","contentUrl":"https:\/\/elcanillita.info\/press\/images\/2020\/01\/cropped-cropped-cropped-elcanillitainfo.png","width":460,"height":50,"caption":"Guzzo Photos & Graphic Publications"},"image":{"@id":"https:\/\/elcanillita.info\/press\/#\/schema\/logo\/image\/"},"sameAs":["https:\/\/ar-ar.facebook.com\/ElCanillitainfo-114249515285712\/"]},{"@type":"Person","@id":"https:\/\/elcanillita.info\/press\/#\/schema\/person\/7fcb79f38045700919f7da6d97e71ba0","name":"SalaStampa.eu, world press service","image":{"@type":"ImageObject","inLanguage":"es-AR","@id":"https:\/\/secure.gravatar.com\/avatar\/c2f0e0d515a107624234994507816ca4724c7199cef73fc8bedebf6931d73888?s=96&d=mm&r=g","url":"https:\/\/secure.gravatar.com\/avatar\/c2f0e0d515a107624234994507816ca4724c7199cef73fc8bedebf6931d73888?s=96&d=mm&r=g","contentUrl":"https:\/\/secure.gravatar.com\/avatar\/c2f0e0d515a107624234994507816ca4724c7199cef73fc8bedebf6931d73888?s=96&d=mm&r=g","caption":"SalaStampa.eu, world press service"}}]}},"views":614,"_links":{"self":[{"href":"https:\/\/elcanillita.info\/press\/wp-json\/wp\/v2\/posts\/3117","targetHints":{"allow":["GET"]}}],"collection":[{"href":"https:\/\/elcanillita.info\/press\/wp-json\/wp\/v2\/posts"}],"about":[{"href":"https:\/\/elcanillita.info\/press\/wp-json\/wp\/v2\/types\/post"}],"author":[{"embeddable":true,"href":"https:\/\/elcanillita.info\/press\/wp-json\/wp\/v2\/users\/1"}],"replies":[{"embeddable":true,"href":"https:\/\/elcanillita.info\/press\/wp-json\/wp\/v2\/comments?post=3117"}],"version-history":[{"count":0,"href":"https:\/\/elcanillita.info\/press\/wp-json\/wp\/v2\/posts\/3117\/revisions"}],"wp:featuredmedia":[{"embeddable":true,"href":"https:\/\/elcanillita.info\/press\/wp-json\/wp\/v2\/media\/3118"}],"wp:attachment":[{"href":"https:\/\/elcanillita.info\/press\/wp-json\/wp\/v2\/media?parent=3117"}],"wp:term":[{"taxonomy":"category","embeddable":true,"href":"https:\/\/elcanillita.info\/press\/wp-json\/wp\/v2\/categories?post=3117"},{"taxonomy":"post_tag","embeddable":true,"href":"https:\/\/elcanillita.info\/press\/wp-json\/wp\/v2\/tags?post=3117"}],"curies":[{"name":"wp","href":"https:\/\/api.w.org\/{rel}","templated":true}]}}