{"id":311,"date":"2020-02-04T05:48:35","date_gmt":"2020-02-04T08:48:35","guid":{"rendered":"https:\/\/elcanillita.info\/press\/?p=311"},"modified":"2020-02-04T05:48:37","modified_gmt":"2020-02-04T08:48:37","slug":"kozak-viaja-mexico-guatemala-agenda-economica-migratoria","status":"publish","type":"post","link":"https:\/\/elcanillita.info\/press\/2020\/02\/04\/kozak-viaja-mexico-guatemala-agenda-economica-migratoria\/","title":{"rendered":"Kozak viaja a M\u00e9xico y Guatemala con agenda econ\u00f3mica y migratoria"},"content":{"rendered":"\n<p>Washington, 04.02.2020 &#8211; El subsecretario interino de Estado para Asuntos del Hemisferio Occidental de EE.UU., Michael Kozak, anunci\u00f3 este lunes un viaje por pa\u00edses de Am\u00e9rica Latina enfocado en la prosperidad econ\u00f3mica y el tema migratorio.<\/p>\n\n\n\n<p>A trav\u00e9s de un comunicado, el Departamento de Estado inform\u00f3 que el viaje -de 4 d\u00edas- comenzar\u00e1 este martes 4 de febrero en Ciudad de M\u00e9xico. En el vecino pa\u00eds, Kozak se reunir\u00e1 con el canciller mexicano Marcelo Ebrard para conversar entre otras cosas sobre \u201cla prosperidad econ\u00f3mica\u201d en el marco del Acuerdo entre Estados Unidos, M\u00e9xico y Canad\u00e1, la \u201ccooperaci\u00f3n bilateral en temas migratorios\u201d y las acciones contra el narcotr\u00e1fico.<\/p>\n\n\n\n<p>Para el 6 de febrero, el subsecretario interino viajar\u00e1 a Ciudad de Guatemala, donde se reunir\u00e1 con el canciller&nbsp;Pedro Brolo, y ser\u00e1 recibido por el presidente Alejandro Giammattei. En la agenda hay temas como la lucha contra la corrupci\u00f3n, la lucha contra la migraci\u00f3n ilegal y la promoci\u00f3n del crecimiento econ\u00f3mico, seg\u00fan indica el texto.<\/p>\n\n\n\n<p>En ambas paradas Kozak tambi\u00e9n se reunir\u00e1 con el sector privado y personal de la embajada estadounidense.<\/p>\n\n\n\n<p>En su cuenta de Twitter, el funcionario asegur\u00f3 que estar \u201centusiasmado\u201d por su viaje \u201cpara promover la prosperidad regional, la seguridad y la gobernanza democr\u00e1tica\u201d.<br>\nUno de los \u00faltimos viajes del subsecretario interino fue en diciembre a Bogot\u00e1, Colombia, para reuni\u00f3n del \u00d3rgano de Consulta del Tratado Interamericano de Asistencia Rec\u00edproca (TIAR).<\/p>\n\n\n\n<p>El viaje se da despu\u00e9s de que la primera caravana importante de inmigrantes del a\u00f1o saliera de Honduras y ya se encuentre en M\u00e9xico.&nbsp;<br><br><small>2020 voanoticias \u2013 salastampa.eu, afiliada a la red Broadcasting Board of Governors \u00a9 2020 BBG<\/small><\/p>\n","protected":false},"excerpt":{"rendered":"<p>Washington, 04.02.2020 &#8211; El subsecretario interino de Estado para Asuntos del Hemisferio Occidental de EE.UU., Michael Kozak, anunci\u00f3 este lunes un viaje por pa\u00edses de Am\u00e9rica Latina enfocado en la prosperidad econ\u00f3mica y el tema migratorio.<\/p>\n","protected":false},"author":1,"featured_media":0,"comment_status":"closed","ping_status":"closed","sticky":false,"template":"","format":"standard","meta":{"footnotes":"","_links_to":"","_links_to_target":""},"categories":[70,9,23],"tags":[34],"class_list":["post-311","post","type-post","status-publish","format-standard","hentry","category-actualidad","category-america-del-norte","category-politica","tag-estados-unidos","entry","double"],"yoast_head":"<!-- This site is optimized with the Yoast SEO plugin v27.5 - https:\/\/yoast.com\/product\/yoast-seo-wordpress\/ -->\n<title>Kozak viaja a M\u00e9xico y Guatemala con agenda econ\u00f3mica y migratoria - ElCanillita.Info<\/title>\n<meta name=\"robots\" content=\"index, follow, max-snippet:-1, max-image-preview:large, max-video-preview:-1\" \/>\n<link rel=\"canonical\" href=\"https:\/\/elcanillita.info\/press\/2020\/02\/04\/kozak-viaja-mexico-guatemala-agenda-economica-migratoria\/\" \/>\n<meta property=\"og:locale\" content=\"es_ES\" \/>\n<meta property=\"og:type\" content=\"article\" \/>\n<meta property=\"og:title\" content=\"Kozak viaja a M\u00e9xico y Guatemala con agenda econ\u00f3mica y migratoria - ElCanillita.Info\" \/>\n<meta property=\"og:description\" content=\"Washington, 04.02.2020 - El subsecretario interino de Estado para Asuntos del Hemisferio Occidental de EE.UU., Michael Kozak, anunci\u00f3 este lunes un viaje por pa\u00edses de Am\u00e9rica Latina enfocado en la prosperidad econ\u00f3mica y el tema migratorio.\" \/>\n<meta property=\"og:url\" content=\"https:\/\/elcanillita.info\/press\/2020\/02\/04\/kozak-viaja-mexico-guatemala-agenda-economica-migratoria\/\" \/>\n<meta property=\"og:site_name\" content=\"ElCanillita.Info\" \/>\n<meta property=\"article:publisher\" content=\"https:\/\/ar-ar.facebook.com\/ElCanillitainfo-114249515285712\/\" \/>\n<meta property=\"article:published_time\" content=\"2020-02-04T08:48:35+00:00\" \/>\n<meta property=\"article:modified_time\" content=\"2020-02-04T08:48:37+00:00\" \/>\n<meta name=\"author\" content=\"SalaStampa.eu, world press service\" \/>\n<meta name=\"twitter:card\" content=\"summary_large_image\" \/>\n<meta name=\"twitter:label1\" content=\"Escrito por\" \/>\n\t<meta name=\"twitter:data1\" content=\"SalaStampa.eu, world press service\" \/>\n\t<meta name=\"twitter:label2\" content=\"Tiempo de lectura\" \/>\n\t<meta name=\"twitter:data2\" content=\"1 minuto\" \/>\n<script type=\"application\/ld+json\" class=\"yoast-schema-graph\">{\"@context\":\"https:\\\/\\\/schema.org\",\"@graph\":[{\"@type\":\"Article\",\"@id\":\"https:\\\/\\\/elcanillita.info\\\/press\\\/2020\\\/02\\\/04\\\/kozak-viaja-mexico-guatemala-agenda-economica-migratoria\\\/#article\",\"isPartOf\":{\"@id\":\"https:\\\/\\\/elcanillita.info\\\/press\\\/2020\\\/02\\\/04\\\/kozak-viaja-mexico-guatemala-agenda-economica-migratoria\\\/\"},\"author\":{\"name\":\"SalaStampa.eu, world press service\",\"@id\":\"https:\\\/\\\/elcanillita.info\\\/press\\\/#\\\/schema\\\/person\\\/7fcb79f38045700919f7da6d97e71ba0\"},\"headline\":\"Kozak viaja a M\u00e9xico y Guatemala con agenda econ\u00f3mica y migratoria\",\"datePublished\":\"2020-02-04T08:48:35+00:00\",\"dateModified\":\"2020-02-04T08:48:37+00:00\",\"mainEntityOfPage\":{\"@id\":\"https:\\\/\\\/elcanillita.info\\\/press\\\/2020\\\/02\\\/04\\\/kozak-viaja-mexico-guatemala-agenda-economica-migratoria\\\/\"},\"wordCount\":303,\"publisher\":{\"@id\":\"https:\\\/\\\/elcanillita.info\\\/press\\\/#organization\"},\"keywords\":[\"Estados Unidos\"],\"articleSection\":[\"Actualidad\",\"Am\u00e9rica del Norte\",\"Politica\"],\"inLanguage\":\"es-AR\"},{\"@type\":\"WebPage\",\"@id\":\"https:\\\/\\\/elcanillita.info\\\/press\\\/2020\\\/02\\\/04\\\/kozak-viaja-mexico-guatemala-agenda-economica-migratoria\\\/\",\"url\":\"https:\\\/\\\/elcanillita.info\\\/press\\\/2020\\\/02\\\/04\\\/kozak-viaja-mexico-guatemala-agenda-economica-migratoria\\\/\",\"name\":\"Kozak viaja a M\u00e9xico y Guatemala con agenda econ\u00f3mica y migratoria - ElCanillita.Info\",\"isPartOf\":{\"@id\":\"https:\\\/\\\/elcanillita.info\\\/press\\\/#website\"},\"datePublished\":\"2020-02-04T08:48:35+00:00\",\"dateModified\":\"2020-02-04T08:48:37+00:00\",\"inLanguage\":\"es-AR\",\"potentialAction\":[{\"@type\":\"ReadAction\",\"target\":[\"https:\\\/\\\/elcanillita.info\\\/press\\\/2020\\\/02\\\/04\\\/kozak-viaja-mexico-guatemala-agenda-economica-migratoria\\\/\"]}]},{\"@type\":\"WebSite\",\"@id\":\"https:\\\/\\\/elcanillita.info\\\/press\\\/#website\",\"url\":\"https:\\\/\\\/elcanillita.info\\\/press\\\/\",\"name\":\"ElCanillita.Info\",\"description\":\"desde los Apeninos a los Andes\",\"publisher\":{\"@id\":\"https:\\\/\\\/elcanillita.info\\\/press\\\/#organization\"},\"potentialAction\":[{\"@type\":\"SearchAction\",\"target\":{\"@type\":\"EntryPoint\",\"urlTemplate\":\"https:\\\/\\\/elcanillita.info\\\/press\\\/?s={search_term_string}\"},\"query-input\":{\"@type\":\"PropertyValueSpecification\",\"valueRequired\":true,\"valueName\":\"search_term_string\"}}],\"inLanguage\":\"es-AR\"},{\"@type\":\"Organization\",\"@id\":\"https:\\\/\\\/elcanillita.info\\\/press\\\/#organization\",\"name\":\"Guzzo Photos & Graphic Publications\",\"url\":\"https:\\\/\\\/elcanillita.info\\\/press\\\/\",\"logo\":{\"@type\":\"ImageObject\",\"inLanguage\":\"es-AR\",\"@id\":\"https:\\\/\\\/elcanillita.info\\\/press\\\/#\\\/schema\\\/logo\\\/image\\\/\",\"url\":\"https:\\\/\\\/elcanillita.info\\\/press\\\/images\\\/2020\\\/01\\\/cropped-cropped-cropped-elcanillitainfo.png\",\"contentUrl\":\"https:\\\/\\\/elcanillita.info\\\/press\\\/images\\\/2020\\\/01\\\/cropped-cropped-cropped-elcanillitainfo.png\",\"width\":460,\"height\":50,\"caption\":\"Guzzo Photos & Graphic Publications\"},\"image\":{\"@id\":\"https:\\\/\\\/elcanillita.info\\\/press\\\/#\\\/schema\\\/logo\\\/image\\\/\"},\"sameAs\":[\"https:\\\/\\\/ar-ar.facebook.com\\\/ElCanillitainfo-114249515285712\\\/\"]},{\"@type\":\"Person\",\"@id\":\"https:\\\/\\\/elcanillita.info\\\/press\\\/#\\\/schema\\\/person\\\/7fcb79f38045700919f7da6d97e71ba0\",\"name\":\"SalaStampa.eu, world press service\",\"image\":{\"@type\":\"ImageObject\",\"inLanguage\":\"es-AR\",\"@id\":\"https:\\\/\\\/secure.gravatar.com\\\/avatar\\\/c2f0e0d515a107624234994507816ca4724c7199cef73fc8bedebf6931d73888?s=96&d=mm&r=g\",\"url\":\"https:\\\/\\\/secure.gravatar.com\\\/avatar\\\/c2f0e0d515a107624234994507816ca4724c7199cef73fc8bedebf6931d73888?s=96&d=mm&r=g\",\"contentUrl\":\"https:\\\/\\\/secure.gravatar.com\\\/avatar\\\/c2f0e0d515a107624234994507816ca4724c7199cef73fc8bedebf6931d73888?s=96&d=mm&r=g\",\"caption\":\"SalaStampa.eu, world press service\"}}]}<\/script>\n<!-- \/ Yoast SEO plugin. -->","yoast_head_json":{"title":"Kozak viaja a M\u00e9xico y Guatemala con agenda econ\u00f3mica y migratoria - ElCanillita.Info","robots":{"index":"index","follow":"follow","max-snippet":"max-snippet:-1","max-image-preview":"max-image-preview:large","max-video-preview":"max-video-preview:-1"},"canonical":"https:\/\/elcanillita.info\/press\/2020\/02\/04\/kozak-viaja-mexico-guatemala-agenda-economica-migratoria\/","og_locale":"es_ES","og_type":"article","og_title":"Kozak viaja a M\u00e9xico y Guatemala con agenda econ\u00f3mica y migratoria - ElCanillita.Info","og_description":"Washington, 04.02.2020 - El subsecretario interino de Estado para Asuntos del Hemisferio Occidental de EE.UU., Michael Kozak, anunci\u00f3 este lunes un viaje por pa\u00edses de Am\u00e9rica Latina enfocado en la prosperidad econ\u00f3mica y el tema migratorio.","og_url":"https:\/\/elcanillita.info\/press\/2020\/02\/04\/kozak-viaja-mexico-guatemala-agenda-economica-migratoria\/","og_site_name":"ElCanillita.Info","article_publisher":"https:\/\/ar-ar.facebook.com\/ElCanillitainfo-114249515285712\/","article_published_time":"2020-02-04T08:48:35+00:00","article_modified_time":"2020-02-04T08:48:37+00:00","author":"SalaStampa.eu, world press service","twitter_card":"summary_large_image","twitter_misc":{"Escrito por":"SalaStampa.eu, world press service","Tiempo de lectura":"1 minuto"},"schema":{"@context":"https:\/\/schema.org","@graph":[{"@type":"Article","@id":"https:\/\/elcanillita.info\/press\/2020\/02\/04\/kozak-viaja-mexico-guatemala-agenda-economica-migratoria\/#article","isPartOf":{"@id":"https:\/\/elcanillita.info\/press\/2020\/02\/04\/kozak-viaja-mexico-guatemala-agenda-economica-migratoria\/"},"author":{"name":"SalaStampa.eu, world press service","@id":"https:\/\/elcanillita.info\/press\/#\/schema\/person\/7fcb79f38045700919f7da6d97e71ba0"},"headline":"Kozak viaja a M\u00e9xico y Guatemala con agenda econ\u00f3mica y migratoria","datePublished":"2020-02-04T08:48:35+00:00","dateModified":"2020-02-04T08:48:37+00:00","mainEntityOfPage":{"@id":"https:\/\/elcanillita.info\/press\/2020\/02\/04\/kozak-viaja-mexico-guatemala-agenda-economica-migratoria\/"},"wordCount":303,"publisher":{"@id":"https:\/\/elcanillita.info\/press\/#organization"},"keywords":["Estados Unidos"],"articleSection":["Actualidad","Am\u00e9rica del Norte","Politica"],"inLanguage":"es-AR"},{"@type":"WebPage","@id":"https:\/\/elcanillita.info\/press\/2020\/02\/04\/kozak-viaja-mexico-guatemala-agenda-economica-migratoria\/","url":"https:\/\/elcanillita.info\/press\/2020\/02\/04\/kozak-viaja-mexico-guatemala-agenda-economica-migratoria\/","name":"Kozak viaja a M\u00e9xico y Guatemala con agenda econ\u00f3mica y migratoria - ElCanillita.Info","isPartOf":{"@id":"https:\/\/elcanillita.info\/press\/#website"},"datePublished":"2020-02-04T08:48:35+00:00","dateModified":"2020-02-04T08:48:37+00:00","inLanguage":"es-AR","potentialAction":[{"@type":"ReadAction","target":["https:\/\/elcanillita.info\/press\/2020\/02\/04\/kozak-viaja-mexico-guatemala-agenda-economica-migratoria\/"]}]},{"@type":"WebSite","@id":"https:\/\/elcanillita.info\/press\/#website","url":"https:\/\/elcanillita.info\/press\/","name":"ElCanillita.Info","description":"desde los Apeninos a los Andes","publisher":{"@id":"https:\/\/elcanillita.info\/press\/#organization"},"potentialAction":[{"@type":"SearchAction","target":{"@type":"EntryPoint","urlTemplate":"https:\/\/elcanillita.info\/press\/?s={search_term_string}"},"query-input":{"@type":"PropertyValueSpecification","valueRequired":true,"valueName":"search_term_string"}}],"inLanguage":"es-AR"},{"@type":"Organization","@id":"https:\/\/elcanillita.info\/press\/#organization","name":"Guzzo Photos & Graphic Publications","url":"https:\/\/elcanillita.info\/press\/","logo":{"@type":"ImageObject","inLanguage":"es-AR","@id":"https:\/\/elcanillita.info\/press\/#\/schema\/logo\/image\/","url":"https:\/\/elcanillita.info\/press\/images\/2020\/01\/cropped-cropped-cropped-elcanillitainfo.png","contentUrl":"https:\/\/elcanillita.info\/press\/images\/2020\/01\/cropped-cropped-cropped-elcanillitainfo.png","width":460,"height":50,"caption":"Guzzo Photos & Graphic Publications"},"image":{"@id":"https:\/\/elcanillita.info\/press\/#\/schema\/logo\/image\/"},"sameAs":["https:\/\/ar-ar.facebook.com\/ElCanillitainfo-114249515285712\/"]},{"@type":"Person","@id":"https:\/\/elcanillita.info\/press\/#\/schema\/person\/7fcb79f38045700919f7da6d97e71ba0","name":"SalaStampa.eu, world press service","image":{"@type":"ImageObject","inLanguage":"es-AR","@id":"https:\/\/secure.gravatar.com\/avatar\/c2f0e0d515a107624234994507816ca4724c7199cef73fc8bedebf6931d73888?s=96&d=mm&r=g","url":"https:\/\/secure.gravatar.com\/avatar\/c2f0e0d515a107624234994507816ca4724c7199cef73fc8bedebf6931d73888?s=96&d=mm&r=g","contentUrl":"https:\/\/secure.gravatar.com\/avatar\/c2f0e0d515a107624234994507816ca4724c7199cef73fc8bedebf6931d73888?s=96&d=mm&r=g","caption":"SalaStampa.eu, world press service"}}]}},"views":672,"_links":{"self":[{"href":"https:\/\/elcanillita.info\/press\/wp-json\/wp\/v2\/posts\/311","targetHints":{"allow":["GET"]}}],"collection":[{"href":"https:\/\/elcanillita.info\/press\/wp-json\/wp\/v2\/posts"}],"about":[{"href":"https:\/\/elcanillita.info\/press\/wp-json\/wp\/v2\/types\/post"}],"author":[{"embeddable":true,"href":"https:\/\/elcanillita.info\/press\/wp-json\/wp\/v2\/users\/1"}],"replies":[{"embeddable":true,"href":"https:\/\/elcanillita.info\/press\/wp-json\/wp\/v2\/comments?post=311"}],"version-history":[{"count":0,"href":"https:\/\/elcanillita.info\/press\/wp-json\/wp\/v2\/posts\/311\/revisions"}],"wp:attachment":[{"href":"https:\/\/elcanillita.info\/press\/wp-json\/wp\/v2\/media?parent=311"}],"wp:term":[{"taxonomy":"category","embeddable":true,"href":"https:\/\/elcanillita.info\/press\/wp-json\/wp\/v2\/categories?post=311"},{"taxonomy":"post_tag","embeddable":true,"href":"https:\/\/elcanillita.info\/press\/wp-json\/wp\/v2\/tags?post=311"}],"curies":[{"name":"wp","href":"https:\/\/api.w.org\/{rel}","templated":true}]}}