{"id":3109,"date":"2022-11-18T09:41:41","date_gmt":"2022-11-18T12:41:41","guid":{"rendered":"https:\/\/elcanillita.info\/press\/?p=3109"},"modified":"2022-11-21T11:12:10","modified_gmt":"2022-11-21T14:12:10","slug":"xi-pide-solidaridad-para-construir-la-comunidad-asia-pacifico-con-destino-compartido","status":"publish","type":"post","link":"https:\/\/elcanillita.info\/press\/2022\/11\/18\/xi-pide-solidaridad-para-construir-la-comunidad-asia-pacifico-con-destino-compartido\/","title":{"rendered":"Xi pide solidaridad para construir la comunidad Asia-Pac\u00edfico con destino compartido"},"content":{"rendered":"<div class=\"wp-block-image\">\n<figure class=\"alignleft\"><img decoding=\"async\" src=\"https:\/\/elcanillita.info\/press\/images\/2022\/11\/Xi20221118.jpg\" alt=\"\"\/><\/figure>\n<\/div>\n\n\n<p>BANGKOK, 18 Noviembre &#8211; El presidente chino, Xi Jinping, subray\u00f3 hoy viernes la necesidad de seguir el esp\u00edritu de la familia de Asia-Pac\u00edfico, de cuidarse mutuamente como pasajeros en el mismo barco y de avanzar firmemente hacia una comunidad de Asia-Pac\u00edfico con un futuro compartido.<\/p>\n\n\n\n<p>En su intervenci\u00f3n en la 29\u00aa Reuni\u00f3n de L\u00edderes Econ\u00f3micos del Foro de Cooperaci\u00f3n Econ\u00f3mica Asia-Pac\u00edfico (APEC), celebrada en el Centro Nacional de Convenciones Reina Sirikit, Xi afirm\u00f3 que &#8220;Asia-Pac\u00edfico es nuestro hogar, as\u00ed como el motor del crecimiento econ\u00f3mico mundial&#8221;.<\/p>\n\n\n\n<p>A su llegada al centro de convenciones, Xi fue recibido calurosamente por el primer ministro tailand\u00e9s, Prayut Chan-o-cha.<\/p>\n\n\n\n<p>Xi, en su discurso titulado &#8220;Asumir la responsabilidad y trabajar juntos en solidaridad para construir una comunidad de Asia-Pac\u00edfico con un futuro compartido&#8221;, dijo que &#8220;en las \u00faltimas d\u00e9cadas, la s\u00f3lida cooperaci\u00f3n econ\u00f3mica en la regi\u00f3n ha creado el &#8216;milagro de Asia-Pac\u00edfico&#8217; admirado en todo el mundo. La cooperaci\u00f3n Asia-Pac\u00edfico ha echado ra\u00edces profundas en el coraz\u00f3n de los pueblos&#8221;.<\/p>\n\n\n\n<p>Hoy el mundo ha llegado a otra encrucijada hist\u00f3rica, y esto ha hecho que la regi\u00f3n de Asia-Pac\u00edfico sea a\u00fan m\u00e1s importante y destacada en su posici\u00f3n y papel, dijo.<\/p>\n\n\n\n<p>Ante las nuevas circunstancias, Xi pidi\u00f3 que se unan las manos para construir una comunidad de Asia-Pac\u00edfico con un futuro compartido y llevar la cooperaci\u00f3n entre ambas regiones a un nuevo nivel. Para ello, hizo varias propuestas.<\/p>\n\n\n\n<p>Xi inst\u00f3 a los pa\u00edses a defender la equidad y la justicia internacionales y a construir una Asia-Pac\u00edfico de paz y estabilidad, se\u00f1alando que el r\u00e1pido crecimiento de la regi\u00f3n en las \u00faltimas d\u00e9cadas atestigua la importancia decisiva del respeto mutuo, la solidaridad y la cooperaci\u00f3n, y de la consulta entre todas las partes para obtener el mayor denominador cuando algo se presenta.<\/p>\n\n\n\n<p>&#8220;Debemos asumir siempre la visi\u00f3n de una seguridad com\u00fan, global, cooperativa y sostenible, y respetar la soberan\u00eda y la integridad territorial de todos los pa\u00edses. Nadie debe interferir en los asuntos internos de otros pa\u00edses, y todos deben respetar la v\u00eda de desarrollo y el sistema social elegidos independientemente por los pueblos de cada pa\u00eds&#8221;, dijo.<\/p>\n\n\n\n<p>&#8220;Debemos tomarnos en serio las leg\u00edtimas preocupaciones de seguridad de cada pa\u00eds y promover la resoluci\u00f3n pac\u00edfica de las diferencias y disputas entre pa\u00edses mediante el di\u00e1logo y la consulta. Debemos participar activamente en la gobernanza mundial y hacer que el orden internacional sea m\u00e1s justo y razonable para garantizar la paz y la estabilidad en la regi\u00f3n de Asia-Pac\u00edfico y m\u00e1s all\u00e1&#8221;, afirm\u00f3.<\/p>\n\n\n\n<p>Xi pidi\u00f3 que se mantenga el compromiso con la apertura y la inclusi\u00f3n y que se logre la prosperidad para todos en Asia-Pac\u00edfico.<\/p>\n\n\n\n<p>&#8220;Tenemos que seguir persiguiendo el regionalismo abierto, reforzar la coordinaci\u00f3n de las pol\u00edticas macroecon\u00f3micas, forjar cadenas industriales y de suministro regionales m\u00e1s estrechamente vinculadas, promover la liberalizaci\u00f3n y la facilitaci\u00f3n del comercio y la inversi\u00f3n, y avanzar constantemente en la integraci\u00f3n econ\u00f3mica regional para la pronta realizaci\u00f3n de un \u00c1rea de Libre Comercio de Asia-Pac\u00edfico de alto nivel&#8221;, dijo.<\/p>\n\n\n\n<p>&#8220;Tenemos que asegurarnos de que el desarrollo sea para el pueblo y por el pueblo, y que sus frutos se compartan entre la gente, y debemos promover la prosperidad para todos en Asia-Pac\u00edfico&#8221;, dijo el presidente chino.<\/p>\n\n\n\n<p>Xi dijo que China trabajar\u00e1 con otras partes en la implementaci\u00f3n plena y de alta calidad de la Asociaci\u00f3n Econ\u00f3mica Integral Regional (RCEP), y continuar\u00e1 trabajando para unirse al Acuerdo Integral y Progresivo de Asociaci\u00f3n Transpac\u00edfico (CPTPP) y al Acuerdo de Asociaci\u00f3n de Econom\u00eda Digital (DEPA, por sus siglas en ingl\u00e9s), con el prop\u00f3sito de promover el desarrollo integrado de la regi\u00f3n.<\/p>\n\n\n\n<p>China estudiar\u00e1 la posibilidad de celebrar el tercer Foro de la Franja y la Ruta para la Cooperaci\u00f3n Internacional el a\u00f1o que viene para dar un nuevo impulso al desarrollo y la prosperidad de Asia-Pac\u00edfico y del mundo, a\u00f1adi\u00f3.<\/p>\n\n\n\n<p>Mientras tanto, Xi pidi\u00f3 esfuerzos para luchar por un desarrollo verde y con bajas emisiones de carbono y garantizar una Asia-Pac\u00edfico limpia y hermosa.<\/p>\n\n\n\n<p>Subray\u00f3 la necesidad de mejorar la cooperaci\u00f3n econ\u00f3mica y t\u00e9cnica, acelerar el desarrollo digital y ecol\u00f3gico coordinado, avanzar en la transici\u00f3n y actualizaci\u00f3n de las estructuras energ\u00e9ticas, de recursos e industriales y de consumo, y promover el desarrollo econ\u00f3mico y social ecol\u00f3gico.<\/p>\n\n\n\n<p>China apoyar\u00e1 la implementaci\u00f3n de los Objetivos de Bangkok sobre la Econom\u00eda Bio-Circular-Verde (BCG), cuyo objetivo es avanzar en la protecci\u00f3n ecol\u00f3gica y medioambiental y en el desarrollo econ\u00f3mico de forma coordinada, dijo, y a\u00f1adi\u00f3 que los pa\u00edses de Asia-Pac\u00edfico son bienvenidos a tomar parte activa en la Iniciativa de Desarrollo Global (IDG) y a mejorar la cooperaci\u00f3n pr\u00e1ctica en la reducci\u00f3n de la pobreza, la alimentaci\u00f3n, la energ\u00eda, la salud y otras \u00e1reas.<\/p>\n\n\n\n<p>Adem\u00e1s, Xi pidi\u00f3 a los pa\u00edses que tengan en cuenta su futuro compartido y que hagan de Asia-Pac\u00edfico una regi\u00f3n en la que todos est\u00e9n dispuestos a ayudarse mutuamente.<\/p>\n\n\n\n<p>El presidente chino dijo que los pa\u00edses deben ver la cooperaci\u00f3n en Asia-Pac\u00edfico desde una perspectiva estrat\u00e9gica y a largo plazo, mantener el papel de APEC como canal principal en la cooperaci\u00f3n regional y mantener la cooperaci\u00f3n en Asia-Pac\u00edfico en la direcci\u00f3n correcta.<\/p>\n\n\n\n<p>&#8220;Tenemos que actuar de acuerdo con los prop\u00f3sitos y principios de la APEC, y profundizar continuamente en la asociaci\u00f3n Asia-Pac\u00edfico, que se caracteriza por la confianza mutua, la inclusi\u00f3n y la cooperaci\u00f3n mutuamente beneficiosa&#8221;, dijo.<\/p>\n\n\n\n<p>Xi subray\u00f3 que el mes pasado se celebr\u00f3 con \u00e9xito el XX Congreso Nacional del Partido Comunista de China, que marc\u00f3 el rumbo y proporcion\u00f3 el proyecto de desarrollo de China para ahora y para los a\u00f1os venideros.<\/p>\n\n\n\n<p>China est\u00e1 dispuesta a buscar la coexistencia pac\u00edfica y el desarrollo com\u00fan con todos los pa\u00edses sobre la base del respeto mutuo, la igualdad y el beneficio mutuo, dijo.<\/p>\n\n\n\n<p>&#8220;Avanzaremos en una agenda m\u00e1s amplia de apertura en m\u00e1s \u00e1reas y con mayor profundidad, seguiremos el camino chino hacia la modernizaci\u00f3n, pondremos en marcha nuevos sistemas para una econom\u00eda abierta de mayor nivel y seguiremos compartiendo nuestras oportunidades de desarrollo con el mundo, en particular con la regi\u00f3n de Asia-Pac\u00edfico&#8221;, se\u00f1al\u00f3.<\/p>\n\n\n\n<p>Hacia el final de su discurso, Xi cit\u00f3 un proverbio tailand\u00e9s que dice: &#8220;Recoges lo que siembras&#8221;. Se\u00f1al\u00f3 que las econom\u00edas de la APEC han sembrado conjuntamente la semilla de la Visi\u00f3n de Putrajaya y que ha llegado el momento de cultivar, nutrir y fomentar la flor floreciente del desarrollo com\u00fan de Asia-Pac\u00edfico.<\/p>\n\n\n\n<p>La reuni\u00f3n fue presidida por Prayut bajo el lema &#8220;Abrir, conectar, equilibrar&#8221;.<\/p>\n\n\n\n<p>El jueves por la noche, Xi y su esposa Peng Liyuan asistieron a la cena de gala de la Reuni\u00f3n de L\u00edderes Econ\u00f3micos de la APEC.<br><br><small>\u00a92022 ElCanillita.info \/  Xinhua<\/small> &#8211; <small>SalaStampa.Eu &#8211; dominium ex iure Quiritium<\/small><br><br><a href=\"https:\/\/elcanillita.info\/press\/2022\/11\/21\/uigures-un-genocidio-cultural\/\" target=\"_blank\" rel=\"noreferrer noopener\">Nota relacionada<\/a><br><\/p>\n","protected":false},"excerpt":{"rendered":"<p>Xi inst\u00f3 a los pa\u00edses a defender la equidad y la justicia internacionales y a construir una Asia-Pac\u00edfico de paz y estabilidad.<\/p>\n","protected":false},"author":1,"featured_media":3110,"comment_status":"closed","ping_status":"closed","sticky":false,"template":"","format":"standard","meta":{"footnotes":"","_links_to":"","_links_to_target":""},"categories":[108,70,16,23],"tags":[109],"class_list":["post-3109","post","type-post","status-publish","format-standard","has-post-thumbnail","hentry","category-blogdiario","category-actualidad","category-asia","category-politica","tag-indonesia","entry","double"],"yoast_head":"<!-- This site is optimized with the Yoast SEO plugin v27.4 - https:\/\/yoast.com\/product\/yoast-seo-wordpress\/ -->\n<title>Xi pide solidaridad para construir la comunidad Asia-Pac\u00edfico con destino compartido - ElCanillita.Info<\/title>\n<meta name=\"description\" content=\"Xi inst\u00f3 a los pa\u00edses a defender la equidad y la justicia internacionales y a construir una Asia-Pac\u00edfico de paz y estabilidad.\" \/>\n<meta name=\"robots\" content=\"index, follow, max-snippet:-1, max-image-preview:large, max-video-preview:-1\" \/>\n<link rel=\"canonical\" href=\"https:\/\/elcanillita.info\/press\/2022\/11\/18\/xi-pide-solidaridad-para-construir-la-comunidad-asia-pacifico-con-destino-compartido\/\" \/>\n<meta property=\"og:locale\" content=\"es_ES\" \/>\n<meta property=\"og:type\" content=\"article\" \/>\n<meta property=\"og:title\" content=\"Xi pide solidaridad para construir la comunidad Asia-Pac\u00edfico con destino compartido - ElCanillita.Info\" \/>\n<meta property=\"og:description\" content=\"Xi inst\u00f3 a los pa\u00edses a defender la equidad y la justicia internacionales y a construir una Asia-Pac\u00edfico de paz y estabilidad.\" \/>\n<meta property=\"og:url\" content=\"https:\/\/elcanillita.info\/press\/2022\/11\/18\/xi-pide-solidaridad-para-construir-la-comunidad-asia-pacifico-con-destino-compartido\/\" \/>\n<meta property=\"og:site_name\" content=\"ElCanillita.Info\" \/>\n<meta property=\"article:publisher\" content=\"https:\/\/ar-ar.facebook.com\/ElCanillitainfo-114249515285712\/\" \/>\n<meta property=\"article:published_time\" content=\"2022-11-18T12:41:41+00:00\" \/>\n<meta property=\"article:modified_time\" content=\"2022-11-21T14:12:10+00:00\" \/>\n<meta property=\"og:image\" content=\"https:\/\/elcanillita.info\/press\/images\/2022\/11\/Tahi20221118.jpg\" \/>\n\t<meta property=\"og:image:width\" content=\"600\" \/>\n\t<meta property=\"og:image:height\" content=\"340\" \/>\n\t<meta property=\"og:image:type\" content=\"image\/jpeg\" \/>\n<meta name=\"author\" content=\"SalaStampa.eu, world press service\" \/>\n<meta name=\"twitter:card\" content=\"summary_large_image\" \/>\n<meta name=\"twitter:label1\" content=\"Escrito por\" \/>\n\t<meta name=\"twitter:data1\" content=\"SalaStampa.eu, world press service\" \/>\n\t<meta name=\"twitter:label2\" content=\"Tiempo de lectura\" \/>\n\t<meta name=\"twitter:data2\" content=\"6 minutos\" \/>\n<script type=\"application\/ld+json\" class=\"yoast-schema-graph\">{\"@context\":\"https:\\\/\\\/schema.org\",\"@graph\":[{\"@type\":\"Article\",\"@id\":\"https:\\\/\\\/elcanillita.info\\\/press\\\/2022\\\/11\\\/18\\\/xi-pide-solidaridad-para-construir-la-comunidad-asia-pacifico-con-destino-compartido\\\/#article\",\"isPartOf\":{\"@id\":\"https:\\\/\\\/elcanillita.info\\\/press\\\/2022\\\/11\\\/18\\\/xi-pide-solidaridad-para-construir-la-comunidad-asia-pacifico-con-destino-compartido\\\/\"},\"author\":{\"name\":\"SalaStampa.eu, world press service\",\"@id\":\"https:\\\/\\\/elcanillita.info\\\/press\\\/#\\\/schema\\\/person\\\/7fcb79f38045700919f7da6d97e71ba0\"},\"headline\":\"Xi pide solidaridad para construir la comunidad Asia-Pac\u00edfico con destino compartido\",\"datePublished\":\"2022-11-18T12:41:41+00:00\",\"dateModified\":\"2022-11-21T14:12:10+00:00\",\"mainEntityOfPage\":{\"@id\":\"https:\\\/\\\/elcanillita.info\\\/press\\\/2022\\\/11\\\/18\\\/xi-pide-solidaridad-para-construir-la-comunidad-asia-pacifico-con-destino-compartido\\\/\"},\"wordCount\":1260,\"publisher\":{\"@id\":\"https:\\\/\\\/elcanillita.info\\\/press\\\/#organization\"},\"image\":{\"@id\":\"https:\\\/\\\/elcanillita.info\\\/press\\\/2022\\\/11\\\/18\\\/xi-pide-solidaridad-para-construir-la-comunidad-asia-pacifico-con-destino-compartido\\\/#primaryimage\"},\"thumbnailUrl\":\"https:\\\/\\\/elcanillita.info\\\/press\\\/images\\\/2022\\\/11\\\/Tahi20221118.jpg\",\"keywords\":[\"Indonesia\"],\"articleSection\":[\".\",\"Actualidad\",\"Asia\",\"Politica\"],\"inLanguage\":\"es-AR\"},{\"@type\":\"WebPage\",\"@id\":\"https:\\\/\\\/elcanillita.info\\\/press\\\/2022\\\/11\\\/18\\\/xi-pide-solidaridad-para-construir-la-comunidad-asia-pacifico-con-destino-compartido\\\/\",\"url\":\"https:\\\/\\\/elcanillita.info\\\/press\\\/2022\\\/11\\\/18\\\/xi-pide-solidaridad-para-construir-la-comunidad-asia-pacifico-con-destino-compartido\\\/\",\"name\":\"Xi pide solidaridad para construir la comunidad Asia-Pac\u00edfico con destino compartido - ElCanillita.Info\",\"isPartOf\":{\"@id\":\"https:\\\/\\\/elcanillita.info\\\/press\\\/#website\"},\"primaryImageOfPage\":{\"@id\":\"https:\\\/\\\/elcanillita.info\\\/press\\\/2022\\\/11\\\/18\\\/xi-pide-solidaridad-para-construir-la-comunidad-asia-pacifico-con-destino-compartido\\\/#primaryimage\"},\"image\":{\"@id\":\"https:\\\/\\\/elcanillita.info\\\/press\\\/2022\\\/11\\\/18\\\/xi-pide-solidaridad-para-construir-la-comunidad-asia-pacifico-con-destino-compartido\\\/#primaryimage\"},\"thumbnailUrl\":\"https:\\\/\\\/elcanillita.info\\\/press\\\/images\\\/2022\\\/11\\\/Tahi20221118.jpg\",\"datePublished\":\"2022-11-18T12:41:41+00:00\",\"dateModified\":\"2022-11-21T14:12:10+00:00\",\"description\":\"Xi inst\u00f3 a los pa\u00edses a defender la equidad y la justicia internacionales y a construir una Asia-Pac\u00edfico de paz y estabilidad.\",\"inLanguage\":\"es-AR\",\"potentialAction\":[{\"@type\":\"ReadAction\",\"target\":[\"https:\\\/\\\/elcanillita.info\\\/press\\\/2022\\\/11\\\/18\\\/xi-pide-solidaridad-para-construir-la-comunidad-asia-pacifico-con-destino-compartido\\\/\"]}]},{\"@type\":\"ImageObject\",\"inLanguage\":\"es-AR\",\"@id\":\"https:\\\/\\\/elcanillita.info\\\/press\\\/2022\\\/11\\\/18\\\/xi-pide-solidaridad-para-construir-la-comunidad-asia-pacifico-con-destino-compartido\\\/#primaryimage\",\"url\":\"https:\\\/\\\/elcanillita.info\\\/press\\\/images\\\/2022\\\/11\\\/Tahi20221118.jpg\",\"contentUrl\":\"https:\\\/\\\/elcanillita.info\\\/press\\\/images\\\/2022\\\/11\\\/Tahi20221118.jpg\",\"width\":600,\"height\":340},{\"@type\":\"WebSite\",\"@id\":\"https:\\\/\\\/elcanillita.info\\\/press\\\/#website\",\"url\":\"https:\\\/\\\/elcanillita.info\\\/press\\\/\",\"name\":\"ElCanillita.Info\",\"description\":\"desde los Apeninos a los Andes\",\"publisher\":{\"@id\":\"https:\\\/\\\/elcanillita.info\\\/press\\\/#organization\"},\"potentialAction\":[{\"@type\":\"SearchAction\",\"target\":{\"@type\":\"EntryPoint\",\"urlTemplate\":\"https:\\\/\\\/elcanillita.info\\\/press\\\/?s={search_term_string}\"},\"query-input\":{\"@type\":\"PropertyValueSpecification\",\"valueRequired\":true,\"valueName\":\"search_term_string\"}}],\"inLanguage\":\"es-AR\"},{\"@type\":\"Organization\",\"@id\":\"https:\\\/\\\/elcanillita.info\\\/press\\\/#organization\",\"name\":\"Guzzo Photos & Graphic Publications\",\"url\":\"https:\\\/\\\/elcanillita.info\\\/press\\\/\",\"logo\":{\"@type\":\"ImageObject\",\"inLanguage\":\"es-AR\",\"@id\":\"https:\\\/\\\/elcanillita.info\\\/press\\\/#\\\/schema\\\/logo\\\/image\\\/\",\"url\":\"https:\\\/\\\/elcanillita.info\\\/press\\\/images\\\/2020\\\/01\\\/cropped-cropped-cropped-elcanillitainfo.png\",\"contentUrl\":\"https:\\\/\\\/elcanillita.info\\\/press\\\/images\\\/2020\\\/01\\\/cropped-cropped-cropped-elcanillitainfo.png\",\"width\":460,\"height\":50,\"caption\":\"Guzzo Photos & Graphic Publications\"},\"image\":{\"@id\":\"https:\\\/\\\/elcanillita.info\\\/press\\\/#\\\/schema\\\/logo\\\/image\\\/\"},\"sameAs\":[\"https:\\\/\\\/ar-ar.facebook.com\\\/ElCanillitainfo-114249515285712\\\/\"]},{\"@type\":\"Person\",\"@id\":\"https:\\\/\\\/elcanillita.info\\\/press\\\/#\\\/schema\\\/person\\\/7fcb79f38045700919f7da6d97e71ba0\",\"name\":\"SalaStampa.eu, world press service\",\"image\":{\"@type\":\"ImageObject\",\"inLanguage\":\"es-AR\",\"@id\":\"https:\\\/\\\/secure.gravatar.com\\\/avatar\\\/c2f0e0d515a107624234994507816ca4724c7199cef73fc8bedebf6931d73888?s=96&d=mm&r=g\",\"url\":\"https:\\\/\\\/secure.gravatar.com\\\/avatar\\\/c2f0e0d515a107624234994507816ca4724c7199cef73fc8bedebf6931d73888?s=96&d=mm&r=g\",\"contentUrl\":\"https:\\\/\\\/secure.gravatar.com\\\/avatar\\\/c2f0e0d515a107624234994507816ca4724c7199cef73fc8bedebf6931d73888?s=96&d=mm&r=g\",\"caption\":\"SalaStampa.eu, world press service\"}}]}<\/script>\n<!-- \/ Yoast SEO plugin. -->","yoast_head_json":{"title":"Xi pide solidaridad para construir la comunidad Asia-Pac\u00edfico con destino compartido - ElCanillita.Info","description":"Xi inst\u00f3 a los pa\u00edses a defender la equidad y la justicia internacionales y a construir una Asia-Pac\u00edfico de paz y estabilidad.","robots":{"index":"index","follow":"follow","max-snippet":"max-snippet:-1","max-image-preview":"max-image-preview:large","max-video-preview":"max-video-preview:-1"},"canonical":"https:\/\/elcanillita.info\/press\/2022\/11\/18\/xi-pide-solidaridad-para-construir-la-comunidad-asia-pacifico-con-destino-compartido\/","og_locale":"es_ES","og_type":"article","og_title":"Xi pide solidaridad para construir la comunidad Asia-Pac\u00edfico con destino compartido - ElCanillita.Info","og_description":"Xi inst\u00f3 a los pa\u00edses a defender la equidad y la justicia internacionales y a construir una Asia-Pac\u00edfico de paz y estabilidad.","og_url":"https:\/\/elcanillita.info\/press\/2022\/11\/18\/xi-pide-solidaridad-para-construir-la-comunidad-asia-pacifico-con-destino-compartido\/","og_site_name":"ElCanillita.Info","article_publisher":"https:\/\/ar-ar.facebook.com\/ElCanillitainfo-114249515285712\/","article_published_time":"2022-11-18T12:41:41+00:00","article_modified_time":"2022-11-21T14:12:10+00:00","og_image":[{"width":600,"height":340,"url":"https:\/\/elcanillita.info\/press\/images\/2022\/11\/Tahi20221118.jpg","type":"image\/jpeg"}],"author":"SalaStampa.eu, world press service","twitter_card":"summary_large_image","twitter_misc":{"Escrito por":"SalaStampa.eu, world press service","Tiempo de lectura":"6 minutos"},"schema":{"@context":"https:\/\/schema.org","@graph":[{"@type":"Article","@id":"https:\/\/elcanillita.info\/press\/2022\/11\/18\/xi-pide-solidaridad-para-construir-la-comunidad-asia-pacifico-con-destino-compartido\/#article","isPartOf":{"@id":"https:\/\/elcanillita.info\/press\/2022\/11\/18\/xi-pide-solidaridad-para-construir-la-comunidad-asia-pacifico-con-destino-compartido\/"},"author":{"name":"SalaStampa.eu, world press service","@id":"https:\/\/elcanillita.info\/press\/#\/schema\/person\/7fcb79f38045700919f7da6d97e71ba0"},"headline":"Xi pide solidaridad para construir la comunidad Asia-Pac\u00edfico con destino compartido","datePublished":"2022-11-18T12:41:41+00:00","dateModified":"2022-11-21T14:12:10+00:00","mainEntityOfPage":{"@id":"https:\/\/elcanillita.info\/press\/2022\/11\/18\/xi-pide-solidaridad-para-construir-la-comunidad-asia-pacifico-con-destino-compartido\/"},"wordCount":1260,"publisher":{"@id":"https:\/\/elcanillita.info\/press\/#organization"},"image":{"@id":"https:\/\/elcanillita.info\/press\/2022\/11\/18\/xi-pide-solidaridad-para-construir-la-comunidad-asia-pacifico-con-destino-compartido\/#primaryimage"},"thumbnailUrl":"https:\/\/elcanillita.info\/press\/images\/2022\/11\/Tahi20221118.jpg","keywords":["Indonesia"],"articleSection":[".","Actualidad","Asia","Politica"],"inLanguage":"es-AR"},{"@type":"WebPage","@id":"https:\/\/elcanillita.info\/press\/2022\/11\/18\/xi-pide-solidaridad-para-construir-la-comunidad-asia-pacifico-con-destino-compartido\/","url":"https:\/\/elcanillita.info\/press\/2022\/11\/18\/xi-pide-solidaridad-para-construir-la-comunidad-asia-pacifico-con-destino-compartido\/","name":"Xi pide solidaridad para construir la comunidad Asia-Pac\u00edfico con destino compartido - ElCanillita.Info","isPartOf":{"@id":"https:\/\/elcanillita.info\/press\/#website"},"primaryImageOfPage":{"@id":"https:\/\/elcanillita.info\/press\/2022\/11\/18\/xi-pide-solidaridad-para-construir-la-comunidad-asia-pacifico-con-destino-compartido\/#primaryimage"},"image":{"@id":"https:\/\/elcanillita.info\/press\/2022\/11\/18\/xi-pide-solidaridad-para-construir-la-comunidad-asia-pacifico-con-destino-compartido\/#primaryimage"},"thumbnailUrl":"https:\/\/elcanillita.info\/press\/images\/2022\/11\/Tahi20221118.jpg","datePublished":"2022-11-18T12:41:41+00:00","dateModified":"2022-11-21T14:12:10+00:00","description":"Xi inst\u00f3 a los pa\u00edses a defender la equidad y la justicia internacionales y a construir una Asia-Pac\u00edfico de paz y estabilidad.","inLanguage":"es-AR","potentialAction":[{"@type":"ReadAction","target":["https:\/\/elcanillita.info\/press\/2022\/11\/18\/xi-pide-solidaridad-para-construir-la-comunidad-asia-pacifico-con-destino-compartido\/"]}]},{"@type":"ImageObject","inLanguage":"es-AR","@id":"https:\/\/elcanillita.info\/press\/2022\/11\/18\/xi-pide-solidaridad-para-construir-la-comunidad-asia-pacifico-con-destino-compartido\/#primaryimage","url":"https:\/\/elcanillita.info\/press\/images\/2022\/11\/Tahi20221118.jpg","contentUrl":"https:\/\/elcanillita.info\/press\/images\/2022\/11\/Tahi20221118.jpg","width":600,"height":340},{"@type":"WebSite","@id":"https:\/\/elcanillita.info\/press\/#website","url":"https:\/\/elcanillita.info\/press\/","name":"ElCanillita.Info","description":"desde los Apeninos a los Andes","publisher":{"@id":"https:\/\/elcanillita.info\/press\/#organization"},"potentialAction":[{"@type":"SearchAction","target":{"@type":"EntryPoint","urlTemplate":"https:\/\/elcanillita.info\/press\/?s={search_term_string}"},"query-input":{"@type":"PropertyValueSpecification","valueRequired":true,"valueName":"search_term_string"}}],"inLanguage":"es-AR"},{"@type":"Organization","@id":"https:\/\/elcanillita.info\/press\/#organization","name":"Guzzo Photos & Graphic Publications","url":"https:\/\/elcanillita.info\/press\/","logo":{"@type":"ImageObject","inLanguage":"es-AR","@id":"https:\/\/elcanillita.info\/press\/#\/schema\/logo\/image\/","url":"https:\/\/elcanillita.info\/press\/images\/2020\/01\/cropped-cropped-cropped-elcanillitainfo.png","contentUrl":"https:\/\/elcanillita.info\/press\/images\/2020\/01\/cropped-cropped-cropped-elcanillitainfo.png","width":460,"height":50,"caption":"Guzzo Photos & Graphic Publications"},"image":{"@id":"https:\/\/elcanillita.info\/press\/#\/schema\/logo\/image\/"},"sameAs":["https:\/\/ar-ar.facebook.com\/ElCanillitainfo-114249515285712\/"]},{"@type":"Person","@id":"https:\/\/elcanillita.info\/press\/#\/schema\/person\/7fcb79f38045700919f7da6d97e71ba0","name":"SalaStampa.eu, world press service","image":{"@type":"ImageObject","inLanguage":"es-AR","@id":"https:\/\/secure.gravatar.com\/avatar\/c2f0e0d515a107624234994507816ca4724c7199cef73fc8bedebf6931d73888?s=96&d=mm&r=g","url":"https:\/\/secure.gravatar.com\/avatar\/c2f0e0d515a107624234994507816ca4724c7199cef73fc8bedebf6931d73888?s=96&d=mm&r=g","contentUrl":"https:\/\/secure.gravatar.com\/avatar\/c2f0e0d515a107624234994507816ca4724c7199cef73fc8bedebf6931d73888?s=96&d=mm&r=g","caption":"SalaStampa.eu, world press service"}}]}},"views":431,"_links":{"self":[{"href":"https:\/\/elcanillita.info\/press\/wp-json\/wp\/v2\/posts\/3109","targetHints":{"allow":["GET"]}}],"collection":[{"href":"https:\/\/elcanillita.info\/press\/wp-json\/wp\/v2\/posts"}],"about":[{"href":"https:\/\/elcanillita.info\/press\/wp-json\/wp\/v2\/types\/post"}],"author":[{"embeddable":true,"href":"https:\/\/elcanillita.info\/press\/wp-json\/wp\/v2\/users\/1"}],"replies":[{"embeddable":true,"href":"https:\/\/elcanillita.info\/press\/wp-json\/wp\/v2\/comments?post=3109"}],"version-history":[{"count":0,"href":"https:\/\/elcanillita.info\/press\/wp-json\/wp\/v2\/posts\/3109\/revisions"}],"wp:featuredmedia":[{"embeddable":true,"href":"https:\/\/elcanillita.info\/press\/wp-json\/wp\/v2\/media\/3110"}],"wp:attachment":[{"href":"https:\/\/elcanillita.info\/press\/wp-json\/wp\/v2\/media?parent=3109"}],"wp:term":[{"taxonomy":"category","embeddable":true,"href":"https:\/\/elcanillita.info\/press\/wp-json\/wp\/v2\/categories?post=3109"},{"taxonomy":"post_tag","embeddable":true,"href":"https:\/\/elcanillita.info\/press\/wp-json\/wp\/v2\/tags?post=3109"}],"curies":[{"name":"wp","href":"https:\/\/api.w.org\/{rel}","templated":true}]}}