{"id":3094,"date":"2022-11-14T18:06:29","date_gmt":"2022-11-14T21:06:29","guid":{"rendered":"https:\/\/elcanillita.info\/press\/?p=3094"},"modified":"2022-11-20T07:16:58","modified_gmt":"2022-11-20T10:16:58","slug":"durante-la-reunion-con-xi-jinping-joe-biden-insiste-que-no-habra-guerra-fria","status":"publish","type":"post","link":"https:\/\/elcanillita.info\/press\/2022\/11\/14\/durante-la-reunion-con-xi-jinping-joe-biden-insiste-que-no-habra-guerra-fria\/","title":{"rendered":"Durante la reuni\u00f3n con Xi Jinping, Joe Biden insiste que no habr\u00e1 Guerra Fr\u00eda"},"content":{"rendered":"\n<p>Lunes 14 de noviembre de 2022<br><\/p>\n\n\n<div class=\"wp-block-image\">\n<figure class=\"aligncenter\"><img decoding=\"async\" src=\"https:\/\/elcanillita.info\/press\/images\/2022\/11\/cover_g20_20221114.jpg\" alt=\"\"\/><\/figure>\n<\/div>\n\n\n<p>El presidente Biden dijo que no cre\u00eda que una \u201cnueva Guerra Fr\u00eda\u201d con China fuera inevitable, mientras \u00e9l y Xi Jinping reafirmaron su oposici\u00f3n a la amenaza o el uso de armas nucleares.<\/p>\n\n\n\n<p>Los dos hombres se reunieron por primera vez como l\u00edderes nacionales antes de la reuni\u00f3n del Grupo de los 20 que se celebrar\u00e1 ma\u00f1ana en la isla indonesia de Bali, el encuentro pol\u00edtico de m\u00e1s alto nivel desde que el Este de Asia comenz\u00f3 a deslizarse hacia lo que muchos en la regi\u00f3n temen que sea una nueva confrontaci\u00f3n al estilo de la Guerra Fr\u00eda.<\/p>\n\n\n\n<p>Biden dijo que Washington y Pek\u00edn &#8220;seguir\u00e1n manteniendo abiertas las l\u00edneas de comunicaci\u00f3n&#8221;, incluyendo la b\u00fasqueda de un mecanismo para que los miembros del gabinete &#8220;se re\u00fanan entre s\u00ed&#8221;.<\/p>\n\n\n\n<p>Sin embargo, denunci\u00f3 las &#8220;acciones coercitivas y cada vez m\u00e1s agresivas&#8221; de China hacia Taiw\u00e1n, mientras que Xi advirti\u00f3 a Estados Unidos que no cruzara las &#8220;l\u00edneas rojas&#8221;.<\/p>\n\n\n\n<p>Biden dijo a Xi: &#8220;Estados Unidos se opone a cualquier cambio unilateral del statu quo por cualquiera de las partes, y el mundo tiene inter\u00e9s en el mantenimiento de la paz y la estabilidad en el estrecho de Taiw\u00e1n&#8221;.<\/p>\n\n\n\n<p>Sin embargo, en una rueda de prensa posterior a la reuni\u00f3n, Biden a\u00f1adi\u00f3 que no hab\u00eda visto se\u00f1ales de un &#8220;intento inminente de invadir Taiw\u00e1n&#8221; por parte de Pek\u00edn.<\/p>\n\n\n\n<p>A lo largo de la reuni\u00f3n, Biden critic\u00f3 los abusos de los derechos humanos por parte de China, incluida la opresi\u00f3n en Hong Kong, Xinjiang y el T\u00edbet, seg\u00fan un informe de la Casa Blanca. <br><br>Tambi\u00e9n se criticaron las &#8220;pr\u00e1cticas econ\u00f3micas no comerciales&#8221; de Pek\u00edn.<\/p>\n\n\n\n<p>Se espera que Biden y Xi hablen de la guerra en Ucrania y de la situaci\u00f3n en Corea del Norte<\/p>\n\n\n\n<p>Al inicio de un encuentro que dur\u00f3 tres horas, Xi dijo que China y Estados Unidos deben &#8220;tomar conjuntamente el tim\u00f3n&#8221; del orden mundial.<\/p>\n\n\n\n<p>Dirigiendose a Biden dijo: &#8220;Espero trabajar con usted, se\u00f1or Presidente, para que las relaciones entre China y Estados Unidos vuelvan a tomar un rumbo de desarrollo sano y estable en beneficio de nuestros dos pa\u00edses y del mundo entero&#8221;.<\/p>\n\n\n\n<p>&#8220;Como l\u00edderes de China y Estados Unidos, debemos tomar el tim\u00f3n y dirigir la relaci\u00f3n bilateral en la direcci\u00f3n correcta. Las relaciones entre China y Estados Unidos se enfrentan actualmente a una situaci\u00f3n que no beneficia a los dos pa\u00edses, a sus pueblos ni a las expectativas de la comunidad internacional.&#8221;<\/p>\n\n\n\n<p>Biden respondi\u00f3: &#8220;Como l\u00edderes de nuestras dos naciones, compartimos la responsabilidad, en mi opini\u00f3n, de demostrar que China y Estados Unidos pueden gestionar nuestras diferencias, evitar que la competencia se convierta en algo parecido a un conflicto, y encontrar formas de trabajar juntos en cuestiones globales urgentes que requieren nuestra mutua cooperaci\u00f3n&#8221;.<\/p>\n\n\n\n<p>&#8220;El mundo espera, creo, que Estados Unidos y China desempe\u00f1en un papel clave en los desaf\u00edos globales, desde el cambio clim\u00e1tico hasta la inseguridad alimentaria, y que seamos capaces de trabajar juntos. Estados Unidos est\u00e1 dispuesto a hacerlo&#8221;.<\/p>\n\n\n\n<p>Antes de la reuni\u00f3n, durante el vuelo a la cumbre, el asesor de seguridad nacional de Estados Unidos, Jake Sullivan, dijo a los periodistas &#8220;El presidente Biden dejar\u00e1 claro a Xi que Estados Unidos est\u00e1 preparado para una dura competencia con China pero no busca el conflicto, no busca la confrontaci\u00f3n&#8221;.<\/p>\n\n\n\n<p>&#8220;\u00c9l quiere asegurarse de que gestionamos esa competencia de forma responsable y que todos los pa\u00edses, incluidos Estados Unidos y la RPC -Rep\u00fablica Popular China-, deben operar de acuerdo con un conjunto de reglas bien establecidas y acordadas, incluyendo la libertad de navegaci\u00f3n, la igualdad de condiciones para la econom\u00eda y la abstenci\u00f3n del uso de la intimidaci\u00f3n o la coerci\u00f3n o la agresi\u00f3n.&#8221;<\/p>\n\n\n\n<p>Por otra parte, la Casa Blanca confirm\u00f3 que el director de la CIA, Williams Burns, se reuni\u00f3 hoy con su hom\u00f3logo ruso en Turqu\u00eda, en los primeros contactos directos entre Estados Unidos y Rusia desde la invasi\u00f3n de Ucrania.<\/p>\n\n\n\n<p>Anthony Albanese, el primer ministro australiano, dijo a los periodistas a su llegada a Bali antes de la cumbre que se mantendr\u00eda firme en la posici\u00f3n de Australia en lugar de buscar apaciguar a China.<\/p>\n\n\n\n<p>&#8220;Australia presentar\u00e1 nuestra propia posici\u00f3n. Espero tener una discusi\u00f3n constructiva con el Presidente Xi&#8221;, dijo.<br><br>        <div class=\"rmwr-wrapper\" \n             data-id=\"rmwr-69f461007c198\"\n             data-mode=\"normal\"\n             data-animation=\"fade\"\n             data-duration=\"300\"\n             data-smooth-scroll=\"true\"\n             data-scroll-offset=\"0\">\n            <button \n                type=\"button\"\n                class=\"read-link\" \n                id=\"readlinkrmwr-69f461007c198\"\n                data-open-text=\"Continuaci\u00f3n...\"\n                data-close-text=\"Replegar pagina\"\n                aria-expanded=\"false\"\n                aria-controls=\"readrmwr-69f461007c198\"\n                aria-label=\"Continuaci\u00f3n...\"\n            >\n                <span class=\"rmwr-text\">Continuaci\u00f3n...<\/span>\n            <\/button>\n            <div \n                class=\"read_div\" \n                id=\"readrmwr-69f461007c198\"\n                aria-hidden=\"true\"\n                data-animation=\"fade\"\n                data-duration=\"300\"\n                style=\"display: none;\"\n            >\n                <\/p>\n\n\n\n<p>Los participantes occidentales en la cumbre del G20, entre los que se encuentra el Primer Ministro Rishi Sunak, estar\u00e1n ocupados en crear una oposici\u00f3n internacional a la guerra rusa en Ucrania. El Presidente Putin confirm\u00f3 que no asistir\u00e1, adelant\u00e1ndose a las amenazas de algunos l\u00edderes de boicotear la cumbre si \u00e9l estuviera presente.<\/p>\n\n\n\n<p>Hoy, Sergu\u00e9i Lavrov, el combativo ministro de Asuntos Exteriores de Putin, que asistir\u00e1 en su lugar, desminti\u00f3 la informaci\u00f3n indonesia de que hab\u00eda sido trasladado al hospital para ser revisado por un problema de salud no especificado.<\/p>\n\n\n\n<p>Sin embargo, para los gobiernos de Asia Oriental y el Pac\u00edfico, entre ellos Australia, India, Jap\u00f3n y Corea del Sur, la atenci\u00f3n se centrar\u00e1 en la relaci\u00f3n entre China y Estados Unidos.<\/p>\n\n\n\n<p>Para los gobiernos de Asia Oriental y el Pac\u00edfico presentes en la cumbre, entre ellos Australia, India, Jap\u00f3n y Corea del Sur, la atenci\u00f3n se centrar\u00e1 en la relaci\u00f3n entre China y Estados Unidos. El primer ministro japon\u00e9s, Fumio Kishida, se entrevistar\u00e1 con Xi el jueves en una reuni\u00f3n del Foro de Cooperaci\u00f3n Econ\u00f3mica Asia-Pac\u00edfico (APEC) en Bangkok. <br><\/p>\n\n\n\n<figure class=\"wp-block-image\"><img decoding=\"async\" src=\"https:\/\/elcanillita.info\/press\/images\/2022\/11\/2_g20_20221114.jpg\" alt=\"\" \/><figcaption>Otros gobiernos participantes como el de Argentina no han realizado hasta el momento otra declaraci\u00f3n que la de su participaci\u00f3n.<\/figcaption><\/figure>\n\n\n\n<p>El malestar entre Washington y Pek\u00edn ha crecido desde que restablecieron sus relaciones diplom\u00e1ticas en 1979. La elecci\u00f3n de Xi el mes pasado para un tercer mandato sin precedentes en el Partido Comunista Chino, afirma su posici\u00f3n como el l\u00edder m\u00e1s poderoso y asertivo en China, desde Mao Zedong.<\/p>\n\n\n\n<p>Luego de su llegada al poder en 2012, Washington y Pek\u00edn se han enfrentado por las reivindicaciones chinas sobre islas estrat\u00e9gicas en el Mar de China Meridional, varias de las cuales han sido convertidas en bases militares por el Ej\u00e9rcito Popular de Liberaci\u00f3n.<\/p>\n\n\n\n<p>Pero la tensi\u00f3n all\u00ed ha sido eclipsada por la ansiedad sobre Taiw\u00e1n, la pr\u00f3spera y democr\u00e1tica isla que se autogobierna desde 1949 y que ha sido reclamada constantemente por China. Xi ha insistido m\u00e1s que nunca en la importancia de poner a Taiw\u00e1n bajo el control de Pek\u00edn, por la fuerza si es necesario.<\/p>\n\n\n\n<p>Despu\u00e9s de que la presidenta del Congreso estadounidense, Nancy Pelosi, visitara Taipei para expresar su solidaridad, China reaccion\u00f3 disparando misiles sobre la isla y realizando ejercicios navales en el estrecho de Taiw\u00e1n. Biden dijo que si China invad\u00eda, Estados Unidos enviar\u00eda tropas para defender la isla.<\/p>\n\n\n\n<p>Seg\u00fan The Washington Post, los l\u00edderes del Congreso est\u00e1n estudiando la forma de equipar a Taiw\u00e1n con el tipo de armas que ha suministrado a Ucrania, como los misiles Javelin y Stinger, mediante un programa de financiaci\u00f3n militar.<\/p>\n\n\n\n<p>China acusa a Washington de intentar crear una versi\u00f3n asi\u00e1tica de la OTAN en forma Cuadrilateral, una agrupaci\u00f3n de seguridad que re\u00fane a Australia, Jap\u00f3n, India y Estados Unidos en cumbres y ejercicios militares.<\/p>\n\n\n\n<p>Desde que lleg\u00f3 a la presidencia, Biden ha hablado con Xi cinco veces por tel\u00e9fono o videollamada. Como vicepresidente de Barack Obama, tambi\u00e9n pas\u00f3 tiempo con \u00e9l en China.<\/p>\n\n\n\n<p>&#8220;Le conozco bien&#8221;, dijo. &#8220;\u00c9l me conoce a m\u00ed. Tenemos muy pocos malentendidos. S\u00f3lo tenemos que averiguar d\u00f3nde est\u00e1n las l\u00edneas rojas y cu\u00e1les son las cosas m\u00e1s importantes para cada uno de nosotros de cara a los pr\u00f3ximos dos a\u00f1os.&#8221;<\/p>\n\n\n\n<p>El creciente ambiente de confrontaci\u00f3n con EE.UU. ha animado a Xi a desarrollar relaciones estrechas con Putin, aunque \u00e9ste se ha mostrado notablemente reacio a dar un apoyo expl\u00edcito a la guerra de Rusia.<\/p>\n\n\n\n<p>A pesar de haberse reunido con Xi poco antes de la invasi\u00f3n, Putin parece no haberle contado sus planes, para disgusto y verg\u00fcenza de los chinos.<\/p>\n\n\n\n<p>En una reuni\u00f3n este mes con Olaf Scholz, el canciller alem\u00e1n, Xi se pronunci\u00f3 en contra del uso o la amenaza de armas nucleares, en lo que parece haber sido un reproche indirecto a Putin.<\/p>\n\n\n\n<p>&#8220;Rechazamos categ\u00f3ricamente la politizaci\u00f3n del G20&#8221;, dijo ayer Lavrov. &#8220;Estamos convencidos de que el G20 est\u00e1 destinado a tratar espec\u00edficamente cuestiones socioecon\u00f3micas&#8221;.<\/p>\n\n\n\n<p>Las agudas divisiones entre sus miembros hacen improbable que la cumbre del G20 de ma\u00f1ana desemboque en un comunicado conjunto. &#8220;Sinceramente, creo que la situaci\u00f3n mundial nunca ha sido tan compleja&#8221;, dijo Luhut Binsar Pandjaitan, ministro indonesio y estrecho colaborador del anfitri\u00f3n de la cumbre, el presidente Joko Widodo.<\/p>\n\n\n\n<p>&#8220;Si al final los l\u00edderes no producen un comunicado, significar\u00e1, que no ha pasado nada&#8221;.<br><br><small>\u00a92022 ElCanillita.info &#8211; SalaStampa.Eu &#8211; Derechos Reservados<\/small><br><br><a href=\"https:\/\/blogdiario.info\/magazine\/2022\/11\/18\/genocidio-cultural-uigur\/\" target=\"_blank\" rel=\"noreferrer noopener\">Nota relacionada<\/a><br><br><br><br>            <\/div>\n        <\/div>\n        <\/p>\n","protected":false},"excerpt":{"rendered":"<p>Se espera que Biden y Xi hablen de la guerra en Ucrania y de la situaci\u00f3n en Corea del Norte.<\/p>\n","protected":false},"author":1,"featured_media":3095,"comment_status":"closed","ping_status":"closed","sticky":false,"template":"","format":"standard","meta":{"footnotes":"","_links_to":"","_links_to_target":""},"categories":[108,70,16,20,23],"tags":[109],"class_list":["post-3094","post","type-post","status-publish","format-standard","has-post-thumbnail","hentry","category-blogdiario","category-actualidad","category-asia","category-economia","category-politica","tag-indonesia","entry","double"],"yoast_head":"<!-- This site is optimized with the Yoast SEO plugin v27.4 - https:\/\/yoast.com\/product\/yoast-seo-wordpress\/ -->\n<title>Durante la reuni\u00f3n con Xi Jinping, Joe Biden insiste que no habr\u00e1 Guerra Fr\u00eda - ElCanillita.Info<\/title>\n<meta name=\"description\" content=\"Los dos hombres se reunieron por primera vez como l\u00edderes nacionales antes de la reuni\u00f3n del Grupo de los 20 que se celebrar\u00e1 ma\u00f1ana en la isla indonesia de Bali, el encuentro pol\u00edtico de m\u00e1s alto nivel desde que el Este de Asia comenz\u00f3 a deslizarse hacia lo que muchos en la regi\u00f3n temen que sea una nueva confrontaci\u00f3n al estilo de la Guerra Fr\u00eda.\" \/>\n<meta name=\"robots\" content=\"index, follow, max-snippet:-1, max-image-preview:large, max-video-preview:-1\" \/>\n<link rel=\"canonical\" href=\"https:\/\/elcanillita.info\/press\/2022\/11\/14\/durante-la-reunion-con-xi-jinping-joe-biden-insiste-que-no-habra-guerra-fria\/\" \/>\n<meta property=\"og:locale\" content=\"es_ES\" \/>\n<meta property=\"og:type\" content=\"article\" \/>\n<meta property=\"og:title\" content=\"Durante la reuni\u00f3n con Xi Jinping, Joe Biden insiste que no habr\u00e1 Guerra Fr\u00eda - ElCanillita.Info\" \/>\n<meta property=\"og:description\" content=\"Los dos hombres se reunieron por primera vez como l\u00edderes nacionales antes de la reuni\u00f3n del Grupo de los 20 que se celebrar\u00e1 ma\u00f1ana en la isla indonesia de Bali, el encuentro pol\u00edtico de m\u00e1s alto nivel desde que el Este de Asia comenz\u00f3 a deslizarse hacia lo que muchos en la regi\u00f3n temen que sea una nueva confrontaci\u00f3n al estilo de la Guerra Fr\u00eda.\" \/>\n<meta property=\"og:url\" content=\"https:\/\/elcanillita.info\/press\/2022\/11\/14\/durante-la-reunion-con-xi-jinping-joe-biden-insiste-que-no-habra-guerra-fria\/\" \/>\n<meta property=\"og:site_name\" content=\"ElCanillita.Info\" \/>\n<meta property=\"article:publisher\" content=\"https:\/\/ar-ar.facebook.com\/ElCanillitainfo-114249515285712\/\" \/>\n<meta property=\"article:published_time\" content=\"2022-11-14T21:06:29+00:00\" \/>\n<meta property=\"article:modified_time\" content=\"2022-11-20T10:16:58+00:00\" \/>\n<meta property=\"og:image\" content=\"https:\/\/elcanillita.info\/press\/images\/2022\/11\/1_g20_20221114-1.jpg\" \/>\n\t<meta property=\"og:image:width\" content=\"600\" \/>\n\t<meta property=\"og:image:height\" content=\"400\" \/>\n\t<meta property=\"og:image:type\" content=\"image\/jpeg\" \/>\n<meta name=\"author\" content=\"SalaStampa.eu, world press service\" \/>\n<meta name=\"twitter:card\" content=\"summary_large_image\" \/>\n<meta name=\"twitter:label1\" content=\"Escrito por\" \/>\n\t<meta name=\"twitter:data1\" content=\"SalaStampa.eu, world press service\" \/>\n\t<meta name=\"twitter:label2\" content=\"Tiempo de lectura\" \/>\n\t<meta name=\"twitter:data2\" content=\"7 minutos\" \/>\n<script type=\"application\/ld+json\" class=\"yoast-schema-graph\">{\"@context\":\"https:\\\/\\\/schema.org\",\"@graph\":[{\"@type\":\"Article\",\"@id\":\"https:\\\/\\\/elcanillita.info\\\/press\\\/2022\\\/11\\\/14\\\/durante-la-reunion-con-xi-jinping-joe-biden-insiste-que-no-habra-guerra-fria\\\/#article\",\"isPartOf\":{\"@id\":\"https:\\\/\\\/elcanillita.info\\\/press\\\/2022\\\/11\\\/14\\\/durante-la-reunion-con-xi-jinping-joe-biden-insiste-que-no-habra-guerra-fria\\\/\"},\"author\":{\"name\":\"SalaStampa.eu, world press service\",\"@id\":\"https:\\\/\\\/elcanillita.info\\\/press\\\/#\\\/schema\\\/person\\\/7fcb79f38045700919f7da6d97e71ba0\"},\"headline\":\"Durante la reuni\u00f3n con Xi Jinping, Joe Biden insiste que no habr\u00e1 Guerra Fr\u00eda\",\"datePublished\":\"2022-11-14T21:06:29+00:00\",\"dateModified\":\"2022-11-20T10:16:58+00:00\",\"mainEntityOfPage\":{\"@id\":\"https:\\\/\\\/elcanillita.info\\\/press\\\/2022\\\/11\\\/14\\\/durante-la-reunion-con-xi-jinping-joe-biden-insiste-que-no-habra-guerra-fria\\\/\"},\"wordCount\":1587,\"publisher\":{\"@id\":\"https:\\\/\\\/elcanillita.info\\\/press\\\/#organization\"},\"image\":{\"@id\":\"https:\\\/\\\/elcanillita.info\\\/press\\\/2022\\\/11\\\/14\\\/durante-la-reunion-con-xi-jinping-joe-biden-insiste-que-no-habra-guerra-fria\\\/#primaryimage\"},\"thumbnailUrl\":\"https:\\\/\\\/elcanillita.info\\\/press\\\/images\\\/2022\\\/11\\\/1_g20_20221114-1.jpg\",\"keywords\":[\"Indonesia\"],\"articleSection\":[\".\",\"Actualidad\",\"Asia\",\"Economia\",\"Politica\"],\"inLanguage\":\"es-AR\"},{\"@type\":\"WebPage\",\"@id\":\"https:\\\/\\\/elcanillita.info\\\/press\\\/2022\\\/11\\\/14\\\/durante-la-reunion-con-xi-jinping-joe-biden-insiste-que-no-habra-guerra-fria\\\/\",\"url\":\"https:\\\/\\\/elcanillita.info\\\/press\\\/2022\\\/11\\\/14\\\/durante-la-reunion-con-xi-jinping-joe-biden-insiste-que-no-habra-guerra-fria\\\/\",\"name\":\"Durante la reuni\u00f3n con Xi Jinping, Joe Biden insiste que no habr\u00e1 Guerra Fr\u00eda - ElCanillita.Info\",\"isPartOf\":{\"@id\":\"https:\\\/\\\/elcanillita.info\\\/press\\\/#website\"},\"primaryImageOfPage\":{\"@id\":\"https:\\\/\\\/elcanillita.info\\\/press\\\/2022\\\/11\\\/14\\\/durante-la-reunion-con-xi-jinping-joe-biden-insiste-que-no-habra-guerra-fria\\\/#primaryimage\"},\"image\":{\"@id\":\"https:\\\/\\\/elcanillita.info\\\/press\\\/2022\\\/11\\\/14\\\/durante-la-reunion-con-xi-jinping-joe-biden-insiste-que-no-habra-guerra-fria\\\/#primaryimage\"},\"thumbnailUrl\":\"https:\\\/\\\/elcanillita.info\\\/press\\\/images\\\/2022\\\/11\\\/1_g20_20221114-1.jpg\",\"datePublished\":\"2022-11-14T21:06:29+00:00\",\"dateModified\":\"2022-11-20T10:16:58+00:00\",\"description\":\"Los dos hombres se reunieron por primera vez como l\u00edderes nacionales antes de la reuni\u00f3n del Grupo de los 20 que se celebrar\u00e1 ma\u00f1ana en la isla indonesia de Bali, el encuentro pol\u00edtico de m\u00e1s alto nivel desde que el Este de Asia comenz\u00f3 a deslizarse hacia lo que muchos en la regi\u00f3n temen que sea una nueva confrontaci\u00f3n al estilo de la Guerra Fr\u00eda.\",\"inLanguage\":\"es-AR\",\"potentialAction\":[{\"@type\":\"ReadAction\",\"target\":[\"https:\\\/\\\/elcanillita.info\\\/press\\\/2022\\\/11\\\/14\\\/durante-la-reunion-con-xi-jinping-joe-biden-insiste-que-no-habra-guerra-fria\\\/\"]}]},{\"@type\":\"ImageObject\",\"inLanguage\":\"es-AR\",\"@id\":\"https:\\\/\\\/elcanillita.info\\\/press\\\/2022\\\/11\\\/14\\\/durante-la-reunion-con-xi-jinping-joe-biden-insiste-que-no-habra-guerra-fria\\\/#primaryimage\",\"url\":\"https:\\\/\\\/elcanillita.info\\\/press\\\/images\\\/2022\\\/11\\\/1_g20_20221114-1.jpg\",\"contentUrl\":\"https:\\\/\\\/elcanillita.info\\\/press\\\/images\\\/2022\\\/11\\\/1_g20_20221114-1.jpg\",\"width\":600,\"height\":400},{\"@type\":\"WebSite\",\"@id\":\"https:\\\/\\\/elcanillita.info\\\/press\\\/#website\",\"url\":\"https:\\\/\\\/elcanillita.info\\\/press\\\/\",\"name\":\"ElCanillita.Info\",\"description\":\"desde los Apeninos a los Andes\",\"publisher\":{\"@id\":\"https:\\\/\\\/elcanillita.info\\\/press\\\/#organization\"},\"potentialAction\":[{\"@type\":\"SearchAction\",\"target\":{\"@type\":\"EntryPoint\",\"urlTemplate\":\"https:\\\/\\\/elcanillita.info\\\/press\\\/?s={search_term_string}\"},\"query-input\":{\"@type\":\"PropertyValueSpecification\",\"valueRequired\":true,\"valueName\":\"search_term_string\"}}],\"inLanguage\":\"es-AR\"},{\"@type\":\"Organization\",\"@id\":\"https:\\\/\\\/elcanillita.info\\\/press\\\/#organization\",\"name\":\"Guzzo Photos & Graphic Publications\",\"url\":\"https:\\\/\\\/elcanillita.info\\\/press\\\/\",\"logo\":{\"@type\":\"ImageObject\",\"inLanguage\":\"es-AR\",\"@id\":\"https:\\\/\\\/elcanillita.info\\\/press\\\/#\\\/schema\\\/logo\\\/image\\\/\",\"url\":\"https:\\\/\\\/elcanillita.info\\\/press\\\/images\\\/2020\\\/01\\\/cropped-cropped-cropped-elcanillitainfo.png\",\"contentUrl\":\"https:\\\/\\\/elcanillita.info\\\/press\\\/images\\\/2020\\\/01\\\/cropped-cropped-cropped-elcanillitainfo.png\",\"width\":460,\"height\":50,\"caption\":\"Guzzo Photos & Graphic Publications\"},\"image\":{\"@id\":\"https:\\\/\\\/elcanillita.info\\\/press\\\/#\\\/schema\\\/logo\\\/image\\\/\"},\"sameAs\":[\"https:\\\/\\\/ar-ar.facebook.com\\\/ElCanillitainfo-114249515285712\\\/\"]},{\"@type\":\"Person\",\"@id\":\"https:\\\/\\\/elcanillita.info\\\/press\\\/#\\\/schema\\\/person\\\/7fcb79f38045700919f7da6d97e71ba0\",\"name\":\"SalaStampa.eu, world press service\",\"image\":{\"@type\":\"ImageObject\",\"inLanguage\":\"es-AR\",\"@id\":\"https:\\\/\\\/secure.gravatar.com\\\/avatar\\\/c2f0e0d515a107624234994507816ca4724c7199cef73fc8bedebf6931d73888?s=96&d=mm&r=g\",\"url\":\"https:\\\/\\\/secure.gravatar.com\\\/avatar\\\/c2f0e0d515a107624234994507816ca4724c7199cef73fc8bedebf6931d73888?s=96&d=mm&r=g\",\"contentUrl\":\"https:\\\/\\\/secure.gravatar.com\\\/avatar\\\/c2f0e0d515a107624234994507816ca4724c7199cef73fc8bedebf6931d73888?s=96&d=mm&r=g\",\"caption\":\"SalaStampa.eu, world press service\"}}]}<\/script>\n<!-- \/ Yoast SEO plugin. -->","yoast_head_json":{"title":"Durante la reuni\u00f3n con Xi Jinping, Joe Biden insiste que no habr\u00e1 Guerra Fr\u00eda - ElCanillita.Info","description":"Los dos hombres se reunieron por primera vez como l\u00edderes nacionales antes de la reuni\u00f3n del Grupo de los 20 que se celebrar\u00e1 ma\u00f1ana en la isla indonesia de Bali, el encuentro pol\u00edtico de m\u00e1s alto nivel desde que el Este de Asia comenz\u00f3 a deslizarse hacia lo que muchos en la regi\u00f3n temen que sea una nueva confrontaci\u00f3n al estilo de la Guerra Fr\u00eda.","robots":{"index":"index","follow":"follow","max-snippet":"max-snippet:-1","max-image-preview":"max-image-preview:large","max-video-preview":"max-video-preview:-1"},"canonical":"https:\/\/elcanillita.info\/press\/2022\/11\/14\/durante-la-reunion-con-xi-jinping-joe-biden-insiste-que-no-habra-guerra-fria\/","og_locale":"es_ES","og_type":"article","og_title":"Durante la reuni\u00f3n con Xi Jinping, Joe Biden insiste que no habr\u00e1 Guerra Fr\u00eda - ElCanillita.Info","og_description":"Los dos hombres se reunieron por primera vez como l\u00edderes nacionales antes de la reuni\u00f3n del Grupo de los 20 que se celebrar\u00e1 ma\u00f1ana en la isla indonesia de Bali, el encuentro pol\u00edtico de m\u00e1s alto nivel desde que el Este de Asia comenz\u00f3 a deslizarse hacia lo que muchos en la regi\u00f3n temen que sea una nueva confrontaci\u00f3n al estilo de la Guerra Fr\u00eda.","og_url":"https:\/\/elcanillita.info\/press\/2022\/11\/14\/durante-la-reunion-con-xi-jinping-joe-biden-insiste-que-no-habra-guerra-fria\/","og_site_name":"ElCanillita.Info","article_publisher":"https:\/\/ar-ar.facebook.com\/ElCanillitainfo-114249515285712\/","article_published_time":"2022-11-14T21:06:29+00:00","article_modified_time":"2022-11-20T10:16:58+00:00","og_image":[{"width":600,"height":400,"url":"https:\/\/elcanillita.info\/press\/images\/2022\/11\/1_g20_20221114-1.jpg","type":"image\/jpeg"}],"author":"SalaStampa.eu, world press service","twitter_card":"summary_large_image","twitter_misc":{"Escrito por":"SalaStampa.eu, world press service","Tiempo de lectura":"7 minutos"},"schema":{"@context":"https:\/\/schema.org","@graph":[{"@type":"Article","@id":"https:\/\/elcanillita.info\/press\/2022\/11\/14\/durante-la-reunion-con-xi-jinping-joe-biden-insiste-que-no-habra-guerra-fria\/#article","isPartOf":{"@id":"https:\/\/elcanillita.info\/press\/2022\/11\/14\/durante-la-reunion-con-xi-jinping-joe-biden-insiste-que-no-habra-guerra-fria\/"},"author":{"name":"SalaStampa.eu, world press service","@id":"https:\/\/elcanillita.info\/press\/#\/schema\/person\/7fcb79f38045700919f7da6d97e71ba0"},"headline":"Durante la reuni\u00f3n con Xi Jinping, Joe Biden insiste que no habr\u00e1 Guerra Fr\u00eda","datePublished":"2022-11-14T21:06:29+00:00","dateModified":"2022-11-20T10:16:58+00:00","mainEntityOfPage":{"@id":"https:\/\/elcanillita.info\/press\/2022\/11\/14\/durante-la-reunion-con-xi-jinping-joe-biden-insiste-que-no-habra-guerra-fria\/"},"wordCount":1587,"publisher":{"@id":"https:\/\/elcanillita.info\/press\/#organization"},"image":{"@id":"https:\/\/elcanillita.info\/press\/2022\/11\/14\/durante-la-reunion-con-xi-jinping-joe-biden-insiste-que-no-habra-guerra-fria\/#primaryimage"},"thumbnailUrl":"https:\/\/elcanillita.info\/press\/images\/2022\/11\/1_g20_20221114-1.jpg","keywords":["Indonesia"],"articleSection":[".","Actualidad","Asia","Economia","Politica"],"inLanguage":"es-AR"},{"@type":"WebPage","@id":"https:\/\/elcanillita.info\/press\/2022\/11\/14\/durante-la-reunion-con-xi-jinping-joe-biden-insiste-que-no-habra-guerra-fria\/","url":"https:\/\/elcanillita.info\/press\/2022\/11\/14\/durante-la-reunion-con-xi-jinping-joe-biden-insiste-que-no-habra-guerra-fria\/","name":"Durante la reuni\u00f3n con Xi Jinping, Joe Biden insiste que no habr\u00e1 Guerra Fr\u00eda - ElCanillita.Info","isPartOf":{"@id":"https:\/\/elcanillita.info\/press\/#website"},"primaryImageOfPage":{"@id":"https:\/\/elcanillita.info\/press\/2022\/11\/14\/durante-la-reunion-con-xi-jinping-joe-biden-insiste-que-no-habra-guerra-fria\/#primaryimage"},"image":{"@id":"https:\/\/elcanillita.info\/press\/2022\/11\/14\/durante-la-reunion-con-xi-jinping-joe-biden-insiste-que-no-habra-guerra-fria\/#primaryimage"},"thumbnailUrl":"https:\/\/elcanillita.info\/press\/images\/2022\/11\/1_g20_20221114-1.jpg","datePublished":"2022-11-14T21:06:29+00:00","dateModified":"2022-11-20T10:16:58+00:00","description":"Los dos hombres se reunieron por primera vez como l\u00edderes nacionales antes de la reuni\u00f3n del Grupo de los 20 que se celebrar\u00e1 ma\u00f1ana en la isla indonesia de Bali, el encuentro pol\u00edtico de m\u00e1s alto nivel desde que el Este de Asia comenz\u00f3 a deslizarse hacia lo que muchos en la regi\u00f3n temen que sea una nueva confrontaci\u00f3n al estilo de la Guerra Fr\u00eda.","inLanguage":"es-AR","potentialAction":[{"@type":"ReadAction","target":["https:\/\/elcanillita.info\/press\/2022\/11\/14\/durante-la-reunion-con-xi-jinping-joe-biden-insiste-que-no-habra-guerra-fria\/"]}]},{"@type":"ImageObject","inLanguage":"es-AR","@id":"https:\/\/elcanillita.info\/press\/2022\/11\/14\/durante-la-reunion-con-xi-jinping-joe-biden-insiste-que-no-habra-guerra-fria\/#primaryimage","url":"https:\/\/elcanillita.info\/press\/images\/2022\/11\/1_g20_20221114-1.jpg","contentUrl":"https:\/\/elcanillita.info\/press\/images\/2022\/11\/1_g20_20221114-1.jpg","width":600,"height":400},{"@type":"WebSite","@id":"https:\/\/elcanillita.info\/press\/#website","url":"https:\/\/elcanillita.info\/press\/","name":"ElCanillita.Info","description":"desde los Apeninos a los Andes","publisher":{"@id":"https:\/\/elcanillita.info\/press\/#organization"},"potentialAction":[{"@type":"SearchAction","target":{"@type":"EntryPoint","urlTemplate":"https:\/\/elcanillita.info\/press\/?s={search_term_string}"},"query-input":{"@type":"PropertyValueSpecification","valueRequired":true,"valueName":"search_term_string"}}],"inLanguage":"es-AR"},{"@type":"Organization","@id":"https:\/\/elcanillita.info\/press\/#organization","name":"Guzzo Photos & Graphic Publications","url":"https:\/\/elcanillita.info\/press\/","logo":{"@type":"ImageObject","inLanguage":"es-AR","@id":"https:\/\/elcanillita.info\/press\/#\/schema\/logo\/image\/","url":"https:\/\/elcanillita.info\/press\/images\/2020\/01\/cropped-cropped-cropped-elcanillitainfo.png","contentUrl":"https:\/\/elcanillita.info\/press\/images\/2020\/01\/cropped-cropped-cropped-elcanillitainfo.png","width":460,"height":50,"caption":"Guzzo Photos & Graphic Publications"},"image":{"@id":"https:\/\/elcanillita.info\/press\/#\/schema\/logo\/image\/"},"sameAs":["https:\/\/ar-ar.facebook.com\/ElCanillitainfo-114249515285712\/"]},{"@type":"Person","@id":"https:\/\/elcanillita.info\/press\/#\/schema\/person\/7fcb79f38045700919f7da6d97e71ba0","name":"SalaStampa.eu, world press service","image":{"@type":"ImageObject","inLanguage":"es-AR","@id":"https:\/\/secure.gravatar.com\/avatar\/c2f0e0d515a107624234994507816ca4724c7199cef73fc8bedebf6931d73888?s=96&d=mm&r=g","url":"https:\/\/secure.gravatar.com\/avatar\/c2f0e0d515a107624234994507816ca4724c7199cef73fc8bedebf6931d73888?s=96&d=mm&r=g","contentUrl":"https:\/\/secure.gravatar.com\/avatar\/c2f0e0d515a107624234994507816ca4724c7199cef73fc8bedebf6931d73888?s=96&d=mm&r=g","caption":"SalaStampa.eu, world press service"}}]}},"views":551,"_links":{"self":[{"href":"https:\/\/elcanillita.info\/press\/wp-json\/wp\/v2\/posts\/3094","targetHints":{"allow":["GET"]}}],"collection":[{"href":"https:\/\/elcanillita.info\/press\/wp-json\/wp\/v2\/posts"}],"about":[{"href":"https:\/\/elcanillita.info\/press\/wp-json\/wp\/v2\/types\/post"}],"author":[{"embeddable":true,"href":"https:\/\/elcanillita.info\/press\/wp-json\/wp\/v2\/users\/1"}],"replies":[{"embeddable":true,"href":"https:\/\/elcanillita.info\/press\/wp-json\/wp\/v2\/comments?post=3094"}],"version-history":[{"count":0,"href":"https:\/\/elcanillita.info\/press\/wp-json\/wp\/v2\/posts\/3094\/revisions"}],"wp:featuredmedia":[{"embeddable":true,"href":"https:\/\/elcanillita.info\/press\/wp-json\/wp\/v2\/media\/3095"}],"wp:attachment":[{"href":"https:\/\/elcanillita.info\/press\/wp-json\/wp\/v2\/media?parent=3094"}],"wp:term":[{"taxonomy":"category","embeddable":true,"href":"https:\/\/elcanillita.info\/press\/wp-json\/wp\/v2\/categories?post=3094"},{"taxonomy":"post_tag","embeddable":true,"href":"https:\/\/elcanillita.info\/press\/wp-json\/wp\/v2\/tags?post=3094"}],"curies":[{"name":"wp","href":"https:\/\/api.w.org\/{rel}","templated":true}]}}