{"id":309,"date":"2020-02-04T05:42:23","date_gmt":"2020-02-04T08:42:23","guid":{"rendered":"https:\/\/elcanillita.info\/press\/?p=309"},"modified":"2020-02-04T05:44:25","modified_gmt":"2020-02-04T08:44:25","slug":"reabren-aeropuerto-madrid-tras-cierre-temporal-presencia-drones","status":"publish","type":"post","link":"https:\/\/elcanillita.info\/press\/2020\/02\/04\/reabren-aeropuerto-madrid-tras-cierre-temporal-presencia-drones\/","title":{"rendered":"Reabren aeropuerto de Madrid tras cierre temporal por presencia de drones"},"content":{"rendered":"\n<p>Madrid, 04.02.2020 &#8211; El tr\u00e1fico de la terminal Madrid-Barajas, el principal aeropuerto de Espa\u00f1a en t\u00e9rminos de tr\u00e1fico, fue restablecido el lunes, tras un cierre temporal decidido por la posible presencia de drones en una de las zonas de despegue.<\/p>\n\n\n\n<p>\u201cDos pilotos vieron un dron\u201d, dijo una portavoz de Enaire, el gestor aeroportuario espa\u00f1ol, que aplic\u00f3 el protocolo de seguridad pertinente en estos casos.<\/p>\n\n\n\n<p>Enaire agreg\u00f3 que durante una hora no se permitieron los despegues hacia Barajas.<\/p>\n\n\n\n<p>En tanto, el operador Aena comunic\u00f3 que 22 vuelos tuvieron que ser desviados con motivo del cierre.<br>\nUn Boeing 767 de Air Canada prepara aterrizaje de emergencia en Madrid<\/p>\n\n\n\n<p>Un avi\u00f3n Boeing 767 operado por Air Canada regresaba hacia el aeropuerto Adolfo Su\u00e1rez de Madrid para un aterrizaje de emergencia el lunes, despu\u00e9s de que inform\u00f3 de un \u201cproblema t\u00e9cnico\u201d, dijo el operador del aeropuerto espa\u00f1ol AENA.<\/p>\n\n\n\n<p>El sindicato espa\u00f1ol de pilotos SEPLA dijo en Twitter, sin citar el origen de la informaci\u00f3n, que el avi\u00f3n hab\u00eda \u201cperdido piezas del tren de aterrizaje que han entrado en el motor\u201d.<\/p>\n\n\n\n<p>El incidente ocurri\u00f3 s\u00f3lo horas despu\u00e9s de que la presencia de drones cerca de la zona de despegue caus\u00f3 el cierre temporal del aeropuerto, lo que provoc\u00f3 el desv\u00edo de 26 vuelos. (nL8N2A343A)El aparato llam\u00f3 al control de tr\u00e1fico a\u00e9reo 30 minutos despu\u00e9s del despegue y pidi\u00f3 espacio para un aterrizaje de emergencia, dijo a Reuters una portavoz de AENA, que no pudo dar m\u00e1s detalles o decir si el incidente estaba relacionado de alguna manera con el cierre anterior.<\/p>\n\n\n\n<p>Seg\u00fan Flightradar24, un sitio web de seguimiento que monitorea el incidente, el avi\u00f3n involucrado, un Boeing 7367-200ER, tiene unos 30 a\u00f1os.<br><br><small>2020 voanoticias \u2013 salastampa.eu, afiliada a la red Broadcasting Board of Governors \u00a9 2020 BBG<\/small><\/p>\n","protected":false},"excerpt":{"rendered":"<p>Madrid, 04.02.2020 &#8211; El tr\u00e1fico de la terminal Madrid-Barajas, el principal aeropuerto de Espa\u00f1a en t\u00e9rminos de tr\u00e1fico, fue restablecido el lunes, tras un cierre temporal decidido por la posible presencia de drones en una de las zonas de despegue.<\/p>\n","protected":false},"author":1,"featured_media":0,"comment_status":"closed","ping_status":"closed","sticky":false,"template":"","format":"standard","meta":{"footnotes":"","_links_to":"","_links_to_target":""},"categories":[70,5],"tags":[71],"class_list":["post-309","post","type-post","status-publish","format-standard","hentry","category-actualidad","category-europa","tag-espana","entry","double"],"yoast_head":"<!-- This site is optimized with the Yoast SEO plugin v27.5 - https:\/\/yoast.com\/product\/yoast-seo-wordpress\/ -->\n<title>Reabren aeropuerto de Madrid tras cierre temporal por presencia de drones - ElCanillita.Info<\/title>\n<meta name=\"robots\" content=\"index, follow, max-snippet:-1, max-image-preview:large, max-video-preview:-1\" \/>\n<link rel=\"canonical\" href=\"https:\/\/elcanillita.info\/press\/2020\/02\/04\/reabren-aeropuerto-madrid-tras-cierre-temporal-presencia-drones\/\" \/>\n<meta property=\"og:locale\" content=\"es_ES\" \/>\n<meta property=\"og:type\" content=\"article\" \/>\n<meta property=\"og:title\" content=\"Reabren aeropuerto de Madrid tras cierre temporal por presencia de drones - ElCanillita.Info\" \/>\n<meta property=\"og:description\" content=\"Madrid, 04.02.2020 - El tr\u00e1fico de la terminal Madrid-Barajas, el principal aeropuerto de Espa\u00f1a en t\u00e9rminos de tr\u00e1fico, fue restablecido el lunes, tras un cierre temporal decidido por la posible presencia de drones en una de las zonas de despegue.\" \/>\n<meta property=\"og:url\" content=\"https:\/\/elcanillita.info\/press\/2020\/02\/04\/reabren-aeropuerto-madrid-tras-cierre-temporal-presencia-drones\/\" \/>\n<meta property=\"og:site_name\" content=\"ElCanillita.Info\" \/>\n<meta property=\"article:publisher\" content=\"https:\/\/ar-ar.facebook.com\/ElCanillitainfo-114249515285712\/\" \/>\n<meta property=\"article:published_time\" content=\"2020-02-04T08:42:23+00:00\" \/>\n<meta property=\"article:modified_time\" content=\"2020-02-04T08:44:25+00:00\" \/>\n<meta name=\"author\" content=\"SalaStampa.eu, world press service\" \/>\n<meta name=\"twitter:card\" content=\"summary_large_image\" \/>\n<meta name=\"twitter:label1\" content=\"Escrito por\" \/>\n\t<meta name=\"twitter:data1\" content=\"SalaStampa.eu, world press service\" \/>\n\t<meta name=\"twitter:label2\" content=\"Tiempo de lectura\" \/>\n\t<meta name=\"twitter:data2\" content=\"2 minutos\" \/>\n<script type=\"application\/ld+json\" class=\"yoast-schema-graph\">{\"@context\":\"https:\\\/\\\/schema.org\",\"@graph\":[{\"@type\":\"Article\",\"@id\":\"https:\\\/\\\/elcanillita.info\\\/press\\\/2020\\\/02\\\/04\\\/reabren-aeropuerto-madrid-tras-cierre-temporal-presencia-drones\\\/#article\",\"isPartOf\":{\"@id\":\"https:\\\/\\\/elcanillita.info\\\/press\\\/2020\\\/02\\\/04\\\/reabren-aeropuerto-madrid-tras-cierre-temporal-presencia-drones\\\/\"},\"author\":{\"name\":\"SalaStampa.eu, world press service\",\"@id\":\"https:\\\/\\\/elcanillita.info\\\/press\\\/#\\\/schema\\\/person\\\/7fcb79f38045700919f7da6d97e71ba0\"},\"headline\":\"Reabren aeropuerto de Madrid tras cierre temporal por presencia de drones\",\"datePublished\":\"2020-02-04T08:42:23+00:00\",\"dateModified\":\"2020-02-04T08:44:25+00:00\",\"mainEntityOfPage\":{\"@id\":\"https:\\\/\\\/elcanillita.info\\\/press\\\/2020\\\/02\\\/04\\\/reabren-aeropuerto-madrid-tras-cierre-temporal-presencia-drones\\\/\"},\"wordCount\":322,\"publisher\":{\"@id\":\"https:\\\/\\\/elcanillita.info\\\/press\\\/#organization\"},\"keywords\":[\"Espa\u00f1a\"],\"articleSection\":[\"Actualidad\",\"Europa\"],\"inLanguage\":\"es-AR\"},{\"@type\":\"WebPage\",\"@id\":\"https:\\\/\\\/elcanillita.info\\\/press\\\/2020\\\/02\\\/04\\\/reabren-aeropuerto-madrid-tras-cierre-temporal-presencia-drones\\\/\",\"url\":\"https:\\\/\\\/elcanillita.info\\\/press\\\/2020\\\/02\\\/04\\\/reabren-aeropuerto-madrid-tras-cierre-temporal-presencia-drones\\\/\",\"name\":\"Reabren aeropuerto de Madrid tras cierre temporal por presencia de drones - ElCanillita.Info\",\"isPartOf\":{\"@id\":\"https:\\\/\\\/elcanillita.info\\\/press\\\/#website\"},\"datePublished\":\"2020-02-04T08:42:23+00:00\",\"dateModified\":\"2020-02-04T08:44:25+00:00\",\"inLanguage\":\"es-AR\",\"potentialAction\":[{\"@type\":\"ReadAction\",\"target\":[\"https:\\\/\\\/elcanillita.info\\\/press\\\/2020\\\/02\\\/04\\\/reabren-aeropuerto-madrid-tras-cierre-temporal-presencia-drones\\\/\"]}]},{\"@type\":\"WebSite\",\"@id\":\"https:\\\/\\\/elcanillita.info\\\/press\\\/#website\",\"url\":\"https:\\\/\\\/elcanillita.info\\\/press\\\/\",\"name\":\"ElCanillita.Info\",\"description\":\"desde los Apeninos a los Andes\",\"publisher\":{\"@id\":\"https:\\\/\\\/elcanillita.info\\\/press\\\/#organization\"},\"potentialAction\":[{\"@type\":\"SearchAction\",\"target\":{\"@type\":\"EntryPoint\",\"urlTemplate\":\"https:\\\/\\\/elcanillita.info\\\/press\\\/?s={search_term_string}\"},\"query-input\":{\"@type\":\"PropertyValueSpecification\",\"valueRequired\":true,\"valueName\":\"search_term_string\"}}],\"inLanguage\":\"es-AR\"},{\"@type\":\"Organization\",\"@id\":\"https:\\\/\\\/elcanillita.info\\\/press\\\/#organization\",\"name\":\"Guzzo Photos & Graphic Publications\",\"url\":\"https:\\\/\\\/elcanillita.info\\\/press\\\/\",\"logo\":{\"@type\":\"ImageObject\",\"inLanguage\":\"es-AR\",\"@id\":\"https:\\\/\\\/elcanillita.info\\\/press\\\/#\\\/schema\\\/logo\\\/image\\\/\",\"url\":\"https:\\\/\\\/elcanillita.info\\\/press\\\/images\\\/2020\\\/01\\\/cropped-cropped-cropped-elcanillitainfo.png\",\"contentUrl\":\"https:\\\/\\\/elcanillita.info\\\/press\\\/images\\\/2020\\\/01\\\/cropped-cropped-cropped-elcanillitainfo.png\",\"width\":460,\"height\":50,\"caption\":\"Guzzo Photos & Graphic Publications\"},\"image\":{\"@id\":\"https:\\\/\\\/elcanillita.info\\\/press\\\/#\\\/schema\\\/logo\\\/image\\\/\"},\"sameAs\":[\"https:\\\/\\\/ar-ar.facebook.com\\\/ElCanillitainfo-114249515285712\\\/\"]},{\"@type\":\"Person\",\"@id\":\"https:\\\/\\\/elcanillita.info\\\/press\\\/#\\\/schema\\\/person\\\/7fcb79f38045700919f7da6d97e71ba0\",\"name\":\"SalaStampa.eu, world press service\",\"image\":{\"@type\":\"ImageObject\",\"inLanguage\":\"es-AR\",\"@id\":\"https:\\\/\\\/secure.gravatar.com\\\/avatar\\\/c2f0e0d515a107624234994507816ca4724c7199cef73fc8bedebf6931d73888?s=96&d=mm&r=g\",\"url\":\"https:\\\/\\\/secure.gravatar.com\\\/avatar\\\/c2f0e0d515a107624234994507816ca4724c7199cef73fc8bedebf6931d73888?s=96&d=mm&r=g\",\"contentUrl\":\"https:\\\/\\\/secure.gravatar.com\\\/avatar\\\/c2f0e0d515a107624234994507816ca4724c7199cef73fc8bedebf6931d73888?s=96&d=mm&r=g\",\"caption\":\"SalaStampa.eu, world press service\"}}]}<\/script>\n<!-- \/ Yoast SEO plugin. -->","yoast_head_json":{"title":"Reabren aeropuerto de Madrid tras cierre temporal por presencia de drones - ElCanillita.Info","robots":{"index":"index","follow":"follow","max-snippet":"max-snippet:-1","max-image-preview":"max-image-preview:large","max-video-preview":"max-video-preview:-1"},"canonical":"https:\/\/elcanillita.info\/press\/2020\/02\/04\/reabren-aeropuerto-madrid-tras-cierre-temporal-presencia-drones\/","og_locale":"es_ES","og_type":"article","og_title":"Reabren aeropuerto de Madrid tras cierre temporal por presencia de drones - ElCanillita.Info","og_description":"Madrid, 04.02.2020 - El tr\u00e1fico de la terminal Madrid-Barajas, el principal aeropuerto de Espa\u00f1a en t\u00e9rminos de tr\u00e1fico, fue restablecido el lunes, tras un cierre temporal decidido por la posible presencia de drones en una de las zonas de despegue.","og_url":"https:\/\/elcanillita.info\/press\/2020\/02\/04\/reabren-aeropuerto-madrid-tras-cierre-temporal-presencia-drones\/","og_site_name":"ElCanillita.Info","article_publisher":"https:\/\/ar-ar.facebook.com\/ElCanillitainfo-114249515285712\/","article_published_time":"2020-02-04T08:42:23+00:00","article_modified_time":"2020-02-04T08:44:25+00:00","author":"SalaStampa.eu, world press service","twitter_card":"summary_large_image","twitter_misc":{"Escrito por":"SalaStampa.eu, world press service","Tiempo de lectura":"2 minutos"},"schema":{"@context":"https:\/\/schema.org","@graph":[{"@type":"Article","@id":"https:\/\/elcanillita.info\/press\/2020\/02\/04\/reabren-aeropuerto-madrid-tras-cierre-temporal-presencia-drones\/#article","isPartOf":{"@id":"https:\/\/elcanillita.info\/press\/2020\/02\/04\/reabren-aeropuerto-madrid-tras-cierre-temporal-presencia-drones\/"},"author":{"name":"SalaStampa.eu, world press service","@id":"https:\/\/elcanillita.info\/press\/#\/schema\/person\/7fcb79f38045700919f7da6d97e71ba0"},"headline":"Reabren aeropuerto de Madrid tras cierre temporal por presencia de drones","datePublished":"2020-02-04T08:42:23+00:00","dateModified":"2020-02-04T08:44:25+00:00","mainEntityOfPage":{"@id":"https:\/\/elcanillita.info\/press\/2020\/02\/04\/reabren-aeropuerto-madrid-tras-cierre-temporal-presencia-drones\/"},"wordCount":322,"publisher":{"@id":"https:\/\/elcanillita.info\/press\/#organization"},"keywords":["Espa\u00f1a"],"articleSection":["Actualidad","Europa"],"inLanguage":"es-AR"},{"@type":"WebPage","@id":"https:\/\/elcanillita.info\/press\/2020\/02\/04\/reabren-aeropuerto-madrid-tras-cierre-temporal-presencia-drones\/","url":"https:\/\/elcanillita.info\/press\/2020\/02\/04\/reabren-aeropuerto-madrid-tras-cierre-temporal-presencia-drones\/","name":"Reabren aeropuerto de Madrid tras cierre temporal por presencia de drones - ElCanillita.Info","isPartOf":{"@id":"https:\/\/elcanillita.info\/press\/#website"},"datePublished":"2020-02-04T08:42:23+00:00","dateModified":"2020-02-04T08:44:25+00:00","inLanguage":"es-AR","potentialAction":[{"@type":"ReadAction","target":["https:\/\/elcanillita.info\/press\/2020\/02\/04\/reabren-aeropuerto-madrid-tras-cierre-temporal-presencia-drones\/"]}]},{"@type":"WebSite","@id":"https:\/\/elcanillita.info\/press\/#website","url":"https:\/\/elcanillita.info\/press\/","name":"ElCanillita.Info","description":"desde los Apeninos a los Andes","publisher":{"@id":"https:\/\/elcanillita.info\/press\/#organization"},"potentialAction":[{"@type":"SearchAction","target":{"@type":"EntryPoint","urlTemplate":"https:\/\/elcanillita.info\/press\/?s={search_term_string}"},"query-input":{"@type":"PropertyValueSpecification","valueRequired":true,"valueName":"search_term_string"}}],"inLanguage":"es-AR"},{"@type":"Organization","@id":"https:\/\/elcanillita.info\/press\/#organization","name":"Guzzo Photos & Graphic Publications","url":"https:\/\/elcanillita.info\/press\/","logo":{"@type":"ImageObject","inLanguage":"es-AR","@id":"https:\/\/elcanillita.info\/press\/#\/schema\/logo\/image\/","url":"https:\/\/elcanillita.info\/press\/images\/2020\/01\/cropped-cropped-cropped-elcanillitainfo.png","contentUrl":"https:\/\/elcanillita.info\/press\/images\/2020\/01\/cropped-cropped-cropped-elcanillitainfo.png","width":460,"height":50,"caption":"Guzzo Photos & Graphic Publications"},"image":{"@id":"https:\/\/elcanillita.info\/press\/#\/schema\/logo\/image\/"},"sameAs":["https:\/\/ar-ar.facebook.com\/ElCanillitainfo-114249515285712\/"]},{"@type":"Person","@id":"https:\/\/elcanillita.info\/press\/#\/schema\/person\/7fcb79f38045700919f7da6d97e71ba0","name":"SalaStampa.eu, world press service","image":{"@type":"ImageObject","inLanguage":"es-AR","@id":"https:\/\/secure.gravatar.com\/avatar\/c2f0e0d515a107624234994507816ca4724c7199cef73fc8bedebf6931d73888?s=96&d=mm&r=g","url":"https:\/\/secure.gravatar.com\/avatar\/c2f0e0d515a107624234994507816ca4724c7199cef73fc8bedebf6931d73888?s=96&d=mm&r=g","contentUrl":"https:\/\/secure.gravatar.com\/avatar\/c2f0e0d515a107624234994507816ca4724c7199cef73fc8bedebf6931d73888?s=96&d=mm&r=g","caption":"SalaStampa.eu, world press service"}}]}},"views":747,"_links":{"self":[{"href":"https:\/\/elcanillita.info\/press\/wp-json\/wp\/v2\/posts\/309","targetHints":{"allow":["GET"]}}],"collection":[{"href":"https:\/\/elcanillita.info\/press\/wp-json\/wp\/v2\/posts"}],"about":[{"href":"https:\/\/elcanillita.info\/press\/wp-json\/wp\/v2\/types\/post"}],"author":[{"embeddable":true,"href":"https:\/\/elcanillita.info\/press\/wp-json\/wp\/v2\/users\/1"}],"replies":[{"embeddable":true,"href":"https:\/\/elcanillita.info\/press\/wp-json\/wp\/v2\/comments?post=309"}],"version-history":[{"count":0,"href":"https:\/\/elcanillita.info\/press\/wp-json\/wp\/v2\/posts\/309\/revisions"}],"wp:attachment":[{"href":"https:\/\/elcanillita.info\/press\/wp-json\/wp\/v2\/media?parent=309"}],"wp:term":[{"taxonomy":"category","embeddable":true,"href":"https:\/\/elcanillita.info\/press\/wp-json\/wp\/v2\/categories?post=309"},{"taxonomy":"post_tag","embeddable":true,"href":"https:\/\/elcanillita.info\/press\/wp-json\/wp\/v2\/tags?post=309"}],"curies":[{"name":"wp","href":"https:\/\/api.w.org\/{rel}","templated":true}]}}