{"id":306,"date":"2020-02-04T05:30:48","date_gmt":"2020-02-04T08:30:48","guid":{"rendered":"https:\/\/elcanillita.info\/press\/?p=306"},"modified":"2020-02-04T05:38:10","modified_gmt":"2020-02-04T08:38:10","slug":"eln-principal-grupo-criminal-america-latina","status":"publish","type":"post","link":"https:\/\/elcanillita.info\/press\/2020\/02\/04\/eln-principal-grupo-criminal-america-latina\/","title":{"rendered":"ELN es el principal grupo criminal de Am\u00e9rica Latina"},"content":{"rendered":"\n<p>Medellin, 04.02.2020 &#8211; La guerrilla colombiana Ej\u00e9rcito de Liberaci\u00f3n Nacional es el principal grupo criminal en Am\u00e9rica Latina, se\u00f1ala un informe de 2019 de la fundaci\u00f3n InSight Crime, una organizaci\u00f3n dedicada el estudio del crimen organizado en Latinoam\u00e9rica y el Caribe.<\/p>\n\n\n\n<p>InSight Crime describe al ELN como un grupo esencialmente marxista-leninista, con figuras como Fidel Castro y el Che Guevara como sus inspiradores ideol\u00f3gicos, y afirma que a pesar de sus actividades criminales la mayor\u00eda de sus integrantes creen que luchan por una causa justa, lo que les da una poderosa motivaci\u00f3n y lealtad.<\/p>\n\n\n\n<p>Tambi\u00e9n mantiene un liderazgo de jefes que est\u00e1n en la guerrilla desde su fundaci\u00f3n, y esa experiencia es \u00fanica en la regi\u00f3n.<\/p>\n\n\n\n<p>Seg\u00fan el art\u00edculo, el ELN mantiene una estructura pol\u00edtico-militar que le ha permitido sobrevivir las ofensivas del gobierno colombiano respaldadas por Estado Unidos, a los paramilitares de derecha y otros grupos criminales colombianos por cinco d\u00e9cadas.<\/p>\n\n\n\n<p>El texto indica que&nbsp;a pesar de su premisa ideol\u00f3gica, el ELN ha sido muy pragm\u00e1tico para aliarse con otros actores criminales cuando le ha sido necesario y para ofrecer servicios a otras redes ilegales.<\/p>\n\n\n\n<p>Una guerrilla que depend\u00eda inicialmente de secuestros y extorsi\u00f3n, el ELN se ha convertido recientemente en un grupo involucrado en miner\u00eda ilegal, contrabando, lavado de dinero y narcotr\u00e1fico, aprovechando el caos en Venezuela y la afinidad con el gobierno en disputa de ese pa\u00eds para asumir el control de rutas clave y haciendo inversiones en propiedades a lo largo de la frontera.<\/p>\n\n\n\n<p>EE.UU. advierte que existe \u201crefugio seguro\u201d para Hezbol\u00e1 en Venezuela<br>\nInfluencias en toda la regi\u00f3n<\/p>\n\n\n\n<p>Por medio de su trabajo pol\u00edtico, el ELN cuenta con una constelaci\u00f3n de grupos radicales de izquierda en toda la regi\u00f3n.<\/p>\n\n\n\n<p>Tambi\u00e9n trabaja con decenas de grupos criminales locales para recaudar \u201cimpuestos\u201d que permiten a las organizaciones narcotraficantes pasar por su territorio o proveer servicios de protecci\u00f3n a laboratorios de drogas, cultivos de marihuana, pistas de aterrizaje ilegales y astilleros de submarinos.<\/p>\n\n\n\n<p>Con un personal de casi 4.000 miembros, no hay ning\u00fan eslab\u00f3n en la cadena de narcotr\u00e1fico en Colombia donde el ELN no tenga un papel en sus \u00e1reas de influencia.<\/p>\n\n\n\n<p>El informe dice que el ELN ha sido capaz de paralizar provincias enteras en Colombia, lanzar ofensivas militares para arrebatar territorios al estado y colocar bombas en estaciones de polic\u00eda en Bogot\u00e1.<\/p>\n\n\n\n<p>El grupo ha penetrado tambi\u00e9n autoridades municipales, cobrando sumas por protecci\u00f3n y decidiendo en disputas locales.<\/p>\n\n\n\n<p>En partes de Colombia y Venezuela, los rebeldes act\u00faan como una fuerza leg\u00edtima, capaz de gobernar con mayor eficiencia que las autoridades regulares. Tambi\u00e9n controlan c\u00e1rceles, de las que mantienen una fuente de reclutamiento e ingresos.<\/p>\n\n\n\n<p>En este momento, dice el informe de InSight Crime, el ELN cuenta adem\u00e1s con aliados como el grupo Mafia de excombatientes de las Fuerzas Armadas Revolucionarias de Colombia, FARC, y elementos del estado venezolano, como los \u201ccolectivos\u201d.<\/p>\n\n\n\n<p>Este nuevo grupo est\u00e1 aprovechando la experiencia de los viejos combatientes y busca adoptar el discurso pol\u00edtico y mitolog\u00eda de las FARC para crear su propia identidad.<\/p>\n\n\n\n<p>El resto de los principales grupos criminales en Am\u00e9rica Latina nombrados en el informe de InSight Crime son, en orden:<\/p>\n\n\n\n<ol class=\"wp-block-list\"><li>El Comando Primera Capital de Brasil.<\/li><li>El cartel de Sinaloa, en M\u00e9xico.<\/li><li>El cartel Jalisco Nueva Generaci\u00f3n, en M\u00e9xico.<\/li><li>El grupo Mafia de excombatientes de las FARC, en Colombia.<\/li><li>El Comando Rojo de Brasil.<\/li><li>La MS13 de El Salvador.<\/li><li>Las Fuerzas d Autodefensa Urabe\u00f1os o Gaitanistas, en Colombia.<\/li><li>El cartel del Golfo, en M\u00e9xico.<\/li><li>Barrio 18 en El Salvador.<\/li><\/ol>\n\n\n\n<p><\/p>\n\n\n\n<p><small>2020 voanoticias \u2013 salastampa.eu, afiliada a la red Broadcasting Board of Governors \u00a9 2020 BBG<\/small><\/p>\n","protected":false},"excerpt":{"rendered":"<p>Medellin, 04.02.2020 &#8211; La guerrilla colombiana Ej\u00e9rcito de Liberaci\u00f3n Nacional es el principal grupo criminal en Am\u00e9rica Latina, se\u00f1ala un informe de 2019 de la fundaci\u00f3n InSight Crime, una organizaci\u00f3n dedicada el estudio del crimen organizado en Latinoam\u00e9rica y el Caribe.<\/p>\n","protected":false},"author":1,"featured_media":0,"comment_status":"closed","ping_status":"closed","sticky":false,"template":"","format":"standard","meta":{"footnotes":"","_links_to":"","_links_to_target":""},"categories":[70,11,25],"tags":[44],"class_list":["post-306","post","type-post","status-publish","format-standard","hentry","category-actualidad","category-america-del-sur","category-sociedad","tag-colombia","entry","double"],"yoast_head":"<!-- This site is optimized with the Yoast SEO plugin v27.5 - https:\/\/yoast.com\/product\/yoast-seo-wordpress\/ -->\n<title>ELN es el principal grupo criminal de Am\u00e9rica Latina - ElCanillita.Info<\/title>\n<meta name=\"robots\" content=\"index, follow, max-snippet:-1, max-image-preview:large, max-video-preview:-1\" \/>\n<link rel=\"canonical\" href=\"https:\/\/elcanillita.info\/press\/2020\/02\/04\/eln-principal-grupo-criminal-america-latina\/\" \/>\n<meta property=\"og:locale\" content=\"es_ES\" \/>\n<meta property=\"og:type\" content=\"article\" \/>\n<meta property=\"og:title\" content=\"ELN es el principal grupo criminal de Am\u00e9rica Latina - ElCanillita.Info\" \/>\n<meta property=\"og:description\" content=\"Medellin, 04.02.2020 - La guerrilla colombiana Ej\u00e9rcito de Liberaci\u00f3n Nacional es el principal grupo criminal en Am\u00e9rica Latina, se\u00f1ala un informe de 2019 de la fundaci\u00f3n InSight Crime, una organizaci\u00f3n dedicada el estudio del crimen organizado en Latinoam\u00e9rica y el Caribe.\" \/>\n<meta property=\"og:url\" content=\"https:\/\/elcanillita.info\/press\/2020\/02\/04\/eln-principal-grupo-criminal-america-latina\/\" \/>\n<meta property=\"og:site_name\" content=\"ElCanillita.Info\" \/>\n<meta property=\"article:publisher\" content=\"https:\/\/ar-ar.facebook.com\/ElCanillitainfo-114249515285712\/\" \/>\n<meta property=\"article:published_time\" content=\"2020-02-04T08:30:48+00:00\" \/>\n<meta property=\"article:modified_time\" content=\"2020-02-04T08:38:10+00:00\" \/>\n<meta name=\"author\" content=\"SalaStampa.eu, world press service\" \/>\n<meta name=\"twitter:card\" content=\"summary_large_image\" \/>\n<meta name=\"twitter:label1\" content=\"Escrito por\" \/>\n\t<meta name=\"twitter:data1\" content=\"SalaStampa.eu, world press service\" \/>\n\t<meta name=\"twitter:label2\" content=\"Tiempo de lectura\" \/>\n\t<meta name=\"twitter:data2\" content=\"3 minutos\" \/>\n<script type=\"application\/ld+json\" class=\"yoast-schema-graph\">{\"@context\":\"https:\\\/\\\/schema.org\",\"@graph\":[{\"@type\":\"Article\",\"@id\":\"https:\\\/\\\/elcanillita.info\\\/press\\\/2020\\\/02\\\/04\\\/eln-principal-grupo-criminal-america-latina\\\/#article\",\"isPartOf\":{\"@id\":\"https:\\\/\\\/elcanillita.info\\\/press\\\/2020\\\/02\\\/04\\\/eln-principal-grupo-criminal-america-latina\\\/\"},\"author\":{\"name\":\"SalaStampa.eu, world press service\",\"@id\":\"https:\\\/\\\/elcanillita.info\\\/press\\\/#\\\/schema\\\/person\\\/7fcb79f38045700919f7da6d97e71ba0\"},\"headline\":\"ELN es el principal grupo criminal de Am\u00e9rica Latina\",\"datePublished\":\"2020-02-04T08:30:48+00:00\",\"dateModified\":\"2020-02-04T08:38:10+00:00\",\"mainEntityOfPage\":{\"@id\":\"https:\\\/\\\/elcanillita.info\\\/press\\\/2020\\\/02\\\/04\\\/eln-principal-grupo-criminal-america-latina\\\/\"},\"wordCount\":653,\"publisher\":{\"@id\":\"https:\\\/\\\/elcanillita.info\\\/press\\\/#organization\"},\"keywords\":[\"Colombia\"],\"articleSection\":[\"Actualidad\",\"Am\u00e9rica del Sur\",\"Sociedad\"],\"inLanguage\":\"es-AR\"},{\"@type\":\"WebPage\",\"@id\":\"https:\\\/\\\/elcanillita.info\\\/press\\\/2020\\\/02\\\/04\\\/eln-principal-grupo-criminal-america-latina\\\/\",\"url\":\"https:\\\/\\\/elcanillita.info\\\/press\\\/2020\\\/02\\\/04\\\/eln-principal-grupo-criminal-america-latina\\\/\",\"name\":\"ELN es el principal grupo criminal de Am\u00e9rica Latina - ElCanillita.Info\",\"isPartOf\":{\"@id\":\"https:\\\/\\\/elcanillita.info\\\/press\\\/#website\"},\"datePublished\":\"2020-02-04T08:30:48+00:00\",\"dateModified\":\"2020-02-04T08:38:10+00:00\",\"inLanguage\":\"es-AR\",\"potentialAction\":[{\"@type\":\"ReadAction\",\"target\":[\"https:\\\/\\\/elcanillita.info\\\/press\\\/2020\\\/02\\\/04\\\/eln-principal-grupo-criminal-america-latina\\\/\"]}]},{\"@type\":\"WebSite\",\"@id\":\"https:\\\/\\\/elcanillita.info\\\/press\\\/#website\",\"url\":\"https:\\\/\\\/elcanillita.info\\\/press\\\/\",\"name\":\"ElCanillita.Info\",\"description\":\"desde los Apeninos a los Andes\",\"publisher\":{\"@id\":\"https:\\\/\\\/elcanillita.info\\\/press\\\/#organization\"},\"potentialAction\":[{\"@type\":\"SearchAction\",\"target\":{\"@type\":\"EntryPoint\",\"urlTemplate\":\"https:\\\/\\\/elcanillita.info\\\/press\\\/?s={search_term_string}\"},\"query-input\":{\"@type\":\"PropertyValueSpecification\",\"valueRequired\":true,\"valueName\":\"search_term_string\"}}],\"inLanguage\":\"es-AR\"},{\"@type\":\"Organization\",\"@id\":\"https:\\\/\\\/elcanillita.info\\\/press\\\/#organization\",\"name\":\"Guzzo Photos & Graphic Publications\",\"url\":\"https:\\\/\\\/elcanillita.info\\\/press\\\/\",\"logo\":{\"@type\":\"ImageObject\",\"inLanguage\":\"es-AR\",\"@id\":\"https:\\\/\\\/elcanillita.info\\\/press\\\/#\\\/schema\\\/logo\\\/image\\\/\",\"url\":\"https:\\\/\\\/elcanillita.info\\\/press\\\/images\\\/2020\\\/01\\\/cropped-cropped-cropped-elcanillitainfo.png\",\"contentUrl\":\"https:\\\/\\\/elcanillita.info\\\/press\\\/images\\\/2020\\\/01\\\/cropped-cropped-cropped-elcanillitainfo.png\",\"width\":460,\"height\":50,\"caption\":\"Guzzo Photos & Graphic Publications\"},\"image\":{\"@id\":\"https:\\\/\\\/elcanillita.info\\\/press\\\/#\\\/schema\\\/logo\\\/image\\\/\"},\"sameAs\":[\"https:\\\/\\\/ar-ar.facebook.com\\\/ElCanillitainfo-114249515285712\\\/\"]},{\"@type\":\"Person\",\"@id\":\"https:\\\/\\\/elcanillita.info\\\/press\\\/#\\\/schema\\\/person\\\/7fcb79f38045700919f7da6d97e71ba0\",\"name\":\"SalaStampa.eu, world press service\",\"image\":{\"@type\":\"ImageObject\",\"inLanguage\":\"es-AR\",\"@id\":\"https:\\\/\\\/secure.gravatar.com\\\/avatar\\\/c2f0e0d515a107624234994507816ca4724c7199cef73fc8bedebf6931d73888?s=96&d=mm&r=g\",\"url\":\"https:\\\/\\\/secure.gravatar.com\\\/avatar\\\/c2f0e0d515a107624234994507816ca4724c7199cef73fc8bedebf6931d73888?s=96&d=mm&r=g\",\"contentUrl\":\"https:\\\/\\\/secure.gravatar.com\\\/avatar\\\/c2f0e0d515a107624234994507816ca4724c7199cef73fc8bedebf6931d73888?s=96&d=mm&r=g\",\"caption\":\"SalaStampa.eu, world press service\"}}]}<\/script>\n<!-- \/ Yoast SEO plugin. -->","yoast_head_json":{"title":"ELN es el principal grupo criminal de Am\u00e9rica Latina - ElCanillita.Info","robots":{"index":"index","follow":"follow","max-snippet":"max-snippet:-1","max-image-preview":"max-image-preview:large","max-video-preview":"max-video-preview:-1"},"canonical":"https:\/\/elcanillita.info\/press\/2020\/02\/04\/eln-principal-grupo-criminal-america-latina\/","og_locale":"es_ES","og_type":"article","og_title":"ELN es el principal grupo criminal de Am\u00e9rica Latina - ElCanillita.Info","og_description":"Medellin, 04.02.2020 - La guerrilla colombiana Ej\u00e9rcito de Liberaci\u00f3n Nacional es el principal grupo criminal en Am\u00e9rica Latina, se\u00f1ala un informe de 2019 de la fundaci\u00f3n InSight Crime, una organizaci\u00f3n dedicada el estudio del crimen organizado en Latinoam\u00e9rica y el Caribe.","og_url":"https:\/\/elcanillita.info\/press\/2020\/02\/04\/eln-principal-grupo-criminal-america-latina\/","og_site_name":"ElCanillita.Info","article_publisher":"https:\/\/ar-ar.facebook.com\/ElCanillitainfo-114249515285712\/","article_published_time":"2020-02-04T08:30:48+00:00","article_modified_time":"2020-02-04T08:38:10+00:00","author":"SalaStampa.eu, world press service","twitter_card":"summary_large_image","twitter_misc":{"Escrito por":"SalaStampa.eu, world press service","Tiempo de lectura":"3 minutos"},"schema":{"@context":"https:\/\/schema.org","@graph":[{"@type":"Article","@id":"https:\/\/elcanillita.info\/press\/2020\/02\/04\/eln-principal-grupo-criminal-america-latina\/#article","isPartOf":{"@id":"https:\/\/elcanillita.info\/press\/2020\/02\/04\/eln-principal-grupo-criminal-america-latina\/"},"author":{"name":"SalaStampa.eu, world press service","@id":"https:\/\/elcanillita.info\/press\/#\/schema\/person\/7fcb79f38045700919f7da6d97e71ba0"},"headline":"ELN es el principal grupo criminal de Am\u00e9rica Latina","datePublished":"2020-02-04T08:30:48+00:00","dateModified":"2020-02-04T08:38:10+00:00","mainEntityOfPage":{"@id":"https:\/\/elcanillita.info\/press\/2020\/02\/04\/eln-principal-grupo-criminal-america-latina\/"},"wordCount":653,"publisher":{"@id":"https:\/\/elcanillita.info\/press\/#organization"},"keywords":["Colombia"],"articleSection":["Actualidad","Am\u00e9rica del Sur","Sociedad"],"inLanguage":"es-AR"},{"@type":"WebPage","@id":"https:\/\/elcanillita.info\/press\/2020\/02\/04\/eln-principal-grupo-criminal-america-latina\/","url":"https:\/\/elcanillita.info\/press\/2020\/02\/04\/eln-principal-grupo-criminal-america-latina\/","name":"ELN es el principal grupo criminal de Am\u00e9rica Latina - ElCanillita.Info","isPartOf":{"@id":"https:\/\/elcanillita.info\/press\/#website"},"datePublished":"2020-02-04T08:30:48+00:00","dateModified":"2020-02-04T08:38:10+00:00","inLanguage":"es-AR","potentialAction":[{"@type":"ReadAction","target":["https:\/\/elcanillita.info\/press\/2020\/02\/04\/eln-principal-grupo-criminal-america-latina\/"]}]},{"@type":"WebSite","@id":"https:\/\/elcanillita.info\/press\/#website","url":"https:\/\/elcanillita.info\/press\/","name":"ElCanillita.Info","description":"desde los Apeninos a los Andes","publisher":{"@id":"https:\/\/elcanillita.info\/press\/#organization"},"potentialAction":[{"@type":"SearchAction","target":{"@type":"EntryPoint","urlTemplate":"https:\/\/elcanillita.info\/press\/?s={search_term_string}"},"query-input":{"@type":"PropertyValueSpecification","valueRequired":true,"valueName":"search_term_string"}}],"inLanguage":"es-AR"},{"@type":"Organization","@id":"https:\/\/elcanillita.info\/press\/#organization","name":"Guzzo Photos & Graphic Publications","url":"https:\/\/elcanillita.info\/press\/","logo":{"@type":"ImageObject","inLanguage":"es-AR","@id":"https:\/\/elcanillita.info\/press\/#\/schema\/logo\/image\/","url":"https:\/\/elcanillita.info\/press\/images\/2020\/01\/cropped-cropped-cropped-elcanillitainfo.png","contentUrl":"https:\/\/elcanillita.info\/press\/images\/2020\/01\/cropped-cropped-cropped-elcanillitainfo.png","width":460,"height":50,"caption":"Guzzo Photos & Graphic Publications"},"image":{"@id":"https:\/\/elcanillita.info\/press\/#\/schema\/logo\/image\/"},"sameAs":["https:\/\/ar-ar.facebook.com\/ElCanillitainfo-114249515285712\/"]},{"@type":"Person","@id":"https:\/\/elcanillita.info\/press\/#\/schema\/person\/7fcb79f38045700919f7da6d97e71ba0","name":"SalaStampa.eu, world press service","image":{"@type":"ImageObject","inLanguage":"es-AR","@id":"https:\/\/secure.gravatar.com\/avatar\/c2f0e0d515a107624234994507816ca4724c7199cef73fc8bedebf6931d73888?s=96&d=mm&r=g","url":"https:\/\/secure.gravatar.com\/avatar\/c2f0e0d515a107624234994507816ca4724c7199cef73fc8bedebf6931d73888?s=96&d=mm&r=g","contentUrl":"https:\/\/secure.gravatar.com\/avatar\/c2f0e0d515a107624234994507816ca4724c7199cef73fc8bedebf6931d73888?s=96&d=mm&r=g","caption":"SalaStampa.eu, world press service"}}]}},"views":747,"_links":{"self":[{"href":"https:\/\/elcanillita.info\/press\/wp-json\/wp\/v2\/posts\/306","targetHints":{"allow":["GET"]}}],"collection":[{"href":"https:\/\/elcanillita.info\/press\/wp-json\/wp\/v2\/posts"}],"about":[{"href":"https:\/\/elcanillita.info\/press\/wp-json\/wp\/v2\/types\/post"}],"author":[{"embeddable":true,"href":"https:\/\/elcanillita.info\/press\/wp-json\/wp\/v2\/users\/1"}],"replies":[{"embeddable":true,"href":"https:\/\/elcanillita.info\/press\/wp-json\/wp\/v2\/comments?post=306"}],"version-history":[{"count":0,"href":"https:\/\/elcanillita.info\/press\/wp-json\/wp\/v2\/posts\/306\/revisions"}],"wp:attachment":[{"href":"https:\/\/elcanillita.info\/press\/wp-json\/wp\/v2\/media?parent=306"}],"wp:term":[{"taxonomy":"category","embeddable":true,"href":"https:\/\/elcanillita.info\/press\/wp-json\/wp\/v2\/categories?post=306"},{"taxonomy":"post_tag","embeddable":true,"href":"https:\/\/elcanillita.info\/press\/wp-json\/wp\/v2\/tags?post=306"}],"curies":[{"name":"wp","href":"https:\/\/api.w.org\/{rel}","templated":true}]}}