{"id":3049,"date":"2022-10-29T17:44:50","date_gmt":"2022-10-29T20:44:50","guid":{"rendered":"https:\/\/elcanillita.info\/press\/?p=3049"},"modified":"2022-10-30T07:26:21","modified_gmt":"2022-10-30T10:26:21","slug":"los-extraterrestres-volveran","status":"publish","type":"post","link":"https:\/\/elcanillita.info\/press\/2022\/10\/29\/los-extraterrestres-volveran\/","title":{"rendered":"Recuerdos del Futuro"},"content":{"rendered":"\n<figure class=\"wp-block-video aligncenter\"><video controls src=\"http:\/\/elcanillita.info\/press\/images\/2022\/10\/Carruaje.mp4\"><\/video><\/figure>\n\n\n\n<p>&#8220;Recuerdos del Futuro&#8221; (Erinnerungen an die Zukunft) es un ensayo escrito por el autor suizo Erich von D\u00e4niken, que expone los resultados de su investigaci\u00f3n sobre la teor\u00eda de los antiguos astronautas. <br><br>En su libro, publicado originalmente en Alemania en 1968 por la editorial Econ Verlag y distribuido por primera vez en Italia en 1969, von D\u00e4niken relaciona la construcci\u00f3n de grandes estructuras antiguas, como las pir\u00e1mides egipcias o Stonehenge, con monumentos como los Moai de la isla de Pascua y hallazgos hist\u00f3ricos como el Mapa de Piri Reis, hasta la visita de entidades alien\u00edgenas que contribuyeron a la evoluci\u00f3n del hombre en la Tierra, corroborando sus teor\u00edas con la interpretaci\u00f3n de los diversos OOPArt (acr\u00f3nimo derivado del ingl\u00e9s Out Of Place ARTifacts) y teor\u00edas relativas a la arqueolog\u00eda misteriosa relacionada con una interpretaci\u00f3n de la textos en la Biblia.<br><br>El ensayo, aunque no encontr\u00f3 cr\u00e9dito en el mundo cient\u00edfico, se convirti\u00f3 en un \u00e9xito de ventas internacional, traducido a numerosos idiomas, lo que le dio al director alem\u00e1n Harald Reinl una pista para hacer una adaptaci\u00f3n cinematogr\u00e1fica del mismo nombre.<\/p>\n\n\n\n<p><small>\u00a92022 ElCanillita.info &#8211; PictureLibrary.Club &#8211; Editado por Guzzo Photos &amp; Graphic Publications<\/small><\/p>\n","protected":false},"excerpt":{"rendered":"<p>Los extraterrestres volver\u00e1n (Erinnerungen an die Zukunft) es un ensayo escrito por el autor suizo Erich von D\u00e4niken, que expone los resultados de su investigaci\u00f3n sobre la teor\u00eda de los antiguos astronautas. <\/p>\n","protected":false},"author":1,"featured_media":3050,"comment_status":"closed","ping_status":"closed","sticky":false,"template":"","format":"standard","meta":{"footnotes":"","_links_to":"","_links_to_target":""},"categories":[12,24,18,19],"tags":[],"class_list":["post-3049","post","type-post","status-publish","format-standard","has-post-thumbnail","hentry","category-audiovisuales","category-ciencia-tecnologia","category-cosmo","category-cultura","entry","double"],"yoast_head":"<!-- This site is optimized with the Yoast SEO plugin v27.4 - https:\/\/yoast.com\/product\/yoast-seo-wordpress\/ -->\n<title>Recuerdos del Futuro - ElCanillita.Info<\/title>\n<meta name=\"description\" content=\"&quot;Los extraterrestres volver\u00e1n&quot; (Erinnerungen an die Zukunft) es un ensayo escrito por el autor suizo Erich von D\u00e4niken, que expone los resultados de su investigaci\u00f3n sobre la teor\u00eda de los antiguos astronautas.\" \/>\n<meta name=\"robots\" content=\"index, follow, max-snippet:-1, max-image-preview:large, max-video-preview:-1\" \/>\n<link rel=\"canonical\" href=\"https:\/\/elcanillita.info\/press\/2022\/10\/29\/los-extraterrestres-volveran\/\" \/>\n<meta property=\"og:locale\" content=\"es_ES\" \/>\n<meta property=\"og:type\" content=\"article\" \/>\n<meta property=\"og:title\" content=\"Recuerdos del Futuro - ElCanillita.Info\" \/>\n<meta property=\"og:description\" content=\"&quot;Los extraterrestres volver\u00e1n&quot; (Erinnerungen an die Zukunft) es un ensayo escrito por el autor suizo Erich von D\u00e4niken, que expone los resultados de su investigaci\u00f3n sobre la teor\u00eda de los antiguos astronautas.\" \/>\n<meta property=\"og:url\" content=\"https:\/\/elcanillita.info\/press\/2022\/10\/29\/los-extraterrestres-volveran\/\" \/>\n<meta property=\"og:site_name\" content=\"ElCanillita.Info\" \/>\n<meta property=\"article:publisher\" content=\"https:\/\/ar-ar.facebook.com\/ElCanillitainfo-114249515285712\/\" \/>\n<meta property=\"article:published_time\" content=\"2022-10-29T20:44:50+00:00\" \/>\n<meta property=\"article:modified_time\" content=\"2022-10-30T10:26:21+00:00\" \/>\n<meta property=\"og:image\" content=\"https:\/\/elcanillita.info\/press\/images\/2022\/10\/carruaje_20221029.jpg\" \/>\n\t<meta property=\"og:image:width\" content=\"600\" \/>\n\t<meta property=\"og:image:height\" content=\"443\" \/>\n\t<meta property=\"og:image:type\" content=\"image\/jpeg\" \/>\n<meta name=\"author\" content=\"SalaStampa.eu, world press service\" \/>\n<meta name=\"twitter:card\" content=\"summary_large_image\" \/>\n<meta name=\"twitter:label1\" content=\"Escrito por\" \/>\n\t<meta name=\"twitter:data1\" content=\"SalaStampa.eu, world press service\" \/>\n\t<meta name=\"twitter:label2\" content=\"Tiempo de lectura\" \/>\n\t<meta name=\"twitter:data2\" content=\"1 minuto\" \/>\n<script type=\"application\/ld+json\" class=\"yoast-schema-graph\">{\"@context\":\"https:\\\/\\\/schema.org\",\"@graph\":[{\"@type\":\"Article\",\"@id\":\"https:\\\/\\\/elcanillita.info\\\/press\\\/2022\\\/10\\\/29\\\/los-extraterrestres-volveran\\\/#article\",\"isPartOf\":{\"@id\":\"https:\\\/\\\/elcanillita.info\\\/press\\\/2022\\\/10\\\/29\\\/los-extraterrestres-volveran\\\/\"},\"author\":{\"name\":\"SalaStampa.eu, world press service\",\"@id\":\"https:\\\/\\\/elcanillita.info\\\/press\\\/#\\\/schema\\\/person\\\/7fcb79f38045700919f7da6d97e71ba0\"},\"headline\":\"Recuerdos del Futuro\",\"datePublished\":\"2022-10-29T20:44:50+00:00\",\"dateModified\":\"2022-10-30T10:26:21+00:00\",\"mainEntityOfPage\":{\"@id\":\"https:\\\/\\\/elcanillita.info\\\/press\\\/2022\\\/10\\\/29\\\/los-extraterrestres-volveran\\\/\"},\"wordCount\":216,\"publisher\":{\"@id\":\"https:\\\/\\\/elcanillita.info\\\/press\\\/#organization\"},\"image\":{\"@id\":\"https:\\\/\\\/elcanillita.info\\\/press\\\/2022\\\/10\\\/29\\\/los-extraterrestres-volveran\\\/#primaryimage\"},\"thumbnailUrl\":\"https:\\\/\\\/elcanillita.info\\\/press\\\/images\\\/2022\\\/10\\\/carruaje_20221029.jpg\",\"articleSection\":[\"audiovisuales\",\"Ciencia y Tecnologia\",\"Cosmo\",\"Cultura\"],\"inLanguage\":\"es-AR\"},{\"@type\":\"WebPage\",\"@id\":\"https:\\\/\\\/elcanillita.info\\\/press\\\/2022\\\/10\\\/29\\\/los-extraterrestres-volveran\\\/\",\"url\":\"https:\\\/\\\/elcanillita.info\\\/press\\\/2022\\\/10\\\/29\\\/los-extraterrestres-volveran\\\/\",\"name\":\"Recuerdos del Futuro - ElCanillita.Info\",\"isPartOf\":{\"@id\":\"https:\\\/\\\/elcanillita.info\\\/press\\\/#website\"},\"primaryImageOfPage\":{\"@id\":\"https:\\\/\\\/elcanillita.info\\\/press\\\/2022\\\/10\\\/29\\\/los-extraterrestres-volveran\\\/#primaryimage\"},\"image\":{\"@id\":\"https:\\\/\\\/elcanillita.info\\\/press\\\/2022\\\/10\\\/29\\\/los-extraterrestres-volveran\\\/#primaryimage\"},\"thumbnailUrl\":\"https:\\\/\\\/elcanillita.info\\\/press\\\/images\\\/2022\\\/10\\\/carruaje_20221029.jpg\",\"datePublished\":\"2022-10-29T20:44:50+00:00\",\"dateModified\":\"2022-10-30T10:26:21+00:00\",\"description\":\"\\\"Los extraterrestres volver\u00e1n\\\" (Erinnerungen an die Zukunft) es un ensayo escrito por el autor suizo Erich von D\u00e4niken, que expone los resultados de su investigaci\u00f3n sobre la teor\u00eda de los antiguos astronautas.\",\"inLanguage\":\"es-AR\",\"potentialAction\":[{\"@type\":\"ReadAction\",\"target\":[\"https:\\\/\\\/elcanillita.info\\\/press\\\/2022\\\/10\\\/29\\\/los-extraterrestres-volveran\\\/\"]}]},{\"@type\":\"ImageObject\",\"inLanguage\":\"es-AR\",\"@id\":\"https:\\\/\\\/elcanillita.info\\\/press\\\/2022\\\/10\\\/29\\\/los-extraterrestres-volveran\\\/#primaryimage\",\"url\":\"https:\\\/\\\/elcanillita.info\\\/press\\\/images\\\/2022\\\/10\\\/carruaje_20221029.jpg\",\"contentUrl\":\"https:\\\/\\\/elcanillita.info\\\/press\\\/images\\\/2022\\\/10\\\/carruaje_20221029.jpg\",\"width\":600,\"height\":443},{\"@type\":\"WebSite\",\"@id\":\"https:\\\/\\\/elcanillita.info\\\/press\\\/#website\",\"url\":\"https:\\\/\\\/elcanillita.info\\\/press\\\/\",\"name\":\"ElCanillita.Info\",\"description\":\"desde los Apeninos a los Andes\",\"publisher\":{\"@id\":\"https:\\\/\\\/elcanillita.info\\\/press\\\/#organization\"},\"potentialAction\":[{\"@type\":\"SearchAction\",\"target\":{\"@type\":\"EntryPoint\",\"urlTemplate\":\"https:\\\/\\\/elcanillita.info\\\/press\\\/?s={search_term_string}\"},\"query-input\":{\"@type\":\"PropertyValueSpecification\",\"valueRequired\":true,\"valueName\":\"search_term_string\"}}],\"inLanguage\":\"es-AR\"},{\"@type\":\"Organization\",\"@id\":\"https:\\\/\\\/elcanillita.info\\\/press\\\/#organization\",\"name\":\"Guzzo Photos & Graphic Publications\",\"url\":\"https:\\\/\\\/elcanillita.info\\\/press\\\/\",\"logo\":{\"@type\":\"ImageObject\",\"inLanguage\":\"es-AR\",\"@id\":\"https:\\\/\\\/elcanillita.info\\\/press\\\/#\\\/schema\\\/logo\\\/image\\\/\",\"url\":\"https:\\\/\\\/elcanillita.info\\\/press\\\/images\\\/2020\\\/01\\\/cropped-cropped-cropped-elcanillitainfo.png\",\"contentUrl\":\"https:\\\/\\\/elcanillita.info\\\/press\\\/images\\\/2020\\\/01\\\/cropped-cropped-cropped-elcanillitainfo.png\",\"width\":460,\"height\":50,\"caption\":\"Guzzo Photos & Graphic Publications\"},\"image\":{\"@id\":\"https:\\\/\\\/elcanillita.info\\\/press\\\/#\\\/schema\\\/logo\\\/image\\\/\"},\"sameAs\":[\"https:\\\/\\\/ar-ar.facebook.com\\\/ElCanillitainfo-114249515285712\\\/\"]},{\"@type\":\"Person\",\"@id\":\"https:\\\/\\\/elcanillita.info\\\/press\\\/#\\\/schema\\\/person\\\/7fcb79f38045700919f7da6d97e71ba0\",\"name\":\"SalaStampa.eu, world press service\",\"image\":{\"@type\":\"ImageObject\",\"inLanguage\":\"es-AR\",\"@id\":\"https:\\\/\\\/secure.gravatar.com\\\/avatar\\\/c2f0e0d515a107624234994507816ca4724c7199cef73fc8bedebf6931d73888?s=96&d=mm&r=g\",\"url\":\"https:\\\/\\\/secure.gravatar.com\\\/avatar\\\/c2f0e0d515a107624234994507816ca4724c7199cef73fc8bedebf6931d73888?s=96&d=mm&r=g\",\"contentUrl\":\"https:\\\/\\\/secure.gravatar.com\\\/avatar\\\/c2f0e0d515a107624234994507816ca4724c7199cef73fc8bedebf6931d73888?s=96&d=mm&r=g\",\"caption\":\"SalaStampa.eu, world press service\"}}]}<\/script>\n<!-- \/ Yoast SEO plugin. -->","yoast_head_json":{"title":"Recuerdos del Futuro - ElCanillita.Info","description":"\"Los extraterrestres volver\u00e1n\" (Erinnerungen an die Zukunft) es un ensayo escrito por el autor suizo Erich von D\u00e4niken, que expone los resultados de su investigaci\u00f3n sobre la teor\u00eda de los antiguos astronautas.","robots":{"index":"index","follow":"follow","max-snippet":"max-snippet:-1","max-image-preview":"max-image-preview:large","max-video-preview":"max-video-preview:-1"},"canonical":"https:\/\/elcanillita.info\/press\/2022\/10\/29\/los-extraterrestres-volveran\/","og_locale":"es_ES","og_type":"article","og_title":"Recuerdos del Futuro - ElCanillita.Info","og_description":"\"Los extraterrestres volver\u00e1n\" (Erinnerungen an die Zukunft) es un ensayo escrito por el autor suizo Erich von D\u00e4niken, que expone los resultados de su investigaci\u00f3n sobre la teor\u00eda de los antiguos astronautas.","og_url":"https:\/\/elcanillita.info\/press\/2022\/10\/29\/los-extraterrestres-volveran\/","og_site_name":"ElCanillita.Info","article_publisher":"https:\/\/ar-ar.facebook.com\/ElCanillitainfo-114249515285712\/","article_published_time":"2022-10-29T20:44:50+00:00","article_modified_time":"2022-10-30T10:26:21+00:00","og_image":[{"width":600,"height":443,"url":"https:\/\/elcanillita.info\/press\/images\/2022\/10\/carruaje_20221029.jpg","type":"image\/jpeg"}],"author":"SalaStampa.eu, world press service","twitter_card":"summary_large_image","twitter_misc":{"Escrito por":"SalaStampa.eu, world press service","Tiempo de lectura":"1 minuto"},"schema":{"@context":"https:\/\/schema.org","@graph":[{"@type":"Article","@id":"https:\/\/elcanillita.info\/press\/2022\/10\/29\/los-extraterrestres-volveran\/#article","isPartOf":{"@id":"https:\/\/elcanillita.info\/press\/2022\/10\/29\/los-extraterrestres-volveran\/"},"author":{"name":"SalaStampa.eu, world press service","@id":"https:\/\/elcanillita.info\/press\/#\/schema\/person\/7fcb79f38045700919f7da6d97e71ba0"},"headline":"Recuerdos del Futuro","datePublished":"2022-10-29T20:44:50+00:00","dateModified":"2022-10-30T10:26:21+00:00","mainEntityOfPage":{"@id":"https:\/\/elcanillita.info\/press\/2022\/10\/29\/los-extraterrestres-volveran\/"},"wordCount":216,"publisher":{"@id":"https:\/\/elcanillita.info\/press\/#organization"},"image":{"@id":"https:\/\/elcanillita.info\/press\/2022\/10\/29\/los-extraterrestres-volveran\/#primaryimage"},"thumbnailUrl":"https:\/\/elcanillita.info\/press\/images\/2022\/10\/carruaje_20221029.jpg","articleSection":["audiovisuales","Ciencia y Tecnologia","Cosmo","Cultura"],"inLanguage":"es-AR"},{"@type":"WebPage","@id":"https:\/\/elcanillita.info\/press\/2022\/10\/29\/los-extraterrestres-volveran\/","url":"https:\/\/elcanillita.info\/press\/2022\/10\/29\/los-extraterrestres-volveran\/","name":"Recuerdos del Futuro - ElCanillita.Info","isPartOf":{"@id":"https:\/\/elcanillita.info\/press\/#website"},"primaryImageOfPage":{"@id":"https:\/\/elcanillita.info\/press\/2022\/10\/29\/los-extraterrestres-volveran\/#primaryimage"},"image":{"@id":"https:\/\/elcanillita.info\/press\/2022\/10\/29\/los-extraterrestres-volveran\/#primaryimage"},"thumbnailUrl":"https:\/\/elcanillita.info\/press\/images\/2022\/10\/carruaje_20221029.jpg","datePublished":"2022-10-29T20:44:50+00:00","dateModified":"2022-10-30T10:26:21+00:00","description":"\"Los extraterrestres volver\u00e1n\" (Erinnerungen an die Zukunft) es un ensayo escrito por el autor suizo Erich von D\u00e4niken, que expone los resultados de su investigaci\u00f3n sobre la teor\u00eda de los antiguos astronautas.","inLanguage":"es-AR","potentialAction":[{"@type":"ReadAction","target":["https:\/\/elcanillita.info\/press\/2022\/10\/29\/los-extraterrestres-volveran\/"]}]},{"@type":"ImageObject","inLanguage":"es-AR","@id":"https:\/\/elcanillita.info\/press\/2022\/10\/29\/los-extraterrestres-volveran\/#primaryimage","url":"https:\/\/elcanillita.info\/press\/images\/2022\/10\/carruaje_20221029.jpg","contentUrl":"https:\/\/elcanillita.info\/press\/images\/2022\/10\/carruaje_20221029.jpg","width":600,"height":443},{"@type":"WebSite","@id":"https:\/\/elcanillita.info\/press\/#website","url":"https:\/\/elcanillita.info\/press\/","name":"ElCanillita.Info","description":"desde los Apeninos a los Andes","publisher":{"@id":"https:\/\/elcanillita.info\/press\/#organization"},"potentialAction":[{"@type":"SearchAction","target":{"@type":"EntryPoint","urlTemplate":"https:\/\/elcanillita.info\/press\/?s={search_term_string}"},"query-input":{"@type":"PropertyValueSpecification","valueRequired":true,"valueName":"search_term_string"}}],"inLanguage":"es-AR"},{"@type":"Organization","@id":"https:\/\/elcanillita.info\/press\/#organization","name":"Guzzo Photos & Graphic Publications","url":"https:\/\/elcanillita.info\/press\/","logo":{"@type":"ImageObject","inLanguage":"es-AR","@id":"https:\/\/elcanillita.info\/press\/#\/schema\/logo\/image\/","url":"https:\/\/elcanillita.info\/press\/images\/2020\/01\/cropped-cropped-cropped-elcanillitainfo.png","contentUrl":"https:\/\/elcanillita.info\/press\/images\/2020\/01\/cropped-cropped-cropped-elcanillitainfo.png","width":460,"height":50,"caption":"Guzzo Photos & Graphic Publications"},"image":{"@id":"https:\/\/elcanillita.info\/press\/#\/schema\/logo\/image\/"},"sameAs":["https:\/\/ar-ar.facebook.com\/ElCanillitainfo-114249515285712\/"]},{"@type":"Person","@id":"https:\/\/elcanillita.info\/press\/#\/schema\/person\/7fcb79f38045700919f7da6d97e71ba0","name":"SalaStampa.eu, world press service","image":{"@type":"ImageObject","inLanguage":"es-AR","@id":"https:\/\/secure.gravatar.com\/avatar\/c2f0e0d515a107624234994507816ca4724c7199cef73fc8bedebf6931d73888?s=96&d=mm&r=g","url":"https:\/\/secure.gravatar.com\/avatar\/c2f0e0d515a107624234994507816ca4724c7199cef73fc8bedebf6931d73888?s=96&d=mm&r=g","contentUrl":"https:\/\/secure.gravatar.com\/avatar\/c2f0e0d515a107624234994507816ca4724c7199cef73fc8bedebf6931d73888?s=96&d=mm&r=g","caption":"SalaStampa.eu, world press service"}}]}},"views":511,"_links":{"self":[{"href":"https:\/\/elcanillita.info\/press\/wp-json\/wp\/v2\/posts\/3049","targetHints":{"allow":["GET"]}}],"collection":[{"href":"https:\/\/elcanillita.info\/press\/wp-json\/wp\/v2\/posts"}],"about":[{"href":"https:\/\/elcanillita.info\/press\/wp-json\/wp\/v2\/types\/post"}],"author":[{"embeddable":true,"href":"https:\/\/elcanillita.info\/press\/wp-json\/wp\/v2\/users\/1"}],"replies":[{"embeddable":true,"href":"https:\/\/elcanillita.info\/press\/wp-json\/wp\/v2\/comments?post=3049"}],"version-history":[{"count":0,"href":"https:\/\/elcanillita.info\/press\/wp-json\/wp\/v2\/posts\/3049\/revisions"}],"wp:featuredmedia":[{"embeddable":true,"href":"https:\/\/elcanillita.info\/press\/wp-json\/wp\/v2\/media\/3050"}],"wp:attachment":[{"href":"https:\/\/elcanillita.info\/press\/wp-json\/wp\/v2\/media?parent=3049"}],"wp:term":[{"taxonomy":"category","embeddable":true,"href":"https:\/\/elcanillita.info\/press\/wp-json\/wp\/v2\/categories?post=3049"},{"taxonomy":"post_tag","embeddable":true,"href":"https:\/\/elcanillita.info\/press\/wp-json\/wp\/v2\/tags?post=3049"}],"curies":[{"name":"wp","href":"https:\/\/api.w.org\/{rel}","templated":true}]}}