{"id":3036,"date":"2022-10-28T22:03:10","date_gmt":"2022-10-29T01:03:10","guid":{"rendered":"https:\/\/elcanillita.info\/press\/?p=3036"},"modified":"2022-10-28T22:13:46","modified_gmt":"2022-10-29T01:13:46","slug":"argentina-confiscan-avion-venezolano","status":"publish","type":"post","link":"https:\/\/elcanillita.info\/press\/2022\/10\/28\/argentina-confiscan-avion-venezolano\/","title":{"rendered":"Argentina: confiscan avi\u00f3n venezolano"},"content":{"rendered":"\n<figure class=\"wp-block-video aligncenter\"><video controls src=\"http:\/\/elcanillita.info\/press\/images\/2022\/10\/Intrasur20221028.mp4\"><\/video><\/figure>\n\n\n\n<p>Autoridades en Argentina recibieron la orden de confiscar el avi\u00f3n Boeing 747, propiedad de la compa\u00f1\u00eda venezolana Conviasa y el decomiso impuesto el 20 de Octubre de 2022. <br>Desde Buenos Aires informa el corresponsal Juan Ignacio Gonz\u00e1lez Prieto para la Voz de Am\u00e9rica.<br><br><small>\u00a9 2022 ElCanillita.info \/ SalaStampa.Eu affiliate with USAGM &#8211; Edited by Guzzo Photos &amp; Graphic Publications.<\/small><\/p>\n","protected":false},"excerpt":{"rendered":"<p>Autoridades en Argentina recibieron la orden de confiscaci\u00f3n del avi\u00f3n Boeing 747, propiedad de la compa\u00f1\u00eda venezolana Conviasa y el decomiso impuesto el 20 de Octubre de 2022. <\/p>\n","protected":false},"author":1,"featured_media":3039,"comment_status":"closed","ping_status":"closed","sticky":false,"template":"","format":"standard","meta":{"footnotes":"","_links_to":"","_links_to_target":""},"categories":[108,89],"tags":[29],"class_list":["post-3036","post","type-post","status-publish","format-standard","has-post-thumbnail","hentry","category-blogdiario","category-broadcasting","tag-argentina","entry","double"],"yoast_head":"<!-- This site is optimized with the Yoast SEO plugin v27.4 - https:\/\/yoast.com\/product\/yoast-seo-wordpress\/ -->\n<title>Argentina: confiscan avi\u00f3n venezolano - ElCanillita.Info<\/title>\n<meta name=\"description\" content=\"Autoridades en Argentina recibieron la orden de confiscaci\u00f3n del avi\u00f3n Boeing 747, propiedad de la compa\u00f1\u00eda venezolana Conviasa y el decomiso impuesto el 20 de Octubre de 2022.\" \/>\n<meta name=\"robots\" content=\"index, follow, max-snippet:-1, max-image-preview:large, max-video-preview:-1\" \/>\n<link rel=\"canonical\" href=\"https:\/\/elcanillita.info\/press\/2022\/10\/28\/argentina-confiscan-avion-venezolano\/\" \/>\n<meta property=\"og:locale\" content=\"es_ES\" \/>\n<meta property=\"og:type\" content=\"article\" \/>\n<meta property=\"og:title\" content=\"Argentina: confiscan avi\u00f3n venezolano - ElCanillita.Info\" \/>\n<meta property=\"og:description\" content=\"Autoridades en Argentina recibieron la orden de confiscaci\u00f3n del avi\u00f3n Boeing 747, propiedad de la compa\u00f1\u00eda venezolana Conviasa y el decomiso impuesto el 20 de Octubre de 2022.\" \/>\n<meta property=\"og:url\" content=\"https:\/\/elcanillita.info\/press\/2022\/10\/28\/argentina-confiscan-avion-venezolano\/\" \/>\n<meta property=\"og:site_name\" content=\"ElCanillita.Info\" \/>\n<meta property=\"article:publisher\" content=\"https:\/\/ar-ar.facebook.com\/ElCanillitainfo-114249515285712\/\" \/>\n<meta property=\"article:published_time\" content=\"2022-10-29T01:03:10+00:00\" \/>\n<meta property=\"article:modified_time\" content=\"2022-10-29T01:13:46+00:00\" \/>\n<meta property=\"og:image\" content=\"https:\/\/elcanillita.info\/press\/images\/2022\/10\/emtrasur20221228-1.jpg\" \/>\n\t<meta property=\"og:image:width\" content=\"593\" \/>\n\t<meta property=\"og:image:height\" content=\"390\" \/>\n\t<meta property=\"og:image:type\" content=\"image\/jpeg\" \/>\n<meta name=\"author\" content=\"SalaStampa.eu, world press service\" \/>\n<meta name=\"twitter:card\" content=\"summary_large_image\" \/>\n<meta name=\"twitter:label1\" content=\"Escrito por\" \/>\n\t<meta name=\"twitter:data1\" content=\"SalaStampa.eu, world press service\" \/>\n\t<meta name=\"twitter:label2\" content=\"Tiempo de lectura\" \/>\n\t<meta name=\"twitter:data2\" content=\"1 minuto\" \/>\n<script type=\"application\/ld+json\" class=\"yoast-schema-graph\">{\"@context\":\"https:\\\/\\\/schema.org\",\"@graph\":[{\"@type\":\"Article\",\"@id\":\"https:\\\/\\\/elcanillita.info\\\/press\\\/2022\\\/10\\\/28\\\/argentina-confiscan-avion-venezolano\\\/#article\",\"isPartOf\":{\"@id\":\"https:\\\/\\\/elcanillita.info\\\/press\\\/2022\\\/10\\\/28\\\/argentina-confiscan-avion-venezolano\\\/\"},\"author\":{\"name\":\"SalaStampa.eu, world press service\",\"@id\":\"https:\\\/\\\/elcanillita.info\\\/press\\\/#\\\/schema\\\/person\\\/7fcb79f38045700919f7da6d97e71ba0\"},\"headline\":\"Argentina: confiscan avi\u00f3n venezolano\",\"datePublished\":\"2022-10-29T01:03:10+00:00\",\"dateModified\":\"2022-10-29T01:13:46+00:00\",\"mainEntityOfPage\":{\"@id\":\"https:\\\/\\\/elcanillita.info\\\/press\\\/2022\\\/10\\\/28\\\/argentina-confiscan-avion-venezolano\\\/\"},\"wordCount\":64,\"publisher\":{\"@id\":\"https:\\\/\\\/elcanillita.info\\\/press\\\/#organization\"},\"image\":{\"@id\":\"https:\\\/\\\/elcanillita.info\\\/press\\\/2022\\\/10\\\/28\\\/argentina-confiscan-avion-venezolano\\\/#primaryimage\"},\"thumbnailUrl\":\"https:\\\/\\\/elcanillita.info\\\/press\\\/images\\\/2022\\\/10\\\/emtrasur20221228-1.jpg\",\"keywords\":[\"Argentina\"],\"articleSection\":[\".\",\"broadcasting\"],\"inLanguage\":\"es-AR\"},{\"@type\":\"WebPage\",\"@id\":\"https:\\\/\\\/elcanillita.info\\\/press\\\/2022\\\/10\\\/28\\\/argentina-confiscan-avion-venezolano\\\/\",\"url\":\"https:\\\/\\\/elcanillita.info\\\/press\\\/2022\\\/10\\\/28\\\/argentina-confiscan-avion-venezolano\\\/\",\"name\":\"Argentina: confiscan avi\u00f3n venezolano - ElCanillita.Info\",\"isPartOf\":{\"@id\":\"https:\\\/\\\/elcanillita.info\\\/press\\\/#website\"},\"primaryImageOfPage\":{\"@id\":\"https:\\\/\\\/elcanillita.info\\\/press\\\/2022\\\/10\\\/28\\\/argentina-confiscan-avion-venezolano\\\/#primaryimage\"},\"image\":{\"@id\":\"https:\\\/\\\/elcanillita.info\\\/press\\\/2022\\\/10\\\/28\\\/argentina-confiscan-avion-venezolano\\\/#primaryimage\"},\"thumbnailUrl\":\"https:\\\/\\\/elcanillita.info\\\/press\\\/images\\\/2022\\\/10\\\/emtrasur20221228-1.jpg\",\"datePublished\":\"2022-10-29T01:03:10+00:00\",\"dateModified\":\"2022-10-29T01:13:46+00:00\",\"description\":\"Autoridades en Argentina recibieron la orden de confiscaci\u00f3n del avi\u00f3n Boeing 747, propiedad de la compa\u00f1\u00eda venezolana Conviasa y el decomiso impuesto el 20 de Octubre de 2022.\",\"inLanguage\":\"es-AR\",\"potentialAction\":[{\"@type\":\"ReadAction\",\"target\":[\"https:\\\/\\\/elcanillita.info\\\/press\\\/2022\\\/10\\\/28\\\/argentina-confiscan-avion-venezolano\\\/\"]}]},{\"@type\":\"ImageObject\",\"inLanguage\":\"es-AR\",\"@id\":\"https:\\\/\\\/elcanillita.info\\\/press\\\/2022\\\/10\\\/28\\\/argentina-confiscan-avion-venezolano\\\/#primaryimage\",\"url\":\"https:\\\/\\\/elcanillita.info\\\/press\\\/images\\\/2022\\\/10\\\/emtrasur20221228-1.jpg\",\"contentUrl\":\"https:\\\/\\\/elcanillita.info\\\/press\\\/images\\\/2022\\\/10\\\/emtrasur20221228-1.jpg\",\"width\":593,\"height\":390},{\"@type\":\"WebSite\",\"@id\":\"https:\\\/\\\/elcanillita.info\\\/press\\\/#website\",\"url\":\"https:\\\/\\\/elcanillita.info\\\/press\\\/\",\"name\":\"ElCanillita.Info\",\"description\":\"desde los Apeninos a los Andes\",\"publisher\":{\"@id\":\"https:\\\/\\\/elcanillita.info\\\/press\\\/#organization\"},\"potentialAction\":[{\"@type\":\"SearchAction\",\"target\":{\"@type\":\"EntryPoint\",\"urlTemplate\":\"https:\\\/\\\/elcanillita.info\\\/press\\\/?s={search_term_string}\"},\"query-input\":{\"@type\":\"PropertyValueSpecification\",\"valueRequired\":true,\"valueName\":\"search_term_string\"}}],\"inLanguage\":\"es-AR\"},{\"@type\":\"Organization\",\"@id\":\"https:\\\/\\\/elcanillita.info\\\/press\\\/#organization\",\"name\":\"Guzzo Photos & Graphic Publications\",\"url\":\"https:\\\/\\\/elcanillita.info\\\/press\\\/\",\"logo\":{\"@type\":\"ImageObject\",\"inLanguage\":\"es-AR\",\"@id\":\"https:\\\/\\\/elcanillita.info\\\/press\\\/#\\\/schema\\\/logo\\\/image\\\/\",\"url\":\"https:\\\/\\\/elcanillita.info\\\/press\\\/images\\\/2020\\\/01\\\/cropped-cropped-cropped-elcanillitainfo.png\",\"contentUrl\":\"https:\\\/\\\/elcanillita.info\\\/press\\\/images\\\/2020\\\/01\\\/cropped-cropped-cropped-elcanillitainfo.png\",\"width\":460,\"height\":50,\"caption\":\"Guzzo Photos & Graphic Publications\"},\"image\":{\"@id\":\"https:\\\/\\\/elcanillita.info\\\/press\\\/#\\\/schema\\\/logo\\\/image\\\/\"},\"sameAs\":[\"https:\\\/\\\/ar-ar.facebook.com\\\/ElCanillitainfo-114249515285712\\\/\"]},{\"@type\":\"Person\",\"@id\":\"https:\\\/\\\/elcanillita.info\\\/press\\\/#\\\/schema\\\/person\\\/7fcb79f38045700919f7da6d97e71ba0\",\"name\":\"SalaStampa.eu, world press service\",\"image\":{\"@type\":\"ImageObject\",\"inLanguage\":\"es-AR\",\"@id\":\"https:\\\/\\\/secure.gravatar.com\\\/avatar\\\/c2f0e0d515a107624234994507816ca4724c7199cef73fc8bedebf6931d73888?s=96&d=mm&r=g\",\"url\":\"https:\\\/\\\/secure.gravatar.com\\\/avatar\\\/c2f0e0d515a107624234994507816ca4724c7199cef73fc8bedebf6931d73888?s=96&d=mm&r=g\",\"contentUrl\":\"https:\\\/\\\/secure.gravatar.com\\\/avatar\\\/c2f0e0d515a107624234994507816ca4724c7199cef73fc8bedebf6931d73888?s=96&d=mm&r=g\",\"caption\":\"SalaStampa.eu, world press service\"}}]}<\/script>\n<!-- \/ Yoast SEO plugin. -->","yoast_head_json":{"title":"Argentina: confiscan avi\u00f3n venezolano - ElCanillita.Info","description":"Autoridades en Argentina recibieron la orden de confiscaci\u00f3n del avi\u00f3n Boeing 747, propiedad de la compa\u00f1\u00eda venezolana Conviasa y el decomiso impuesto el 20 de Octubre de 2022.","robots":{"index":"index","follow":"follow","max-snippet":"max-snippet:-1","max-image-preview":"max-image-preview:large","max-video-preview":"max-video-preview:-1"},"canonical":"https:\/\/elcanillita.info\/press\/2022\/10\/28\/argentina-confiscan-avion-venezolano\/","og_locale":"es_ES","og_type":"article","og_title":"Argentina: confiscan avi\u00f3n venezolano - ElCanillita.Info","og_description":"Autoridades en Argentina recibieron la orden de confiscaci\u00f3n del avi\u00f3n Boeing 747, propiedad de la compa\u00f1\u00eda venezolana Conviasa y el decomiso impuesto el 20 de Octubre de 2022.","og_url":"https:\/\/elcanillita.info\/press\/2022\/10\/28\/argentina-confiscan-avion-venezolano\/","og_site_name":"ElCanillita.Info","article_publisher":"https:\/\/ar-ar.facebook.com\/ElCanillitainfo-114249515285712\/","article_published_time":"2022-10-29T01:03:10+00:00","article_modified_time":"2022-10-29T01:13:46+00:00","og_image":[{"width":593,"height":390,"url":"https:\/\/elcanillita.info\/press\/images\/2022\/10\/emtrasur20221228-1.jpg","type":"image\/jpeg"}],"author":"SalaStampa.eu, world press service","twitter_card":"summary_large_image","twitter_misc":{"Escrito por":"SalaStampa.eu, world press service","Tiempo de lectura":"1 minuto"},"schema":{"@context":"https:\/\/schema.org","@graph":[{"@type":"Article","@id":"https:\/\/elcanillita.info\/press\/2022\/10\/28\/argentina-confiscan-avion-venezolano\/#article","isPartOf":{"@id":"https:\/\/elcanillita.info\/press\/2022\/10\/28\/argentina-confiscan-avion-venezolano\/"},"author":{"name":"SalaStampa.eu, world press service","@id":"https:\/\/elcanillita.info\/press\/#\/schema\/person\/7fcb79f38045700919f7da6d97e71ba0"},"headline":"Argentina: confiscan avi\u00f3n venezolano","datePublished":"2022-10-29T01:03:10+00:00","dateModified":"2022-10-29T01:13:46+00:00","mainEntityOfPage":{"@id":"https:\/\/elcanillita.info\/press\/2022\/10\/28\/argentina-confiscan-avion-venezolano\/"},"wordCount":64,"publisher":{"@id":"https:\/\/elcanillita.info\/press\/#organization"},"image":{"@id":"https:\/\/elcanillita.info\/press\/2022\/10\/28\/argentina-confiscan-avion-venezolano\/#primaryimage"},"thumbnailUrl":"https:\/\/elcanillita.info\/press\/images\/2022\/10\/emtrasur20221228-1.jpg","keywords":["Argentina"],"articleSection":[".","broadcasting"],"inLanguage":"es-AR"},{"@type":"WebPage","@id":"https:\/\/elcanillita.info\/press\/2022\/10\/28\/argentina-confiscan-avion-venezolano\/","url":"https:\/\/elcanillita.info\/press\/2022\/10\/28\/argentina-confiscan-avion-venezolano\/","name":"Argentina: confiscan avi\u00f3n venezolano - ElCanillita.Info","isPartOf":{"@id":"https:\/\/elcanillita.info\/press\/#website"},"primaryImageOfPage":{"@id":"https:\/\/elcanillita.info\/press\/2022\/10\/28\/argentina-confiscan-avion-venezolano\/#primaryimage"},"image":{"@id":"https:\/\/elcanillita.info\/press\/2022\/10\/28\/argentina-confiscan-avion-venezolano\/#primaryimage"},"thumbnailUrl":"https:\/\/elcanillita.info\/press\/images\/2022\/10\/emtrasur20221228-1.jpg","datePublished":"2022-10-29T01:03:10+00:00","dateModified":"2022-10-29T01:13:46+00:00","description":"Autoridades en Argentina recibieron la orden de confiscaci\u00f3n del avi\u00f3n Boeing 747, propiedad de la compa\u00f1\u00eda venezolana Conviasa y el decomiso impuesto el 20 de Octubre de 2022.","inLanguage":"es-AR","potentialAction":[{"@type":"ReadAction","target":["https:\/\/elcanillita.info\/press\/2022\/10\/28\/argentina-confiscan-avion-venezolano\/"]}]},{"@type":"ImageObject","inLanguage":"es-AR","@id":"https:\/\/elcanillita.info\/press\/2022\/10\/28\/argentina-confiscan-avion-venezolano\/#primaryimage","url":"https:\/\/elcanillita.info\/press\/images\/2022\/10\/emtrasur20221228-1.jpg","contentUrl":"https:\/\/elcanillita.info\/press\/images\/2022\/10\/emtrasur20221228-1.jpg","width":593,"height":390},{"@type":"WebSite","@id":"https:\/\/elcanillita.info\/press\/#website","url":"https:\/\/elcanillita.info\/press\/","name":"ElCanillita.Info","description":"desde los Apeninos a los Andes","publisher":{"@id":"https:\/\/elcanillita.info\/press\/#organization"},"potentialAction":[{"@type":"SearchAction","target":{"@type":"EntryPoint","urlTemplate":"https:\/\/elcanillita.info\/press\/?s={search_term_string}"},"query-input":{"@type":"PropertyValueSpecification","valueRequired":true,"valueName":"search_term_string"}}],"inLanguage":"es-AR"},{"@type":"Organization","@id":"https:\/\/elcanillita.info\/press\/#organization","name":"Guzzo Photos & Graphic Publications","url":"https:\/\/elcanillita.info\/press\/","logo":{"@type":"ImageObject","inLanguage":"es-AR","@id":"https:\/\/elcanillita.info\/press\/#\/schema\/logo\/image\/","url":"https:\/\/elcanillita.info\/press\/images\/2020\/01\/cropped-cropped-cropped-elcanillitainfo.png","contentUrl":"https:\/\/elcanillita.info\/press\/images\/2020\/01\/cropped-cropped-cropped-elcanillitainfo.png","width":460,"height":50,"caption":"Guzzo Photos & Graphic Publications"},"image":{"@id":"https:\/\/elcanillita.info\/press\/#\/schema\/logo\/image\/"},"sameAs":["https:\/\/ar-ar.facebook.com\/ElCanillitainfo-114249515285712\/"]},{"@type":"Person","@id":"https:\/\/elcanillita.info\/press\/#\/schema\/person\/7fcb79f38045700919f7da6d97e71ba0","name":"SalaStampa.eu, world press service","image":{"@type":"ImageObject","inLanguage":"es-AR","@id":"https:\/\/secure.gravatar.com\/avatar\/c2f0e0d515a107624234994507816ca4724c7199cef73fc8bedebf6931d73888?s=96&d=mm&r=g","url":"https:\/\/secure.gravatar.com\/avatar\/c2f0e0d515a107624234994507816ca4724c7199cef73fc8bedebf6931d73888?s=96&d=mm&r=g","contentUrl":"https:\/\/secure.gravatar.com\/avatar\/c2f0e0d515a107624234994507816ca4724c7199cef73fc8bedebf6931d73888?s=96&d=mm&r=g","caption":"SalaStampa.eu, world press service"}}]}},"views":345,"_links":{"self":[{"href":"https:\/\/elcanillita.info\/press\/wp-json\/wp\/v2\/posts\/3036","targetHints":{"allow":["GET"]}}],"collection":[{"href":"https:\/\/elcanillita.info\/press\/wp-json\/wp\/v2\/posts"}],"about":[{"href":"https:\/\/elcanillita.info\/press\/wp-json\/wp\/v2\/types\/post"}],"author":[{"embeddable":true,"href":"https:\/\/elcanillita.info\/press\/wp-json\/wp\/v2\/users\/1"}],"replies":[{"embeddable":true,"href":"https:\/\/elcanillita.info\/press\/wp-json\/wp\/v2\/comments?post=3036"}],"version-history":[{"count":0,"href":"https:\/\/elcanillita.info\/press\/wp-json\/wp\/v2\/posts\/3036\/revisions"}],"wp:featuredmedia":[{"embeddable":true,"href":"https:\/\/elcanillita.info\/press\/wp-json\/wp\/v2\/media\/3039"}],"wp:attachment":[{"href":"https:\/\/elcanillita.info\/press\/wp-json\/wp\/v2\/media?parent=3036"}],"wp:term":[{"taxonomy":"category","embeddable":true,"href":"https:\/\/elcanillita.info\/press\/wp-json\/wp\/v2\/categories?post=3036"},{"taxonomy":"post_tag","embeddable":true,"href":"https:\/\/elcanillita.info\/press\/wp-json\/wp\/v2\/tags?post=3036"}],"curies":[{"name":"wp","href":"https:\/\/api.w.org\/{rel}","templated":true}]}}