{"id":303,"date":"2020-02-04T05:08:34","date_gmt":"2020-02-04T08:08:34","guid":{"rendered":"https:\/\/elcanillita.info\/press\/?p=303"},"modified":"2020-02-04T05:36:38","modified_gmt":"2020-02-04T08:36:38","slug":"familia-que-vive-basurero-pone-rostro-pobreza","status":"publish","type":"post","link":"https:\/\/elcanillita.info\/press\/2020\/02\/04\/familia-que-vive-basurero-pone-rostro-pobreza\/","title":{"rendered":"Familia que vive en un basurero le pone rostro a la pobreza"},"content":{"rendered":"\n<p>Managua, 04.02.2020 &#8211; Elieth Valdivia, una mujer de piel morena, delgada y de mirada dura, pasa la mayor parte de su tiempo en un basurero de Managua, capital Nicaragua. Cada ma\u00f1ana que despierta, tiene la esperanza de encontrar alimentos de los desperdicios que recoge junto a su pareja Roberto L\u00f3pez Mart\u00ednez.<\/p>\n\n\n\n<p>En una vieja carreta jalada por un caballo con pocas fuerzas emprenden su viaje por la ciudad, espulgando entre los desechos, donde adem\u00e1s de comida buscan botellas de pl\u00e1stico, trozos de hierro y cobre para venderlos en recicladoras y recibir un poco de dinero.<\/p>\n\n\n\n<p>El deterioro econ\u00f3mico de Nicaragua que se agrav\u00f3 luego del conflicto sociopol\u00edtico que estall\u00f3 en abril 2018, oblig\u00f3 a esta pareja a improvisar una vivienda a la orilla del basurero, donde con suerte obtienen su alimento.<\/p>\n\n\n\n<p>\u201cLa situaci\u00f3n para nosotros es bastante cr\u00edtica, pero tenemos que luchar para sobrevivir; no vamos a estar esperando sentados a que esto mejore, no podemos esperarnos o pararnos\u201d, relat\u00f3 a la Voz de Am\u00e9rica, Roberto L\u00f3pez, esposo de Elieth.<br>\nEl rancho fue edificado r\u00fasticamente con estructura de madera vieja, forrado con pl\u00e1stico negro y techo de ripio. Los rodean enormes bolsas de basura y un sinn\u00famero de insectos como moscas, cucarachas y escorpiones. Algunos pedazos de tablas y botellas cortadas a la mitad las convirtieron en sus recipientes.<\/p>\n\n\n\n<p>La situaci\u00f3n que enfrenta Roberto y Elieth no es inusual. Nicaragua sigue siendo el segundo pa\u00eds m\u00e1s pobre en Am\u00e9rica, despu\u00e9s de Hait\u00ed, seg\u00fan un estudio publicado por el Banco Mundial en octubre del a\u00f1o 2019.<\/p>\n\n\n\n<p>Al menos por tres d\u00e9cadas el pa\u00eds ha ocupado esa posici\u00f3n, dejando a muchos de sus 6 millones de habitantes en una situaci\u00f3n de desventaja.&nbsp;Historiadores y economistas explican que Nicaragua no ha podido salir del atolladero econ\u00f3mico a ra\u00edz de la Revoluci\u00f3n Sandinista de 1979, seguida de la guerra civil que concluy\u00f3 en 1990 con los acuerdos de paz en Centroam\u00e9rica.<\/p>\n\n\n\n<p>Parte de la familia que sobrevive de la venta de chatarras y de los desperdicios de comida. (Foto: Houston Castillo &#8211; VOA)<\/p>\n\n\n\n<p>Las secuelas de la devastaci\u00f3n econ\u00f3mica que dej\u00f3 la guerra de la d\u00e9cada de 1980 pareciera que persiguen a Elieth y a Roberto, quienes no han logrado salir de la extrema pobreza. Sus ingresos que son de alrededor de tres d\u00f3lares por d\u00eda, apenas alcanza para alimentar a sus cuatro hijos de 20, 18, 13 y 10 a\u00f1os. Los menores ni siquiera&nbsp;asisten a la escuela.<\/p>\n\n\n\n<p>\u201cCuando agarramos 100 pesitos (tres d\u00f3lares aproximadamente) compramos arroz, frijoles y queso, y si no hay para todo eso pues solo frijoles con tortilla comemos. A veces viene un amigo que saca basura de los restaurantes y cuando agarra pollito me da y as\u00ed medio comemos o hacemos un arrocito aguado\u201d, Elieth a la VOA.<\/p>\n\n\n\n<p>Esta familia forma parte de los casos descritos en un reciente informe de la Fundaci\u00f3n Nicarag\u00fcense para el Desarrollo Econ\u00f3mica y Social (Funides)&nbsp;titulado &#8220;Perspectivas Econ\u00f3micas 2020\u201d. El texto revela que la pobreza en Nicaragua ha experimentado una aceleraci\u00f3n \u201cestrepitosa\u201d, con 2.1 millones de habitantes pobres, lo que representa un 31.9 por ciento de la poblaci\u00f3n.<\/p>\n\n\n\n<p>El estudio de Funides destaca que el ingreso promedio de los nicarag\u00fcenses que viven en pobreza es de 1.76 d\u00f3lares o menos. Seg\u00fan cifras del Banco Nacional de Nicaragua, la canasta b\u00e1sica est\u00e1 valorada en 400 d\u00f3lares.<br>\n\u00c1lvaro L\u00f3pez, especialista en temas econ\u00f3micos de Funides, afirm\u00f3 que la pobreza podr\u00eda aumentar debido a la contracci\u00f3n econ\u00f3mica que ha sufrido Nicaragua en los \u00faltimos dos a\u00f1os. A ello se suma la falta de acuerdos pol\u00edticos entre el gobierno y la oposici\u00f3n para resolver la crisis que podr\u00eda sumar un a\u00f1o m\u00e1s de desaceleraci\u00f3n.<\/p>\n\n\n\n<p>\u201cLas previsiones para 2020 siguen siendo negativas y dirigi\u00e9ndose a un estancamiento econ\u00f3mico, con tasas alrededor de 1% para este a\u00f1o; y eso ha tenido much\u00edsimo impacto en varios indicadores sociales sobre el bienestar de los nicarag\u00fcenses\u201d, detall\u00f3 L\u00f3pez a VOA Noticias.<\/p>\n\n\n\n<p>M\u00e1s de 2 millones de nicarag\u00fcenses viven en la pobreza, con ingresos promedio por debajo de 2 d\u00f3lares por d\u00eda. <\/p>\n\n\n\n<p>Eliseo N\u00fa\u00f1ez, quien fue diputado opositor y miembro de la Comisi\u00f3n Econ\u00f3mica del Poder Legislativo se\u00f1ala que el gobierno del presidente Daniel Ortega tuvo la oportunidad de sacar a Nicaragua de la pobreza entre los a\u00f1os 2007 y 2017, tiempo en que el Producto Interno Bruto (PIB) del pa\u00eds creci\u00f3 entre un 4 y 5%. En esa \u00e9poca, dijo N\u00fa\u00f1ez, su administraci\u00f3n recibi\u00f3 miles de millones de d\u00f3lares como resultado de su alianza con Venezuela.<\/p>\n\n\n\n<p>\u201cOrtega no invirti\u00f3 en diversificar la economia y lograr que el recurso humano de Nicaragua se potenciara. No logramos pasar la barrera de un pa\u00eds realmente pobre a un pa\u00eds de renta media y con gente mejor formada\u201d, asegur\u00f3 N\u00fa\u00f1ez a la VOA.<\/p>\n\n\n\n<p>El economista Enrique S\u00e1enz, record\u00f3 que la reducci\u00f3n de la pobreza fue uno de los ejes de campa\u00f1a del mandatario, sin embargo, concluye que fue \u201cun rotundo fracaso\u201d. S\u00e1enz fundamenta su argumento citando los \u201ccuantiosos recursos\u201d que ha tenido el gobierno nicarag\u00fcense \u201ctanto de la cooperaci\u00f3n internacional tradicional, los cr\u00e9ditos de organismos internacionales, as\u00ed como las remesas familiares y la cooperaci\u00f3n petrolera venezolana\u201d.<\/p>\n\n\n\n<p>Cifras del Banco Central de Nicaragua (BCN) indican que los fondos provenientes de la cooperaci\u00f3n venezolana entre 2008 y 2018 suman 3,860.1 millones de d\u00f3lares. Sin embargo, a la fecha las autoridades no han brindado informaci\u00f3n sobre el manejo de estos recursos que inicialmente ser\u00edan destinados a \u201ccombatir la pobreza&#8221;.<\/p>\n\n\n\n<p>S\u00e1ez indic\u00f3 que la corrupci\u00f3n y la falta de transparencias en el manejo de los fondos de la cooperaci\u00f3n venezolana se refleja en que no \u201cqued\u00f3 una cimiente\u201d para sostener la econom\u00eda nicarag\u00fcense por s\u00ed sola.<\/p>\n\n\n\n<p>La postura del gobierno de Ortega<\/p>\n\n\n\n<p>No obstante, la administraci\u00f3n del presidente Daniel Ortega muestra otra realidad a la de las organizaciones locales e internacionales. Por ejemplo, la \u00faltima encuesta de Medici\u00f3n de Nivel de Vida, divulgada por el estatal Instituto Nacional de Informaci\u00f3n de Desarrollo (Inde) reflej\u00f3 que en el a\u00f1o 2016, hubo una disminuci\u00f3n en la pobreza al pasar del 29.6 al 24.9 por ciento, entre 2014 y 2016.<\/p>\n\n\n\n<p>El diputado oficialista Carlos Emilio L\u00f3pez, explic\u00f3 a la VOA&nbsp;que desde 2007 que el partido Frente Sandinista de Liberaci\u00f3n Nacional lleg\u00f3 al poder, ha trabajado en la reducci\u00f3n de la pobreza y en mejorar las condiciones de los ciudadanos a trav\u00e9s de programas sociales.<\/p>\n\n\n\n<p>\u201cEl gobierno del presidente Daniel Ortega como buen gobierno de unidad y reconciliaci\u00f3n nacional ha demostrado estar al lado de los pobres; se ha reducido la pobreza y organimos internacionales lo han destacado. Se han restituido los derechos de los pobres. El 54% del total del presupuesto va destinado al \u00e1rea social\u201d, detall\u00f3 L\u00f3pez.<\/p>\n\n\n\n<p>Sin embargo, \u00c1lvaro L\u00f3pez, economista de Funides, advierte que reducir la pobreza \u201clamentablemente costar\u00e1 mucho\u201d, tomando en cuenta que \u201cNicaragua est\u00e1 en una recesi\u00f3n desde hace m\u00e1s de un a\u00f1o. Las previsiones para 2020 siguen siendo negativas y Nicaragua se dirige a un estancamiento econ\u00f3mico\u201d.<\/p>\n\n\n\n<p>Mientras el pa\u00eds se encuentra sumergido en su peor crisis sociopol\u00edtica de los \u00faltimos 30 a\u00f1os, el matrimonio L\u00f3pez Valdivia junto a sus cuatro hijos valora la posibilidad de abandonar el pa\u00eds, como lo han hecho m\u00e1s de 80.000&nbsp;ciudadanos en los \u00faltimos dos a\u00f1os de conflicto social.<br><br><small>2020 voanoticias \u2013 salastampa.eu, afiliada a la red Broadcasting Board of Governors \u00a9 2020 BBG<\/small><\/p>\n","protected":false},"excerpt":{"rendered":"<p>Managua, 04.02.2020 &#8211; Elieth Valdivia, una mujer de piel morena, delgada y de mirada dura, pasa la mayor parte de su tiempo en un basurero de Managua, capital Nicaragua. Cada ma\u00f1ana que despierta, tiene la esperanza de encontrar alimentos de los desperdicios que recoge junto a su pareja Roberto L\u00f3pez Mart\u00ednez.<\/p>\n","protected":false},"author":1,"featured_media":0,"comment_status":"closed","ping_status":"closed","sticky":false,"template":"","format":"standard","meta":{"footnotes":"","_links_to":"","_links_to_target":""},"categories":[70,10,20],"tags":[32],"class_list":["post-303","post","type-post","status-publish","format-standard","hentry","category-actualidad","category-america-central","category-economia","tag-nicaragua","entry","double"],"yoast_head":"<!-- This site is optimized with the Yoast SEO plugin v27.5 - https:\/\/yoast.com\/product\/yoast-seo-wordpress\/ -->\n<title>Familia que vive en un basurero le pone rostro a la pobreza - ElCanillita.Info<\/title>\n<meta name=\"robots\" content=\"index, follow, max-snippet:-1, max-image-preview:large, max-video-preview:-1\" \/>\n<link rel=\"canonical\" href=\"https:\/\/elcanillita.info\/press\/2020\/02\/04\/familia-que-vive-basurero-pone-rostro-pobreza\/\" \/>\n<meta property=\"og:locale\" content=\"es_ES\" \/>\n<meta property=\"og:type\" content=\"article\" \/>\n<meta property=\"og:title\" content=\"Familia que vive en un basurero le pone rostro a la pobreza - ElCanillita.Info\" \/>\n<meta property=\"og:description\" content=\"Managua, 04.02.2020 - Elieth Valdivia, una mujer de piel morena, delgada y de mirada dura, pasa la mayor parte de su tiempo en un basurero de Managua, capital Nicaragua. Cada ma\u00f1ana que despierta, tiene la esperanza de encontrar alimentos de los desperdicios que recoge junto a su pareja Roberto L\u00f3pez Mart\u00ednez.\" \/>\n<meta property=\"og:url\" content=\"https:\/\/elcanillita.info\/press\/2020\/02\/04\/familia-que-vive-basurero-pone-rostro-pobreza\/\" \/>\n<meta property=\"og:site_name\" content=\"ElCanillita.Info\" \/>\n<meta property=\"article:publisher\" content=\"https:\/\/ar-ar.facebook.com\/ElCanillitainfo-114249515285712\/\" \/>\n<meta property=\"article:published_time\" content=\"2020-02-04T08:08:34+00:00\" \/>\n<meta property=\"article:modified_time\" content=\"2020-02-04T08:36:38+00:00\" \/>\n<meta name=\"author\" content=\"SalaStampa.eu, world press service\" \/>\n<meta name=\"twitter:card\" content=\"summary_large_image\" \/>\n<meta name=\"twitter:label1\" content=\"Escrito por\" \/>\n\t<meta name=\"twitter:data1\" content=\"SalaStampa.eu, world press service\" \/>\n\t<meta name=\"twitter:label2\" content=\"Tiempo de lectura\" \/>\n\t<meta name=\"twitter:data2\" content=\"7 minutos\" \/>\n<script type=\"application\/ld+json\" class=\"yoast-schema-graph\">{\"@context\":\"https:\\\/\\\/schema.org\",\"@graph\":[{\"@type\":\"Article\",\"@id\":\"https:\\\/\\\/elcanillita.info\\\/press\\\/2020\\\/02\\\/04\\\/familia-que-vive-basurero-pone-rostro-pobreza\\\/#article\",\"isPartOf\":{\"@id\":\"https:\\\/\\\/elcanillita.info\\\/press\\\/2020\\\/02\\\/04\\\/familia-que-vive-basurero-pone-rostro-pobreza\\\/\"},\"author\":{\"name\":\"SalaStampa.eu, world press service\",\"@id\":\"https:\\\/\\\/elcanillita.info\\\/press\\\/#\\\/schema\\\/person\\\/7fcb79f38045700919f7da6d97e71ba0\"},\"headline\":\"Familia que vive en un basurero le pone rostro a la pobreza\",\"datePublished\":\"2020-02-04T08:08:34+00:00\",\"dateModified\":\"2020-02-04T08:36:38+00:00\",\"mainEntityOfPage\":{\"@id\":\"https:\\\/\\\/elcanillita.info\\\/press\\\/2020\\\/02\\\/04\\\/familia-que-vive-basurero-pone-rostro-pobreza\\\/\"},\"wordCount\":1312,\"publisher\":{\"@id\":\"https:\\\/\\\/elcanillita.info\\\/press\\\/#organization\"},\"keywords\":[\"Nicaragua\"],\"articleSection\":[\"Actualidad\",\"Am\u00e9rica Central\",\"Economia\"],\"inLanguage\":\"es-AR\"},{\"@type\":\"WebPage\",\"@id\":\"https:\\\/\\\/elcanillita.info\\\/press\\\/2020\\\/02\\\/04\\\/familia-que-vive-basurero-pone-rostro-pobreza\\\/\",\"url\":\"https:\\\/\\\/elcanillita.info\\\/press\\\/2020\\\/02\\\/04\\\/familia-que-vive-basurero-pone-rostro-pobreza\\\/\",\"name\":\"Familia que vive en un basurero le pone rostro a la pobreza - ElCanillita.Info\",\"isPartOf\":{\"@id\":\"https:\\\/\\\/elcanillita.info\\\/press\\\/#website\"},\"datePublished\":\"2020-02-04T08:08:34+00:00\",\"dateModified\":\"2020-02-04T08:36:38+00:00\",\"inLanguage\":\"es-AR\",\"potentialAction\":[{\"@type\":\"ReadAction\",\"target\":[\"https:\\\/\\\/elcanillita.info\\\/press\\\/2020\\\/02\\\/04\\\/familia-que-vive-basurero-pone-rostro-pobreza\\\/\"]}]},{\"@type\":\"WebSite\",\"@id\":\"https:\\\/\\\/elcanillita.info\\\/press\\\/#website\",\"url\":\"https:\\\/\\\/elcanillita.info\\\/press\\\/\",\"name\":\"ElCanillita.Info\",\"description\":\"desde los Apeninos a los Andes\",\"publisher\":{\"@id\":\"https:\\\/\\\/elcanillita.info\\\/press\\\/#organization\"},\"potentialAction\":[{\"@type\":\"SearchAction\",\"target\":{\"@type\":\"EntryPoint\",\"urlTemplate\":\"https:\\\/\\\/elcanillita.info\\\/press\\\/?s={search_term_string}\"},\"query-input\":{\"@type\":\"PropertyValueSpecification\",\"valueRequired\":true,\"valueName\":\"search_term_string\"}}],\"inLanguage\":\"es-AR\"},{\"@type\":\"Organization\",\"@id\":\"https:\\\/\\\/elcanillita.info\\\/press\\\/#organization\",\"name\":\"Guzzo Photos & Graphic Publications\",\"url\":\"https:\\\/\\\/elcanillita.info\\\/press\\\/\",\"logo\":{\"@type\":\"ImageObject\",\"inLanguage\":\"es-AR\",\"@id\":\"https:\\\/\\\/elcanillita.info\\\/press\\\/#\\\/schema\\\/logo\\\/image\\\/\",\"url\":\"https:\\\/\\\/elcanillita.info\\\/press\\\/images\\\/2020\\\/01\\\/cropped-cropped-cropped-elcanillitainfo.png\",\"contentUrl\":\"https:\\\/\\\/elcanillita.info\\\/press\\\/images\\\/2020\\\/01\\\/cropped-cropped-cropped-elcanillitainfo.png\",\"width\":460,\"height\":50,\"caption\":\"Guzzo Photos & Graphic Publications\"},\"image\":{\"@id\":\"https:\\\/\\\/elcanillita.info\\\/press\\\/#\\\/schema\\\/logo\\\/image\\\/\"},\"sameAs\":[\"https:\\\/\\\/ar-ar.facebook.com\\\/ElCanillitainfo-114249515285712\\\/\"]},{\"@type\":\"Person\",\"@id\":\"https:\\\/\\\/elcanillita.info\\\/press\\\/#\\\/schema\\\/person\\\/7fcb79f38045700919f7da6d97e71ba0\",\"name\":\"SalaStampa.eu, world press service\",\"image\":{\"@type\":\"ImageObject\",\"inLanguage\":\"es-AR\",\"@id\":\"https:\\\/\\\/secure.gravatar.com\\\/avatar\\\/c2f0e0d515a107624234994507816ca4724c7199cef73fc8bedebf6931d73888?s=96&d=mm&r=g\",\"url\":\"https:\\\/\\\/secure.gravatar.com\\\/avatar\\\/c2f0e0d515a107624234994507816ca4724c7199cef73fc8bedebf6931d73888?s=96&d=mm&r=g\",\"contentUrl\":\"https:\\\/\\\/secure.gravatar.com\\\/avatar\\\/c2f0e0d515a107624234994507816ca4724c7199cef73fc8bedebf6931d73888?s=96&d=mm&r=g\",\"caption\":\"SalaStampa.eu, world press service\"}}]}<\/script>\n<!-- \/ Yoast SEO plugin. -->","yoast_head_json":{"title":"Familia que vive en un basurero le pone rostro a la pobreza - ElCanillita.Info","robots":{"index":"index","follow":"follow","max-snippet":"max-snippet:-1","max-image-preview":"max-image-preview:large","max-video-preview":"max-video-preview:-1"},"canonical":"https:\/\/elcanillita.info\/press\/2020\/02\/04\/familia-que-vive-basurero-pone-rostro-pobreza\/","og_locale":"es_ES","og_type":"article","og_title":"Familia que vive en un basurero le pone rostro a la pobreza - ElCanillita.Info","og_description":"Managua, 04.02.2020 - Elieth Valdivia, una mujer de piel morena, delgada y de mirada dura, pasa la mayor parte de su tiempo en un basurero de Managua, capital Nicaragua. Cada ma\u00f1ana que despierta, tiene la esperanza de encontrar alimentos de los desperdicios que recoge junto a su pareja Roberto L\u00f3pez Mart\u00ednez.","og_url":"https:\/\/elcanillita.info\/press\/2020\/02\/04\/familia-que-vive-basurero-pone-rostro-pobreza\/","og_site_name":"ElCanillita.Info","article_publisher":"https:\/\/ar-ar.facebook.com\/ElCanillitainfo-114249515285712\/","article_published_time":"2020-02-04T08:08:34+00:00","article_modified_time":"2020-02-04T08:36:38+00:00","author":"SalaStampa.eu, world press service","twitter_card":"summary_large_image","twitter_misc":{"Escrito por":"SalaStampa.eu, world press service","Tiempo de lectura":"7 minutos"},"schema":{"@context":"https:\/\/schema.org","@graph":[{"@type":"Article","@id":"https:\/\/elcanillita.info\/press\/2020\/02\/04\/familia-que-vive-basurero-pone-rostro-pobreza\/#article","isPartOf":{"@id":"https:\/\/elcanillita.info\/press\/2020\/02\/04\/familia-que-vive-basurero-pone-rostro-pobreza\/"},"author":{"name":"SalaStampa.eu, world press service","@id":"https:\/\/elcanillita.info\/press\/#\/schema\/person\/7fcb79f38045700919f7da6d97e71ba0"},"headline":"Familia que vive en un basurero le pone rostro a la pobreza","datePublished":"2020-02-04T08:08:34+00:00","dateModified":"2020-02-04T08:36:38+00:00","mainEntityOfPage":{"@id":"https:\/\/elcanillita.info\/press\/2020\/02\/04\/familia-que-vive-basurero-pone-rostro-pobreza\/"},"wordCount":1312,"publisher":{"@id":"https:\/\/elcanillita.info\/press\/#organization"},"keywords":["Nicaragua"],"articleSection":["Actualidad","Am\u00e9rica Central","Economia"],"inLanguage":"es-AR"},{"@type":"WebPage","@id":"https:\/\/elcanillita.info\/press\/2020\/02\/04\/familia-que-vive-basurero-pone-rostro-pobreza\/","url":"https:\/\/elcanillita.info\/press\/2020\/02\/04\/familia-que-vive-basurero-pone-rostro-pobreza\/","name":"Familia que vive en un basurero le pone rostro a la pobreza - ElCanillita.Info","isPartOf":{"@id":"https:\/\/elcanillita.info\/press\/#website"},"datePublished":"2020-02-04T08:08:34+00:00","dateModified":"2020-02-04T08:36:38+00:00","inLanguage":"es-AR","potentialAction":[{"@type":"ReadAction","target":["https:\/\/elcanillita.info\/press\/2020\/02\/04\/familia-que-vive-basurero-pone-rostro-pobreza\/"]}]},{"@type":"WebSite","@id":"https:\/\/elcanillita.info\/press\/#website","url":"https:\/\/elcanillita.info\/press\/","name":"ElCanillita.Info","description":"desde los Apeninos a los Andes","publisher":{"@id":"https:\/\/elcanillita.info\/press\/#organization"},"potentialAction":[{"@type":"SearchAction","target":{"@type":"EntryPoint","urlTemplate":"https:\/\/elcanillita.info\/press\/?s={search_term_string}"},"query-input":{"@type":"PropertyValueSpecification","valueRequired":true,"valueName":"search_term_string"}}],"inLanguage":"es-AR"},{"@type":"Organization","@id":"https:\/\/elcanillita.info\/press\/#organization","name":"Guzzo Photos & Graphic Publications","url":"https:\/\/elcanillita.info\/press\/","logo":{"@type":"ImageObject","inLanguage":"es-AR","@id":"https:\/\/elcanillita.info\/press\/#\/schema\/logo\/image\/","url":"https:\/\/elcanillita.info\/press\/images\/2020\/01\/cropped-cropped-cropped-elcanillitainfo.png","contentUrl":"https:\/\/elcanillita.info\/press\/images\/2020\/01\/cropped-cropped-cropped-elcanillitainfo.png","width":460,"height":50,"caption":"Guzzo Photos & Graphic Publications"},"image":{"@id":"https:\/\/elcanillita.info\/press\/#\/schema\/logo\/image\/"},"sameAs":["https:\/\/ar-ar.facebook.com\/ElCanillitainfo-114249515285712\/"]},{"@type":"Person","@id":"https:\/\/elcanillita.info\/press\/#\/schema\/person\/7fcb79f38045700919f7da6d97e71ba0","name":"SalaStampa.eu, world press service","image":{"@type":"ImageObject","inLanguage":"es-AR","@id":"https:\/\/secure.gravatar.com\/avatar\/c2f0e0d515a107624234994507816ca4724c7199cef73fc8bedebf6931d73888?s=96&d=mm&r=g","url":"https:\/\/secure.gravatar.com\/avatar\/c2f0e0d515a107624234994507816ca4724c7199cef73fc8bedebf6931d73888?s=96&d=mm&r=g","contentUrl":"https:\/\/secure.gravatar.com\/avatar\/c2f0e0d515a107624234994507816ca4724c7199cef73fc8bedebf6931d73888?s=96&d=mm&r=g","caption":"SalaStampa.eu, world press service"}}]}},"views":736,"_links":{"self":[{"href":"https:\/\/elcanillita.info\/press\/wp-json\/wp\/v2\/posts\/303","targetHints":{"allow":["GET"]}}],"collection":[{"href":"https:\/\/elcanillita.info\/press\/wp-json\/wp\/v2\/posts"}],"about":[{"href":"https:\/\/elcanillita.info\/press\/wp-json\/wp\/v2\/types\/post"}],"author":[{"embeddable":true,"href":"https:\/\/elcanillita.info\/press\/wp-json\/wp\/v2\/users\/1"}],"replies":[{"embeddable":true,"href":"https:\/\/elcanillita.info\/press\/wp-json\/wp\/v2\/comments?post=303"}],"version-history":[{"count":0,"href":"https:\/\/elcanillita.info\/press\/wp-json\/wp\/v2\/posts\/303\/revisions"}],"wp:attachment":[{"href":"https:\/\/elcanillita.info\/press\/wp-json\/wp\/v2\/media?parent=303"}],"wp:term":[{"taxonomy":"category","embeddable":true,"href":"https:\/\/elcanillita.info\/press\/wp-json\/wp\/v2\/categories?post=303"},{"taxonomy":"post_tag","embeddable":true,"href":"https:\/\/elcanillita.info\/press\/wp-json\/wp\/v2\/tags?post=303"}],"curies":[{"name":"wp","href":"https:\/\/api.w.org\/{rel}","templated":true}]}}