{"id":3026,"date":"2022-10-27T18:49:08","date_gmt":"2022-10-27T21:49:08","guid":{"rendered":"https:\/\/elcanillita.info\/press\/?p=3026"},"modified":"2022-10-27T18:49:09","modified_gmt":"2022-10-27T21:49:09","slug":"podcasting-de-un-siglo-olvidado","status":"publish","type":"post","link":"https:\/\/elcanillita.info\/press\/2022\/10\/27\/podcasting-de-un-siglo-olvidado\/","title":{"rendered":"Podcasting de un siglo olvidado"},"content":{"rendered":"\n<figure class=\"wp-block-video alignleft\"><video controls src=\"http:\/\/elcanillita.info\/press\/images\/2022\/10\/Hemeroteca18680607.mp4\"><\/video><\/figure>\n\n\n\n<p><strong>Leemos en Patrias algunos detalles sobre la Confederaci\u00f3n Argentina:<\/strong><br><mark style=\"background-color:rgba(0, 0, 0, 0)\" class=\"has-inline-color has-vivid-red-color\"><small>Traducci\u00f3n en idioma castellano &#8211; p\u00e1gina 3 &#8211; Gazzetta del Piemonte de Torino 7\/06\/1868<\/small><\/mark><br><br>La larga guerra contra el Paraguay, en la que la Confederaci\u00f3n Argentina se vio envuelta, a pesar de su amor por la paz, por la invasi\u00f3n armada de su territorio y la violaci\u00f3n de los principios internacionales, no detuvo su progreso econ\u00f3mico.<\/p>\n\n\n\n<p>Incluso durante esa feroz lucha, la administraci\u00f3n pudo poner en pr\u00e1ctica una medida largamente demandada por el comercio, dando un valor fijo al papel moneda, cuyas fluctuaciones hac\u00edan inciertas todas las transacciones.<br><br>        <div class=\"rmwr-wrapper\" \n             data-id=\"rmwr-69f1af305c1c1\"\n             data-mode=\"normal\"\n             data-animation=\"fade\"\n             data-duration=\"300\"\n             data-smooth-scroll=\"true\"\n             data-scroll-offset=\"0\">\n            <button \n                type=\"button\"\n                class=\"read-link\" \n                id=\"readlinkrmwr-69f1af305c1c1\"\n                data-open-text=\"Continuaci\u00f3n...\"\n                data-close-text=\"Replegar pagina\"\n                aria-expanded=\"false\"\n                aria-controls=\"readrmwr-69f1af305c1c1\"\n                aria-label=\"Continuaci\u00f3n...\"\n            >\n                <span class=\"rmwr-text\">Continuaci\u00f3n...<\/span>\n            <\/button>\n            <div \n                class=\"read_div\" \n                id=\"readrmwr-69f1af305c1c1\"\n                aria-hidden=\"true\"\n                data-animation=\"fade\"\n                data-duration=\"300\"\n                style=\"display: none;\"\n            >\n                <\/p>\n\n\n\n<p>Los acontecimientos militares en las orillas del Plata no detuvieron la actividad comercial de la Confederaci\u00f3n. En 1867 el valor de las mercanc\u00edas importadas de Inglaterra super\u00f3 los 71 millones. En la escala comercial de mudanzas desde Gran Breta\u00f1a y Francia, la Confederaci\u00f3n Argentina ocupaba el und\u00e9cimo lugar, por delante de los Pa\u00edses Bajos; Espa\u00f1a, Portugal era el primero (despu\u00e9s de Brasil) entre los estados sudamericanos.<\/p>\n\n\n\n<p>En Buenos Ayres, la partida del \u00faltimo mensajero hizo pensar en la futura elecci\u00f3n del presidente.El poder del general Mitre, actual presidente, nombrado por seis a\u00f1os, seg\u00fan la constituci\u00f3n, expira el pr\u00f3ximo octubre. Se presentan dos candidatos liberales: el Sr. Elizalde, que desempe\u00f1a con distinci\u00f3n el cargo de Ministro de Asuntos Exteriores, y el Sr. Sarmiento, escritor conocido en Europa por sus generosos esfuerzos en favor de la educaci\u00f3n p\u00fablica y por sus trabajos en literatura y filosof\u00eda.<\/p>\n\n\n\n<p>Cualquiera que sea el candidato que obtenga la mayor\u00eda de los votos, en Buenos Aires no hay duda de que, gracias a la pacificaci\u00f3n interna, continuar\u00e1 el progreso de esa naci\u00f3n debido a la administraci\u00f3n ilustrada de Mitre. La emigraci\u00f3n europea sigue aumentando en ese distrito. Los emigrantes que en 1858 eran s\u00f3lo 4658, el a\u00f1o pasado fueron 18.000. Estos colonos traen consigo una fortuna mayor de lo que generalmente se cree, y con su industria adquieren una buena vida y son un gran elemento de orden en el estado al que pertenecen.<\/p>\n\n\n\n<p>Las \u00faltimas noticias de La Plata ya nos dan informaci\u00f3n sobre la elecci\u00f3n del presidente. Las operaciones de primer grado dieron la mayor\u00eda en Buenos Ayres a los se\u00f1ores Alsina y Elizalde, pero se cre\u00eda que en la mayor\u00eda de las provincias el general Urquiza, opositor a la alianza de la Confederaci\u00f3n con Brasil contra Paraguay, tendr\u00eda la mayor\u00eda.<\/p>\n\n\n\n<p>Las \u00faltimas noticias procedentes de Brasil anunciaban que, como el bombardeo de Humait\u00e1 no hab\u00eda conseguido la rendici\u00f3n de la plaza, los aliados hab\u00edan resuelto tomarla por la fuerza. Para el 8 de marzo, el asalto se consideraba muy cercano. El presidente L\u00f3pez se atrincher\u00f3 con su ej\u00e9rcito en el arsenal de Villaric\u00e0. Seg\u00fan noticias de fuentes paraguayas, Humait\u00e1 era inexpugnable; el presidente L\u00f3pez concentraba el grueso de sus tropas en la posici\u00f3n fortificada de Tebicuary, sus medios de defensa estaban intactos, y sus enemigos, reducidos a la inacci\u00f3n, se preparaban ya para tomar sus cuarteles de invierno.<\/p>\n\n\n\n<p>Acaban de producirse acontecimientos muy graves en la Rep\u00fablica de Venezuela. Aprovechando las disensiones internas y la precipitada salida del mariscal Falc\u00f3n hacia Puerto Cabelli\u00f3, las bandas revolucionarias intentaron acercarse a Caracas y lo consiguieron. Pusieron en fuga a los federales y los persiguieron hasta la entrada de los suburbios de la ciudad. Tras otra sangrienta batalla a las puertas de Caracas, en la que tambi\u00e9n ganaron los insurgentes, el general en jefe de la ciudad firm\u00f3 un armisticio de dos d\u00edas el 5 de mayo, durante el cual los comisionados del gobierno deb\u00edan discutir los t\u00e9rminos de la paz.<\/p>\n\n\n\n<p><a href=\"https:\/\/elcanillita.info\/press\/images\/2022\/10\/GazzPie_18680607_0003.pdf\" target=\"_blank\" rel=\"noopener\">Gazzetta Piemontese<\/a><\/p>\n\n\n\n<p><small>\u00a92022 ElCanillita.info &#8211; SalaStampa.Eu &#8211; Editado por Guzzo Photos &amp; Graphic Publications<\/small><br>            <\/div>\n        <\/div>\n        <\/p>\n","protected":false},"excerpt":{"rendered":"<p>La larga guerra contra el Paraguay, en la que la Confederaci\u00f3n Argentina se vio envuelta, a pesar de su amor por la paz, por la invasi\u00f3n armada de su territorio y la violaci\u00f3n de los principios internacionales, no detuvo su progreso econ\u00f3mico.<\/p>\n","protected":false},"author":1,"featured_media":3027,"comment_status":"closed","ping_status":"closed","sticky":false,"template":"","format":"standard","meta":{"footnotes":"","_links_to":"","_links_to_target":""},"categories":[12,47],"tags":[29],"class_list":["post-3026","post","type-post","status-publish","format-standard","has-post-thumbnail","hentry","category-audiovisuales","category-etiologia","tag-argentina","entry","double"],"yoast_head":"<!-- This site is optimized with the Yoast SEO plugin v27.4 - https:\/\/yoast.com\/product\/yoast-seo-wordpress\/ -->\n<title>Podcasting de un siglo olvidado - ElCanillita.Info<\/title>\n<meta name=\"description\" content=\"La larga guerra contra el Paraguay, en la que la Confederaci\u00f3n Argentina se vio envuelta, a pesar de su amor por la paz, por la invasi\u00f3n armada de su territorio y la violaci\u00f3n de los principios internacionales, no detuvo su progreso econ\u00f3mico.\" \/>\n<meta name=\"robots\" content=\"index, follow, max-snippet:-1, max-image-preview:large, max-video-preview:-1\" \/>\n<link rel=\"canonical\" href=\"https:\/\/elcanillita.info\/press\/2022\/10\/27\/podcasting-de-un-siglo-olvidado\/\" \/>\n<meta property=\"og:locale\" content=\"es_ES\" \/>\n<meta property=\"og:type\" content=\"article\" \/>\n<meta property=\"og:title\" content=\"Podcasting de un siglo olvidado - ElCanillita.Info\" \/>\n<meta property=\"og:description\" content=\"La larga guerra contra el Paraguay, en la que la Confederaci\u00f3n Argentina se vio envuelta, a pesar de su amor por la paz, por la invasi\u00f3n armada de su territorio y la violaci\u00f3n de los principios internacionales, no detuvo su progreso econ\u00f3mico.\" \/>\n<meta property=\"og:url\" content=\"https:\/\/elcanillita.info\/press\/2022\/10\/27\/podcasting-de-un-siglo-olvidado\/\" \/>\n<meta property=\"og:site_name\" content=\"ElCanillita.Info\" \/>\n<meta property=\"article:publisher\" content=\"https:\/\/ar-ar.facebook.com\/ElCanillitainfo-114249515285712\/\" \/>\n<meta property=\"article:published_time\" content=\"2022-10-27T21:49:08+00:00\" \/>\n<meta property=\"article:modified_time\" content=\"2022-10-27T21:49:09+00:00\" \/>\n<meta property=\"og:image\" content=\"https:\/\/elcanillita.info\/press\/images\/2022\/10\/Humaita-1968.jpg\" \/>\n\t<meta property=\"og:image:width\" content=\"600\" \/>\n\t<meta property=\"og:image:height\" content=\"400\" \/>\n\t<meta property=\"og:image:type\" content=\"image\/jpeg\" \/>\n<meta name=\"author\" content=\"SalaStampa.eu, world press service\" \/>\n<meta name=\"twitter:card\" content=\"summary_large_image\" \/>\n<meta name=\"twitter:label1\" content=\"Escrito por\" \/>\n\t<meta name=\"twitter:data1\" content=\"SalaStampa.eu, world press service\" \/>\n\t<meta name=\"twitter:label2\" content=\"Tiempo de lectura\" \/>\n\t<meta name=\"twitter:data2\" content=\"3 minutos\" \/>\n<script type=\"application\/ld+json\" class=\"yoast-schema-graph\">{\"@context\":\"https:\\\/\\\/schema.org\",\"@graph\":[{\"@type\":\"Article\",\"@id\":\"https:\\\/\\\/elcanillita.info\\\/press\\\/2022\\\/10\\\/27\\\/podcasting-de-un-siglo-olvidado\\\/#article\",\"isPartOf\":{\"@id\":\"https:\\\/\\\/elcanillita.info\\\/press\\\/2022\\\/10\\\/27\\\/podcasting-de-un-siglo-olvidado\\\/\"},\"author\":{\"name\":\"SalaStampa.eu, world press service\",\"@id\":\"https:\\\/\\\/elcanillita.info\\\/press\\\/#\\\/schema\\\/person\\\/7fcb79f38045700919f7da6d97e71ba0\"},\"headline\":\"Podcasting de un siglo olvidado\",\"datePublished\":\"2022-10-27T21:49:08+00:00\",\"dateModified\":\"2022-10-27T21:49:09+00:00\",\"mainEntityOfPage\":{\"@id\":\"https:\\\/\\\/elcanillita.info\\\/press\\\/2022\\\/10\\\/27\\\/podcasting-de-un-siglo-olvidado\\\/\"},\"wordCount\":665,\"publisher\":{\"@id\":\"https:\\\/\\\/elcanillita.info\\\/press\\\/#organization\"},\"image\":{\"@id\":\"https:\\\/\\\/elcanillita.info\\\/press\\\/2022\\\/10\\\/27\\\/podcasting-de-un-siglo-olvidado\\\/#primaryimage\"},\"thumbnailUrl\":\"https:\\\/\\\/elcanillita.info\\\/press\\\/images\\\/2022\\\/10\\\/Humaita-1968.jpg\",\"keywords\":[\"Argentina\"],\"articleSection\":[\"audiovisuales\",\"Etiologia\"],\"inLanguage\":\"es-AR\"},{\"@type\":\"WebPage\",\"@id\":\"https:\\\/\\\/elcanillita.info\\\/press\\\/2022\\\/10\\\/27\\\/podcasting-de-un-siglo-olvidado\\\/\",\"url\":\"https:\\\/\\\/elcanillita.info\\\/press\\\/2022\\\/10\\\/27\\\/podcasting-de-un-siglo-olvidado\\\/\",\"name\":\"Podcasting de un siglo olvidado - ElCanillita.Info\",\"isPartOf\":{\"@id\":\"https:\\\/\\\/elcanillita.info\\\/press\\\/#website\"},\"primaryImageOfPage\":{\"@id\":\"https:\\\/\\\/elcanillita.info\\\/press\\\/2022\\\/10\\\/27\\\/podcasting-de-un-siglo-olvidado\\\/#primaryimage\"},\"image\":{\"@id\":\"https:\\\/\\\/elcanillita.info\\\/press\\\/2022\\\/10\\\/27\\\/podcasting-de-un-siglo-olvidado\\\/#primaryimage\"},\"thumbnailUrl\":\"https:\\\/\\\/elcanillita.info\\\/press\\\/images\\\/2022\\\/10\\\/Humaita-1968.jpg\",\"datePublished\":\"2022-10-27T21:49:08+00:00\",\"dateModified\":\"2022-10-27T21:49:09+00:00\",\"description\":\"La larga guerra contra el Paraguay, en la que la Confederaci\u00f3n Argentina se vio envuelta, a pesar de su amor por la paz, por la invasi\u00f3n armada de su territorio y la violaci\u00f3n de los principios internacionales, no detuvo su progreso econ\u00f3mico.\",\"inLanguage\":\"es-AR\",\"potentialAction\":[{\"@type\":\"ReadAction\",\"target\":[\"https:\\\/\\\/elcanillita.info\\\/press\\\/2022\\\/10\\\/27\\\/podcasting-de-un-siglo-olvidado\\\/\"]}]},{\"@type\":\"ImageObject\",\"inLanguage\":\"es-AR\",\"@id\":\"https:\\\/\\\/elcanillita.info\\\/press\\\/2022\\\/10\\\/27\\\/podcasting-de-un-siglo-olvidado\\\/#primaryimage\",\"url\":\"https:\\\/\\\/elcanillita.info\\\/press\\\/images\\\/2022\\\/10\\\/Humaita-1968.jpg\",\"contentUrl\":\"https:\\\/\\\/elcanillita.info\\\/press\\\/images\\\/2022\\\/10\\\/Humaita-1968.jpg\",\"width\":600,\"height\":400},{\"@type\":\"WebSite\",\"@id\":\"https:\\\/\\\/elcanillita.info\\\/press\\\/#website\",\"url\":\"https:\\\/\\\/elcanillita.info\\\/press\\\/\",\"name\":\"ElCanillita.Info\",\"description\":\"desde los Apeninos a los Andes\",\"publisher\":{\"@id\":\"https:\\\/\\\/elcanillita.info\\\/press\\\/#organization\"},\"potentialAction\":[{\"@type\":\"SearchAction\",\"target\":{\"@type\":\"EntryPoint\",\"urlTemplate\":\"https:\\\/\\\/elcanillita.info\\\/press\\\/?s={search_term_string}\"},\"query-input\":{\"@type\":\"PropertyValueSpecification\",\"valueRequired\":true,\"valueName\":\"search_term_string\"}}],\"inLanguage\":\"es-AR\"},{\"@type\":\"Organization\",\"@id\":\"https:\\\/\\\/elcanillita.info\\\/press\\\/#organization\",\"name\":\"Guzzo Photos & Graphic Publications\",\"url\":\"https:\\\/\\\/elcanillita.info\\\/press\\\/\",\"logo\":{\"@type\":\"ImageObject\",\"inLanguage\":\"es-AR\",\"@id\":\"https:\\\/\\\/elcanillita.info\\\/press\\\/#\\\/schema\\\/logo\\\/image\\\/\",\"url\":\"https:\\\/\\\/elcanillita.info\\\/press\\\/images\\\/2020\\\/01\\\/cropped-cropped-cropped-elcanillitainfo.png\",\"contentUrl\":\"https:\\\/\\\/elcanillita.info\\\/press\\\/images\\\/2020\\\/01\\\/cropped-cropped-cropped-elcanillitainfo.png\",\"width\":460,\"height\":50,\"caption\":\"Guzzo Photos & Graphic Publications\"},\"image\":{\"@id\":\"https:\\\/\\\/elcanillita.info\\\/press\\\/#\\\/schema\\\/logo\\\/image\\\/\"},\"sameAs\":[\"https:\\\/\\\/ar-ar.facebook.com\\\/ElCanillitainfo-114249515285712\\\/\"]},{\"@type\":\"Person\",\"@id\":\"https:\\\/\\\/elcanillita.info\\\/press\\\/#\\\/schema\\\/person\\\/7fcb79f38045700919f7da6d97e71ba0\",\"name\":\"SalaStampa.eu, world press service\",\"image\":{\"@type\":\"ImageObject\",\"inLanguage\":\"es-AR\",\"@id\":\"https:\\\/\\\/secure.gravatar.com\\\/avatar\\\/c2f0e0d515a107624234994507816ca4724c7199cef73fc8bedebf6931d73888?s=96&d=mm&r=g\",\"url\":\"https:\\\/\\\/secure.gravatar.com\\\/avatar\\\/c2f0e0d515a107624234994507816ca4724c7199cef73fc8bedebf6931d73888?s=96&d=mm&r=g\",\"contentUrl\":\"https:\\\/\\\/secure.gravatar.com\\\/avatar\\\/c2f0e0d515a107624234994507816ca4724c7199cef73fc8bedebf6931d73888?s=96&d=mm&r=g\",\"caption\":\"SalaStampa.eu, world press service\"}}]}<\/script>\n<!-- \/ Yoast SEO plugin. -->","yoast_head_json":{"title":"Podcasting de un siglo olvidado - ElCanillita.Info","description":"La larga guerra contra el Paraguay, en la que la Confederaci\u00f3n Argentina se vio envuelta, a pesar de su amor por la paz, por la invasi\u00f3n armada de su territorio y la violaci\u00f3n de los principios internacionales, no detuvo su progreso econ\u00f3mico.","robots":{"index":"index","follow":"follow","max-snippet":"max-snippet:-1","max-image-preview":"max-image-preview:large","max-video-preview":"max-video-preview:-1"},"canonical":"https:\/\/elcanillita.info\/press\/2022\/10\/27\/podcasting-de-un-siglo-olvidado\/","og_locale":"es_ES","og_type":"article","og_title":"Podcasting de un siglo olvidado - ElCanillita.Info","og_description":"La larga guerra contra el Paraguay, en la que la Confederaci\u00f3n Argentina se vio envuelta, a pesar de su amor por la paz, por la invasi\u00f3n armada de su territorio y la violaci\u00f3n de los principios internacionales, no detuvo su progreso econ\u00f3mico.","og_url":"https:\/\/elcanillita.info\/press\/2022\/10\/27\/podcasting-de-un-siglo-olvidado\/","og_site_name":"ElCanillita.Info","article_publisher":"https:\/\/ar-ar.facebook.com\/ElCanillitainfo-114249515285712\/","article_published_time":"2022-10-27T21:49:08+00:00","article_modified_time":"2022-10-27T21:49:09+00:00","og_image":[{"width":600,"height":400,"url":"https:\/\/elcanillita.info\/press\/images\/2022\/10\/Humaita-1968.jpg","type":"image\/jpeg"}],"author":"SalaStampa.eu, world press service","twitter_card":"summary_large_image","twitter_misc":{"Escrito por":"SalaStampa.eu, world press service","Tiempo de lectura":"3 minutos"},"schema":{"@context":"https:\/\/schema.org","@graph":[{"@type":"Article","@id":"https:\/\/elcanillita.info\/press\/2022\/10\/27\/podcasting-de-un-siglo-olvidado\/#article","isPartOf":{"@id":"https:\/\/elcanillita.info\/press\/2022\/10\/27\/podcasting-de-un-siglo-olvidado\/"},"author":{"name":"SalaStampa.eu, world press service","@id":"https:\/\/elcanillita.info\/press\/#\/schema\/person\/7fcb79f38045700919f7da6d97e71ba0"},"headline":"Podcasting de un siglo olvidado","datePublished":"2022-10-27T21:49:08+00:00","dateModified":"2022-10-27T21:49:09+00:00","mainEntityOfPage":{"@id":"https:\/\/elcanillita.info\/press\/2022\/10\/27\/podcasting-de-un-siglo-olvidado\/"},"wordCount":665,"publisher":{"@id":"https:\/\/elcanillita.info\/press\/#organization"},"image":{"@id":"https:\/\/elcanillita.info\/press\/2022\/10\/27\/podcasting-de-un-siglo-olvidado\/#primaryimage"},"thumbnailUrl":"https:\/\/elcanillita.info\/press\/images\/2022\/10\/Humaita-1968.jpg","keywords":["Argentina"],"articleSection":["audiovisuales","Etiologia"],"inLanguage":"es-AR"},{"@type":"WebPage","@id":"https:\/\/elcanillita.info\/press\/2022\/10\/27\/podcasting-de-un-siglo-olvidado\/","url":"https:\/\/elcanillita.info\/press\/2022\/10\/27\/podcasting-de-un-siglo-olvidado\/","name":"Podcasting de un siglo olvidado - ElCanillita.Info","isPartOf":{"@id":"https:\/\/elcanillita.info\/press\/#website"},"primaryImageOfPage":{"@id":"https:\/\/elcanillita.info\/press\/2022\/10\/27\/podcasting-de-un-siglo-olvidado\/#primaryimage"},"image":{"@id":"https:\/\/elcanillita.info\/press\/2022\/10\/27\/podcasting-de-un-siglo-olvidado\/#primaryimage"},"thumbnailUrl":"https:\/\/elcanillita.info\/press\/images\/2022\/10\/Humaita-1968.jpg","datePublished":"2022-10-27T21:49:08+00:00","dateModified":"2022-10-27T21:49:09+00:00","description":"La larga guerra contra el Paraguay, en la que la Confederaci\u00f3n Argentina se vio envuelta, a pesar de su amor por la paz, por la invasi\u00f3n armada de su territorio y la violaci\u00f3n de los principios internacionales, no detuvo su progreso econ\u00f3mico.","inLanguage":"es-AR","potentialAction":[{"@type":"ReadAction","target":["https:\/\/elcanillita.info\/press\/2022\/10\/27\/podcasting-de-un-siglo-olvidado\/"]}]},{"@type":"ImageObject","inLanguage":"es-AR","@id":"https:\/\/elcanillita.info\/press\/2022\/10\/27\/podcasting-de-un-siglo-olvidado\/#primaryimage","url":"https:\/\/elcanillita.info\/press\/images\/2022\/10\/Humaita-1968.jpg","contentUrl":"https:\/\/elcanillita.info\/press\/images\/2022\/10\/Humaita-1968.jpg","width":600,"height":400},{"@type":"WebSite","@id":"https:\/\/elcanillita.info\/press\/#website","url":"https:\/\/elcanillita.info\/press\/","name":"ElCanillita.Info","description":"desde los Apeninos a los Andes","publisher":{"@id":"https:\/\/elcanillita.info\/press\/#organization"},"potentialAction":[{"@type":"SearchAction","target":{"@type":"EntryPoint","urlTemplate":"https:\/\/elcanillita.info\/press\/?s={search_term_string}"},"query-input":{"@type":"PropertyValueSpecification","valueRequired":true,"valueName":"search_term_string"}}],"inLanguage":"es-AR"},{"@type":"Organization","@id":"https:\/\/elcanillita.info\/press\/#organization","name":"Guzzo Photos & Graphic Publications","url":"https:\/\/elcanillita.info\/press\/","logo":{"@type":"ImageObject","inLanguage":"es-AR","@id":"https:\/\/elcanillita.info\/press\/#\/schema\/logo\/image\/","url":"https:\/\/elcanillita.info\/press\/images\/2020\/01\/cropped-cropped-cropped-elcanillitainfo.png","contentUrl":"https:\/\/elcanillita.info\/press\/images\/2020\/01\/cropped-cropped-cropped-elcanillitainfo.png","width":460,"height":50,"caption":"Guzzo Photos & Graphic Publications"},"image":{"@id":"https:\/\/elcanillita.info\/press\/#\/schema\/logo\/image\/"},"sameAs":["https:\/\/ar-ar.facebook.com\/ElCanillitainfo-114249515285712\/"]},{"@type":"Person","@id":"https:\/\/elcanillita.info\/press\/#\/schema\/person\/7fcb79f38045700919f7da6d97e71ba0","name":"SalaStampa.eu, world press service","image":{"@type":"ImageObject","inLanguage":"es-AR","@id":"https:\/\/secure.gravatar.com\/avatar\/c2f0e0d515a107624234994507816ca4724c7199cef73fc8bedebf6931d73888?s=96&d=mm&r=g","url":"https:\/\/secure.gravatar.com\/avatar\/c2f0e0d515a107624234994507816ca4724c7199cef73fc8bedebf6931d73888?s=96&d=mm&r=g","contentUrl":"https:\/\/secure.gravatar.com\/avatar\/c2f0e0d515a107624234994507816ca4724c7199cef73fc8bedebf6931d73888?s=96&d=mm&r=g","caption":"SalaStampa.eu, world press service"}}]}},"views":496,"_links":{"self":[{"href":"https:\/\/elcanillita.info\/press\/wp-json\/wp\/v2\/posts\/3026","targetHints":{"allow":["GET"]}}],"collection":[{"href":"https:\/\/elcanillita.info\/press\/wp-json\/wp\/v2\/posts"}],"about":[{"href":"https:\/\/elcanillita.info\/press\/wp-json\/wp\/v2\/types\/post"}],"author":[{"embeddable":true,"href":"https:\/\/elcanillita.info\/press\/wp-json\/wp\/v2\/users\/1"}],"replies":[{"embeddable":true,"href":"https:\/\/elcanillita.info\/press\/wp-json\/wp\/v2\/comments?post=3026"}],"version-history":[{"count":0,"href":"https:\/\/elcanillita.info\/press\/wp-json\/wp\/v2\/posts\/3026\/revisions"}],"wp:featuredmedia":[{"embeddable":true,"href":"https:\/\/elcanillita.info\/press\/wp-json\/wp\/v2\/media\/3027"}],"wp:attachment":[{"href":"https:\/\/elcanillita.info\/press\/wp-json\/wp\/v2\/media?parent=3026"}],"wp:term":[{"taxonomy":"category","embeddable":true,"href":"https:\/\/elcanillita.info\/press\/wp-json\/wp\/v2\/categories?post=3026"},{"taxonomy":"post_tag","embeddable":true,"href":"https:\/\/elcanillita.info\/press\/wp-json\/wp\/v2\/tags?post=3026"}],"curies":[{"name":"wp","href":"https:\/\/api.w.org\/{rel}","templated":true}]}}