{"id":301,"date":"2020-02-03T19:58:55","date_gmt":"2020-02-03T22:58:55","guid":{"rendered":"https:\/\/elcanillita.info\/press\/?p=301"},"modified":"2020-02-04T05:54:31","modified_gmt":"2020-02-04T08:54:31","slug":"presidente-argentino-insta-a-materializar-acuerdo-ue-mercosur","status":"publish","type":"post","link":"https:\/\/elcanillita.info\/press\/2020\/02\/03\/presidente-argentino-insta-a-materializar-acuerdo-ue-mercosur\/","title":{"rendered":"Presidente argentino insta a materializar acuerdo UE-Mercosur"},"content":{"rendered":"\n<p> Berl\u00edn, 03.02.2020 &#8211; El presidente argentino, Alberto Fern\u00e1ndez, inst\u00f3 este lunes en Berl\u00edn junto con la canciller alemana, Angela Merkel, a &#8220;materializar&#8221; el acuerdo Uni\u00f3n Europea-Mercosur, que a\u00fan debe ser ratificado por los parlamentos de los pa\u00edses miembros.<\/p>\n\n\n\n<p>Tras recordar que hab\u00eda conocido a Merkel en una reuni\u00f3n en Viena entre la UE y el Mercosur en 2005, Fern\u00e1ndez asegur\u00f3 que ese &#8220;es el camino que tenemos que seguir fortaleciendo y ver de qu\u00e9 modo lo podemos materializar&#8221;.<\/p>\n\n\n\n<p>Alcanzado en junio de 2019, tras 20 a\u00f1os de negociaciones comerciales, el acuerdo todav\u00eda debe someterse a revisi\u00f3n jur\u00eddica antes del visto bueno de los pa\u00edses europeos a la firma formal, lo que no ser\u00e1 antes de finales de este a\u00f1o, seg\u00fan responsables europeos del ejecutivo anterior.<\/p>\n\n\n\n<p>Despu\u00e9s de la firma formal, el acuerdo podr\u00eda entrar en vigor provisionalmente tras el visto bueno de la Euroc\u00e1mara. A continuaci\u00f3n, para la aplicaci\u00f3n final se necesita la ratificaci\u00f3n de los parlamentos nacionales de todos los pa\u00edses.<\/p>\n\n\n\n<p>En su primera gira a Europa tras asumir la presidencia en diciembre pasado en una Argentina en profunda crisis, Fern\u00e1ndez se reuni\u00f3 en Berl\u00edn con empresas inversoras en Argentina, para repasar &#8220;todos los temas pendientes y las alternativas&#8221;.<\/p>\n\n\n\n<p>&#8220;Yo qued\u00e9 muy contento y muy satisfecho con esa reuni\u00f3n y me da la impresi\u00f3n por lo que me han transmitido que lo mismo sintieron ellos&#8221;.<\/p>\n\n\n\n<p>Fern\u00e1ndez lanz\u00f3 tambi\u00e9n un mensaje a favor del multilateralismo. Con su anfitriona, dijo, compartimos &#8220;nuestra preocupaci\u00f3n por los organismos multilaterales y por la relaci\u00f3n multilateral, donde nosotros creemos que es donde el mundo debe encontrarse&#8221;.<\/p>\n\n\n\n<p>Merkel, por su parte, asegur\u00f3 que iban a hablar &#8220;de la situaci\u00f3n en general de la regi\u00f3n porque Am\u00e9rica Latina conoce algunas situaciones pol\u00edticas dif\u00edciles&#8221;.<\/p>\n\n\n\n<p>&#8220;Es una alegr\u00eda y un honor recibirle esta noche&#8221;, dijo Merkel, que &#8220;celebr\u00f3&#8221; que el presidente argentino &#8220;haya venido a nuestro pa\u00eds en su primer viaje a Europa&#8221; y que &#8220;haya venido a Europa tan r\u00e1pido&#8221;, despu\u00e9s de asumir la presidencia en diciembre.<\/p>\n\n\n\n<ul class=\"wp-block-list\"><li>Alemania, un modelo para Argentina &#8211;<\/li><\/ul>\n\n\n\n<p>Alemania, dijo el mandatario, &#8220;es el modelo que nosotros miramos muy de cerca, porque sabemos que ha sido el motor de la gran unidad en la Uni\u00f3n Europea&#8221;, antes de recordar el &#8220;estrecho v\u00ednculo&#8221; que tienen los argentinos con toda Europa.<\/p>\n\n\n\n<p>Aunque en su breve alocuci\u00f3n a la prensa Fern\u00e1ndez no mencion\u00f3 el tema de la deuda argentina, sin duda este asunto de vital importancia para su pa\u00eds estar\u00e1 presente en la reuni\u00f3n de trabajo con la canciller alemana.<\/p>\n\n\n\n<p>El pa\u00eds sudamericano est\u00e1 en recesi\u00f3n desde mediados de 2018, con uno de los \u00edndices de inflaci\u00f3n m\u00e1s altos del mundo (53,8% en 2019) y pobreza de cerca del 40%.<\/p>\n\n\n\n<p>El nuevo gobierno argentino est\u00e1 empe\u00f1ado en una serie de negociaciones con los acreedores por la deuda externa, que representa el 91,6% del PIB.<\/p>\n\n\n\n<p>En su primera gira a Europa, que inici\u00f3 en el Vaticano con un encuentro con el papa Francisco, y prosigui\u00f3 con encuentros con las autoridades italianas, Fern\u00e1ndez tambi\u00e9n visitar\u00e1 el martes Espa\u00f1a y pondr\u00e1 fin a su primera gira europea en Francia.<br><br><small>2020 voanoticias \u2013 salastampa.eu, afiliada a la red Broadcasting Board of Governors \u00a9 2020 BBG<\/small><\/p>\n","protected":false},"excerpt":{"rendered":"<p> Berl\u00edn, 03.02.2020 &#8211; El presidente argentino, Alberto Fern\u00e1ndez, inst\u00f3 este lunes en Berl\u00edn junto con la canciller alemana, Angela Merkel, a &#8220;materializar&#8221; el acuerdo Uni\u00f3n Europea-Mercosur, que a\u00fan debe ser ratificado por los parlamentos de los pa\u00edses miembros.<\/p>\n","protected":false},"author":1,"featured_media":0,"comment_status":"closed","ping_status":"closed","sticky":false,"template":"","format":"standard","meta":{"footnotes":"","_links_to":"","_links_to_target":""},"categories":[20,5,23],"tags":[69],"class_list":["post-301","post","type-post","status-publish","format-standard","hentry","category-economia","category-europa","category-politica","tag-alemania","entry","double"],"yoast_head":"<!-- This site is optimized with the Yoast SEO plugin v27.5 - https:\/\/yoast.com\/product\/yoast-seo-wordpress\/ -->\n<title>Presidente argentino insta a materializar acuerdo UE-Mercosur - ElCanillita.Info<\/title>\n<meta name=\"robots\" content=\"index, follow, max-snippet:-1, max-image-preview:large, max-video-preview:-1\" \/>\n<link rel=\"canonical\" href=\"https:\/\/elcanillita.info\/press\/2020\/02\/03\/presidente-argentino-insta-a-materializar-acuerdo-ue-mercosur\/\" \/>\n<meta property=\"og:locale\" content=\"es_ES\" \/>\n<meta property=\"og:type\" content=\"article\" \/>\n<meta property=\"og:title\" content=\"Presidente argentino insta a materializar acuerdo UE-Mercosur - ElCanillita.Info\" \/>\n<meta property=\"og:description\" content=\"Berl\u00edn, 03.02.2020 - El presidente argentino, Alberto Fern\u00e1ndez, inst\u00f3 este lunes en Berl\u00edn junto con la canciller alemana, Angela Merkel, a &quot;materializar&quot; el acuerdo Uni\u00f3n Europea-Mercosur, que a\u00fan debe ser ratificado por los parlamentos de los pa\u00edses miembros.\" \/>\n<meta property=\"og:url\" content=\"https:\/\/elcanillita.info\/press\/2020\/02\/03\/presidente-argentino-insta-a-materializar-acuerdo-ue-mercosur\/\" \/>\n<meta property=\"og:site_name\" content=\"ElCanillita.Info\" \/>\n<meta property=\"article:publisher\" content=\"https:\/\/ar-ar.facebook.com\/ElCanillitainfo-114249515285712\/\" \/>\n<meta property=\"article:published_time\" content=\"2020-02-03T22:58:55+00:00\" \/>\n<meta property=\"article:modified_time\" content=\"2020-02-04T08:54:31+00:00\" \/>\n<meta name=\"author\" content=\"SalaStampa.eu, world press service\" \/>\n<meta name=\"twitter:card\" content=\"summary_large_image\" \/>\n<meta name=\"twitter:label1\" content=\"Escrito por\" \/>\n\t<meta name=\"twitter:data1\" content=\"SalaStampa.eu, world press service\" \/>\n\t<meta name=\"twitter:label2\" content=\"Tiempo de lectura\" \/>\n\t<meta name=\"twitter:data2\" content=\"3 minutos\" \/>\n<script type=\"application\/ld+json\" class=\"yoast-schema-graph\">{\"@context\":\"https:\\\/\\\/schema.org\",\"@graph\":[{\"@type\":\"Article\",\"@id\":\"https:\\\/\\\/elcanillita.info\\\/press\\\/2020\\\/02\\\/03\\\/presidente-argentino-insta-a-materializar-acuerdo-ue-mercosur\\\/#article\",\"isPartOf\":{\"@id\":\"https:\\\/\\\/elcanillita.info\\\/press\\\/2020\\\/02\\\/03\\\/presidente-argentino-insta-a-materializar-acuerdo-ue-mercosur\\\/\"},\"author\":{\"name\":\"SalaStampa.eu, world press service\",\"@id\":\"https:\\\/\\\/elcanillita.info\\\/press\\\/#\\\/schema\\\/person\\\/7fcb79f38045700919f7da6d97e71ba0\"},\"headline\":\"Presidente argentino insta a materializar acuerdo UE-Mercosur\",\"datePublished\":\"2020-02-03T22:58:55+00:00\",\"dateModified\":\"2020-02-04T08:54:31+00:00\",\"mainEntityOfPage\":{\"@id\":\"https:\\\/\\\/elcanillita.info\\\/press\\\/2020\\\/02\\\/03\\\/presidente-argentino-insta-a-materializar-acuerdo-ue-mercosur\\\/\"},\"wordCount\":574,\"publisher\":{\"@id\":\"https:\\\/\\\/elcanillita.info\\\/press\\\/#organization\"},\"keywords\":[\"Alemania\"],\"articleSection\":[\"Economia\",\"Europa\",\"Politica\"],\"inLanguage\":\"es-AR\"},{\"@type\":\"WebPage\",\"@id\":\"https:\\\/\\\/elcanillita.info\\\/press\\\/2020\\\/02\\\/03\\\/presidente-argentino-insta-a-materializar-acuerdo-ue-mercosur\\\/\",\"url\":\"https:\\\/\\\/elcanillita.info\\\/press\\\/2020\\\/02\\\/03\\\/presidente-argentino-insta-a-materializar-acuerdo-ue-mercosur\\\/\",\"name\":\"Presidente argentino insta a materializar acuerdo UE-Mercosur - ElCanillita.Info\",\"isPartOf\":{\"@id\":\"https:\\\/\\\/elcanillita.info\\\/press\\\/#website\"},\"datePublished\":\"2020-02-03T22:58:55+00:00\",\"dateModified\":\"2020-02-04T08:54:31+00:00\",\"inLanguage\":\"es-AR\",\"potentialAction\":[{\"@type\":\"ReadAction\",\"target\":[\"https:\\\/\\\/elcanillita.info\\\/press\\\/2020\\\/02\\\/03\\\/presidente-argentino-insta-a-materializar-acuerdo-ue-mercosur\\\/\"]}]},{\"@type\":\"WebSite\",\"@id\":\"https:\\\/\\\/elcanillita.info\\\/press\\\/#website\",\"url\":\"https:\\\/\\\/elcanillita.info\\\/press\\\/\",\"name\":\"ElCanillita.Info\",\"description\":\"desde los Apeninos a los Andes\",\"publisher\":{\"@id\":\"https:\\\/\\\/elcanillita.info\\\/press\\\/#organization\"},\"potentialAction\":[{\"@type\":\"SearchAction\",\"target\":{\"@type\":\"EntryPoint\",\"urlTemplate\":\"https:\\\/\\\/elcanillita.info\\\/press\\\/?s={search_term_string}\"},\"query-input\":{\"@type\":\"PropertyValueSpecification\",\"valueRequired\":true,\"valueName\":\"search_term_string\"}}],\"inLanguage\":\"es-AR\"},{\"@type\":\"Organization\",\"@id\":\"https:\\\/\\\/elcanillita.info\\\/press\\\/#organization\",\"name\":\"Guzzo Photos & Graphic Publications\",\"url\":\"https:\\\/\\\/elcanillita.info\\\/press\\\/\",\"logo\":{\"@type\":\"ImageObject\",\"inLanguage\":\"es-AR\",\"@id\":\"https:\\\/\\\/elcanillita.info\\\/press\\\/#\\\/schema\\\/logo\\\/image\\\/\",\"url\":\"https:\\\/\\\/elcanillita.info\\\/press\\\/images\\\/2020\\\/01\\\/cropped-cropped-cropped-elcanillitainfo.png\",\"contentUrl\":\"https:\\\/\\\/elcanillita.info\\\/press\\\/images\\\/2020\\\/01\\\/cropped-cropped-cropped-elcanillitainfo.png\",\"width\":460,\"height\":50,\"caption\":\"Guzzo Photos & Graphic Publications\"},\"image\":{\"@id\":\"https:\\\/\\\/elcanillita.info\\\/press\\\/#\\\/schema\\\/logo\\\/image\\\/\"},\"sameAs\":[\"https:\\\/\\\/ar-ar.facebook.com\\\/ElCanillitainfo-114249515285712\\\/\"]},{\"@type\":\"Person\",\"@id\":\"https:\\\/\\\/elcanillita.info\\\/press\\\/#\\\/schema\\\/person\\\/7fcb79f38045700919f7da6d97e71ba0\",\"name\":\"SalaStampa.eu, world press service\",\"image\":{\"@type\":\"ImageObject\",\"inLanguage\":\"es-AR\",\"@id\":\"https:\\\/\\\/secure.gravatar.com\\\/avatar\\\/c2f0e0d515a107624234994507816ca4724c7199cef73fc8bedebf6931d73888?s=96&d=mm&r=g\",\"url\":\"https:\\\/\\\/secure.gravatar.com\\\/avatar\\\/c2f0e0d515a107624234994507816ca4724c7199cef73fc8bedebf6931d73888?s=96&d=mm&r=g\",\"contentUrl\":\"https:\\\/\\\/secure.gravatar.com\\\/avatar\\\/c2f0e0d515a107624234994507816ca4724c7199cef73fc8bedebf6931d73888?s=96&d=mm&r=g\",\"caption\":\"SalaStampa.eu, world press service\"}}]}<\/script>\n<!-- \/ Yoast SEO plugin. -->","yoast_head_json":{"title":"Presidente argentino insta a materializar acuerdo UE-Mercosur - ElCanillita.Info","robots":{"index":"index","follow":"follow","max-snippet":"max-snippet:-1","max-image-preview":"max-image-preview:large","max-video-preview":"max-video-preview:-1"},"canonical":"https:\/\/elcanillita.info\/press\/2020\/02\/03\/presidente-argentino-insta-a-materializar-acuerdo-ue-mercosur\/","og_locale":"es_ES","og_type":"article","og_title":"Presidente argentino insta a materializar acuerdo UE-Mercosur - ElCanillita.Info","og_description":"Berl\u00edn, 03.02.2020 - El presidente argentino, Alberto Fern\u00e1ndez, inst\u00f3 este lunes en Berl\u00edn junto con la canciller alemana, Angela Merkel, a \"materializar\" el acuerdo Uni\u00f3n Europea-Mercosur, que a\u00fan debe ser ratificado por los parlamentos de los pa\u00edses miembros.","og_url":"https:\/\/elcanillita.info\/press\/2020\/02\/03\/presidente-argentino-insta-a-materializar-acuerdo-ue-mercosur\/","og_site_name":"ElCanillita.Info","article_publisher":"https:\/\/ar-ar.facebook.com\/ElCanillitainfo-114249515285712\/","article_published_time":"2020-02-03T22:58:55+00:00","article_modified_time":"2020-02-04T08:54:31+00:00","author":"SalaStampa.eu, world press service","twitter_card":"summary_large_image","twitter_misc":{"Escrito por":"SalaStampa.eu, world press service","Tiempo de lectura":"3 minutos"},"schema":{"@context":"https:\/\/schema.org","@graph":[{"@type":"Article","@id":"https:\/\/elcanillita.info\/press\/2020\/02\/03\/presidente-argentino-insta-a-materializar-acuerdo-ue-mercosur\/#article","isPartOf":{"@id":"https:\/\/elcanillita.info\/press\/2020\/02\/03\/presidente-argentino-insta-a-materializar-acuerdo-ue-mercosur\/"},"author":{"name":"SalaStampa.eu, world press service","@id":"https:\/\/elcanillita.info\/press\/#\/schema\/person\/7fcb79f38045700919f7da6d97e71ba0"},"headline":"Presidente argentino insta a materializar acuerdo UE-Mercosur","datePublished":"2020-02-03T22:58:55+00:00","dateModified":"2020-02-04T08:54:31+00:00","mainEntityOfPage":{"@id":"https:\/\/elcanillita.info\/press\/2020\/02\/03\/presidente-argentino-insta-a-materializar-acuerdo-ue-mercosur\/"},"wordCount":574,"publisher":{"@id":"https:\/\/elcanillita.info\/press\/#organization"},"keywords":["Alemania"],"articleSection":["Economia","Europa","Politica"],"inLanguage":"es-AR"},{"@type":"WebPage","@id":"https:\/\/elcanillita.info\/press\/2020\/02\/03\/presidente-argentino-insta-a-materializar-acuerdo-ue-mercosur\/","url":"https:\/\/elcanillita.info\/press\/2020\/02\/03\/presidente-argentino-insta-a-materializar-acuerdo-ue-mercosur\/","name":"Presidente argentino insta a materializar acuerdo UE-Mercosur - ElCanillita.Info","isPartOf":{"@id":"https:\/\/elcanillita.info\/press\/#website"},"datePublished":"2020-02-03T22:58:55+00:00","dateModified":"2020-02-04T08:54:31+00:00","inLanguage":"es-AR","potentialAction":[{"@type":"ReadAction","target":["https:\/\/elcanillita.info\/press\/2020\/02\/03\/presidente-argentino-insta-a-materializar-acuerdo-ue-mercosur\/"]}]},{"@type":"WebSite","@id":"https:\/\/elcanillita.info\/press\/#website","url":"https:\/\/elcanillita.info\/press\/","name":"ElCanillita.Info","description":"desde los Apeninos a los Andes","publisher":{"@id":"https:\/\/elcanillita.info\/press\/#organization"},"potentialAction":[{"@type":"SearchAction","target":{"@type":"EntryPoint","urlTemplate":"https:\/\/elcanillita.info\/press\/?s={search_term_string}"},"query-input":{"@type":"PropertyValueSpecification","valueRequired":true,"valueName":"search_term_string"}}],"inLanguage":"es-AR"},{"@type":"Organization","@id":"https:\/\/elcanillita.info\/press\/#organization","name":"Guzzo Photos & Graphic Publications","url":"https:\/\/elcanillita.info\/press\/","logo":{"@type":"ImageObject","inLanguage":"es-AR","@id":"https:\/\/elcanillita.info\/press\/#\/schema\/logo\/image\/","url":"https:\/\/elcanillita.info\/press\/images\/2020\/01\/cropped-cropped-cropped-elcanillitainfo.png","contentUrl":"https:\/\/elcanillita.info\/press\/images\/2020\/01\/cropped-cropped-cropped-elcanillitainfo.png","width":460,"height":50,"caption":"Guzzo Photos & Graphic Publications"},"image":{"@id":"https:\/\/elcanillita.info\/press\/#\/schema\/logo\/image\/"},"sameAs":["https:\/\/ar-ar.facebook.com\/ElCanillitainfo-114249515285712\/"]},{"@type":"Person","@id":"https:\/\/elcanillita.info\/press\/#\/schema\/person\/7fcb79f38045700919f7da6d97e71ba0","name":"SalaStampa.eu, world press service","image":{"@type":"ImageObject","inLanguage":"es-AR","@id":"https:\/\/secure.gravatar.com\/avatar\/c2f0e0d515a107624234994507816ca4724c7199cef73fc8bedebf6931d73888?s=96&d=mm&r=g","url":"https:\/\/secure.gravatar.com\/avatar\/c2f0e0d515a107624234994507816ca4724c7199cef73fc8bedebf6931d73888?s=96&d=mm&r=g","contentUrl":"https:\/\/secure.gravatar.com\/avatar\/c2f0e0d515a107624234994507816ca4724c7199cef73fc8bedebf6931d73888?s=96&d=mm&r=g","caption":"SalaStampa.eu, world press service"}}]}},"views":786,"_links":{"self":[{"href":"https:\/\/elcanillita.info\/press\/wp-json\/wp\/v2\/posts\/301","targetHints":{"allow":["GET"]}}],"collection":[{"href":"https:\/\/elcanillita.info\/press\/wp-json\/wp\/v2\/posts"}],"about":[{"href":"https:\/\/elcanillita.info\/press\/wp-json\/wp\/v2\/types\/post"}],"author":[{"embeddable":true,"href":"https:\/\/elcanillita.info\/press\/wp-json\/wp\/v2\/users\/1"}],"replies":[{"embeddable":true,"href":"https:\/\/elcanillita.info\/press\/wp-json\/wp\/v2\/comments?post=301"}],"version-history":[{"count":0,"href":"https:\/\/elcanillita.info\/press\/wp-json\/wp\/v2\/posts\/301\/revisions"}],"wp:attachment":[{"href":"https:\/\/elcanillita.info\/press\/wp-json\/wp\/v2\/media?parent=301"}],"wp:term":[{"taxonomy":"category","embeddable":true,"href":"https:\/\/elcanillita.info\/press\/wp-json\/wp\/v2\/categories?post=301"},{"taxonomy":"post_tag","embeddable":true,"href":"https:\/\/elcanillita.info\/press\/wp-json\/wp\/v2\/tags?post=301"}],"curies":[{"name":"wp","href":"https:\/\/api.w.org\/{rel}","templated":true}]}}