{"id":2951,"date":"2022-10-04T20:36:19","date_gmt":"2022-10-04T23:36:19","guid":{"rendered":"https:\/\/elcanillita.info\/press\/?p=2951"},"modified":"2022-10-08T13:07:16","modified_gmt":"2022-10-08T16:07:16","slug":"la-violenza-amenaza-la-paz-social-en-brasil-de-frente-al-proximo-final-de-las-elecciones","status":"publish","type":"post","link":"https:\/\/elcanillita.info\/press\/2022\/10\/04\/la-violenza-amenaza-la-paz-social-en-brasil-de-frente-al-proximo-final-de-las-elecciones\/","title":{"rendered":"La violenza amenaza la paz social en Brasil de frente al pr\u00f3ximo final de las elecciones"},"content":{"rendered":"\n<p>Martes, 04\/10\/2022<\/p>\n\n\n<div class=\"wp-block-image\">\n<figure class=\"alignleft size-large\"><img decoding=\"async\" src=\"https:\/\/elcanillita.info\/press\/images\/2022\/10\/f1.jpg\" alt=\"\"\/><\/figure>\n<\/div>\n\n\n<p>Brasil se enfrenta al fantasma de la violencia pol\u00edtica despu\u00e9s que el ajustado resultado de las elecciones presidenciales exigiera su definici\u00f3n en una segunda vuelta.<\/p>\n\n\n\n<p>El recuento final de la votaci\u00f3n del domingo pasado di\u00f3 al actual presidente, Jair Bolsonaro, el 43% de los votos y a su contrincante de izquierdas Luiz In\u00e1cio Lula da Silva el 48%. Cualquiera de los dos candidatos necesitaba superar el 50% para ser elegido presidente en la primera vuelta.<\/p>\n\n\n\n<p>El apoyo a Bolsonaro fue de 8 puntos porcentuales por encima de la participaci\u00f3n prevista en varias encuestas previas a las elecciones. &#8220;Nos impusimos a las mentiras&#8221;, dijo a las puertas de su residencia oficial en Brasilia.<\/p>\n\n\n\n<p>Jair Bolsanoro se enfrentar\u00e1 a una segunda vuelta el 30 de Octubre contra Lula, dos veces expresidente e icono de la izquierda latinoamericana, condenado por corrupci\u00f3n en 2018 y enviado en prisi\u00f3n por casi dos a\u00f1os, antes de que sus cargos fueran anulados.<\/p>\n\n\n<div class=\"wp-block-image\">\n<figure class=\"alignleft size-large\"><img decoding=\"async\" src=\"https:\/\/elcanillita.info\/press\/images\/2022\/10\/f5.jpg\" alt=\"\"\/><\/figure>\n<\/div>\n\n\n<p>Lula, de 76 a\u00f1os, parec\u00eda estar agotado tras semanas de campa\u00f1a cuando ayer dijo a sus partidarios en Sao Paulo que estaba deseando debatir con Bolsonaro &#8220;para saber si va a seguir mintiendo o si va a decir la verdad una vez en su vida al pueblo brasile\u00f1o&#8221;.<\/p>\n\n\n\n<p>El resultado es un golpe para la izquierda en Brasil, que buscaba una victoria decisiva en una sola vuelta contra el ex presidente militar, acusado por los opositores de una serie de abusos. Entre ellos, permitir que sus aliados del agronegocio saqueen la cuenca del Amazonas, no tomarse en serio la pandemia del Covid-19 y amenazar la propia democracia.<\/p>\n\n\n\n<p>Sin embargo, el dosier que Bolsonaro present\u00f3 de Lula y su Partido de los Trabajadores, que gobern\u00f3 de 2003 a 2013, evidencia la corrupci\u00f3n y una amenaza para los valores cristianos, hechos que parecen haber resonado en millones de votantes m\u00e1s de lo que esperaban los encuestadores.<\/p>\n\n\n\n<p>Tales datos demuestran que se trata de una carrera pol\u00edtica peligrosa hacia el final, entre opositores que advierten posible graves consecuencias en toda Latinoam\u00e9rica si uno de los dos gana.<br> <br>&#8220;El espectro de la violencia pol\u00edtica estar\u00e1 presente en las pr\u00f3ximas semanas&#8221;, dijo el profesor de relaciones internacionales en la Fundaci\u00f3n Getulio Vargas de Sao Paulo. Dijo que era consciente de la &#8220;preocupaci\u00f3n real&#8221; dentro de las campa\u00f1as sobre la seguridad f\u00edsica de los candidatos.<br><small>        <div class=\"rmwr-wrapper\" \n             data-id=\"rmwr-69f2764f60254\"\n             data-mode=\"normal\"\n             data-animation=\"fade\"\n             data-duration=\"300\"\n             data-smooth-scroll=\"true\"\n             data-scroll-offset=\"0\">\n            <button \n                type=\"button\"\n                class=\"read-link\" \n                id=\"readlinkrmwr-69f2764f60254\"\n                data-open-text=\"Continuaci\u00f3n...\"\n                data-close-text=\"Replegar pagina\"\n                aria-expanded=\"false\"\n                aria-controls=\"readrmwr-69f2764f60254\"\n                aria-label=\"Continuaci\u00f3n...\"\n            >\n                <span class=\"rmwr-text\">Continuaci\u00f3n...<\/span>\n            <\/button>\n            <div \n                class=\"read_div\" \n                id=\"readrmwr-69f2764f60254\"\n                aria-hidden=\"true\"\n                data-animation=\"fade\"\n                data-duration=\"300\"\n                style=\"display: none;\"\n            >\n                <\/small><\/p>\n\n\n\n<p>En su campa\u00f1a de 2018, Bolsonaro fue apu\u00f1alado mientras se dirig\u00eda a sus partidarios en Juiz de Fora, en el sureste de Brasil. Este a\u00f1o hubo no menos 214 casos de violencia por motivos pol\u00edticos, incluyendo 45 presuntos asesinatos de candidatos, funcionarios y trabajadores del gobierno, seg\u00fan el Observatorio de Violencia Pol\u00edtica y Electoral.<\/p>\n\n\n\n<p>La votaci\u00f3n del domingo incluy\u00f3 a nueve candidatos m\u00e1s aparte de los favoritos. La mayor\u00eda obtuvo un apoyo insignificante. La primera candidata, Simone Tebet, una senadora centrista, quien sostiene, que el pa\u00eds necesita una &#8220;tercera v\u00eda&#8221; en lugar de la divisi\u00f3n, obtuvo el 4% de los votos y probablemente ser\u00e1 presionada por los favoritos para que la respalden. Tambi\u00e9n advirti\u00f3 que una segunda vuelta entre la izquierda y la derecha ser\u00e1 lo peor de ambas partes. &#8220;No habr\u00e1 paz&#8221;, dijo.<\/p>\n\n\n\n<p>Bolsonaro gan\u00f3 en los estados m\u00e1s poblados de Sao Paulo y R\u00edo de Janeiro. El mapa pol\u00edtico de Brasil despu\u00e9s de la votaci\u00f3n est\u00e1 ahora dividido en gran medida entre el norte y el sur, con el norte a favor de Lula y el sur t\u00edpicamente m\u00e1s rico apoyando a Bolsonaro.<\/p>\n\n\n\n<p>Varios de los aliados de Bolsonaro obtuvieron buenos resultados en las elecciones concurrentes para el Senado y el Congreso, lo que significa que a\u00fan cuando Lula ganara la segunda ronda, probablemente ver\u00e1 limitada su capacidad de gobernar, a menos que forme alianzas con partidos de centro, e incluso de centro-derecha. La disminuci\u00f3n de la probabilidad de un gobierno de Lula contribuy\u00f3 ayer a animar a los mercados financieros, haciendo que la moneda, el real brasile\u00f1o, y la bolsa subieran con fuerza.<\/p>\n\n\n\n<p>Puede que no haya sido el resultado con el que so\u00f1aba Jair Bolsonaro, pero fue mucho mejor de lo que preve\u00edan los encuestadores. A pesar de la pandemia, de una econom\u00eda lenta y una reputaci\u00f3n en el extranjero de ser una amenaza para el planeta, logr\u00f3 convencer a 51 millones de personas de que es el hombre para liderar esta naci\u00f3n.<\/p>\n\n\n\n<p>Bolsonaro es abrumadoramente popular en iglesia protestante de Brasil, los evangelistas representan el 30 por ciento del electorado, estan bien organizados, no vacilan y son receptivos a la idea de que los valores familiares se ver\u00edan amenazados por un gobierno de Lula. Algunos observadores se asombraron cuando el futbolista Neymar sali\u00f3 en apoyo de Bolsonaro en la v\u00edspera de las elecciones, pero no para quienes conoc\u00edan su fe cristiana.<\/p>\n\n\n\n<p>Cuando Bolsonaro fue elegido en 2018, muchos opinaron que puy pronto ser\u00eda olvidado. La votaci\u00f3n del 30 de Octubre, demuestra que su politica contra el socialismo del siglo XXI, formulado en 1996 por el soci\u00f3logo alem\u00e1n Heinz Dieterich Steffan, no es as\u00ed.<\/p>\n\n\n<div class=\"wp-block-image\">\n<figure class=\"alignleft\"><img decoding=\"async\" src=\"https:\/\/elcanillita.info\/press\/images\/2022\/10\/F\u00f3rum_Social_Mundial_2008.jpg\" alt=\"\" \/><\/figure>\n<\/div>\n\n\n<p><small>El t\u00e9rmino &#8220;socialismo del siglo XXI&#8221; adquiri\u00f3 difusi\u00f3n mundial desde que fue mencionado en un discurso por el entonces presidente de Venezuela, Hugo Ch\u00e1vez, el 30\/01\/2005 desde el V Foro Social Mundial en Porto Alegre, Brasil.<\/small><\/p>\n\n\n\n<p><small>De izquierda a derecha los ex presidentes: Fernando Lugo (Paraguay), Evo Morales (Bolivia), Lula (Brasil), Rafael Correa (Ecuador), Hugo Ch\u00e1vez (Venezuela), durante la VIII edici\u00f3n del Foro Social Mundial de 2008 &#8211; Foto: Fabio Rodrigues Pozzebom<\/small><\/p>\n\n\n\n<p><small>Copyright \u00a9 2022 ElCanillita.info \u2013 SalaStampa.Eu- Todos los Derechos Reservados<\/small><\/p>\n\n\n\n<p>            <\/div>\n        <\/div>\n        <\/p>\n","protected":false},"excerpt":{"rendered":"<p>Jair Bolsanoro, se comport\u00f3 mejor frente a Luiz In\u00e1cio Lula da Silva de lo que suger\u00edan las encuestas en las elecciones presidenciales de Brasil.  <\/p>\n","protected":false},"author":1,"featured_media":2952,"comment_status":"closed","ping_status":"closed","sticky":false,"template":"","format":"standard","meta":{"footnotes":"","_links_to":"","_links_to_target":""},"categories":[108,70,11,23,25],"tags":[83],"class_list":["post-2951","post","type-post","status-publish","format-standard","has-post-thumbnail","hentry","category-blogdiario","category-actualidad","category-america-del-sur","category-politica","category-sociedad","tag-brasil","entry","double"],"yoast_head":"<!-- This site is optimized with the Yoast SEO plugin v27.4 - https:\/\/yoast.com\/product\/yoast-seo-wordpress\/ -->\n<title>La violenza amenaza la paz social en Brasil de frente al pr\u00f3ximo final de las elecciones - ElCanillita.Info<\/title>\n<meta name=\"description\" content=\"Jair Bolsanoro se enfrentar\u00e1 a una segunda vuelta el 30 de Octubre contra Lula, dos veces expresidente e icono de la izquierda latinoamericana, condenado por corrupci\u00f3n en 2018 y enviado en prisi\u00f3n por casi dos a\u00f1os, antes de que sus cargos fueran anulados.\" \/>\n<meta name=\"robots\" content=\"index, follow, max-snippet:-1, max-image-preview:large, max-video-preview:-1\" \/>\n<link rel=\"canonical\" href=\"https:\/\/elcanillita.info\/press\/2022\/10\/04\/la-violenza-amenaza-la-paz-social-en-brasil-de-frente-al-proximo-final-de-las-elecciones\/\" \/>\n<meta property=\"og:locale\" content=\"es_ES\" \/>\n<meta property=\"og:type\" content=\"article\" \/>\n<meta property=\"og:title\" content=\"La violenza amenaza la paz social en Brasil de frente al pr\u00f3ximo final de las elecciones - ElCanillita.Info\" \/>\n<meta property=\"og:description\" content=\"Jair Bolsanoro se enfrentar\u00e1 a una segunda vuelta el 30 de Octubre contra Lula, dos veces expresidente e icono de la izquierda latinoamericana, condenado por corrupci\u00f3n en 2018 y enviado en prisi\u00f3n por casi dos a\u00f1os, antes de que sus cargos fueran anulados.\" \/>\n<meta property=\"og:url\" content=\"https:\/\/elcanillita.info\/press\/2022\/10\/04\/la-violenza-amenaza-la-paz-social-en-brasil-de-frente-al-proximo-final-de-las-elecciones\/\" \/>\n<meta property=\"og:site_name\" content=\"ElCanillita.Info\" \/>\n<meta property=\"article:publisher\" content=\"https:\/\/ar-ar.facebook.com\/ElCanillitainfo-114249515285712\/\" \/>\n<meta property=\"article:published_time\" content=\"2022-10-04T23:36:19+00:00\" \/>\n<meta property=\"article:modified_time\" content=\"2022-10-08T16:07:16+00:00\" \/>\n<meta property=\"og:image\" content=\"https:\/\/elcanillita.info\/press\/images\/2022\/10\/f3-1.jpg\" \/>\n\t<meta property=\"og:image:width\" content=\"600\" \/>\n\t<meta property=\"og:image:height\" content=\"400\" \/>\n\t<meta property=\"og:image:type\" content=\"image\/jpeg\" \/>\n<meta name=\"author\" content=\"SalaStampa.eu, world press service\" \/>\n<meta name=\"twitter:card\" content=\"summary_large_image\" \/>\n<meta name=\"twitter:label1\" content=\"Escrito por\" \/>\n\t<meta name=\"twitter:data1\" content=\"SalaStampa.eu, world press service\" \/>\n\t<meta name=\"twitter:label2\" content=\"Tiempo de lectura\" \/>\n\t<meta name=\"twitter:data2\" content=\"5 minutos\" \/>\n<script type=\"application\/ld+json\" class=\"yoast-schema-graph\">{\"@context\":\"https:\\\/\\\/schema.org\",\"@graph\":[{\"@type\":\"Article\",\"@id\":\"https:\\\/\\\/elcanillita.info\\\/press\\\/2022\\\/10\\\/04\\\/la-violenza-amenaza-la-paz-social-en-brasil-de-frente-al-proximo-final-de-las-elecciones\\\/#article\",\"isPartOf\":{\"@id\":\"https:\\\/\\\/elcanillita.info\\\/press\\\/2022\\\/10\\\/04\\\/la-violenza-amenaza-la-paz-social-en-brasil-de-frente-al-proximo-final-de-las-elecciones\\\/\"},\"author\":{\"name\":\"SalaStampa.eu, world press service\",\"@id\":\"https:\\\/\\\/elcanillita.info\\\/press\\\/#\\\/schema\\\/person\\\/7fcb79f38045700919f7da6d97e71ba0\"},\"headline\":\"La violenza amenaza la paz social en Brasil de frente al pr\u00f3ximo final de las elecciones\",\"datePublished\":\"2022-10-04T23:36:19+00:00\",\"dateModified\":\"2022-10-08T16:07:16+00:00\",\"mainEntityOfPage\":{\"@id\":\"https:\\\/\\\/elcanillita.info\\\/press\\\/2022\\\/10\\\/04\\\/la-violenza-amenaza-la-paz-social-en-brasil-de-frente-al-proximo-final-de-las-elecciones\\\/\"},\"wordCount\":968,\"publisher\":{\"@id\":\"https:\\\/\\\/elcanillita.info\\\/press\\\/#organization\"},\"image\":{\"@id\":\"https:\\\/\\\/elcanillita.info\\\/press\\\/2022\\\/10\\\/04\\\/la-violenza-amenaza-la-paz-social-en-brasil-de-frente-al-proximo-final-de-las-elecciones\\\/#primaryimage\"},\"thumbnailUrl\":\"https:\\\/\\\/elcanillita.info\\\/press\\\/images\\\/2022\\\/10\\\/f3-1.jpg\",\"keywords\":[\"Brasil\"],\"articleSection\":[\".\",\"Actualidad\",\"Am\u00e9rica del Sur\",\"Politica\",\"Sociedad\"],\"inLanguage\":\"es-AR\"},{\"@type\":\"WebPage\",\"@id\":\"https:\\\/\\\/elcanillita.info\\\/press\\\/2022\\\/10\\\/04\\\/la-violenza-amenaza-la-paz-social-en-brasil-de-frente-al-proximo-final-de-las-elecciones\\\/\",\"url\":\"https:\\\/\\\/elcanillita.info\\\/press\\\/2022\\\/10\\\/04\\\/la-violenza-amenaza-la-paz-social-en-brasil-de-frente-al-proximo-final-de-las-elecciones\\\/\",\"name\":\"La violenza amenaza la paz social en Brasil de frente al pr\u00f3ximo final de las elecciones - ElCanillita.Info\",\"isPartOf\":{\"@id\":\"https:\\\/\\\/elcanillita.info\\\/press\\\/#website\"},\"primaryImageOfPage\":{\"@id\":\"https:\\\/\\\/elcanillita.info\\\/press\\\/2022\\\/10\\\/04\\\/la-violenza-amenaza-la-paz-social-en-brasil-de-frente-al-proximo-final-de-las-elecciones\\\/#primaryimage\"},\"image\":{\"@id\":\"https:\\\/\\\/elcanillita.info\\\/press\\\/2022\\\/10\\\/04\\\/la-violenza-amenaza-la-paz-social-en-brasil-de-frente-al-proximo-final-de-las-elecciones\\\/#primaryimage\"},\"thumbnailUrl\":\"https:\\\/\\\/elcanillita.info\\\/press\\\/images\\\/2022\\\/10\\\/f3-1.jpg\",\"datePublished\":\"2022-10-04T23:36:19+00:00\",\"dateModified\":\"2022-10-08T16:07:16+00:00\",\"description\":\"Jair Bolsanoro se enfrentar\u00e1 a una segunda vuelta el 30 de Octubre contra Lula, dos veces expresidente e icono de la izquierda latinoamericana, condenado por corrupci\u00f3n en 2018 y enviado en prisi\u00f3n por casi dos a\u00f1os, antes de que sus cargos fueran anulados.\",\"inLanguage\":\"es-AR\",\"potentialAction\":[{\"@type\":\"ReadAction\",\"target\":[\"https:\\\/\\\/elcanillita.info\\\/press\\\/2022\\\/10\\\/04\\\/la-violenza-amenaza-la-paz-social-en-brasil-de-frente-al-proximo-final-de-las-elecciones\\\/\"]}]},{\"@type\":\"ImageObject\",\"inLanguage\":\"es-AR\",\"@id\":\"https:\\\/\\\/elcanillita.info\\\/press\\\/2022\\\/10\\\/04\\\/la-violenza-amenaza-la-paz-social-en-brasil-de-frente-al-proximo-final-de-las-elecciones\\\/#primaryimage\",\"url\":\"https:\\\/\\\/elcanillita.info\\\/press\\\/images\\\/2022\\\/10\\\/f3-1.jpg\",\"contentUrl\":\"https:\\\/\\\/elcanillita.info\\\/press\\\/images\\\/2022\\\/10\\\/f3-1.jpg\",\"width\":600,\"height\":400},{\"@type\":\"WebSite\",\"@id\":\"https:\\\/\\\/elcanillita.info\\\/press\\\/#website\",\"url\":\"https:\\\/\\\/elcanillita.info\\\/press\\\/\",\"name\":\"ElCanillita.Info\",\"description\":\"desde los Apeninos a los Andes\",\"publisher\":{\"@id\":\"https:\\\/\\\/elcanillita.info\\\/press\\\/#organization\"},\"potentialAction\":[{\"@type\":\"SearchAction\",\"target\":{\"@type\":\"EntryPoint\",\"urlTemplate\":\"https:\\\/\\\/elcanillita.info\\\/press\\\/?s={search_term_string}\"},\"query-input\":{\"@type\":\"PropertyValueSpecification\",\"valueRequired\":true,\"valueName\":\"search_term_string\"}}],\"inLanguage\":\"es-AR\"},{\"@type\":\"Organization\",\"@id\":\"https:\\\/\\\/elcanillita.info\\\/press\\\/#organization\",\"name\":\"Guzzo Photos & Graphic Publications\",\"url\":\"https:\\\/\\\/elcanillita.info\\\/press\\\/\",\"logo\":{\"@type\":\"ImageObject\",\"inLanguage\":\"es-AR\",\"@id\":\"https:\\\/\\\/elcanillita.info\\\/press\\\/#\\\/schema\\\/logo\\\/image\\\/\",\"url\":\"https:\\\/\\\/elcanillita.info\\\/press\\\/images\\\/2020\\\/01\\\/cropped-cropped-cropped-elcanillitainfo.png\",\"contentUrl\":\"https:\\\/\\\/elcanillita.info\\\/press\\\/images\\\/2020\\\/01\\\/cropped-cropped-cropped-elcanillitainfo.png\",\"width\":460,\"height\":50,\"caption\":\"Guzzo Photos & Graphic Publications\"},\"image\":{\"@id\":\"https:\\\/\\\/elcanillita.info\\\/press\\\/#\\\/schema\\\/logo\\\/image\\\/\"},\"sameAs\":[\"https:\\\/\\\/ar-ar.facebook.com\\\/ElCanillitainfo-114249515285712\\\/\"]},{\"@type\":\"Person\",\"@id\":\"https:\\\/\\\/elcanillita.info\\\/press\\\/#\\\/schema\\\/person\\\/7fcb79f38045700919f7da6d97e71ba0\",\"name\":\"SalaStampa.eu, world press service\",\"image\":{\"@type\":\"ImageObject\",\"inLanguage\":\"es-AR\",\"@id\":\"https:\\\/\\\/secure.gravatar.com\\\/avatar\\\/c2f0e0d515a107624234994507816ca4724c7199cef73fc8bedebf6931d73888?s=96&d=mm&r=g\",\"url\":\"https:\\\/\\\/secure.gravatar.com\\\/avatar\\\/c2f0e0d515a107624234994507816ca4724c7199cef73fc8bedebf6931d73888?s=96&d=mm&r=g\",\"contentUrl\":\"https:\\\/\\\/secure.gravatar.com\\\/avatar\\\/c2f0e0d515a107624234994507816ca4724c7199cef73fc8bedebf6931d73888?s=96&d=mm&r=g\",\"caption\":\"SalaStampa.eu, world press service\"}}]}<\/script>\n<!-- \/ Yoast SEO plugin. -->","yoast_head_json":{"title":"La violenza amenaza la paz social en Brasil de frente al pr\u00f3ximo final de las elecciones - ElCanillita.Info","description":"Jair Bolsanoro se enfrentar\u00e1 a una segunda vuelta el 30 de Octubre contra Lula, dos veces expresidente e icono de la izquierda latinoamericana, condenado por corrupci\u00f3n en 2018 y enviado en prisi\u00f3n por casi dos a\u00f1os, antes de que sus cargos fueran anulados.","robots":{"index":"index","follow":"follow","max-snippet":"max-snippet:-1","max-image-preview":"max-image-preview:large","max-video-preview":"max-video-preview:-1"},"canonical":"https:\/\/elcanillita.info\/press\/2022\/10\/04\/la-violenza-amenaza-la-paz-social-en-brasil-de-frente-al-proximo-final-de-las-elecciones\/","og_locale":"es_ES","og_type":"article","og_title":"La violenza amenaza la paz social en Brasil de frente al pr\u00f3ximo final de las elecciones - ElCanillita.Info","og_description":"Jair Bolsanoro se enfrentar\u00e1 a una segunda vuelta el 30 de Octubre contra Lula, dos veces expresidente e icono de la izquierda latinoamericana, condenado por corrupci\u00f3n en 2018 y enviado en prisi\u00f3n por casi dos a\u00f1os, antes de que sus cargos fueran anulados.","og_url":"https:\/\/elcanillita.info\/press\/2022\/10\/04\/la-violenza-amenaza-la-paz-social-en-brasil-de-frente-al-proximo-final-de-las-elecciones\/","og_site_name":"ElCanillita.Info","article_publisher":"https:\/\/ar-ar.facebook.com\/ElCanillitainfo-114249515285712\/","article_published_time":"2022-10-04T23:36:19+00:00","article_modified_time":"2022-10-08T16:07:16+00:00","og_image":[{"width":600,"height":400,"url":"https:\/\/elcanillita.info\/press\/images\/2022\/10\/f3-1.jpg","type":"image\/jpeg"}],"author":"SalaStampa.eu, world press service","twitter_card":"summary_large_image","twitter_misc":{"Escrito por":"SalaStampa.eu, world press service","Tiempo de lectura":"5 minutos"},"schema":{"@context":"https:\/\/schema.org","@graph":[{"@type":"Article","@id":"https:\/\/elcanillita.info\/press\/2022\/10\/04\/la-violenza-amenaza-la-paz-social-en-brasil-de-frente-al-proximo-final-de-las-elecciones\/#article","isPartOf":{"@id":"https:\/\/elcanillita.info\/press\/2022\/10\/04\/la-violenza-amenaza-la-paz-social-en-brasil-de-frente-al-proximo-final-de-las-elecciones\/"},"author":{"name":"SalaStampa.eu, world press service","@id":"https:\/\/elcanillita.info\/press\/#\/schema\/person\/7fcb79f38045700919f7da6d97e71ba0"},"headline":"La violenza amenaza la paz social en Brasil de frente al pr\u00f3ximo final de las elecciones","datePublished":"2022-10-04T23:36:19+00:00","dateModified":"2022-10-08T16:07:16+00:00","mainEntityOfPage":{"@id":"https:\/\/elcanillita.info\/press\/2022\/10\/04\/la-violenza-amenaza-la-paz-social-en-brasil-de-frente-al-proximo-final-de-las-elecciones\/"},"wordCount":968,"publisher":{"@id":"https:\/\/elcanillita.info\/press\/#organization"},"image":{"@id":"https:\/\/elcanillita.info\/press\/2022\/10\/04\/la-violenza-amenaza-la-paz-social-en-brasil-de-frente-al-proximo-final-de-las-elecciones\/#primaryimage"},"thumbnailUrl":"https:\/\/elcanillita.info\/press\/images\/2022\/10\/f3-1.jpg","keywords":["Brasil"],"articleSection":[".","Actualidad","Am\u00e9rica del Sur","Politica","Sociedad"],"inLanguage":"es-AR"},{"@type":"WebPage","@id":"https:\/\/elcanillita.info\/press\/2022\/10\/04\/la-violenza-amenaza-la-paz-social-en-brasil-de-frente-al-proximo-final-de-las-elecciones\/","url":"https:\/\/elcanillita.info\/press\/2022\/10\/04\/la-violenza-amenaza-la-paz-social-en-brasil-de-frente-al-proximo-final-de-las-elecciones\/","name":"La violenza amenaza la paz social en Brasil de frente al pr\u00f3ximo final de las elecciones - ElCanillita.Info","isPartOf":{"@id":"https:\/\/elcanillita.info\/press\/#website"},"primaryImageOfPage":{"@id":"https:\/\/elcanillita.info\/press\/2022\/10\/04\/la-violenza-amenaza-la-paz-social-en-brasil-de-frente-al-proximo-final-de-las-elecciones\/#primaryimage"},"image":{"@id":"https:\/\/elcanillita.info\/press\/2022\/10\/04\/la-violenza-amenaza-la-paz-social-en-brasil-de-frente-al-proximo-final-de-las-elecciones\/#primaryimage"},"thumbnailUrl":"https:\/\/elcanillita.info\/press\/images\/2022\/10\/f3-1.jpg","datePublished":"2022-10-04T23:36:19+00:00","dateModified":"2022-10-08T16:07:16+00:00","description":"Jair Bolsanoro se enfrentar\u00e1 a una segunda vuelta el 30 de Octubre contra Lula, dos veces expresidente e icono de la izquierda latinoamericana, condenado por corrupci\u00f3n en 2018 y enviado en prisi\u00f3n por casi dos a\u00f1os, antes de que sus cargos fueran anulados.","inLanguage":"es-AR","potentialAction":[{"@type":"ReadAction","target":["https:\/\/elcanillita.info\/press\/2022\/10\/04\/la-violenza-amenaza-la-paz-social-en-brasil-de-frente-al-proximo-final-de-las-elecciones\/"]}]},{"@type":"ImageObject","inLanguage":"es-AR","@id":"https:\/\/elcanillita.info\/press\/2022\/10\/04\/la-violenza-amenaza-la-paz-social-en-brasil-de-frente-al-proximo-final-de-las-elecciones\/#primaryimage","url":"https:\/\/elcanillita.info\/press\/images\/2022\/10\/f3-1.jpg","contentUrl":"https:\/\/elcanillita.info\/press\/images\/2022\/10\/f3-1.jpg","width":600,"height":400},{"@type":"WebSite","@id":"https:\/\/elcanillita.info\/press\/#website","url":"https:\/\/elcanillita.info\/press\/","name":"ElCanillita.Info","description":"desde los Apeninos a los Andes","publisher":{"@id":"https:\/\/elcanillita.info\/press\/#organization"},"potentialAction":[{"@type":"SearchAction","target":{"@type":"EntryPoint","urlTemplate":"https:\/\/elcanillita.info\/press\/?s={search_term_string}"},"query-input":{"@type":"PropertyValueSpecification","valueRequired":true,"valueName":"search_term_string"}}],"inLanguage":"es-AR"},{"@type":"Organization","@id":"https:\/\/elcanillita.info\/press\/#organization","name":"Guzzo Photos & Graphic Publications","url":"https:\/\/elcanillita.info\/press\/","logo":{"@type":"ImageObject","inLanguage":"es-AR","@id":"https:\/\/elcanillita.info\/press\/#\/schema\/logo\/image\/","url":"https:\/\/elcanillita.info\/press\/images\/2020\/01\/cropped-cropped-cropped-elcanillitainfo.png","contentUrl":"https:\/\/elcanillita.info\/press\/images\/2020\/01\/cropped-cropped-cropped-elcanillitainfo.png","width":460,"height":50,"caption":"Guzzo Photos & Graphic Publications"},"image":{"@id":"https:\/\/elcanillita.info\/press\/#\/schema\/logo\/image\/"},"sameAs":["https:\/\/ar-ar.facebook.com\/ElCanillitainfo-114249515285712\/"]},{"@type":"Person","@id":"https:\/\/elcanillita.info\/press\/#\/schema\/person\/7fcb79f38045700919f7da6d97e71ba0","name":"SalaStampa.eu, world press service","image":{"@type":"ImageObject","inLanguage":"es-AR","@id":"https:\/\/secure.gravatar.com\/avatar\/c2f0e0d515a107624234994507816ca4724c7199cef73fc8bedebf6931d73888?s=96&d=mm&r=g","url":"https:\/\/secure.gravatar.com\/avatar\/c2f0e0d515a107624234994507816ca4724c7199cef73fc8bedebf6931d73888?s=96&d=mm&r=g","contentUrl":"https:\/\/secure.gravatar.com\/avatar\/c2f0e0d515a107624234994507816ca4724c7199cef73fc8bedebf6931d73888?s=96&d=mm&r=g","caption":"SalaStampa.eu, world press service"}}]}},"views":436,"_links":{"self":[{"href":"https:\/\/elcanillita.info\/press\/wp-json\/wp\/v2\/posts\/2951","targetHints":{"allow":["GET"]}}],"collection":[{"href":"https:\/\/elcanillita.info\/press\/wp-json\/wp\/v2\/posts"}],"about":[{"href":"https:\/\/elcanillita.info\/press\/wp-json\/wp\/v2\/types\/post"}],"author":[{"embeddable":true,"href":"https:\/\/elcanillita.info\/press\/wp-json\/wp\/v2\/users\/1"}],"replies":[{"embeddable":true,"href":"https:\/\/elcanillita.info\/press\/wp-json\/wp\/v2\/comments?post=2951"}],"version-history":[{"count":0,"href":"https:\/\/elcanillita.info\/press\/wp-json\/wp\/v2\/posts\/2951\/revisions"}],"wp:featuredmedia":[{"embeddable":true,"href":"https:\/\/elcanillita.info\/press\/wp-json\/wp\/v2\/media\/2952"}],"wp:attachment":[{"href":"https:\/\/elcanillita.info\/press\/wp-json\/wp\/v2\/media?parent=2951"}],"wp:term":[{"taxonomy":"category","embeddable":true,"href":"https:\/\/elcanillita.info\/press\/wp-json\/wp\/v2\/categories?post=2951"},{"taxonomy":"post_tag","embeddable":true,"href":"https:\/\/elcanillita.info\/press\/wp-json\/wp\/v2\/tags?post=2951"}],"curies":[{"name":"wp","href":"https:\/\/api.w.org\/{rel}","templated":true}]}}